{"id":54059,"date":"2019-08-05T17:39:57","date_gmt":"2019-08-05T17:39:57","guid":{"rendered":"https:\/\/copealcoi.es\/?p=54059"},"modified":"2019-08-05T17:39:57","modified_gmt":"2019-08-05T17:39:57","slug":"las-notas-del-ateneu-musical-invaden-el-patio-del-palau","status":"publish","type":"post","link":"https:\/\/www.copealcoy.es\/es\/las-notas-del-ateneu-musical-invaden-el-patio-del-palau\/","title":{"rendered":"El Ateneu Musical recupera el legado de Gustavo Pascual"},"content":{"rendered":"<p style=\"text-align: justify;\">La <strong>Societat Ateneu Musical de Cocentaina<\/strong> ofreci\u00f3 anoche <strong>la edici\u00f3n n\u00famero 34 de su Concierto de M\u00fasica Festera<\/strong>, un evento que tuvo lugar en el <strong>patio de armas del Palau Comtal<\/strong> a partir de las diez y media de la noche. <strong>Jos\u00e9 Miguel Fayos<\/strong>, director titular de la banda, fue el encargado de <strong>llevar la batuta<\/strong> en esta cita musical previa a las Fiestas de Moros y Cristianos en honor a San Hip\u00f3lito M\u00e1rtir.<\/p>\n<p style=\"text-align: justify;\">El concierto, <strong>que present\u00f3 Maite Barrachina\u00a0<\/strong>, estuvo divido en dos partes repletas de <strong>marchas cristianas, pasodobles y marchas moras<\/strong>. Precisamente en <strong>la primera parte<\/strong> se pudieron escuchar piezas como el pasodoble\u00a0<em>Al Paste\u00a0<\/em>de <strong>Jos\u00e9 Insa Mart\u00ednez<\/strong>, la marcha cristiana\u00a0<em>El timbal i la lluna del<\/em> <em>Cid\u00a0<\/em>de <strong>Vicente P\u00e9rez &#8216;Coleto&#8217;<\/strong>, la marcha mora\u00a0<em>La Cashba\u00a0<\/em>de <strong>Rafael Casasempere<\/strong>, el pasodoble\u00a0<em>Certamen de Elda, XXX Aniversario<\/em> de <strong>Andr\u00e9s Valero<\/strong>, la marcha cristiana\u00a0<em>Marqu\u00e9s de Villena\u00a0<\/em>de <strong>Enrique Alborch Tarras\u00f3<\/strong> y\u00a0la marcha mora\u00a0<em>Entre moros va la cosa\u00a0<\/em>de <strong>Francisco Esteve<\/strong>. Ya en la<strong> segunda parte<\/strong>, tras un breve receso, son\u00f3 en el interior del patio de armas del Palau Comtal<strong> un estreno in\u00e9dito de Gustavo Pascual<\/strong> como el pasodoble\u00a0<em>El Kabile\u00f1o;<\/em>\u00a0una pieza dedicada a la Fil\u00e0 Kabilenyos que ya en su d\u00eda interpret\u00f3 la Rondalla La Paloma pero cuya versi\u00f3n para banda ha recuperado la familia del compositor tras hallar en los archivos musicales de Valencia gran cantidad de material creado por el autor del internacional <em>Paquito El Chocolatero<\/em>. Despu\u00e9s los m\u00fasicos interpretaron\u00a0la marcha cristiana\u00a0<em>Marfil\u00a0<\/em>de <strong>Jos\u00e9 Vicente Egea Insa<\/strong>, la marcha mora\u00a0<em>Abraham\u00a0<\/em>de <strong>Rafael Mullor Grau<\/strong>, la marcha cristiana\u00a0<em>Somni Templari\u00a0<\/em>de <strong>Ram\u00f3n Garc\u00eda i Soler<\/strong> o la marcha mora\u00a0<em>Elda<\/em> de <strong>Amando Blanquer Ponsoda<\/strong>.<\/p>\n<p style=\"text-align: justify;\">Hay que destacar que en el concierto intervino <strong>La Xafig\u00e0 de Muro<\/strong> en algunas composiciones mientras que se cont\u00f3 tambi\u00e9n con la presencia de <strong>algunos de los autores de las piezas interpretadas<\/strong> para dirigir sus propias composiciones ante el numeroso p\u00fablico que abarrotaba el patio del Palau Comtal. Adem\u00e1s, en la recta final del acto, <strong>subieron al escenario a ofrecer unas palabras<\/strong> el<strong> Presidente del Ateneu Musical<\/strong> (Franjo Reig), el <strong>Presidente de la Junta de Fiestas<\/strong> (Hip\u00f2lit Borr\u00e0s) y <strong>la alcaldesa de Cocentaina<\/strong> (Mireia Estepa).<\/p>\n<p style=\"text-align: justify;\">La 34 edici\u00f3n del Concierto de M\u00fasica Festera del Ateneu Musical de Cocentaina termin\u00f3 con <strong>la interpretaci\u00f3n del Himno de Fiestas<\/strong>, una pieza del poeta contestanos Gerard Mur i P\u00e9rez a la que el compositor Jos\u00e9 Insa Mart\u00ednez le puso m\u00fasica.<\/p>\n","protected":false},"excerpt":{"rendered":"<p>La Societat Ateneu Musical de Cocentaina ofreci\u00f3 anoche la edici\u00f3n n\u00famero 34 de su Concierto de M\u00fasica Festera, un evento&#8230;<\/p>\n","protected":false},"author":1,"featured_media":54062,"comment_status":"open","ping_status":"open","sticky":false,"template":"","format":"standard","meta":{"footnotes":""},"categories":[98,75],"tags":[1251,701,700,782,4426],"class_list":["post-54059","post","type-post","status-publish","format-standard","has-post-thumbnail","hentry","category-comarcas","category-noticias","tag-ateneu-musical","tag-concierto","tag-musica-festera","tag-palau-comtal","tag-patio-de-armas"],"yoast_head":"<!-- This site is optimized with the Yoast SEO plugin v27.3 - https:\/\/yoast.com\/product\/yoast-seo-wordpress\/ -->\n<title>El Ateneu Musical recupera el legado de Gustavo Pascual - COPE Alcoy<\/title>\n<meta name=\"robots\" content=\"index, follow, max-snippet:-1, max-image-preview:large, max-video-preview:-1\" \/>\n<link rel=\"canonical\" href=\"https:\/\/www.copealcoy.es\/es\/las-notas-del-ateneu-musical-invaden-el-patio-del-palau\/\" \/>\n<meta property=\"og:locale\" content=\"es_ES\" \/>\n<meta property=\"og:type\" content=\"article\" \/>\n<meta property=\"og:title\" content=\"El Ateneu Musical recupera el legado de Gustavo Pascual - COPE Alcoy\" \/>\n<meta property=\"og:description\" content=\"La Societat Ateneu Musical de Cocentaina ofreci\u00f3 anoche la edici\u00f3n n\u00famero 34 de su Concierto de M\u00fasica Festera, un evento...\" \/>\n<meta property=\"og:url\" content=\"https:\/\/www.copealcoy.es\/es\/las-notas-del-ateneu-musical-invaden-el-patio-del-palau\/\" \/>\n<meta property=\"og:site_name\" content=\"COPE Alcoy\" \/>\n<meta property=\"article:published_time\" content=\"2019-08-05T17:39:57+00:00\" \/>\n<meta property=\"og:image\" content=\"https:\/\/www.copealcoy.es\/wp-content\/uploads\/2019\/08\/IMG_0036-1.jpg\" \/>\n\t<meta property=\"og:image:width\" content=\"1324\" \/>\n\t<meta property=\"og:image:height\" content=\"660\" \/>\n\t<meta property=\"og:image:type\" content=\"image\/jpeg\" \/>\n<meta name=\"author\" content=\"Cope Alcoy\" \/>\n<meta name=\"twitter:label1\" content=\"Escrito por\" \/>\n\t<meta name=\"twitter:data1\" content=\"Cope Alcoy\" \/>\n\t<meta name=\"twitter:label2\" content=\"Tiempo de lectura\" \/>\n\t<meta name=\"twitter:data2\" content=\"2 minutos\" \/>\n<script type=\"application\/ld+json\" class=\"yoast-schema-graph\">{\"@context\":\"https:\\\/\\\/schema.org\",\"@graph\":[{\"@type\":\"Article\",\"@id\":\"https:\\\/\\\/www.copealcoy.es\\\/es\\\/las-notas-del-ateneu-musical-invaden-el-patio-del-palau\\\/#article\",\"isPartOf\":{\"@id\":\"https:\\\/\\\/www.copealcoy.es\\\/es\\\/las-notas-del-ateneu-musical-invaden-el-patio-del-palau\\\/\"},\"author\":{\"name\":\"Cope Alcoy\",\"@id\":\"https:\\\/\\\/www.copealcoy.es\\\/es\\\/#\\\/schema\\\/person\\\/e777c87fa024e57d40170af9df39882c\"},\"headline\":\"El Ateneu Musical recupera el legado de Gustavo Pascual\",\"datePublished\":\"2019-08-05T17:39:57+00:00\",\"mainEntityOfPage\":{\"@id\":\"https:\\\/\\\/www.copealcoy.es\\\/es\\\/las-notas-del-ateneu-musical-invaden-el-patio-del-palau\\\/\"},\"wordCount\":446,\"commentCount\":0,\"image\":{\"@id\":\"https:\\\/\\\/www.copealcoy.es\\\/es\\\/las-notas-del-ateneu-musical-invaden-el-patio-del-palau\\\/#primaryimage\"},\"thumbnailUrl\":\"https:\\\/\\\/www.copealcoy.es\\\/wp-content\\\/uploads\\\/2019\\\/08\\\/IMG_0036-1.jpg\",\"keywords\":[\"Ateneu Musical\",\"Concierto\",\"M\u00fasica Festera\",\"Palau Comtal\",\"Patio de Armas\"],\"articleSection\":[\"Comarcas\",\"Noticias\"],\"inLanguage\":\"es\"},{\"@type\":\"WebPage\",\"@id\":\"https:\\\/\\\/www.copealcoy.es\\\/es\\\/las-notas-del-ateneu-musical-invaden-el-patio-del-palau\\\/\",\"url\":\"https:\\\/\\\/www.copealcoy.es\\\/es\\\/las-notas-del-ateneu-musical-invaden-el-patio-del-palau\\\/\",\"name\":\"El Ateneu Musical recupera el legado de Gustavo Pascual - COPE Alcoy\",\"isPartOf\":{\"@id\":\"https:\\\/\\\/www.copealcoy.es\\\/es\\\/#website\"},\"primaryImageOfPage\":{\"@id\":\"https:\\\/\\\/www.copealcoy.es\\\/es\\\/las-notas-del-ateneu-musical-invaden-el-patio-del-palau\\\/#primaryimage\"},\"image\":{\"@id\":\"https:\\\/\\\/www.copealcoy.es\\\/es\\\/las-notas-del-ateneu-musical-invaden-el-patio-del-palau\\\/#primaryimage\"},\"thumbnailUrl\":\"https:\\\/\\\/www.copealcoy.es\\\/wp-content\\\/uploads\\\/2019\\\/08\\\/IMG_0036-1.jpg\",\"datePublished\":\"2019-08-05T17:39:57+00:00\",\"author\":{\"@id\":\"https:\\\/\\\/www.copealcoy.es\\\/es\\\/#\\\/schema\\\/person\\\/e777c87fa024e57d40170af9df39882c\"},\"breadcrumb\":{\"@id\":\"https:\\\/\\\/www.copealcoy.es\\\/es\\\/las-notas-del-ateneu-musical-invaden-el-patio-del-palau\\\/#breadcrumb\"},\"inLanguage\":\"es\",\"potentialAction\":[{\"@type\":\"ReadAction\",\"target\":[\"https:\\\/\\\/www.copealcoy.es\\\/es\\\/las-notas-del-ateneu-musical-invaden-el-patio-del-palau\\\/\"]}]},{\"@type\":\"ImageObject\",\"inLanguage\":\"es\",\"@id\":\"https:\\\/\\\/www.copealcoy.es\\\/es\\\/las-notas-del-ateneu-musical-invaden-el-patio-del-palau\\\/#primaryimage\",\"url\":\"https:\\\/\\\/www.copealcoy.es\\\/wp-content\\\/uploads\\\/2019\\\/08\\\/IMG_0036-1.jpg\",\"contentUrl\":\"https:\\\/\\\/www.copealcoy.es\\\/wp-content\\\/uploads\\\/2019\\\/08\\\/IMG_0036-1.jpg\",\"width\":1324,\"height\":660,\"caption\":\"El Concierto reuni\u00f3 a gran cantidad de p\u00fablico en el patio del Palau\"},{\"@type\":\"BreadcrumbList\",\"@id\":\"https:\\\/\\\/www.copealcoy.es\\\/es\\\/las-notas-del-ateneu-musical-invaden-el-patio-del-palau\\\/#breadcrumb\",\"itemListElement\":[{\"@type\":\"ListItem\",\"position\":1,\"name\":\"Portada\",\"item\":\"https:\\\/\\\/www.copealcoy.es\\\/es\\\/\"},{\"@type\":\"ListItem\",\"position\":2,\"name\":\"El Ateneu Musical recupera el legado de Gustavo Pascual\"}]},{\"@type\":\"WebSite\",\"@id\":\"https:\\\/\\\/www.copealcoy.es\\\/es\\\/#website\",\"url\":\"https:\\\/\\\/www.copealcoy.es\\\/es\\\/\",\"name\":\"COPE Alcoy\",\"description\":\"Emisora COPE de radio local con emisi\u00f3n online. Pont de Sant Jordi 8-10 03803 Alcoy\",\"potentialAction\":[{\"@type\":\"SearchAction\",\"target\":{\"@type\":\"EntryPoint\",\"urlTemplate\":\"https:\\\/\\\/www.copealcoy.es\\\/es\\\/?s={search_term_string}\"},\"query-input\":{\"@type\":\"PropertyValueSpecification\",\"valueRequired\":true,\"valueName\":\"search_term_string\"}}],\"inLanguage\":\"es\"},{\"@type\":\"Person\",\"@id\":\"https:\\\/\\\/www.copealcoy.es\\\/es\\\/#\\\/schema\\\/person\\\/e777c87fa024e57d40170af9df39882c\",\"name\":\"Cope Alcoy\",\"image\":{\"@type\":\"ImageObject\",\"inLanguage\":\"es\",\"@id\":\"https:\\\/\\\/secure.gravatar.com\\\/avatar\\\/bb65d0283347e303893ba14f0692005417c1e0e690a325a4c5d8bb2b3943ee14?s=96&d=mm&r=g\",\"url\":\"https:\\\/\\\/secure.gravatar.com\\\/avatar\\\/bb65d0283347e303893ba14f0692005417c1e0e690a325a4c5d8bb2b3943ee14?s=96&d=mm&r=g\",\"contentUrl\":\"https:\\\/\\\/secure.gravatar.com\\\/avatar\\\/bb65d0283347e303893ba14f0692005417c1e0e690a325a4c5d8bb2b3943ee14?s=96&d=mm&r=g\",\"caption\":\"Cope Alcoy\"}}]}<\/script>\n<!-- \/ Yoast SEO plugin. -->","yoast_head_json":{"title":"El Ateneu Musical recupera el legado de Gustavo Pascual - COPE Alcoy","robots":{"index":"index","follow":"follow","max-snippet":"max-snippet:-1","max-image-preview":"max-image-preview:large","max-video-preview":"max-video-preview:-1"},"canonical":"https:\/\/www.copealcoy.es\/es\/las-notas-del-ateneu-musical-invaden-el-patio-del-palau\/","og_locale":"es_ES","og_type":"article","og_title":"El Ateneu Musical recupera el legado de Gustavo Pascual - COPE Alcoy","og_description":"La Societat Ateneu Musical de Cocentaina ofreci\u00f3 anoche la edici\u00f3n n\u00famero 34 de su Concierto de M\u00fasica Festera, un evento...","og_url":"https:\/\/www.copealcoy.es\/es\/las-notas-del-ateneu-musical-invaden-el-patio-del-palau\/","og_site_name":"COPE Alcoy","article_published_time":"2019-08-05T17:39:57+00:00","og_image":[{"width":1324,"height":660,"url":"https:\/\/www.copealcoy.es\/wp-content\/uploads\/2019\/08\/IMG_0036-1.jpg","type":"image\/jpeg"}],"author":"Cope Alcoy","twitter_misc":{"Escrito por":"Cope Alcoy","Tiempo de lectura":"2 minutos"},"schema":{"@context":"https:\/\/schema.org","@graph":[{"@type":"Article","@id":"https:\/\/www.copealcoy.es\/es\/las-notas-del-ateneu-musical-invaden-el-patio-del-palau\/#article","isPartOf":{"@id":"https:\/\/www.copealcoy.es\/es\/las-notas-del-ateneu-musical-invaden-el-patio-del-palau\/"},"author":{"name":"Cope Alcoy","@id":"https:\/\/www.copealcoy.es\/es\/#\/schema\/person\/e777c87fa024e57d40170af9df39882c"},"headline":"El Ateneu Musical recupera el legado de Gustavo Pascual","datePublished":"2019-08-05T17:39:57+00:00","mainEntityOfPage":{"@id":"https:\/\/www.copealcoy.es\/es\/las-notas-del-ateneu-musical-invaden-el-patio-del-palau\/"},"wordCount":446,"commentCount":0,"image":{"@id":"https:\/\/www.copealcoy.es\/es\/las-notas-del-ateneu-musical-invaden-el-patio-del-palau\/#primaryimage"},"thumbnailUrl":"https:\/\/www.copealcoy.es\/wp-content\/uploads\/2019\/08\/IMG_0036-1.jpg","keywords":["Ateneu Musical","Concierto","M\u00fasica Festera","Palau Comtal","Patio de Armas"],"articleSection":["Comarcas","Noticias"],"inLanguage":"es"},{"@type":"WebPage","@id":"https:\/\/www.copealcoy.es\/es\/las-notas-del-ateneu-musical-invaden-el-patio-del-palau\/","url":"https:\/\/www.copealcoy.es\/es\/las-notas-del-ateneu-musical-invaden-el-patio-del-palau\/","name":"El Ateneu Musical recupera el legado de Gustavo Pascual - COPE Alcoy","isPartOf":{"@id":"https:\/\/www.copealcoy.es\/es\/#website"},"primaryImageOfPage":{"@id":"https:\/\/www.copealcoy.es\/es\/las-notas-del-ateneu-musical-invaden-el-patio-del-palau\/#primaryimage"},"image":{"@id":"https:\/\/www.copealcoy.es\/es\/las-notas-del-ateneu-musical-invaden-el-patio-del-palau\/#primaryimage"},"thumbnailUrl":"https:\/\/www.copealcoy.es\/wp-content\/uploads\/2019\/08\/IMG_0036-1.jpg","datePublished":"2019-08-05T17:39:57+00:00","author":{"@id":"https:\/\/www.copealcoy.es\/es\/#\/schema\/person\/e777c87fa024e57d40170af9df39882c"},"breadcrumb":{"@id":"https:\/\/www.copealcoy.es\/es\/las-notas-del-ateneu-musical-invaden-el-patio-del-palau\/#breadcrumb"},"inLanguage":"es","potentialAction":[{"@type":"ReadAction","target":["https:\/\/www.copealcoy.es\/es\/las-notas-del-ateneu-musical-invaden-el-patio-del-palau\/"]}]},{"@type":"ImageObject","inLanguage":"es","@id":"https:\/\/www.copealcoy.es\/es\/las-notas-del-ateneu-musical-invaden-el-patio-del-palau\/#primaryimage","url":"https:\/\/www.copealcoy.es\/wp-content\/uploads\/2019\/08\/IMG_0036-1.jpg","contentUrl":"https:\/\/www.copealcoy.es\/wp-content\/uploads\/2019\/08\/IMG_0036-1.jpg","width":1324,"height":660,"caption":"El Concierto reuni\u00f3 a gran cantidad de p\u00fablico en el patio del Palau"},{"@type":"BreadcrumbList","@id":"https:\/\/www.copealcoy.es\/es\/las-notas-del-ateneu-musical-invaden-el-patio-del-palau\/#breadcrumb","itemListElement":[{"@type":"ListItem","position":1,"name":"Portada","item":"https:\/\/www.copealcoy.es\/es\/"},{"@type":"ListItem","position":2,"name":"El Ateneu Musical recupera el legado de Gustavo Pascual"}]},{"@type":"WebSite","@id":"https:\/\/www.copealcoy.es\/es\/#website","url":"https:\/\/www.copealcoy.es\/es\/","name":"COPE Alcoy","description":"Emisora COPE de radio local con emisi\u00f3n online. Pont de Sant Jordi 8-10 03803 Alcoy","potentialAction":[{"@type":"SearchAction","target":{"@type":"EntryPoint","urlTemplate":"https:\/\/www.copealcoy.es\/es\/?s={search_term_string}"},"query-input":{"@type":"PropertyValueSpecification","valueRequired":true,"valueName":"search_term_string"}}],"inLanguage":"es"},{"@type":"Person","@id":"https:\/\/www.copealcoy.es\/es\/#\/schema\/person\/e777c87fa024e57d40170af9df39882c","name":"Cope Alcoy","image":{"@type":"ImageObject","inLanguage":"es","@id":"https:\/\/secure.gravatar.com\/avatar\/bb65d0283347e303893ba14f0692005417c1e0e690a325a4c5d8bb2b3943ee14?s=96&d=mm&r=g","url":"https:\/\/secure.gravatar.com\/avatar\/bb65d0283347e303893ba14f0692005417c1e0e690a325a4c5d8bb2b3943ee14?s=96&d=mm&r=g","contentUrl":"https:\/\/secure.gravatar.com\/avatar\/bb65d0283347e303893ba14f0692005417c1e0e690a325a4c5d8bb2b3943ee14?s=96&d=mm&r=g","caption":"Cope Alcoy"}}]}},"_links":{"self":[{"href":"https:\/\/www.copealcoy.es\/es\/wp-json\/wp\/v2\/posts\/54059","targetHints":{"allow":["GET"]}}],"collection":[{"href":"https:\/\/www.copealcoy.es\/es\/wp-json\/wp\/v2\/posts"}],"about":[{"href":"https:\/\/www.copealcoy.es\/es\/wp-json\/wp\/v2\/types\/post"}],"author":[{"embeddable":true,"href":"https:\/\/www.copealcoy.es\/es\/wp-json\/wp\/v2\/users\/1"}],"replies":[{"embeddable":true,"href":"https:\/\/www.copealcoy.es\/es\/wp-json\/wp\/v2\/comments?post=54059"}],"version-history":[{"count":0,"href":"https:\/\/www.copealcoy.es\/es\/wp-json\/wp\/v2\/posts\/54059\/revisions"}],"wp:featuredmedia":[{"embeddable":true,"href":"https:\/\/www.copealcoy.es\/es\/wp-json\/wp\/v2\/media\/54062"}],"wp:attachment":[{"href":"https:\/\/www.copealcoy.es\/es\/wp-json\/wp\/v2\/media?parent=54059"}],"wp:term":[{"taxonomy":"category","embeddable":true,"href":"https:\/\/www.copealcoy.es\/es\/wp-json\/wp\/v2\/categories?post=54059"},{"taxonomy":"post_tag","embeddable":true,"href":"https:\/\/www.copealcoy.es\/es\/wp-json\/wp\/v2\/tags?post=54059"}],"curies":[{"name":"wp","href":"https:\/\/api.w.org\/{rel}","templated":true}]}}