{"id":53990,"date":"2019-08-04T17:01:38","date_gmt":"2019-08-04T17:01:38","guid":{"rendered":"https:\/\/copealcoi.es\/?p=53990"},"modified":"2019-08-04T17:01:38","modified_gmt":"2019-08-04T17:01:38","slug":"el-concierto-de-fiestas-del-mal-passet-estrena-la-semana-festera","status":"publish","type":"post","link":"https:\/\/www.copealcoy.es\/es\/el-concierto-de-fiestas-del-mal-passet-estrena-la-semana-festera\/","title":{"rendered":"El Concierto de Fiestas del Mal Passet estrena la Semana Festera"},"content":{"rendered":"<p style=\"text-align: justify;\">La <strong>Colla de Dol\u00e7aines i Tabals &#8216;Mal Passet&#8217; de Cocentaina<\/strong> abri\u00f3 anoche el ciclo de<strong> concierto de m\u00fasica festera<\/strong> que las agrupaciones musicales de la Villa Condal celebran anualmente c<strong>on ocasi\u00f3n de las Fiestas de Moros y Cristianos<\/strong> en honor a San Hip\u00f3lito M\u00e1rtir. La cita musical tuvo lugar <strong>en el patio de armas del Palau Comtal<\/strong> a partir de las nueve de la noche y la misma estuvo conducida por la locutora de Radio Cocentaina, la Veu del Comtat; <strong>Mari Nieves Pascual<\/strong>.\u00a0<\/p>\n<p style=\"text-align: justify;\">El concierto estuvo dirigido por el director titular del Mal Passet, <strong>Francisco Valor<\/strong>, y tambi\u00e9n intervinieron en la direcci\u00f3n <strong>algunos de los compositores<\/strong> de los que se interpretaron piezas durante la velada. \u00a0Hay que destacar que en la <strong>primera parte<\/strong> se <strong>pudieron escuchar piezas<\/strong> como el pasodoble\u00a0<em>Sant i Faener\u00a0<\/em>de Francisco Valor Llorens, las marchas cristianas\u00a0<em>Palafox<\/em> de Jos\u00e9 Rafael Pascual Vilaplana y\u00a0<em>Rebombori\u00a0<\/em>de Josep Vicent Egea Insa o la marcha mora\u00a0<em>Benarrai\u00a0<\/em> de Vicente Gabriel Casanova Mart\u00ednez. Ya en la <strong>segunda parte<\/strong>, tras un breve receso, <strong>destac\u00f3<\/strong> la interpretaci\u00f3n del ballet cristiano\u00a0<em>Sedu\u00eft per la cort\u00a0<\/em>de \u00c0ngel Llu\u00eds Ferrando, el pasodoble\u00a0<em>Ethan\u00a0<\/em>de Antoni Lloret, la fanfarria cristiana\u00a0<em>Signifier Archeus\u00a0<\/em>de Francisco Valor, la marcha cristiana\u00a0<em>The King\u00b4s Arrival\u00a0<\/em>de Ramin Djawadi con arreglos de Lu\u00eds Segu\u00ed, la marcha mora\u00a0<em>Quirbily\u00e1n\u00a0<\/em> de Jos\u00e9 Rafael Pascual Vilaplana as\u00ed como el ballet cristiano\u00a0<em>Thor\u00a0<\/em>de Sa\u00fal G\u00f3mez i Soler.\u00a0<\/p>\n<p style=\"text-align: justify;\">Hay que destacar que el Concierto de Fiestas<strong> supuso la entrada oficial en el Mal Passet de nuevos integrantes<\/strong> como <strong>Ana Guillem Iborra y Cristina Mart\u00ed Morell<\/strong>. Adem\u00e1s la entrada tuvo <strong>un precio de dos euros<\/strong> con un <strong>fin solidario<\/strong> y todo lo recaudado <strong>ir\u00e1 destinado al proyecto de caridad<\/strong> que <strong>C\u00e1ritas Cocentaina<\/strong> quiere impulsar con ocasi\u00f3n del <strong>V Centenario<\/strong> del milagro de la Mare de D\u00e9u.\u00a0<\/p>\n<p style=\"text-align: justify;\">La jornada, como es habitual, termin\u00f3 con las palabras del <strong>Presidente del Mal Passet<\/strong> (Alfonso S\u00e1nchez), del <strong>Presidente de la Junta de Fiestas<\/strong> (Hip\u00f2lit Borr\u00e0s) y de <strong>la alcaldesa<\/strong> (Mireia Estepa). Por \u00faltimo son\u00f3 <strong>el Himno de Fiestas<\/strong> para poner fin a un Concierto que llen\u00f3 el mencionado patio de armas del Palau Comtal en el arranque de la Semana Festera.\u00a0<\/p>\n\n\n<p><\/p>\n","protected":false},"excerpt":{"rendered":"<p>La Colla de Dol\u00e7aines i Tabals &#8216;Mal Passet&#8217; de Cocentaina abri\u00f3 anoche el ciclo de concierto de m\u00fasica festera que&#8230;<\/p>\n","protected":false},"author":1,"featured_media":54001,"comment_status":"open","ping_status":"open","sticky":false,"template":"","format":"standard","meta":{"footnotes":""},"categories":[98,75],"tags":[132,701,2001,794,1307,1293],"class_list":["post-53990","post","type-post","status-publish","format-standard","has-post-thumbnail","hentry","category-comarcas","category-noticias","tag-cocentaina","tag-concierto","tag-fiestas-de-moros-y-cristianos","tag-mal-passet","tag-san-hipolito","tag-semana-festera"],"yoast_head":"<!-- This site is optimized with the Yoast SEO plugin v27.3 - https:\/\/yoast.com\/product\/yoast-seo-wordpress\/ -->\n<title>El Concierto de Fiestas del Mal Passet estrena la Semana Festera - COPE Alcoy<\/title>\n<meta name=\"robots\" content=\"index, follow, max-snippet:-1, max-image-preview:large, max-video-preview:-1\" \/>\n<link rel=\"canonical\" href=\"https:\/\/www.copealcoy.es\/es\/el-concierto-de-fiestas-del-mal-passet-estrena-la-semana-festera\/\" \/>\n<meta property=\"og:locale\" content=\"es_ES\" \/>\n<meta property=\"og:type\" content=\"article\" \/>\n<meta property=\"og:title\" content=\"El Concierto de Fiestas del Mal Passet estrena la Semana Festera - COPE Alcoy\" \/>\n<meta property=\"og:description\" content=\"La Colla de Dol\u00e7aines i Tabals &#8216;Mal Passet&#8217; de Cocentaina abri\u00f3 anoche el ciclo de concierto de m\u00fasica festera que...\" \/>\n<meta property=\"og:url\" content=\"https:\/\/www.copealcoy.es\/es\/el-concierto-de-fiestas-del-mal-passet-estrena-la-semana-festera\/\" \/>\n<meta property=\"og:site_name\" content=\"COPE Alcoy\" \/>\n<meta property=\"article:published_time\" content=\"2019-08-04T17:01:38+00:00\" \/>\n<meta property=\"og:image\" content=\"https:\/\/www.copealcoy.es\/wp-content\/uploads\/2019\/08\/mal-passet-1.jpg\" \/>\n\t<meta property=\"og:image:width\" content=\"660\" \/>\n\t<meta property=\"og:image:height\" content=\"330\" \/>\n\t<meta property=\"og:image:type\" content=\"image\/jpeg\" \/>\n<meta name=\"author\" content=\"Cope Alcoy\" \/>\n<meta name=\"twitter:label1\" content=\"Escrito por\" \/>\n\t<meta name=\"twitter:data1\" content=\"Cope Alcoy\" \/>\n\t<meta name=\"twitter:label2\" content=\"Tiempo de lectura\" \/>\n\t<meta name=\"twitter:data2\" content=\"2 minutos\" \/>\n<script type=\"application\/ld+json\" class=\"yoast-schema-graph\">{\"@context\":\"https:\\\/\\\/schema.org\",\"@graph\":[{\"@type\":\"Article\",\"@id\":\"https:\\\/\\\/www.copealcoy.es\\\/es\\\/el-concierto-de-fiestas-del-mal-passet-estrena-la-semana-festera\\\/#article\",\"isPartOf\":{\"@id\":\"https:\\\/\\\/www.copealcoy.es\\\/es\\\/el-concierto-de-fiestas-del-mal-passet-estrena-la-semana-festera\\\/\"},\"author\":{\"name\":\"Cope Alcoy\",\"@id\":\"https:\\\/\\\/www.copealcoy.es\\\/es\\\/#\\\/schema\\\/person\\\/e777c87fa024e57d40170af9df39882c\"},\"headline\":\"El Concierto de Fiestas del Mal Passet estrena la Semana Festera\",\"datePublished\":\"2019-08-04T17:01:38+00:00\",\"mainEntityOfPage\":{\"@id\":\"https:\\\/\\\/www.copealcoy.es\\\/es\\\/el-concierto-de-fiestas-del-mal-passet-estrena-la-semana-festera\\\/\"},\"wordCount\":396,\"commentCount\":0,\"image\":{\"@id\":\"https:\\\/\\\/www.copealcoy.es\\\/es\\\/el-concierto-de-fiestas-del-mal-passet-estrena-la-semana-festera\\\/#primaryimage\"},\"thumbnailUrl\":\"https:\\\/\\\/www.copealcoy.es\\\/wp-content\\\/uploads\\\/2019\\\/08\\\/mal-passet-1.jpg\",\"keywords\":[\"Cocentaina\",\"Concierto\",\"Fiestas de Moros y Cristianos\",\"Mal Passet\",\"San Hip\u00f3lito\",\"Semana Festera\"],\"articleSection\":[\"Comarcas\",\"Noticias\"],\"inLanguage\":\"es\"},{\"@type\":\"WebPage\",\"@id\":\"https:\\\/\\\/www.copealcoy.es\\\/es\\\/el-concierto-de-fiestas-del-mal-passet-estrena-la-semana-festera\\\/\",\"url\":\"https:\\\/\\\/www.copealcoy.es\\\/es\\\/el-concierto-de-fiestas-del-mal-passet-estrena-la-semana-festera\\\/\",\"name\":\"El Concierto de Fiestas del Mal Passet estrena la Semana Festera - COPE Alcoy\",\"isPartOf\":{\"@id\":\"https:\\\/\\\/www.copealcoy.es\\\/es\\\/#website\"},\"primaryImageOfPage\":{\"@id\":\"https:\\\/\\\/www.copealcoy.es\\\/es\\\/el-concierto-de-fiestas-del-mal-passet-estrena-la-semana-festera\\\/#primaryimage\"},\"image\":{\"@id\":\"https:\\\/\\\/www.copealcoy.es\\\/es\\\/el-concierto-de-fiestas-del-mal-passet-estrena-la-semana-festera\\\/#primaryimage\"},\"thumbnailUrl\":\"https:\\\/\\\/www.copealcoy.es\\\/wp-content\\\/uploads\\\/2019\\\/08\\\/mal-passet-1.jpg\",\"datePublished\":\"2019-08-04T17:01:38+00:00\",\"author\":{\"@id\":\"https:\\\/\\\/www.copealcoy.es\\\/es\\\/#\\\/schema\\\/person\\\/e777c87fa024e57d40170af9df39882c\"},\"breadcrumb\":{\"@id\":\"https:\\\/\\\/www.copealcoy.es\\\/es\\\/el-concierto-de-fiestas-del-mal-passet-estrena-la-semana-festera\\\/#breadcrumb\"},\"inLanguage\":\"es\",\"potentialAction\":[{\"@type\":\"ReadAction\",\"target\":[\"https:\\\/\\\/www.copealcoy.es\\\/es\\\/el-concierto-de-fiestas-del-mal-passet-estrena-la-semana-festera\\\/\"]}]},{\"@type\":\"ImageObject\",\"inLanguage\":\"es\",\"@id\":\"https:\\\/\\\/www.copealcoy.es\\\/es\\\/el-concierto-de-fiestas-del-mal-passet-estrena-la-semana-festera\\\/#primaryimage\",\"url\":\"https:\\\/\\\/www.copealcoy.es\\\/wp-content\\\/uploads\\\/2019\\\/08\\\/mal-passet-1.jpg\",\"contentUrl\":\"https:\\\/\\\/www.copealcoy.es\\\/wp-content\\\/uploads\\\/2019\\\/08\\\/mal-passet-1.jpg\",\"width\":660,\"height\":330,\"caption\":\"El Concierto tuvo lugar en el patio de armas del Palau Comtal \\\/ Foto: G. Pascual\"},{\"@type\":\"BreadcrumbList\",\"@id\":\"https:\\\/\\\/www.copealcoy.es\\\/es\\\/el-concierto-de-fiestas-del-mal-passet-estrena-la-semana-festera\\\/#breadcrumb\",\"itemListElement\":[{\"@type\":\"ListItem\",\"position\":1,\"name\":\"Portada\",\"item\":\"https:\\\/\\\/www.copealcoy.es\\\/es\\\/\"},{\"@type\":\"ListItem\",\"position\":2,\"name\":\"El Concierto de Fiestas del Mal Passet estrena la Semana Festera\"}]},{\"@type\":\"WebSite\",\"@id\":\"https:\\\/\\\/www.copealcoy.es\\\/es\\\/#website\",\"url\":\"https:\\\/\\\/www.copealcoy.es\\\/es\\\/\",\"name\":\"COPE Alcoy\",\"description\":\"Emisora COPE de radio local con emisi\u00f3n online. Pont de Sant Jordi 8-10 03803 Alcoy\",\"potentialAction\":[{\"@type\":\"SearchAction\",\"target\":{\"@type\":\"EntryPoint\",\"urlTemplate\":\"https:\\\/\\\/www.copealcoy.es\\\/es\\\/?s={search_term_string}\"},\"query-input\":{\"@type\":\"PropertyValueSpecification\",\"valueRequired\":true,\"valueName\":\"search_term_string\"}}],\"inLanguage\":\"es\"},{\"@type\":\"Person\",\"@id\":\"https:\\\/\\\/www.copealcoy.es\\\/es\\\/#\\\/schema\\\/person\\\/e777c87fa024e57d40170af9df39882c\",\"name\":\"Cope Alcoy\",\"image\":{\"@type\":\"ImageObject\",\"inLanguage\":\"es\",\"@id\":\"https:\\\/\\\/secure.gravatar.com\\\/avatar\\\/bb65d0283347e303893ba14f0692005417c1e0e690a325a4c5d8bb2b3943ee14?s=96&d=mm&r=g\",\"url\":\"https:\\\/\\\/secure.gravatar.com\\\/avatar\\\/bb65d0283347e303893ba14f0692005417c1e0e690a325a4c5d8bb2b3943ee14?s=96&d=mm&r=g\",\"contentUrl\":\"https:\\\/\\\/secure.gravatar.com\\\/avatar\\\/bb65d0283347e303893ba14f0692005417c1e0e690a325a4c5d8bb2b3943ee14?s=96&d=mm&r=g\",\"caption\":\"Cope Alcoy\"}}]}<\/script>\n<!-- \/ Yoast SEO plugin. -->","yoast_head_json":{"title":"El Concierto de Fiestas del Mal Passet estrena la Semana Festera - COPE Alcoy","robots":{"index":"index","follow":"follow","max-snippet":"max-snippet:-1","max-image-preview":"max-image-preview:large","max-video-preview":"max-video-preview:-1"},"canonical":"https:\/\/www.copealcoy.es\/es\/el-concierto-de-fiestas-del-mal-passet-estrena-la-semana-festera\/","og_locale":"es_ES","og_type":"article","og_title":"El Concierto de Fiestas del Mal Passet estrena la Semana Festera - COPE Alcoy","og_description":"La Colla de Dol\u00e7aines i Tabals &#8216;Mal Passet&#8217; de Cocentaina abri\u00f3 anoche el ciclo de concierto de m\u00fasica festera que...","og_url":"https:\/\/www.copealcoy.es\/es\/el-concierto-de-fiestas-del-mal-passet-estrena-la-semana-festera\/","og_site_name":"COPE Alcoy","article_published_time":"2019-08-04T17:01:38+00:00","og_image":[{"width":660,"height":330,"url":"https:\/\/www.copealcoy.es\/wp-content\/uploads\/2019\/08\/mal-passet-1.jpg","type":"image\/jpeg"}],"author":"Cope Alcoy","twitter_misc":{"Escrito por":"Cope Alcoy","Tiempo de lectura":"2 minutos"},"schema":{"@context":"https:\/\/schema.org","@graph":[{"@type":"Article","@id":"https:\/\/www.copealcoy.es\/es\/el-concierto-de-fiestas-del-mal-passet-estrena-la-semana-festera\/#article","isPartOf":{"@id":"https:\/\/www.copealcoy.es\/es\/el-concierto-de-fiestas-del-mal-passet-estrena-la-semana-festera\/"},"author":{"name":"Cope Alcoy","@id":"https:\/\/www.copealcoy.es\/es\/#\/schema\/person\/e777c87fa024e57d40170af9df39882c"},"headline":"El Concierto de Fiestas del Mal Passet estrena la Semana Festera","datePublished":"2019-08-04T17:01:38+00:00","mainEntityOfPage":{"@id":"https:\/\/www.copealcoy.es\/es\/el-concierto-de-fiestas-del-mal-passet-estrena-la-semana-festera\/"},"wordCount":396,"commentCount":0,"image":{"@id":"https:\/\/www.copealcoy.es\/es\/el-concierto-de-fiestas-del-mal-passet-estrena-la-semana-festera\/#primaryimage"},"thumbnailUrl":"https:\/\/www.copealcoy.es\/wp-content\/uploads\/2019\/08\/mal-passet-1.jpg","keywords":["Cocentaina","Concierto","Fiestas de Moros y Cristianos","Mal Passet","San Hip\u00f3lito","Semana Festera"],"articleSection":["Comarcas","Noticias"],"inLanguage":"es"},{"@type":"WebPage","@id":"https:\/\/www.copealcoy.es\/es\/el-concierto-de-fiestas-del-mal-passet-estrena-la-semana-festera\/","url":"https:\/\/www.copealcoy.es\/es\/el-concierto-de-fiestas-del-mal-passet-estrena-la-semana-festera\/","name":"El Concierto de Fiestas del Mal Passet estrena la Semana Festera - COPE Alcoy","isPartOf":{"@id":"https:\/\/www.copealcoy.es\/es\/#website"},"primaryImageOfPage":{"@id":"https:\/\/www.copealcoy.es\/es\/el-concierto-de-fiestas-del-mal-passet-estrena-la-semana-festera\/#primaryimage"},"image":{"@id":"https:\/\/www.copealcoy.es\/es\/el-concierto-de-fiestas-del-mal-passet-estrena-la-semana-festera\/#primaryimage"},"thumbnailUrl":"https:\/\/www.copealcoy.es\/wp-content\/uploads\/2019\/08\/mal-passet-1.jpg","datePublished":"2019-08-04T17:01:38+00:00","author":{"@id":"https:\/\/www.copealcoy.es\/es\/#\/schema\/person\/e777c87fa024e57d40170af9df39882c"},"breadcrumb":{"@id":"https:\/\/www.copealcoy.es\/es\/el-concierto-de-fiestas-del-mal-passet-estrena-la-semana-festera\/#breadcrumb"},"inLanguage":"es","potentialAction":[{"@type":"ReadAction","target":["https:\/\/www.copealcoy.es\/es\/el-concierto-de-fiestas-del-mal-passet-estrena-la-semana-festera\/"]}]},{"@type":"ImageObject","inLanguage":"es","@id":"https:\/\/www.copealcoy.es\/es\/el-concierto-de-fiestas-del-mal-passet-estrena-la-semana-festera\/#primaryimage","url":"https:\/\/www.copealcoy.es\/wp-content\/uploads\/2019\/08\/mal-passet-1.jpg","contentUrl":"https:\/\/www.copealcoy.es\/wp-content\/uploads\/2019\/08\/mal-passet-1.jpg","width":660,"height":330,"caption":"El Concierto tuvo lugar en el patio de armas del Palau Comtal \/ Foto: G. Pascual"},{"@type":"BreadcrumbList","@id":"https:\/\/www.copealcoy.es\/es\/el-concierto-de-fiestas-del-mal-passet-estrena-la-semana-festera\/#breadcrumb","itemListElement":[{"@type":"ListItem","position":1,"name":"Portada","item":"https:\/\/www.copealcoy.es\/es\/"},{"@type":"ListItem","position":2,"name":"El Concierto de Fiestas del Mal Passet estrena la Semana Festera"}]},{"@type":"WebSite","@id":"https:\/\/www.copealcoy.es\/es\/#website","url":"https:\/\/www.copealcoy.es\/es\/","name":"COPE Alcoy","description":"Emisora COPE de radio local con emisi\u00f3n online. Pont de Sant Jordi 8-10 03803 Alcoy","potentialAction":[{"@type":"SearchAction","target":{"@type":"EntryPoint","urlTemplate":"https:\/\/www.copealcoy.es\/es\/?s={search_term_string}"},"query-input":{"@type":"PropertyValueSpecification","valueRequired":true,"valueName":"search_term_string"}}],"inLanguage":"es"},{"@type":"Person","@id":"https:\/\/www.copealcoy.es\/es\/#\/schema\/person\/e777c87fa024e57d40170af9df39882c","name":"Cope Alcoy","image":{"@type":"ImageObject","inLanguage":"es","@id":"https:\/\/secure.gravatar.com\/avatar\/bb65d0283347e303893ba14f0692005417c1e0e690a325a4c5d8bb2b3943ee14?s=96&d=mm&r=g","url":"https:\/\/secure.gravatar.com\/avatar\/bb65d0283347e303893ba14f0692005417c1e0e690a325a4c5d8bb2b3943ee14?s=96&d=mm&r=g","contentUrl":"https:\/\/secure.gravatar.com\/avatar\/bb65d0283347e303893ba14f0692005417c1e0e690a325a4c5d8bb2b3943ee14?s=96&d=mm&r=g","caption":"Cope Alcoy"}}]}},"_links":{"self":[{"href":"https:\/\/www.copealcoy.es\/es\/wp-json\/wp\/v2\/posts\/53990","targetHints":{"allow":["GET"]}}],"collection":[{"href":"https:\/\/www.copealcoy.es\/es\/wp-json\/wp\/v2\/posts"}],"about":[{"href":"https:\/\/www.copealcoy.es\/es\/wp-json\/wp\/v2\/types\/post"}],"author":[{"embeddable":true,"href":"https:\/\/www.copealcoy.es\/es\/wp-json\/wp\/v2\/users\/1"}],"replies":[{"embeddable":true,"href":"https:\/\/www.copealcoy.es\/es\/wp-json\/wp\/v2\/comments?post=53990"}],"version-history":[{"count":0,"href":"https:\/\/www.copealcoy.es\/es\/wp-json\/wp\/v2\/posts\/53990\/revisions"}],"wp:featuredmedia":[{"embeddable":true,"href":"https:\/\/www.copealcoy.es\/es\/wp-json\/wp\/v2\/media\/54001"}],"wp:attachment":[{"href":"https:\/\/www.copealcoy.es\/es\/wp-json\/wp\/v2\/media?parent=53990"}],"wp:term":[{"taxonomy":"category","embeddable":true,"href":"https:\/\/www.copealcoy.es\/es\/wp-json\/wp\/v2\/categories?post=53990"},{"taxonomy":"post_tag","embeddable":true,"href":"https:\/\/www.copealcoy.es\/es\/wp-json\/wp\/v2\/tags?post=53990"}],"curies":[{"name":"wp","href":"https:\/\/api.w.org\/{rel}","templated":true}]}}