{"id":53982,"date":"2019-08-10T12:05:36","date_gmt":"2019-08-10T12:05:36","guid":{"rendered":"https:\/\/copealcoi.es\/?p=53982"},"modified":"2019-08-10T12:05:36","modified_gmt":"2019-08-10T12:05:36","slug":"contrabandistas-y-maseros-ponen-en-escena-la-tradicional-ambaixada-del-contrabando","status":"publish","type":"post","link":"https:\/\/www.copealcoy.es\/es\/contrabandistas-y-maseros-ponen-en-escena-la-tradicional-ambaixada-del-contrabando\/","title":{"rendered":"Contrabandistas y Maseros ponen en escena la tradicional &#8216;Ambaixada del Contrabando&#8217;"},"content":{"rendered":"<p style=\"text-align: justify;\">El <strong>d\u00eda de la Entrada<\/strong> en Cocentaina tiene lugar a mediod\u00eda <strong>otro de los actos \u00fanicos y singulares<\/strong> de las Fiestas de Moros y Cristianos en honor a San Hip\u00f3lito M\u00e1rtir: <strong>la &#8216;Ambaixada del Contrabando&#8217;<\/strong>. La misma est\u00e1 protagonizada por <strong>las Filaes Maseros y Contrabandistas<\/strong> y en este acto se recrea <strong>la ayuda que recibieron en su momento los habitantes de la Villa Condal de los feroces andaluces<\/strong> para hacer frente a las tropas moras.<\/p>\n<p style=\"text-align: justify;\">La &#8216;Ambaixada del Contrabando&#8217; ha comenzado en <strong>la Plaza Cardenal F\u00e9rriz<\/strong>, ante la iglesia de Santa Mar\u00eda, y ha hecho despu\u00e9s paradas en <strong>la calle Conde de Cocentaina<\/strong> as\u00ed como en <strong>la Plaza del Pla<\/strong>. A esta han entrado los Andaluces <strong>tras aceptar los Maseros una importante cantidad de dinero<\/strong> que ha sido donada por el <strong>jinete Contrabandista<\/strong> que llevaba la correspondiente bolsa.\u00a0Los Maseros, propietarios de las f\u00e9rtiles tierras contestanas, <strong>no estaban demasiado convenidos de tener entre sus filas a los Contrabansistas<\/strong> pero, tras una tensa negociaci\u00f3n,<strong> llena de humor<\/strong>, han aceptado sumar fuerzas con estos \u00faltimos para enfrentarse a los sarracenos &#8220;<em>LLoma Grossa, Escorrup\u00e8nia, Rac\u00f3 Llobet, Bassa dels Peixos, Font de l\u00b4Edra, Esquererola, Huit Piletes y altos cerros hemos recorrido en balde, pues los moros se escondieron \u00a1Con que, si de algo aprovecha, nuestro trabuco ofrecemos!&#8221;,\u00a0<\/em>dijo el Embajador. Se\u00f1alar que en el acto <strong>no han faltado referencias a la actualidad<\/strong> como por ejemplo\u00a0al fuerte calor que acompa\u00f1a este a\u00f1o a las Fiestas de Cocentaina, el Pacto de Gobierno de Muro, el acuerdo del PSOE con PP y Cs en el Ayuntamiento de Cocentaina para las dedicaciones de los concejales contestanos o la falta de Gobierno Central tras las Elecciones Generales del 28 de abril pasado.<\/p>\n<p style=\"text-align: justify;\">La humor\u00edstica Embajada, una de las m\u00e1s antiguas de nuestras comarcas, ha finalizado <strong>ante el Castillo de Fiestas<\/strong> con los muros del Palau Comtal como testigos. All\u00ed <strong>Maseros y Contrabandistas han sellado la paz<\/strong> y se han marchado a preparar <strong>la ofensiva<\/strong> que trate de frenar el avance de <strong>unas tropas \u00e1rabes<\/strong> que no tardar\u00e1n demasiado en hacer su Entrada en la localidad. <strong>Jos\u00e9 Vicente Sancho<\/strong> de los Contrabandistas y <strong>Xavi Albero<\/strong> de los Maseros, con la ayuda de otros componentes de ambas Filaes, han sido los encargados de protagonizar esta cl\u00e1sica cita l\u00fadica y festera.<\/p>\n","protected":false},"excerpt":{"rendered":"<p>El d\u00eda de la Entrada en Cocentaina tiene lugar a mediod\u00eda otro de los actos \u00fanicos y singulares de las&#8230;<\/p>\n","protected":false},"author":1,"featured_media":54279,"comment_status":"open","ping_status":"open","sticky":false,"template":"","format":"standard","meta":{"footnotes":""},"categories":[98,75],"tags":[2777,132,2263,2166,609,4488],"class_list":["post-53982","post","type-post","status-publish","format-standard","has-post-thumbnail","hentry","category-comarcas","category-noticias","tag-ambaixada-del-contrabando","tag-cocentaina","tag-contrabandistas","tag-maseros","tag-moros-y-cristianos","tag-san-hipolito-martir"],"yoast_head":"<!-- This site is optimized with the Yoast SEO plugin v27.3 - https:\/\/yoast.com\/product\/yoast-seo-wordpress\/ -->\n<title>Contrabandistas y Maseros ponen en escena la tradicional &#039;Ambaixada del Contrabando&#039; - COPE Alcoy<\/title>\n<meta name=\"robots\" content=\"index, follow, max-snippet:-1, max-image-preview:large, max-video-preview:-1\" \/>\n<link rel=\"canonical\" href=\"https:\/\/www.copealcoy.es\/es\/contrabandistas-y-maseros-ponen-en-escena-la-tradicional-ambaixada-del-contrabando\/\" \/>\n<meta property=\"og:locale\" content=\"es_ES\" \/>\n<meta property=\"og:type\" content=\"article\" \/>\n<meta property=\"og:title\" content=\"Contrabandistas y Maseros ponen en escena la tradicional &#039;Ambaixada del Contrabando&#039; - COPE Alcoy\" \/>\n<meta property=\"og:description\" content=\"El d\u00eda de la Entrada en Cocentaina tiene lugar a mediod\u00eda otro de los actos \u00fanicos y singulares de las...\" \/>\n<meta property=\"og:url\" content=\"https:\/\/www.copealcoy.es\/es\/contrabandistas-y-maseros-ponen-en-escena-la-tradicional-ambaixada-del-contrabando\/\" \/>\n<meta property=\"og:site_name\" content=\"COPE Alcoy\" \/>\n<meta property=\"article:published_time\" content=\"2019-08-10T12:05:36+00:00\" \/>\n<meta property=\"og:image\" content=\"https:\/\/www.copealcoy.es\/wp-content\/uploads\/2019\/08\/IMG_0187-1-scaled.jpg\" \/>\n\t<meta property=\"og:image:width\" content=\"2560\" \/>\n\t<meta property=\"og:image:height\" content=\"1920\" \/>\n\t<meta property=\"og:image:type\" content=\"image\/jpeg\" \/>\n<meta name=\"author\" content=\"Cope Alcoy\" \/>\n<meta name=\"twitter:label1\" content=\"Escrito por\" \/>\n\t<meta name=\"twitter:data1\" content=\"Cope Alcoy\" \/>\n\t<meta name=\"twitter:label2\" content=\"Tiempo de lectura\" \/>\n\t<meta name=\"twitter:data2\" content=\"2 minutos\" \/>\n<script type=\"application\/ld+json\" class=\"yoast-schema-graph\">{\"@context\":\"https:\\\/\\\/schema.org\",\"@graph\":[{\"@type\":\"Article\",\"@id\":\"https:\\\/\\\/www.copealcoy.es\\\/es\\\/contrabandistas-y-maseros-ponen-en-escena-la-tradicional-ambaixada-del-contrabando\\\/#article\",\"isPartOf\":{\"@id\":\"https:\\\/\\\/www.copealcoy.es\\\/es\\\/contrabandistas-y-maseros-ponen-en-escena-la-tradicional-ambaixada-del-contrabando\\\/\"},\"author\":{\"name\":\"Cope Alcoy\",\"@id\":\"https:\\\/\\\/www.copealcoy.es\\\/es\\\/#\\\/schema\\\/person\\\/e777c87fa024e57d40170af9df39882c\"},\"headline\":\"Contrabandistas y Maseros ponen en escena la tradicional &#8216;Ambaixada del Contrabando&#8217;\",\"datePublished\":\"2019-08-10T12:05:36+00:00\",\"mainEntityOfPage\":{\"@id\":\"https:\\\/\\\/www.copealcoy.es\\\/es\\\/contrabandistas-y-maseros-ponen-en-escena-la-tradicional-ambaixada-del-contrabando\\\/\"},\"wordCount\":409,\"commentCount\":0,\"image\":{\"@id\":\"https:\\\/\\\/www.copealcoy.es\\\/es\\\/contrabandistas-y-maseros-ponen-en-escena-la-tradicional-ambaixada-del-contrabando\\\/#primaryimage\"},\"thumbnailUrl\":\"https:\\\/\\\/www.copealcoy.es\\\/wp-content\\\/uploads\\\/2019\\\/08\\\/IMG_0187-1-scaled.jpg\",\"keywords\":[\"Ambaixada del Contrabando\",\"Cocentaina\",\"Contrabandistas\",\"Maseros\",\"Moros Y Cristianos\",\"San Hip\u00f3lito M\u00e1rtir\"],\"articleSection\":[\"Comarcas\",\"Noticias\"],\"inLanguage\":\"es\"},{\"@type\":\"WebPage\",\"@id\":\"https:\\\/\\\/www.copealcoy.es\\\/es\\\/contrabandistas-y-maseros-ponen-en-escena-la-tradicional-ambaixada-del-contrabando\\\/\",\"url\":\"https:\\\/\\\/www.copealcoy.es\\\/es\\\/contrabandistas-y-maseros-ponen-en-escena-la-tradicional-ambaixada-del-contrabando\\\/\",\"name\":\"Contrabandistas y Maseros ponen en escena la tradicional 'Ambaixada del Contrabando' - COPE Alcoy\",\"isPartOf\":{\"@id\":\"https:\\\/\\\/www.copealcoy.es\\\/es\\\/#website\"},\"primaryImageOfPage\":{\"@id\":\"https:\\\/\\\/www.copealcoy.es\\\/es\\\/contrabandistas-y-maseros-ponen-en-escena-la-tradicional-ambaixada-del-contrabando\\\/#primaryimage\"},\"image\":{\"@id\":\"https:\\\/\\\/www.copealcoy.es\\\/es\\\/contrabandistas-y-maseros-ponen-en-escena-la-tradicional-ambaixada-del-contrabando\\\/#primaryimage\"},\"thumbnailUrl\":\"https:\\\/\\\/www.copealcoy.es\\\/wp-content\\\/uploads\\\/2019\\\/08\\\/IMG_0187-1-scaled.jpg\",\"datePublished\":\"2019-08-10T12:05:36+00:00\",\"author\":{\"@id\":\"https:\\\/\\\/www.copealcoy.es\\\/es\\\/#\\\/schema\\\/person\\\/e777c87fa024e57d40170af9df39882c\"},\"breadcrumb\":{\"@id\":\"https:\\\/\\\/www.copealcoy.es\\\/es\\\/contrabandistas-y-maseros-ponen-en-escena-la-tradicional-ambaixada-del-contrabando\\\/#breadcrumb\"},\"inLanguage\":\"es\",\"potentialAction\":[{\"@type\":\"ReadAction\",\"target\":[\"https:\\\/\\\/www.copealcoy.es\\\/es\\\/contrabandistas-y-maseros-ponen-en-escena-la-tradicional-ambaixada-del-contrabando\\\/\"]}]},{\"@type\":\"ImageObject\",\"inLanguage\":\"es\",\"@id\":\"https:\\\/\\\/www.copealcoy.es\\\/es\\\/contrabandistas-y-maseros-ponen-en-escena-la-tradicional-ambaixada-del-contrabando\\\/#primaryimage\",\"url\":\"https:\\\/\\\/www.copealcoy.es\\\/wp-content\\\/uploads\\\/2019\\\/08\\\/IMG_0187-1-scaled.jpg\",\"contentUrl\":\"https:\\\/\\\/www.copealcoy.es\\\/wp-content\\\/uploads\\\/2019\\\/08\\\/IMG_0187-1-scaled.jpg\",\"width\":2560,\"height\":1920,\"caption\":\"El acto ha tenido lugar este mediod\u00eda \\\/ Foto: G.Pascual\"},{\"@type\":\"BreadcrumbList\",\"@id\":\"https:\\\/\\\/www.copealcoy.es\\\/es\\\/contrabandistas-y-maseros-ponen-en-escena-la-tradicional-ambaixada-del-contrabando\\\/#breadcrumb\",\"itemListElement\":[{\"@type\":\"ListItem\",\"position\":1,\"name\":\"Portada\",\"item\":\"https:\\\/\\\/www.copealcoy.es\\\/es\\\/\"},{\"@type\":\"ListItem\",\"position\":2,\"name\":\"Contrabandistas y Maseros ponen en escena la tradicional &#8216;Ambaixada del Contrabando&#8217;\"}]},{\"@type\":\"WebSite\",\"@id\":\"https:\\\/\\\/www.copealcoy.es\\\/es\\\/#website\",\"url\":\"https:\\\/\\\/www.copealcoy.es\\\/es\\\/\",\"name\":\"COPE Alcoy\",\"description\":\"Emisora COPE de radio local con emisi\u00f3n online. Pont de Sant Jordi 8-10 03803 Alcoy\",\"potentialAction\":[{\"@type\":\"SearchAction\",\"target\":{\"@type\":\"EntryPoint\",\"urlTemplate\":\"https:\\\/\\\/www.copealcoy.es\\\/es\\\/?s={search_term_string}\"},\"query-input\":{\"@type\":\"PropertyValueSpecification\",\"valueRequired\":true,\"valueName\":\"search_term_string\"}}],\"inLanguage\":\"es\"},{\"@type\":\"Person\",\"@id\":\"https:\\\/\\\/www.copealcoy.es\\\/es\\\/#\\\/schema\\\/person\\\/e777c87fa024e57d40170af9df39882c\",\"name\":\"Cope Alcoy\",\"image\":{\"@type\":\"ImageObject\",\"inLanguage\":\"es\",\"@id\":\"https:\\\/\\\/secure.gravatar.com\\\/avatar\\\/bb65d0283347e303893ba14f0692005417c1e0e690a325a4c5d8bb2b3943ee14?s=96&d=mm&r=g\",\"url\":\"https:\\\/\\\/secure.gravatar.com\\\/avatar\\\/bb65d0283347e303893ba14f0692005417c1e0e690a325a4c5d8bb2b3943ee14?s=96&d=mm&r=g\",\"contentUrl\":\"https:\\\/\\\/secure.gravatar.com\\\/avatar\\\/bb65d0283347e303893ba14f0692005417c1e0e690a325a4c5d8bb2b3943ee14?s=96&d=mm&r=g\",\"caption\":\"Cope Alcoy\"}}]}<\/script>\n<!-- \/ Yoast SEO plugin. -->","yoast_head_json":{"title":"Contrabandistas y Maseros ponen en escena la tradicional 'Ambaixada del Contrabando' - COPE Alcoy","robots":{"index":"index","follow":"follow","max-snippet":"max-snippet:-1","max-image-preview":"max-image-preview:large","max-video-preview":"max-video-preview:-1"},"canonical":"https:\/\/www.copealcoy.es\/es\/contrabandistas-y-maseros-ponen-en-escena-la-tradicional-ambaixada-del-contrabando\/","og_locale":"es_ES","og_type":"article","og_title":"Contrabandistas y Maseros ponen en escena la tradicional 'Ambaixada del Contrabando' - COPE Alcoy","og_description":"El d\u00eda de la Entrada en Cocentaina tiene lugar a mediod\u00eda otro de los actos \u00fanicos y singulares de las...","og_url":"https:\/\/www.copealcoy.es\/es\/contrabandistas-y-maseros-ponen-en-escena-la-tradicional-ambaixada-del-contrabando\/","og_site_name":"COPE Alcoy","article_published_time":"2019-08-10T12:05:36+00:00","og_image":[{"width":2560,"height":1920,"url":"https:\/\/www.copealcoy.es\/wp-content\/uploads\/2019\/08\/IMG_0187-1-scaled.jpg","type":"image\/jpeg"}],"author":"Cope Alcoy","twitter_misc":{"Escrito por":"Cope Alcoy","Tiempo de lectura":"2 minutos"},"schema":{"@context":"https:\/\/schema.org","@graph":[{"@type":"Article","@id":"https:\/\/www.copealcoy.es\/es\/contrabandistas-y-maseros-ponen-en-escena-la-tradicional-ambaixada-del-contrabando\/#article","isPartOf":{"@id":"https:\/\/www.copealcoy.es\/es\/contrabandistas-y-maseros-ponen-en-escena-la-tradicional-ambaixada-del-contrabando\/"},"author":{"name":"Cope Alcoy","@id":"https:\/\/www.copealcoy.es\/es\/#\/schema\/person\/e777c87fa024e57d40170af9df39882c"},"headline":"Contrabandistas y Maseros ponen en escena la tradicional &#8216;Ambaixada del Contrabando&#8217;","datePublished":"2019-08-10T12:05:36+00:00","mainEntityOfPage":{"@id":"https:\/\/www.copealcoy.es\/es\/contrabandistas-y-maseros-ponen-en-escena-la-tradicional-ambaixada-del-contrabando\/"},"wordCount":409,"commentCount":0,"image":{"@id":"https:\/\/www.copealcoy.es\/es\/contrabandistas-y-maseros-ponen-en-escena-la-tradicional-ambaixada-del-contrabando\/#primaryimage"},"thumbnailUrl":"https:\/\/www.copealcoy.es\/wp-content\/uploads\/2019\/08\/IMG_0187-1-scaled.jpg","keywords":["Ambaixada del Contrabando","Cocentaina","Contrabandistas","Maseros","Moros Y Cristianos","San Hip\u00f3lito M\u00e1rtir"],"articleSection":["Comarcas","Noticias"],"inLanguage":"es"},{"@type":"WebPage","@id":"https:\/\/www.copealcoy.es\/es\/contrabandistas-y-maseros-ponen-en-escena-la-tradicional-ambaixada-del-contrabando\/","url":"https:\/\/www.copealcoy.es\/es\/contrabandistas-y-maseros-ponen-en-escena-la-tradicional-ambaixada-del-contrabando\/","name":"Contrabandistas y Maseros ponen en escena la tradicional 'Ambaixada del Contrabando' - COPE Alcoy","isPartOf":{"@id":"https:\/\/www.copealcoy.es\/es\/#website"},"primaryImageOfPage":{"@id":"https:\/\/www.copealcoy.es\/es\/contrabandistas-y-maseros-ponen-en-escena-la-tradicional-ambaixada-del-contrabando\/#primaryimage"},"image":{"@id":"https:\/\/www.copealcoy.es\/es\/contrabandistas-y-maseros-ponen-en-escena-la-tradicional-ambaixada-del-contrabando\/#primaryimage"},"thumbnailUrl":"https:\/\/www.copealcoy.es\/wp-content\/uploads\/2019\/08\/IMG_0187-1-scaled.jpg","datePublished":"2019-08-10T12:05:36+00:00","author":{"@id":"https:\/\/www.copealcoy.es\/es\/#\/schema\/person\/e777c87fa024e57d40170af9df39882c"},"breadcrumb":{"@id":"https:\/\/www.copealcoy.es\/es\/contrabandistas-y-maseros-ponen-en-escena-la-tradicional-ambaixada-del-contrabando\/#breadcrumb"},"inLanguage":"es","potentialAction":[{"@type":"ReadAction","target":["https:\/\/www.copealcoy.es\/es\/contrabandistas-y-maseros-ponen-en-escena-la-tradicional-ambaixada-del-contrabando\/"]}]},{"@type":"ImageObject","inLanguage":"es","@id":"https:\/\/www.copealcoy.es\/es\/contrabandistas-y-maseros-ponen-en-escena-la-tradicional-ambaixada-del-contrabando\/#primaryimage","url":"https:\/\/www.copealcoy.es\/wp-content\/uploads\/2019\/08\/IMG_0187-1-scaled.jpg","contentUrl":"https:\/\/www.copealcoy.es\/wp-content\/uploads\/2019\/08\/IMG_0187-1-scaled.jpg","width":2560,"height":1920,"caption":"El acto ha tenido lugar este mediod\u00eda \/ Foto: G.Pascual"},{"@type":"BreadcrumbList","@id":"https:\/\/www.copealcoy.es\/es\/contrabandistas-y-maseros-ponen-en-escena-la-tradicional-ambaixada-del-contrabando\/#breadcrumb","itemListElement":[{"@type":"ListItem","position":1,"name":"Portada","item":"https:\/\/www.copealcoy.es\/es\/"},{"@type":"ListItem","position":2,"name":"Contrabandistas y Maseros ponen en escena la tradicional &#8216;Ambaixada del Contrabando&#8217;"}]},{"@type":"WebSite","@id":"https:\/\/www.copealcoy.es\/es\/#website","url":"https:\/\/www.copealcoy.es\/es\/","name":"COPE Alcoy","description":"Emisora COPE de radio local con emisi\u00f3n online. Pont de Sant Jordi 8-10 03803 Alcoy","potentialAction":[{"@type":"SearchAction","target":{"@type":"EntryPoint","urlTemplate":"https:\/\/www.copealcoy.es\/es\/?s={search_term_string}"},"query-input":{"@type":"PropertyValueSpecification","valueRequired":true,"valueName":"search_term_string"}}],"inLanguage":"es"},{"@type":"Person","@id":"https:\/\/www.copealcoy.es\/es\/#\/schema\/person\/e777c87fa024e57d40170af9df39882c","name":"Cope Alcoy","image":{"@type":"ImageObject","inLanguage":"es","@id":"https:\/\/secure.gravatar.com\/avatar\/bb65d0283347e303893ba14f0692005417c1e0e690a325a4c5d8bb2b3943ee14?s=96&d=mm&r=g","url":"https:\/\/secure.gravatar.com\/avatar\/bb65d0283347e303893ba14f0692005417c1e0e690a325a4c5d8bb2b3943ee14?s=96&d=mm&r=g","contentUrl":"https:\/\/secure.gravatar.com\/avatar\/bb65d0283347e303893ba14f0692005417c1e0e690a325a4c5d8bb2b3943ee14?s=96&d=mm&r=g","caption":"Cope Alcoy"}}]}},"_links":{"self":[{"href":"https:\/\/www.copealcoy.es\/es\/wp-json\/wp\/v2\/posts\/53982","targetHints":{"allow":["GET"]}}],"collection":[{"href":"https:\/\/www.copealcoy.es\/es\/wp-json\/wp\/v2\/posts"}],"about":[{"href":"https:\/\/www.copealcoy.es\/es\/wp-json\/wp\/v2\/types\/post"}],"author":[{"embeddable":true,"href":"https:\/\/www.copealcoy.es\/es\/wp-json\/wp\/v2\/users\/1"}],"replies":[{"embeddable":true,"href":"https:\/\/www.copealcoy.es\/es\/wp-json\/wp\/v2\/comments?post=53982"}],"version-history":[{"count":0,"href":"https:\/\/www.copealcoy.es\/es\/wp-json\/wp\/v2\/posts\/53982\/revisions"}],"wp:featuredmedia":[{"embeddable":true,"href":"https:\/\/www.copealcoy.es\/es\/wp-json\/wp\/v2\/media\/54279"}],"wp:attachment":[{"href":"https:\/\/www.copealcoy.es\/es\/wp-json\/wp\/v2\/media?parent=53982"}],"wp:term":[{"taxonomy":"category","embeddable":true,"href":"https:\/\/www.copealcoy.es\/es\/wp-json\/wp\/v2\/categories?post=53982"},{"taxonomy":"post_tag","embeddable":true,"href":"https:\/\/www.copealcoy.es\/es\/wp-json\/wp\/v2\/tags?post=53982"}],"curies":[{"name":"wp","href":"https:\/\/api.w.org\/{rel}","templated":true}]}}