{"id":53970,"date":"2019-08-11T22:00:17","date_gmt":"2019-08-11T22:00:17","guid":{"rendered":"https:\/\/copealcoi.es\/?p=53970"},"modified":"2019-08-11T22:00:17","modified_gmt":"2019-08-11T22:00:17","slug":"cocentaina-muestra-su-devocion-por-san-hipolito-martir","status":"publish","type":"post","link":"https:\/\/www.copealcoy.es\/es\/cocentaina-muestra-su-devocion-por-san-hipolito-martir\/","title":{"rendered":"Cocentaina muestra su devoci\u00f3n por San Hip\u00f3lito M\u00e1rtir"},"content":{"rendered":"<p style=\"text-align: justify;\">Cocentaina <strong>ha despedido el segundo d\u00eda de sus Fiestas de Moros y Cristianos<\/strong> venerando al que es <strong>su patr\u00f3n<\/strong> desde el <strong>7 de mayo del a\u00f1o 1.600<\/strong>; San Hip\u00f3lito M\u00e1rtir.<\/p>\n<p style=\"text-align: justify;\">El <strong>volteo general de las campanas de la iglesia de Santa Mar\u00eda<\/strong> ha advertido a las ocho y cuarto de la tarde del <strong>comienzo de la Procesi\u00f3n General dedicada al patr\u00f3n<\/strong> y en la que se ha podido ver en la calle <strong>el esplendor que tuvo la imagen del santo anta\u00f1o<\/strong> tras los trabajos de limpieza as\u00ed como de restauraci\u00f3n realizados por<strong> Inma Ribelles<\/strong> en los \u00faltimos meses.<\/p>\n<p style=\"text-align: justify;\">La <strong>cruz parroquial<\/strong>, seguida por <strong>todas las filaes<\/strong> de los bandos de la cruz y de la media luna, han dado paso a <strong>los cuatro cargos festeros del 2019<\/strong>: <strong>Abraham Molt\u00f3 Garc\u00eda<\/strong> (Abanderado Moro de la Fil\u00e0 Manta Roja), <strong>Javier Pascual Motos<\/strong> (Abanderado Cristiano de la Fil\u00e0 Creuats), <strong>Rub\u00e9n Colomina Arroyo<\/strong> (Capit\u00e1n Moro de la Fil\u00e0 Bereberes &#8216;Els Borts&#8217;) y <strong>M\u00e0xim Ferrer Sell\u00e9s<\/strong> (Capit\u00e1n Cristiano de la Fil\u00e0 Contestanos). Todos ellos, junto a sus favoritas y acompa\u00f1antes, \u00a0<strong>han centrado todas las miradas<\/strong> al igual que <strong>han recibido enormes muestras de afecto<\/strong> por el gran espect\u00e1culo que ofrecieron en el d\u00eda de ayer durante las Entradas.<\/p>\n<p style=\"text-align: justify;\">Tras ellos ha ocupado un papel central en la procesi\u00f3n <strong>la Reliquia del santo<\/strong>, entronizada en el espectacular relicario estrenado en el a\u00f1o 2000, as\u00ed como <strong>la imagen de San Hip\u00f3lito M\u00e1rtir<\/strong> arrastrada por festeros de las cuatro filaes de cargo. El <strong>clero<\/strong> ha precedido a la<strong> Junta de Fiestas<\/strong>, con su presidente al frente <strong>Hip\u00f2lit Borr\u00e0s<\/strong>, as\u00ed como <strong>la Corporaci\u00f3n Municipal<\/strong> con la alcaldesa al frente, <strong>Mireia Estepa<\/strong>; y el concejal de Fiestas; <strong>Octavio Cerd\u00e0<\/strong>.<\/p>\n<p style=\"text-align: justify;\">La solemne procesi\u00f3n ha finalizado <strong>en el interior de la iglesia de Santa Mar\u00eda<\/strong> con una oraci\u00f3n final y seguidamente\u00a0<strong>se dio a besar la reliquia del patr\u00f3n<\/strong> a festeros y devotos. Indicar que en el exterior del templo, debido a la situaci\u00f3n por la que atraviesa<strong> la normativa de la p\u00f3lvora<\/strong>, no se pudo hacer el correspondiente <strong>disparo de arcabucer\u00eda<\/strong> dedicado al santo que rememora los or\u00edgenes de la Festa en honor a Sant Hip\u00f2lit.<\/p>\n","protected":false},"excerpt":{"rendered":"<p>Cocentaina ha despedido el segundo d\u00eda de sus Fiestas de Moros y Cristianos venerando al que es su patr\u00f3n desde&#8230;<\/p>\n","protected":false},"author":1,"featured_media":54309,"comment_status":"open","ping_status":"open","sticky":false,"template":"","format":"standard","meta":{"footnotes":""},"categories":[98,75,125],"tags":[132,2891,609,126,917,4488],"class_list":["post-53970","post","type-post","status-publish","format-standard","has-post-thumbnail","hentry","category-comarcas","category-noticias","category-portada","tag-cocentaina","tag-devocion","tag-moros-y-cristianos","tag-patron","tag-procesion","tag-san-hipolito-martir"],"yoast_head":"<!-- This site is optimized with the Yoast SEO plugin v27.3 - https:\/\/yoast.com\/product\/yoast-seo-wordpress\/ -->\n<title>Cocentaina muestra su devoci\u00f3n por San Hip\u00f3lito M\u00e1rtir - COPE Alcoy<\/title>\n<meta name=\"robots\" content=\"index, follow, max-snippet:-1, max-image-preview:large, max-video-preview:-1\" \/>\n<link rel=\"canonical\" href=\"https:\/\/www.copealcoy.es\/es\/cocentaina-muestra-su-devocion-por-san-hipolito-martir\/\" \/>\n<meta property=\"og:locale\" content=\"es_ES\" \/>\n<meta property=\"og:type\" content=\"article\" \/>\n<meta property=\"og:title\" content=\"Cocentaina muestra su devoci\u00f3n por San Hip\u00f3lito M\u00e1rtir - COPE Alcoy\" \/>\n<meta property=\"og:description\" content=\"Cocentaina ha despedido el segundo d\u00eda de sus Fiestas de Moros y Cristianos venerando al que es su patr\u00f3n desde...\" \/>\n<meta property=\"og:url\" content=\"https:\/\/www.copealcoy.es\/es\/cocentaina-muestra-su-devocion-por-san-hipolito-martir\/\" \/>\n<meta property=\"og:site_name\" content=\"COPE Alcoy\" \/>\n<meta property=\"article:published_time\" content=\"2019-08-11T22:00:17+00:00\" \/>\n<meta property=\"og:image\" content=\"https:\/\/www.copealcoy.es\/wp-content\/uploads\/2019\/08\/Patron-1.jpg\" \/>\n\t<meta property=\"og:image:width\" content=\"660\" \/>\n\t<meta property=\"og:image:height\" content=\"330\" \/>\n\t<meta property=\"og:image:type\" content=\"image\/jpeg\" \/>\n<meta name=\"author\" content=\"Cope Alcoy\" \/>\n<meta name=\"twitter:label1\" content=\"Escrito por\" \/>\n\t<meta name=\"twitter:data1\" content=\"Cope Alcoy\" \/>\n\t<meta name=\"twitter:label2\" content=\"Tiempo de lectura\" \/>\n\t<meta name=\"twitter:data2\" content=\"2 minutos\" \/>\n<script type=\"application\/ld+json\" class=\"yoast-schema-graph\">{\"@context\":\"https:\\\/\\\/schema.org\",\"@graph\":[{\"@type\":\"Article\",\"@id\":\"https:\\\/\\\/www.copealcoy.es\\\/es\\\/cocentaina-muestra-su-devocion-por-san-hipolito-martir\\\/#article\",\"isPartOf\":{\"@id\":\"https:\\\/\\\/www.copealcoy.es\\\/es\\\/cocentaina-muestra-su-devocion-por-san-hipolito-martir\\\/\"},\"author\":{\"name\":\"Cope Alcoy\",\"@id\":\"https:\\\/\\\/www.copealcoy.es\\\/es\\\/#\\\/schema\\\/person\\\/e777c87fa024e57d40170af9df39882c\"},\"headline\":\"Cocentaina muestra su devoci\u00f3n por San Hip\u00f3lito M\u00e1rtir\",\"datePublished\":\"2019-08-11T22:00:17+00:00\",\"mainEntityOfPage\":{\"@id\":\"https:\\\/\\\/www.copealcoy.es\\\/es\\\/cocentaina-muestra-su-devocion-por-san-hipolito-martir\\\/\"},\"wordCount\":397,\"commentCount\":0,\"image\":{\"@id\":\"https:\\\/\\\/www.copealcoy.es\\\/es\\\/cocentaina-muestra-su-devocion-por-san-hipolito-martir\\\/#primaryimage\"},\"thumbnailUrl\":\"https:\\\/\\\/www.copealcoy.es\\\/wp-content\\\/uploads\\\/2019\\\/08\\\/Patron-1.jpg\",\"keywords\":[\"Cocentaina\",\"devoci\u00f3n\",\"Moros Y Cristianos\",\"patr\u00f3n\",\"Procesi\u00f3n\",\"San Hip\u00f3lito M\u00e1rtir\"],\"articleSection\":[\"Comarcas\",\"Noticias\",\"Portada\"],\"inLanguage\":\"es\"},{\"@type\":\"WebPage\",\"@id\":\"https:\\\/\\\/www.copealcoy.es\\\/es\\\/cocentaina-muestra-su-devocion-por-san-hipolito-martir\\\/\",\"url\":\"https:\\\/\\\/www.copealcoy.es\\\/es\\\/cocentaina-muestra-su-devocion-por-san-hipolito-martir\\\/\",\"name\":\"Cocentaina muestra su devoci\u00f3n por San Hip\u00f3lito M\u00e1rtir - COPE Alcoy\",\"isPartOf\":{\"@id\":\"https:\\\/\\\/www.copealcoy.es\\\/es\\\/#website\"},\"primaryImageOfPage\":{\"@id\":\"https:\\\/\\\/www.copealcoy.es\\\/es\\\/cocentaina-muestra-su-devocion-por-san-hipolito-martir\\\/#primaryimage\"},\"image\":{\"@id\":\"https:\\\/\\\/www.copealcoy.es\\\/es\\\/cocentaina-muestra-su-devocion-por-san-hipolito-martir\\\/#primaryimage\"},\"thumbnailUrl\":\"https:\\\/\\\/www.copealcoy.es\\\/wp-content\\\/uploads\\\/2019\\\/08\\\/Patron-1.jpg\",\"datePublished\":\"2019-08-11T22:00:17+00:00\",\"author\":{\"@id\":\"https:\\\/\\\/www.copealcoy.es\\\/es\\\/#\\\/schema\\\/person\\\/e777c87fa024e57d40170af9df39882c\"},\"breadcrumb\":{\"@id\":\"https:\\\/\\\/www.copealcoy.es\\\/es\\\/cocentaina-muestra-su-devocion-por-san-hipolito-martir\\\/#breadcrumb\"},\"inLanguage\":\"es\",\"potentialAction\":[{\"@type\":\"ReadAction\",\"target\":[\"https:\\\/\\\/www.copealcoy.es\\\/es\\\/cocentaina-muestra-su-devocion-por-san-hipolito-martir\\\/\"]}]},{\"@type\":\"ImageObject\",\"inLanguage\":\"es\",\"@id\":\"https:\\\/\\\/www.copealcoy.es\\\/es\\\/cocentaina-muestra-su-devocion-por-san-hipolito-martir\\\/#primaryimage\",\"url\":\"https:\\\/\\\/www.copealcoy.es\\\/wp-content\\\/uploads\\\/2019\\\/08\\\/Patron-1.jpg\",\"contentUrl\":\"https:\\\/\\\/www.copealcoy.es\\\/wp-content\\\/uploads\\\/2019\\\/08\\\/Patron-1.jpg\",\"width\":660,\"height\":330,\"caption\":\"La imagen de San Hip\u00f3lito luci\u00f3 un nuevo aspecto tras ser restaurada \\\/ Foto: G. Pascual\"},{\"@type\":\"BreadcrumbList\",\"@id\":\"https:\\\/\\\/www.copealcoy.es\\\/es\\\/cocentaina-muestra-su-devocion-por-san-hipolito-martir\\\/#breadcrumb\",\"itemListElement\":[{\"@type\":\"ListItem\",\"position\":1,\"name\":\"Portada\",\"item\":\"https:\\\/\\\/www.copealcoy.es\\\/es\\\/\"},{\"@type\":\"ListItem\",\"position\":2,\"name\":\"Cocentaina muestra su devoci\u00f3n por San Hip\u00f3lito M\u00e1rtir\"}]},{\"@type\":\"WebSite\",\"@id\":\"https:\\\/\\\/www.copealcoy.es\\\/es\\\/#website\",\"url\":\"https:\\\/\\\/www.copealcoy.es\\\/es\\\/\",\"name\":\"COPE Alcoy\",\"description\":\"Emisora COPE de radio local con emisi\u00f3n online. Pont de Sant Jordi 8-10 03803 Alcoy\",\"potentialAction\":[{\"@type\":\"SearchAction\",\"target\":{\"@type\":\"EntryPoint\",\"urlTemplate\":\"https:\\\/\\\/www.copealcoy.es\\\/es\\\/?s={search_term_string}\"},\"query-input\":{\"@type\":\"PropertyValueSpecification\",\"valueRequired\":true,\"valueName\":\"search_term_string\"}}],\"inLanguage\":\"es\"},{\"@type\":\"Person\",\"@id\":\"https:\\\/\\\/www.copealcoy.es\\\/es\\\/#\\\/schema\\\/person\\\/e777c87fa024e57d40170af9df39882c\",\"name\":\"Cope Alcoy\",\"image\":{\"@type\":\"ImageObject\",\"inLanguage\":\"es\",\"@id\":\"https:\\\/\\\/secure.gravatar.com\\\/avatar\\\/bb65d0283347e303893ba14f0692005417c1e0e690a325a4c5d8bb2b3943ee14?s=96&d=mm&r=g\",\"url\":\"https:\\\/\\\/secure.gravatar.com\\\/avatar\\\/bb65d0283347e303893ba14f0692005417c1e0e690a325a4c5d8bb2b3943ee14?s=96&d=mm&r=g\",\"contentUrl\":\"https:\\\/\\\/secure.gravatar.com\\\/avatar\\\/bb65d0283347e303893ba14f0692005417c1e0e690a325a4c5d8bb2b3943ee14?s=96&d=mm&r=g\",\"caption\":\"Cope Alcoy\"}}]}<\/script>\n<!-- \/ Yoast SEO plugin. -->","yoast_head_json":{"title":"Cocentaina muestra su devoci\u00f3n por San Hip\u00f3lito M\u00e1rtir - COPE Alcoy","robots":{"index":"index","follow":"follow","max-snippet":"max-snippet:-1","max-image-preview":"max-image-preview:large","max-video-preview":"max-video-preview:-1"},"canonical":"https:\/\/www.copealcoy.es\/es\/cocentaina-muestra-su-devocion-por-san-hipolito-martir\/","og_locale":"es_ES","og_type":"article","og_title":"Cocentaina muestra su devoci\u00f3n por San Hip\u00f3lito M\u00e1rtir - COPE Alcoy","og_description":"Cocentaina ha despedido el segundo d\u00eda de sus Fiestas de Moros y Cristianos venerando al que es su patr\u00f3n desde...","og_url":"https:\/\/www.copealcoy.es\/es\/cocentaina-muestra-su-devocion-por-san-hipolito-martir\/","og_site_name":"COPE Alcoy","article_published_time":"2019-08-11T22:00:17+00:00","og_image":[{"width":660,"height":330,"url":"https:\/\/www.copealcoy.es\/wp-content\/uploads\/2019\/08\/Patron-1.jpg","type":"image\/jpeg"}],"author":"Cope Alcoy","twitter_misc":{"Escrito por":"Cope Alcoy","Tiempo de lectura":"2 minutos"},"schema":{"@context":"https:\/\/schema.org","@graph":[{"@type":"Article","@id":"https:\/\/www.copealcoy.es\/es\/cocentaina-muestra-su-devocion-por-san-hipolito-martir\/#article","isPartOf":{"@id":"https:\/\/www.copealcoy.es\/es\/cocentaina-muestra-su-devocion-por-san-hipolito-martir\/"},"author":{"name":"Cope Alcoy","@id":"https:\/\/www.copealcoy.es\/es\/#\/schema\/person\/e777c87fa024e57d40170af9df39882c"},"headline":"Cocentaina muestra su devoci\u00f3n por San Hip\u00f3lito M\u00e1rtir","datePublished":"2019-08-11T22:00:17+00:00","mainEntityOfPage":{"@id":"https:\/\/www.copealcoy.es\/es\/cocentaina-muestra-su-devocion-por-san-hipolito-martir\/"},"wordCount":397,"commentCount":0,"image":{"@id":"https:\/\/www.copealcoy.es\/es\/cocentaina-muestra-su-devocion-por-san-hipolito-martir\/#primaryimage"},"thumbnailUrl":"https:\/\/www.copealcoy.es\/wp-content\/uploads\/2019\/08\/Patron-1.jpg","keywords":["Cocentaina","devoci\u00f3n","Moros Y Cristianos","patr\u00f3n","Procesi\u00f3n","San Hip\u00f3lito M\u00e1rtir"],"articleSection":["Comarcas","Noticias","Portada"],"inLanguage":"es"},{"@type":"WebPage","@id":"https:\/\/www.copealcoy.es\/es\/cocentaina-muestra-su-devocion-por-san-hipolito-martir\/","url":"https:\/\/www.copealcoy.es\/es\/cocentaina-muestra-su-devocion-por-san-hipolito-martir\/","name":"Cocentaina muestra su devoci\u00f3n por San Hip\u00f3lito M\u00e1rtir - COPE Alcoy","isPartOf":{"@id":"https:\/\/www.copealcoy.es\/es\/#website"},"primaryImageOfPage":{"@id":"https:\/\/www.copealcoy.es\/es\/cocentaina-muestra-su-devocion-por-san-hipolito-martir\/#primaryimage"},"image":{"@id":"https:\/\/www.copealcoy.es\/es\/cocentaina-muestra-su-devocion-por-san-hipolito-martir\/#primaryimage"},"thumbnailUrl":"https:\/\/www.copealcoy.es\/wp-content\/uploads\/2019\/08\/Patron-1.jpg","datePublished":"2019-08-11T22:00:17+00:00","author":{"@id":"https:\/\/www.copealcoy.es\/es\/#\/schema\/person\/e777c87fa024e57d40170af9df39882c"},"breadcrumb":{"@id":"https:\/\/www.copealcoy.es\/es\/cocentaina-muestra-su-devocion-por-san-hipolito-martir\/#breadcrumb"},"inLanguage":"es","potentialAction":[{"@type":"ReadAction","target":["https:\/\/www.copealcoy.es\/es\/cocentaina-muestra-su-devocion-por-san-hipolito-martir\/"]}]},{"@type":"ImageObject","inLanguage":"es","@id":"https:\/\/www.copealcoy.es\/es\/cocentaina-muestra-su-devocion-por-san-hipolito-martir\/#primaryimage","url":"https:\/\/www.copealcoy.es\/wp-content\/uploads\/2019\/08\/Patron-1.jpg","contentUrl":"https:\/\/www.copealcoy.es\/wp-content\/uploads\/2019\/08\/Patron-1.jpg","width":660,"height":330,"caption":"La imagen de San Hip\u00f3lito luci\u00f3 un nuevo aspecto tras ser restaurada \/ Foto: G. Pascual"},{"@type":"BreadcrumbList","@id":"https:\/\/www.copealcoy.es\/es\/cocentaina-muestra-su-devocion-por-san-hipolito-martir\/#breadcrumb","itemListElement":[{"@type":"ListItem","position":1,"name":"Portada","item":"https:\/\/www.copealcoy.es\/es\/"},{"@type":"ListItem","position":2,"name":"Cocentaina muestra su devoci\u00f3n por San Hip\u00f3lito M\u00e1rtir"}]},{"@type":"WebSite","@id":"https:\/\/www.copealcoy.es\/es\/#website","url":"https:\/\/www.copealcoy.es\/es\/","name":"COPE Alcoy","description":"Emisora COPE de radio local con emisi\u00f3n online. Pont de Sant Jordi 8-10 03803 Alcoy","potentialAction":[{"@type":"SearchAction","target":{"@type":"EntryPoint","urlTemplate":"https:\/\/www.copealcoy.es\/es\/?s={search_term_string}"},"query-input":{"@type":"PropertyValueSpecification","valueRequired":true,"valueName":"search_term_string"}}],"inLanguage":"es"},{"@type":"Person","@id":"https:\/\/www.copealcoy.es\/es\/#\/schema\/person\/e777c87fa024e57d40170af9df39882c","name":"Cope Alcoy","image":{"@type":"ImageObject","inLanguage":"es","@id":"https:\/\/secure.gravatar.com\/avatar\/bb65d0283347e303893ba14f0692005417c1e0e690a325a4c5d8bb2b3943ee14?s=96&d=mm&r=g","url":"https:\/\/secure.gravatar.com\/avatar\/bb65d0283347e303893ba14f0692005417c1e0e690a325a4c5d8bb2b3943ee14?s=96&d=mm&r=g","contentUrl":"https:\/\/secure.gravatar.com\/avatar\/bb65d0283347e303893ba14f0692005417c1e0e690a325a4c5d8bb2b3943ee14?s=96&d=mm&r=g","caption":"Cope Alcoy"}}]}},"_links":{"self":[{"href":"https:\/\/www.copealcoy.es\/es\/wp-json\/wp\/v2\/posts\/53970","targetHints":{"allow":["GET"]}}],"collection":[{"href":"https:\/\/www.copealcoy.es\/es\/wp-json\/wp\/v2\/posts"}],"about":[{"href":"https:\/\/www.copealcoy.es\/es\/wp-json\/wp\/v2\/types\/post"}],"author":[{"embeddable":true,"href":"https:\/\/www.copealcoy.es\/es\/wp-json\/wp\/v2\/users\/1"}],"replies":[{"embeddable":true,"href":"https:\/\/www.copealcoy.es\/es\/wp-json\/wp\/v2\/comments?post=53970"}],"version-history":[{"count":0,"href":"https:\/\/www.copealcoy.es\/es\/wp-json\/wp\/v2\/posts\/53970\/revisions"}],"wp:featuredmedia":[{"embeddable":true,"href":"https:\/\/www.copealcoy.es\/es\/wp-json\/wp\/v2\/media\/54309"}],"wp:attachment":[{"href":"https:\/\/www.copealcoy.es\/es\/wp-json\/wp\/v2\/media?parent=53970"}],"wp:term":[{"taxonomy":"category","embeddable":true,"href":"https:\/\/www.copealcoy.es\/es\/wp-json\/wp\/v2\/categories?post=53970"},{"taxonomy":"post_tag","embeddable":true,"href":"https:\/\/www.copealcoy.es\/es\/wp-json\/wp\/v2\/tags?post=53970"}],"curies":[{"name":"wp","href":"https:\/\/api.w.org\/{rel}","templated":true}]}}