{"id":53951,"date":"2019-08-03T18:02:58","date_gmt":"2019-08-03T18:02:58","guid":{"rendered":"https:\/\/copealcoi.es\/?p=53951"},"modified":"2019-08-03T18:02:58","modified_gmt":"2019-08-03T18:02:58","slug":"polit-borras-cierra-tres-anos-al-frente-de-la-junta-de-fiestas-de-cocentaina","status":"publish","type":"post","link":"https:\/\/www.copealcoy.es\/es\/polit-borras-cierra-tres-anos-al-frente-de-la-junta-de-fiestas-de-cocentaina\/","title":{"rendered":"P\u00f2lit Borr\u00e0s cierra tres a\u00f1os al frente de la Junta de Fiestas de Cocentaina"},"content":{"rendered":"<p style=\"text-align: justify;\">El Presidente de la Junta de Fiestas de Cocentaina,<strong> Hip\u00f2lit Borr\u00e0s i Mart\u00ednez<\/strong>, cierra <strong>una etapa<\/strong> que comenz\u00f3 a finales de 2016 y que le ha permitido estar <strong>durante tres a\u00f1os<\/strong> al frente de la m\u00e1xima entidad festera contestana.<\/p>\n<p style=\"text-align: justify;\">Con un buen sabor de boca por el trabajo bien hecho, la Junta de Fiestas <strong>afronta los festejos del 2019 antes de que en oto\u00f1o nuevos festeros y nuevas festeras asuman la responsabilidad<\/strong> de dedicar parte de su tiempo a mantener viva esta gran tradici\u00f3n &#8220;<em>me quedar\u00eda con la gran experiencia que ha supuesto para m\u00ed, a nivel personal, trabajar por la Fiesta desde dentro y conocer muchos de los entresijos de la misma que quiz\u00e1s cuando estas fuera de la entidad no se perciben. Adem\u00e1s he podido compartir estos a\u00f1os con personas plenamente entregadas a la Festa y a su pueblo, que han estado siempre al pie del ca\u00f1\u00f3n a la hora de trabajar y que se han dejado la piel para que las Fiestas de Moros y Cristianos de Cocentaina sigan siendo un referente en la Comunidad Valenciana e incluso en el territorio nacional<\/em>&#8220;, dijo el jueves en COPE ALCOY.<\/p>\n<p style=\"text-align: justify;\">Todo el equipo humano que integra actualmente la instituci\u00f3n <strong>hace un balance muy positivo de un intenso ciclo de trabajo<\/strong> en el que la mayor parte de los esfuerzos se han centrado en <strong>mejorar los actos de la Festa<\/strong> as\u00ed como en <strong>desarrollar destacados proyectos<\/strong> que han contribuido a consolidar importantes aspectos de la misma &#8220;<em>en el caso del I Certamen de M\u00fasica Festera podemos decir que fue todo un \u00e9xito y que se han sentado las bases para que esta iniciativa tenga continuidad en los pr\u00f3ximos a\u00f1os con car\u00e1cter bianual. Al margen de esto se han renovado las banderas que adornan los itinerarios de los actos de Fiestas junto a la restauraci\u00f3n de la imagen de San Hip\u00f3lito, la modificaci\u00f3n de los Estatutos y el Reglamento Interno, la creaci\u00f3n de unas fanfarrias musicales para acompa\u00f1ar las Embajadas, la reedici\u00f3n actualizada del libro \u2018M\u00fasica i M\u00fasics de Cocentaina\u2019 de Mois\u00e9s Sell\u00e9s o el fomento de la devoci\u00f3n a nuestro patr\u00f3n.\u00a0 Entre las iniciativas que ver\u00e1n la luz en los pr\u00f3ximos meses destaca tambi\u00e9n una publicaci\u00f3n sobre la historia de la Festa en la que ya estamos trabajando<\/em>&#8220;, asever\u00f3 Borr\u00e0s.<\/p>\n<p style=\"text-align: justify;\">El Presidente de la Junta de Fiestas de Cocentaina tambi\u00e9n enumer\u00f3 <strong>algunas de las principales novedades<\/strong> que tendr\u00e1n los festejos del 2019 &#8220;<em>por una parte se girar\u00e1n las escuadras al Monasterio de la Mare de D\u00e9u del Miracle en la Primera Diana, con ocasi\u00f3n del V Centenario del milagro de la Mareta, mientras que se reforzar\u00e1 la decoraci\u00f3n en la parte alta del Pla junto al Palau Comtal para crear un entorno m\u00e1s acorde con los actos que celebramos. Finalmente la imagen de San Hip\u00f3lito M\u00e1rtir lucir\u00e1 un nuevo aspecto tras la restauraci\u00f3n efectuada por Inma Ribelles en las \u00faltimas semanas<\/em>&#8220;, detalla. De igual forma P\u00f2lit se refiri\u00f3 a <strong>la situaci\u00f3n de la p\u00f3lvora y al incremento del precio<\/strong> de la misma &#8220;<em>nos han garantizado que tendremos suministro pero ante de las situaciones que se han vivido en poblaciones vecinas este a\u00f1o creo que ha llegado el momento de que los representantes pol\u00edticos aborden la situaci\u00f3n desde las diferentes administraciones para evitar que unos actos tan esperados como los disparos puedan llegar a desaparecer<\/em>&#8220;; matiza.<\/p>\n<p style=\"text-align: justify;\">Finalmente Hip\u00f2lit Borr\u00e0s <strong>transmiti\u00f3 los mejores deseos para las Fiestas de Moros y Cristianos<\/strong> que se acercan mientras que dej\u00f3 claro que <strong>no optar\u00e1 a la reelecci\u00f3n<\/strong> cuando finalice su mandato el pr\u00f3ximo mes de octubre &#8220;<em>nosotros dijimos p\u00fablicamente en su d\u00eda que nuestra etapa de trabajo al frente de la Junta de Fiestas eran tres a\u00f1os, tal y como marcan los Estatutos, y creemos que ahora se abre una oportunidad para que nuevas personas tomen las riendas de este proyecto. Desde aqu\u00ed animo a los festeros y a las festeras que tengan inquietud a dar el paso sin miedo porque esta responsabilidad tiene m\u00e1s satisfacciones que ingratitudes<\/em>&#8220;; concluy\u00f3.<\/p>\n","protected":false},"excerpt":{"rendered":"<p>El Presidente de la Junta de Fiestas de Cocentaina, Hip\u00f2lit Borr\u00e0s i Mart\u00ednez, cierra una etapa que comenz\u00f3 a finales&#8230;<\/p>\n","protected":false},"author":1,"featured_media":53954,"comment_status":"open","ping_status":"open","sticky":false,"template":"","format":"standard","meta":{"footnotes":""},"categories":[98,75],"tags":[132,237,2192,9081,1089,5683],"class_list":["post-53951","post","type-post","status-publish","format-standard","has-post-thumbnail","hentry","category-comarcas","category-noticias","tag-cocentaina","tag-comtat","tag-junta-de-fiestas","tag-polit-borras","tag-presidencia","tag-tres-anos"],"yoast_head":"<!-- This site is optimized with the Yoast SEO plugin v27.3 - https:\/\/yoast.com\/product\/yoast-seo-wordpress\/ -->\n<title>P\u00f2lit Borr\u00e0s cierra tres a\u00f1os al frente de la Junta de Fiestas de Cocentaina - COPE Alcoy<\/title>\n<meta name=\"robots\" content=\"index, follow, max-snippet:-1, max-image-preview:large, max-video-preview:-1\" \/>\n<link rel=\"canonical\" href=\"https:\/\/www.copealcoy.es\/es\/polit-borras-cierra-tres-anos-al-frente-de-la-junta-de-fiestas-de-cocentaina\/\" \/>\n<meta property=\"og:locale\" content=\"es_ES\" \/>\n<meta property=\"og:type\" content=\"article\" \/>\n<meta property=\"og:title\" content=\"P\u00f2lit Borr\u00e0s cierra tres a\u00f1os al frente de la Junta de Fiestas de Cocentaina - COPE Alcoy\" \/>\n<meta property=\"og:description\" content=\"El Presidente de la Junta de Fiestas de Cocentaina, Hip\u00f2lit Borr\u00e0s i Mart\u00ednez, cierra una etapa que comenz\u00f3 a finales...\" \/>\n<meta property=\"og:url\" content=\"https:\/\/www.copealcoy.es\/es\/polit-borras-cierra-tres-anos-al-frente-de-la-junta-de-fiestas-de-cocentaina\/\" \/>\n<meta property=\"og:site_name\" content=\"COPE Alcoy\" \/>\n<meta property=\"article:published_time\" content=\"2019-08-03T18:02:58+00:00\" \/>\n<meta property=\"og:image\" content=\"https:\/\/www.copealcoy.es\/wp-content\/uploads\/2019\/08\/IMG_9834-2-1-scaled.jpg\" \/>\n\t<meta property=\"og:image:width\" content=\"2560\" \/>\n\t<meta property=\"og:image:height\" content=\"1599\" \/>\n\t<meta property=\"og:image:type\" content=\"image\/jpeg\" \/>\n<meta name=\"author\" content=\"Cope Alcoy\" \/>\n<meta name=\"twitter:label1\" content=\"Escrito por\" \/>\n\t<meta name=\"twitter:data1\" content=\"Cope Alcoy\" \/>\n\t<meta name=\"twitter:label2\" content=\"Tiempo de lectura\" \/>\n\t<meta name=\"twitter:data2\" content=\"4 minutos\" \/>\n<script type=\"application\/ld+json\" class=\"yoast-schema-graph\">{\"@context\":\"https:\\\/\\\/schema.org\",\"@graph\":[{\"@type\":\"Article\",\"@id\":\"https:\\\/\\\/www.copealcoy.es\\\/es\\\/polit-borras-cierra-tres-anos-al-frente-de-la-junta-de-fiestas-de-cocentaina\\\/#article\",\"isPartOf\":{\"@id\":\"https:\\\/\\\/www.copealcoy.es\\\/es\\\/polit-borras-cierra-tres-anos-al-frente-de-la-junta-de-fiestas-de-cocentaina\\\/\"},\"author\":{\"name\":\"Cope Alcoy\",\"@id\":\"https:\\\/\\\/www.copealcoy.es\\\/es\\\/#\\\/schema\\\/person\\\/e777c87fa024e57d40170af9df39882c\"},\"headline\":\"P\u00f2lit Borr\u00e0s cierra tres a\u00f1os al frente de la Junta de Fiestas de Cocentaina\",\"datePublished\":\"2019-08-03T18:02:58+00:00\",\"mainEntityOfPage\":{\"@id\":\"https:\\\/\\\/www.copealcoy.es\\\/es\\\/polit-borras-cierra-tres-anos-al-frente-de-la-junta-de-fiestas-de-cocentaina\\\/\"},\"wordCount\":736,\"commentCount\":0,\"image\":{\"@id\":\"https:\\\/\\\/www.copealcoy.es\\\/es\\\/polit-borras-cierra-tres-anos-al-frente-de-la-junta-de-fiestas-de-cocentaina\\\/#primaryimage\"},\"thumbnailUrl\":\"https:\\\/\\\/www.copealcoy.es\\\/wp-content\\\/uploads\\\/2019\\\/08\\\/IMG_9834-2-1-scaled.jpg\",\"keywords\":[\"Cocentaina\",\"Comtat\",\"Junta de Fiestas\",\"P\u00f2lit Borr\u00e0s\",\"presidencia\",\"tres a\u00f1os\"],\"articleSection\":[\"Comarcas\",\"Noticias\"],\"inLanguage\":\"es\"},{\"@type\":\"WebPage\",\"@id\":\"https:\\\/\\\/www.copealcoy.es\\\/es\\\/polit-borras-cierra-tres-anos-al-frente-de-la-junta-de-fiestas-de-cocentaina\\\/\",\"url\":\"https:\\\/\\\/www.copealcoy.es\\\/es\\\/polit-borras-cierra-tres-anos-al-frente-de-la-junta-de-fiestas-de-cocentaina\\\/\",\"name\":\"P\u00f2lit Borr\u00e0s cierra tres a\u00f1os al frente de la Junta de Fiestas de Cocentaina - COPE Alcoy\",\"isPartOf\":{\"@id\":\"https:\\\/\\\/www.copealcoy.es\\\/es\\\/#website\"},\"primaryImageOfPage\":{\"@id\":\"https:\\\/\\\/www.copealcoy.es\\\/es\\\/polit-borras-cierra-tres-anos-al-frente-de-la-junta-de-fiestas-de-cocentaina\\\/#primaryimage\"},\"image\":{\"@id\":\"https:\\\/\\\/www.copealcoy.es\\\/es\\\/polit-borras-cierra-tres-anos-al-frente-de-la-junta-de-fiestas-de-cocentaina\\\/#primaryimage\"},\"thumbnailUrl\":\"https:\\\/\\\/www.copealcoy.es\\\/wp-content\\\/uploads\\\/2019\\\/08\\\/IMG_9834-2-1-scaled.jpg\",\"datePublished\":\"2019-08-03T18:02:58+00:00\",\"author\":{\"@id\":\"https:\\\/\\\/www.copealcoy.es\\\/es\\\/#\\\/schema\\\/person\\\/e777c87fa024e57d40170af9df39882c\"},\"breadcrumb\":{\"@id\":\"https:\\\/\\\/www.copealcoy.es\\\/es\\\/polit-borras-cierra-tres-anos-al-frente-de-la-junta-de-fiestas-de-cocentaina\\\/#breadcrumb\"},\"inLanguage\":\"es\",\"potentialAction\":[{\"@type\":\"ReadAction\",\"target\":[\"https:\\\/\\\/www.copealcoy.es\\\/es\\\/polit-borras-cierra-tres-anos-al-frente-de-la-junta-de-fiestas-de-cocentaina\\\/\"]}]},{\"@type\":\"ImageObject\",\"inLanguage\":\"es\",\"@id\":\"https:\\\/\\\/www.copealcoy.es\\\/es\\\/polit-borras-cierra-tres-anos-al-frente-de-la-junta-de-fiestas-de-cocentaina\\\/#primaryimage\",\"url\":\"https:\\\/\\\/www.copealcoy.es\\\/wp-content\\\/uploads\\\/2019\\\/08\\\/IMG_9834-2-1-scaled.jpg\",\"contentUrl\":\"https:\\\/\\\/www.copealcoy.es\\\/wp-content\\\/uploads\\\/2019\\\/08\\\/IMG_9834-2-1-scaled.jpg\",\"width\":2560,\"height\":1599,\"caption\":\"Hip\u00f2lit Borr\u00e0s en su entrevista en #LaMa\u00f1anaEnAlcoy\"},{\"@type\":\"BreadcrumbList\",\"@id\":\"https:\\\/\\\/www.copealcoy.es\\\/es\\\/polit-borras-cierra-tres-anos-al-frente-de-la-junta-de-fiestas-de-cocentaina\\\/#breadcrumb\",\"itemListElement\":[{\"@type\":\"ListItem\",\"position\":1,\"name\":\"Portada\",\"item\":\"https:\\\/\\\/www.copealcoy.es\\\/es\\\/\"},{\"@type\":\"ListItem\",\"position\":2,\"name\":\"P\u00f2lit Borr\u00e0s cierra tres a\u00f1os al frente de la Junta de Fiestas de Cocentaina\"}]},{\"@type\":\"WebSite\",\"@id\":\"https:\\\/\\\/www.copealcoy.es\\\/es\\\/#website\",\"url\":\"https:\\\/\\\/www.copealcoy.es\\\/es\\\/\",\"name\":\"COPE Alcoy\",\"description\":\"Emisora COPE de radio local con emisi\u00f3n online. Pont de Sant Jordi 8-10 03803 Alcoy\",\"potentialAction\":[{\"@type\":\"SearchAction\",\"target\":{\"@type\":\"EntryPoint\",\"urlTemplate\":\"https:\\\/\\\/www.copealcoy.es\\\/es\\\/?s={search_term_string}\"},\"query-input\":{\"@type\":\"PropertyValueSpecification\",\"valueRequired\":true,\"valueName\":\"search_term_string\"}}],\"inLanguage\":\"es\"},{\"@type\":\"Person\",\"@id\":\"https:\\\/\\\/www.copealcoy.es\\\/es\\\/#\\\/schema\\\/person\\\/e777c87fa024e57d40170af9df39882c\",\"name\":\"Cope Alcoy\",\"image\":{\"@type\":\"ImageObject\",\"inLanguage\":\"es\",\"@id\":\"https:\\\/\\\/secure.gravatar.com\\\/avatar\\\/bb65d0283347e303893ba14f0692005417c1e0e690a325a4c5d8bb2b3943ee14?s=96&d=mm&r=g\",\"url\":\"https:\\\/\\\/secure.gravatar.com\\\/avatar\\\/bb65d0283347e303893ba14f0692005417c1e0e690a325a4c5d8bb2b3943ee14?s=96&d=mm&r=g\",\"contentUrl\":\"https:\\\/\\\/secure.gravatar.com\\\/avatar\\\/bb65d0283347e303893ba14f0692005417c1e0e690a325a4c5d8bb2b3943ee14?s=96&d=mm&r=g\",\"caption\":\"Cope Alcoy\"}}]}<\/script>\n<!-- \/ Yoast SEO plugin. -->","yoast_head_json":{"title":"P\u00f2lit Borr\u00e0s cierra tres a\u00f1os al frente de la Junta de Fiestas de Cocentaina - COPE Alcoy","robots":{"index":"index","follow":"follow","max-snippet":"max-snippet:-1","max-image-preview":"max-image-preview:large","max-video-preview":"max-video-preview:-1"},"canonical":"https:\/\/www.copealcoy.es\/es\/polit-borras-cierra-tres-anos-al-frente-de-la-junta-de-fiestas-de-cocentaina\/","og_locale":"es_ES","og_type":"article","og_title":"P\u00f2lit Borr\u00e0s cierra tres a\u00f1os al frente de la Junta de Fiestas de Cocentaina - COPE Alcoy","og_description":"El Presidente de la Junta de Fiestas de Cocentaina, Hip\u00f2lit Borr\u00e0s i Mart\u00ednez, cierra una etapa que comenz\u00f3 a finales...","og_url":"https:\/\/www.copealcoy.es\/es\/polit-borras-cierra-tres-anos-al-frente-de-la-junta-de-fiestas-de-cocentaina\/","og_site_name":"COPE Alcoy","article_published_time":"2019-08-03T18:02:58+00:00","og_image":[{"width":2560,"height":1599,"url":"https:\/\/www.copealcoy.es\/wp-content\/uploads\/2019\/08\/IMG_9834-2-1-scaled.jpg","type":"image\/jpeg"}],"author":"Cope Alcoy","twitter_misc":{"Escrito por":"Cope Alcoy","Tiempo de lectura":"4 minutos"},"schema":{"@context":"https:\/\/schema.org","@graph":[{"@type":"Article","@id":"https:\/\/www.copealcoy.es\/es\/polit-borras-cierra-tres-anos-al-frente-de-la-junta-de-fiestas-de-cocentaina\/#article","isPartOf":{"@id":"https:\/\/www.copealcoy.es\/es\/polit-borras-cierra-tres-anos-al-frente-de-la-junta-de-fiestas-de-cocentaina\/"},"author":{"name":"Cope Alcoy","@id":"https:\/\/www.copealcoy.es\/es\/#\/schema\/person\/e777c87fa024e57d40170af9df39882c"},"headline":"P\u00f2lit Borr\u00e0s cierra tres a\u00f1os al frente de la Junta de Fiestas de Cocentaina","datePublished":"2019-08-03T18:02:58+00:00","mainEntityOfPage":{"@id":"https:\/\/www.copealcoy.es\/es\/polit-borras-cierra-tres-anos-al-frente-de-la-junta-de-fiestas-de-cocentaina\/"},"wordCount":736,"commentCount":0,"image":{"@id":"https:\/\/www.copealcoy.es\/es\/polit-borras-cierra-tres-anos-al-frente-de-la-junta-de-fiestas-de-cocentaina\/#primaryimage"},"thumbnailUrl":"https:\/\/www.copealcoy.es\/wp-content\/uploads\/2019\/08\/IMG_9834-2-1-scaled.jpg","keywords":["Cocentaina","Comtat","Junta de Fiestas","P\u00f2lit Borr\u00e0s","presidencia","tres a\u00f1os"],"articleSection":["Comarcas","Noticias"],"inLanguage":"es"},{"@type":"WebPage","@id":"https:\/\/www.copealcoy.es\/es\/polit-borras-cierra-tres-anos-al-frente-de-la-junta-de-fiestas-de-cocentaina\/","url":"https:\/\/www.copealcoy.es\/es\/polit-borras-cierra-tres-anos-al-frente-de-la-junta-de-fiestas-de-cocentaina\/","name":"P\u00f2lit Borr\u00e0s cierra tres a\u00f1os al frente de la Junta de Fiestas de Cocentaina - COPE Alcoy","isPartOf":{"@id":"https:\/\/www.copealcoy.es\/es\/#website"},"primaryImageOfPage":{"@id":"https:\/\/www.copealcoy.es\/es\/polit-borras-cierra-tres-anos-al-frente-de-la-junta-de-fiestas-de-cocentaina\/#primaryimage"},"image":{"@id":"https:\/\/www.copealcoy.es\/es\/polit-borras-cierra-tres-anos-al-frente-de-la-junta-de-fiestas-de-cocentaina\/#primaryimage"},"thumbnailUrl":"https:\/\/www.copealcoy.es\/wp-content\/uploads\/2019\/08\/IMG_9834-2-1-scaled.jpg","datePublished":"2019-08-03T18:02:58+00:00","author":{"@id":"https:\/\/www.copealcoy.es\/es\/#\/schema\/person\/e777c87fa024e57d40170af9df39882c"},"breadcrumb":{"@id":"https:\/\/www.copealcoy.es\/es\/polit-borras-cierra-tres-anos-al-frente-de-la-junta-de-fiestas-de-cocentaina\/#breadcrumb"},"inLanguage":"es","potentialAction":[{"@type":"ReadAction","target":["https:\/\/www.copealcoy.es\/es\/polit-borras-cierra-tres-anos-al-frente-de-la-junta-de-fiestas-de-cocentaina\/"]}]},{"@type":"ImageObject","inLanguage":"es","@id":"https:\/\/www.copealcoy.es\/es\/polit-borras-cierra-tres-anos-al-frente-de-la-junta-de-fiestas-de-cocentaina\/#primaryimage","url":"https:\/\/www.copealcoy.es\/wp-content\/uploads\/2019\/08\/IMG_9834-2-1-scaled.jpg","contentUrl":"https:\/\/www.copealcoy.es\/wp-content\/uploads\/2019\/08\/IMG_9834-2-1-scaled.jpg","width":2560,"height":1599,"caption":"Hip\u00f2lit Borr\u00e0s en su entrevista en #LaMa\u00f1anaEnAlcoy"},{"@type":"BreadcrumbList","@id":"https:\/\/www.copealcoy.es\/es\/polit-borras-cierra-tres-anos-al-frente-de-la-junta-de-fiestas-de-cocentaina\/#breadcrumb","itemListElement":[{"@type":"ListItem","position":1,"name":"Portada","item":"https:\/\/www.copealcoy.es\/es\/"},{"@type":"ListItem","position":2,"name":"P\u00f2lit Borr\u00e0s cierra tres a\u00f1os al frente de la Junta de Fiestas de Cocentaina"}]},{"@type":"WebSite","@id":"https:\/\/www.copealcoy.es\/es\/#website","url":"https:\/\/www.copealcoy.es\/es\/","name":"COPE Alcoy","description":"Emisora COPE de radio local con emisi\u00f3n online. Pont de Sant Jordi 8-10 03803 Alcoy","potentialAction":[{"@type":"SearchAction","target":{"@type":"EntryPoint","urlTemplate":"https:\/\/www.copealcoy.es\/es\/?s={search_term_string}"},"query-input":{"@type":"PropertyValueSpecification","valueRequired":true,"valueName":"search_term_string"}}],"inLanguage":"es"},{"@type":"Person","@id":"https:\/\/www.copealcoy.es\/es\/#\/schema\/person\/e777c87fa024e57d40170af9df39882c","name":"Cope Alcoy","image":{"@type":"ImageObject","inLanguage":"es","@id":"https:\/\/secure.gravatar.com\/avatar\/bb65d0283347e303893ba14f0692005417c1e0e690a325a4c5d8bb2b3943ee14?s=96&d=mm&r=g","url":"https:\/\/secure.gravatar.com\/avatar\/bb65d0283347e303893ba14f0692005417c1e0e690a325a4c5d8bb2b3943ee14?s=96&d=mm&r=g","contentUrl":"https:\/\/secure.gravatar.com\/avatar\/bb65d0283347e303893ba14f0692005417c1e0e690a325a4c5d8bb2b3943ee14?s=96&d=mm&r=g","caption":"Cope Alcoy"}}]}},"_links":{"self":[{"href":"https:\/\/www.copealcoy.es\/es\/wp-json\/wp\/v2\/posts\/53951","targetHints":{"allow":["GET"]}}],"collection":[{"href":"https:\/\/www.copealcoy.es\/es\/wp-json\/wp\/v2\/posts"}],"about":[{"href":"https:\/\/www.copealcoy.es\/es\/wp-json\/wp\/v2\/types\/post"}],"author":[{"embeddable":true,"href":"https:\/\/www.copealcoy.es\/es\/wp-json\/wp\/v2\/users\/1"}],"replies":[{"embeddable":true,"href":"https:\/\/www.copealcoy.es\/es\/wp-json\/wp\/v2\/comments?post=53951"}],"version-history":[{"count":0,"href":"https:\/\/www.copealcoy.es\/es\/wp-json\/wp\/v2\/posts\/53951\/revisions"}],"wp:featuredmedia":[{"embeddable":true,"href":"https:\/\/www.copealcoy.es\/es\/wp-json\/wp\/v2\/media\/53954"}],"wp:attachment":[{"href":"https:\/\/www.copealcoy.es\/es\/wp-json\/wp\/v2\/media?parent=53951"}],"wp:term":[{"taxonomy":"category","embeddable":true,"href":"https:\/\/www.copealcoy.es\/es\/wp-json\/wp\/v2\/categories?post=53951"},{"taxonomy":"post_tag","embeddable":true,"href":"https:\/\/www.copealcoy.es\/es\/wp-json\/wp\/v2\/tags?post=53951"}],"curies":[{"name":"wp","href":"https:\/\/api.w.org\/{rel}","templated":true}]}}