{"id":53868,"date":"2019-08-02T20:39:12","date_gmt":"2019-08-02T20:39:12","guid":{"rendered":"https:\/\/copealcoi.es\/?p=53868"},"modified":"2019-08-02T20:39:12","modified_gmt":"2019-08-02T20:39:12","slug":"cocentaina-abre-la-semana-festera-con-els-comptes","status":"publish","type":"post","link":"https:\/\/www.copealcoy.es\/es\/cocentaina-abre-la-semana-festera-con-els-comptes\/","title":{"rendered":"Cocentaina abre la Semana Festera con &#8216;Els Comptes&#8217;"},"content":{"rendered":"<p style=\"text-align: justify;\">Cocentaina inicia este s\u00e1bado <strong>la Semana Festera\u00a0<\/strong>y lo hace, como es habitual cada a\u00f1o, con la celebraci\u00f3n del conocido como <strong>d\u00eda de \u2018Els Comptes\u2019<\/strong>; una jornada en la que los festeros acuden a las sedes de sus respectivas Filaes para <strong>abonar todos los gastos correspondientes a las Fiestas de Moros y Cristianos\u00a0<\/strong>que est\u00e1n a punto de comenzar.\u00a0 La actividad incluye <strong>iniciar los preparativos para la trilog\u00eda <\/strong>al mismo tiempo que hay espacio para degustar un buen almuerzo o una comida al mediod\u00eda antes de que por la noche se celebren <strong>cenas de hermandad en cada Fil\u00e0\u00a0<\/strong>amenizadas por la m\u00fasica festera que interpretan las respectivas bandas de m\u00fasica de las diferentes formaciones. El d\u00eda de \u2018Els Comptes\u2019 terminar\u00e1 con <strong>las \u2018Voltetes\u2019\u00a0<\/strong>por el Passeig del Comtat y seg\u00fan figura en el calendario oficial <strong>desfilar\u00e1n a partir de las 23:00h<\/strong>las Filaes Kabile\u00f1os, Mulad\u00eds, Cavallers de Ll\u00faria, Contestanos, Maseros, Almog\u00e0vers, Gentils, Creuats, Contrabandistas, Cavaller\u00eda Ministerial, Bereberes \u2018Els Borts\u2019, Manta Roja, Bequeteros, Mud\u00e9jares y Guardia Jalifiana \u2018Sahorins\u2019. Por \u00faltimo <strong>la Llana<\/strong>, que mantiene la tradici\u00f3n de celebrar \u2018Els Comptes\u2019 en domingo, <strong>desfilar\u00e1 el d\u00eda 4 de agosto <\/strong>a partir de las 23:30h.<\/p>\n<p style=\"text-align: justify;\">Los <strong>actos religiosos\u00a0<\/strong>en honor a San Hip\u00f3lito M\u00e1rtir tambi\u00e9n cobran especial protagonismo estos d\u00edas y esta tarde <strong>concluir\u00e1 el Octavario\u00a0<\/strong>dedicado al patr\u00f3n, que se ha celebrado en la iglesia de Santa Mar\u00eda desde el pasado 26 de julio, y en el que se ha recordado a <strong>los festeros difuntos\u00a0<\/strong>de todas las filaes. Adem\u00e1s ayer fueron presentados al santo <strong>los reci\u00e9n nacidos\u00a0<\/strong>y se <strong>eligieron los mayorales y las mayoralas\u00a0<\/strong>de San Hip\u00f3lito del pr\u00f3ximo a\u00f1o 2020. El Octavario acabar\u00e1 en el <strong>Convento de los Padres Franciscanos<\/strong>, a partir de las 19:45h de la tarde, al celebrarse hoy la festividad de Nuestra Se\u00f1ora de los \u00c1ngeles; patrona de la Orden Franciscana. Asimismo el jueves 8 de agosto, a partir de las 19:30h, se celebrar\u00e1 <strong>una misa solemne\u00a0<\/strong>en <strong>la iglesia del Salvador\u00a0<\/strong>en la que se impondr\u00e1n las medallas del patr\u00f3n a los cargos festeros de este a\u00f1o antes de iniciarse el <strong>traslado de la imagen peque\u00f1a\u00a0<\/strong>del mismo, conocida como\u00a0 el \u2018Sant Hip\u00f2lit del Raval\u2019; hasta el Monasterio de la Mare de D\u00e9u del Miracle para que as\u00ed los dos patronos <strong>presidan el acto de Acci\u00f3n de Gracias\u00a0<\/strong>que tiene lugar al finalizar el Alardo.<\/p>\n<p style=\"text-align: justify;\">La m\u00fasica festera ser\u00e1 de nuevo protagonista en los d\u00edas anteriores a la trilog\u00eda y el domingo, a las 21:00h, podremos disfrutar del <strong>XVI concierto de la Colla de Dol\u00e7aines i Tabals Mal Passet<\/strong>, el lunes el <strong>Ateneu Musical Contest\u00e0\u00a0<\/strong>presentar\u00e1 su XXXIV concierto dedicado a las Fiestas de Moros y Cristianos y el jueves ser\u00e1 la <strong>Uni\u00f3n Musical Contestana\u00a0<\/strong>la que cerrar\u00e1 la Semana Festera con el XLVII Concierto de Fiestas. Al margen de esto el martes por la tarde ser\u00e1 <strong>la \u2018Volteta dels Xiquets\u2019<\/strong>, tras la merienda y los juegos que se realizar\u00e1n en El Pla, al igual que habr\u00e1 <strong>\u2018Voltetes\u2019\u00a0<\/strong>por el Passeig del Comtat en las noches del mismo martes y el mi\u00e9rcoles.<\/p>\n<p style=\"text-align: justify;\">La programaci\u00f3n de la Semana Festera ha incluido actividades que ya se han realizado como el <strong>XLVIII Trofeo San Hip\u00f3lito de Ciclismo<\/strong>, en categor\u00eda Cadete y J\u00fanior, que se disput\u00f3 el pasado domingo 28 de julio. En la misma jornada, por la noche, <strong>Tel\u00f3 Teatre\u00a0<\/strong>registr\u00f3 lleno absoluto en el patio de armas del Palau Comtal con la puesta en escena de su obra de verano\u00a0<strong>titulada \u2018Un pr\u00e9stamo\u2026es un pr\u00e9stamo\u2019\u00a0<\/strong>bajo la direcci\u00f3n de Marga Reche y Jos\u00e9 Miguel L\u00f3pez.<\/p>\n","protected":false},"excerpt":{"rendered":"<p>Cocentaina inicia este s\u00e1bado la Semana Festera\u00a0y lo hace, como es habitual cada a\u00f1o, con la celebraci\u00f3n del conocido como&#8230;<\/p>\n","protected":false},"author":1,"featured_media":53869,"comment_status":"open","ping_status":"open","sticky":false,"template":"","format":"standard","meta":{"footnotes":""},"categories":[98,75],"tags":[132,2725,609,4488,1293],"class_list":["post-53868","post","type-post","status-publish","format-standard","has-post-thumbnail","hentry","category-comarcas","category-noticias","tag-cocentaina","tag-els-comptes","tag-moros-y-cristianos","tag-san-hipolito-martir","tag-semana-festera"],"yoast_head":"<!-- This site is optimized with the Yoast SEO plugin v27.3 - https:\/\/yoast.com\/product\/yoast-seo-wordpress\/ -->\n<title>Cocentaina abre la Semana Festera con &#039;Els Comptes&#039; - COPE Alcoy<\/title>\n<meta name=\"robots\" content=\"index, follow, max-snippet:-1, max-image-preview:large, max-video-preview:-1\" \/>\n<link rel=\"canonical\" href=\"https:\/\/www.copealcoy.es\/es\/cocentaina-abre-la-semana-festera-con-els-comptes\/\" \/>\n<meta property=\"og:locale\" content=\"es_ES\" \/>\n<meta property=\"og:type\" content=\"article\" \/>\n<meta property=\"og:title\" content=\"Cocentaina abre la Semana Festera con &#039;Els Comptes&#039; - COPE Alcoy\" \/>\n<meta property=\"og:description\" content=\"Cocentaina inicia este s\u00e1bado la Semana Festera\u00a0y lo hace, como es habitual cada a\u00f1o, con la celebraci\u00f3n del conocido como...\" \/>\n<meta property=\"og:url\" content=\"https:\/\/www.copealcoy.es\/es\/cocentaina-abre-la-semana-festera-con-els-comptes\/\" \/>\n<meta property=\"og:site_name\" content=\"COPE Alcoy\" \/>\n<meta property=\"article:published_time\" content=\"2019-08-02T20:39:12+00:00\" \/>\n<meta property=\"og:image\" content=\"https:\/\/www.copealcoy.es\/wp-content\/uploads\/2019\/08\/Imatge-de-les-Voltetes-pel-Passeig-del-Comtat-de-Cocentaina-1.jpg\" \/>\n\t<meta property=\"og:image:width\" content=\"960\" \/>\n\t<meta property=\"og:image:height\" content=\"466\" \/>\n\t<meta property=\"og:image:type\" content=\"image\/jpeg\" \/>\n<meta name=\"author\" content=\"Cope Alcoy\" \/>\n<meta name=\"twitter:label1\" content=\"Escrito por\" \/>\n\t<meta name=\"twitter:data1\" content=\"Cope Alcoy\" \/>\n\t<meta name=\"twitter:label2\" content=\"Tiempo de lectura\" \/>\n\t<meta name=\"twitter:data2\" content=\"3 minutos\" \/>\n<script type=\"application\/ld+json\" class=\"yoast-schema-graph\">{\"@context\":\"https:\\\/\\\/schema.org\",\"@graph\":[{\"@type\":\"Article\",\"@id\":\"https:\\\/\\\/www.copealcoy.es\\\/es\\\/cocentaina-abre-la-semana-festera-con-els-comptes\\\/#article\",\"isPartOf\":{\"@id\":\"https:\\\/\\\/www.copealcoy.es\\\/es\\\/cocentaina-abre-la-semana-festera-con-els-comptes\\\/\"},\"author\":{\"name\":\"Cope Alcoy\",\"@id\":\"https:\\\/\\\/www.copealcoy.es\\\/es\\\/#\\\/schema\\\/person\\\/e777c87fa024e57d40170af9df39882c\"},\"headline\":\"Cocentaina abre la Semana Festera con &#8216;Els Comptes&#8217;\",\"datePublished\":\"2019-08-02T20:39:12+00:00\",\"mainEntityOfPage\":{\"@id\":\"https:\\\/\\\/www.copealcoy.es\\\/es\\\/cocentaina-abre-la-semana-festera-con-els-comptes\\\/\"},\"wordCount\":645,\"commentCount\":0,\"image\":{\"@id\":\"https:\\\/\\\/www.copealcoy.es\\\/es\\\/cocentaina-abre-la-semana-festera-con-els-comptes\\\/#primaryimage\"},\"thumbnailUrl\":\"https:\\\/\\\/www.copealcoy.es\\\/wp-content\\\/uploads\\\/2019\\\/08\\\/Imatge-de-les-Voltetes-pel-Passeig-del-Comtat-de-Cocentaina-1.jpg\",\"keywords\":[\"Cocentaina\",\"Els Comptes\",\"Moros Y Cristianos\",\"San Hip\u00f3lito M\u00e1rtir\",\"Semana Festera\"],\"articleSection\":[\"Comarcas\",\"Noticias\"],\"inLanguage\":\"es\"},{\"@type\":\"WebPage\",\"@id\":\"https:\\\/\\\/www.copealcoy.es\\\/es\\\/cocentaina-abre-la-semana-festera-con-els-comptes\\\/\",\"url\":\"https:\\\/\\\/www.copealcoy.es\\\/es\\\/cocentaina-abre-la-semana-festera-con-els-comptes\\\/\",\"name\":\"Cocentaina abre la Semana Festera con 'Els Comptes' - COPE Alcoy\",\"isPartOf\":{\"@id\":\"https:\\\/\\\/www.copealcoy.es\\\/es\\\/#website\"},\"primaryImageOfPage\":{\"@id\":\"https:\\\/\\\/www.copealcoy.es\\\/es\\\/cocentaina-abre-la-semana-festera-con-els-comptes\\\/#primaryimage\"},\"image\":{\"@id\":\"https:\\\/\\\/www.copealcoy.es\\\/es\\\/cocentaina-abre-la-semana-festera-con-els-comptes\\\/#primaryimage\"},\"thumbnailUrl\":\"https:\\\/\\\/www.copealcoy.es\\\/wp-content\\\/uploads\\\/2019\\\/08\\\/Imatge-de-les-Voltetes-pel-Passeig-del-Comtat-de-Cocentaina-1.jpg\",\"datePublished\":\"2019-08-02T20:39:12+00:00\",\"author\":{\"@id\":\"https:\\\/\\\/www.copealcoy.es\\\/es\\\/#\\\/schema\\\/person\\\/e777c87fa024e57d40170af9df39882c\"},\"breadcrumb\":{\"@id\":\"https:\\\/\\\/www.copealcoy.es\\\/es\\\/cocentaina-abre-la-semana-festera-con-els-comptes\\\/#breadcrumb\"},\"inLanguage\":\"es\",\"potentialAction\":[{\"@type\":\"ReadAction\",\"target\":[\"https:\\\/\\\/www.copealcoy.es\\\/es\\\/cocentaina-abre-la-semana-festera-con-els-comptes\\\/\"]}]},{\"@type\":\"ImageObject\",\"inLanguage\":\"es\",\"@id\":\"https:\\\/\\\/www.copealcoy.es\\\/es\\\/cocentaina-abre-la-semana-festera-con-els-comptes\\\/#primaryimage\",\"url\":\"https:\\\/\\\/www.copealcoy.es\\\/wp-content\\\/uploads\\\/2019\\\/08\\\/Imatge-de-les-Voltetes-pel-Passeig-del-Comtat-de-Cocentaina-1.jpg\",\"contentUrl\":\"https:\\\/\\\/www.copealcoy.es\\\/wp-content\\\/uploads\\\/2019\\\/08\\\/Imatge-de-les-Voltetes-pel-Passeig-del-Comtat-de-Cocentaina-1.jpg\",\"width\":960,\"height\":466,\"caption\":\"Las 'Voltetes' ser\u00e1n las protagonistas del fin de semana en la Villa Condal\"},{\"@type\":\"BreadcrumbList\",\"@id\":\"https:\\\/\\\/www.copealcoy.es\\\/es\\\/cocentaina-abre-la-semana-festera-con-els-comptes\\\/#breadcrumb\",\"itemListElement\":[{\"@type\":\"ListItem\",\"position\":1,\"name\":\"Portada\",\"item\":\"https:\\\/\\\/www.copealcoy.es\\\/es\\\/\"},{\"@type\":\"ListItem\",\"position\":2,\"name\":\"Cocentaina abre la Semana Festera con &#8216;Els Comptes&#8217;\"}]},{\"@type\":\"WebSite\",\"@id\":\"https:\\\/\\\/www.copealcoy.es\\\/es\\\/#website\",\"url\":\"https:\\\/\\\/www.copealcoy.es\\\/es\\\/\",\"name\":\"COPE Alcoy\",\"description\":\"Emisora COPE de radio local con emisi\u00f3n online. Pont de Sant Jordi 8-10 03803 Alcoy\",\"potentialAction\":[{\"@type\":\"SearchAction\",\"target\":{\"@type\":\"EntryPoint\",\"urlTemplate\":\"https:\\\/\\\/www.copealcoy.es\\\/es\\\/?s={search_term_string}\"},\"query-input\":{\"@type\":\"PropertyValueSpecification\",\"valueRequired\":true,\"valueName\":\"search_term_string\"}}],\"inLanguage\":\"es\"},{\"@type\":\"Person\",\"@id\":\"https:\\\/\\\/www.copealcoy.es\\\/es\\\/#\\\/schema\\\/person\\\/e777c87fa024e57d40170af9df39882c\",\"name\":\"Cope Alcoy\",\"image\":{\"@type\":\"ImageObject\",\"inLanguage\":\"es\",\"@id\":\"https:\\\/\\\/secure.gravatar.com\\\/avatar\\\/bb65d0283347e303893ba14f0692005417c1e0e690a325a4c5d8bb2b3943ee14?s=96&d=mm&r=g\",\"url\":\"https:\\\/\\\/secure.gravatar.com\\\/avatar\\\/bb65d0283347e303893ba14f0692005417c1e0e690a325a4c5d8bb2b3943ee14?s=96&d=mm&r=g\",\"contentUrl\":\"https:\\\/\\\/secure.gravatar.com\\\/avatar\\\/bb65d0283347e303893ba14f0692005417c1e0e690a325a4c5d8bb2b3943ee14?s=96&d=mm&r=g\",\"caption\":\"Cope Alcoy\"}}]}<\/script>\n<!-- \/ Yoast SEO plugin. -->","yoast_head_json":{"title":"Cocentaina abre la Semana Festera con 'Els Comptes' - COPE Alcoy","robots":{"index":"index","follow":"follow","max-snippet":"max-snippet:-1","max-image-preview":"max-image-preview:large","max-video-preview":"max-video-preview:-1"},"canonical":"https:\/\/www.copealcoy.es\/es\/cocentaina-abre-la-semana-festera-con-els-comptes\/","og_locale":"es_ES","og_type":"article","og_title":"Cocentaina abre la Semana Festera con 'Els Comptes' - COPE Alcoy","og_description":"Cocentaina inicia este s\u00e1bado la Semana Festera\u00a0y lo hace, como es habitual cada a\u00f1o, con la celebraci\u00f3n del conocido como...","og_url":"https:\/\/www.copealcoy.es\/es\/cocentaina-abre-la-semana-festera-con-els-comptes\/","og_site_name":"COPE Alcoy","article_published_time":"2019-08-02T20:39:12+00:00","og_image":[{"width":960,"height":466,"url":"https:\/\/www.copealcoy.es\/wp-content\/uploads\/2019\/08\/Imatge-de-les-Voltetes-pel-Passeig-del-Comtat-de-Cocentaina-1.jpg","type":"image\/jpeg"}],"author":"Cope Alcoy","twitter_misc":{"Escrito por":"Cope Alcoy","Tiempo de lectura":"3 minutos"},"schema":{"@context":"https:\/\/schema.org","@graph":[{"@type":"Article","@id":"https:\/\/www.copealcoy.es\/es\/cocentaina-abre-la-semana-festera-con-els-comptes\/#article","isPartOf":{"@id":"https:\/\/www.copealcoy.es\/es\/cocentaina-abre-la-semana-festera-con-els-comptes\/"},"author":{"name":"Cope Alcoy","@id":"https:\/\/www.copealcoy.es\/es\/#\/schema\/person\/e777c87fa024e57d40170af9df39882c"},"headline":"Cocentaina abre la Semana Festera con &#8216;Els Comptes&#8217;","datePublished":"2019-08-02T20:39:12+00:00","mainEntityOfPage":{"@id":"https:\/\/www.copealcoy.es\/es\/cocentaina-abre-la-semana-festera-con-els-comptes\/"},"wordCount":645,"commentCount":0,"image":{"@id":"https:\/\/www.copealcoy.es\/es\/cocentaina-abre-la-semana-festera-con-els-comptes\/#primaryimage"},"thumbnailUrl":"https:\/\/www.copealcoy.es\/wp-content\/uploads\/2019\/08\/Imatge-de-les-Voltetes-pel-Passeig-del-Comtat-de-Cocentaina-1.jpg","keywords":["Cocentaina","Els Comptes","Moros Y Cristianos","San Hip\u00f3lito M\u00e1rtir","Semana Festera"],"articleSection":["Comarcas","Noticias"],"inLanguage":"es"},{"@type":"WebPage","@id":"https:\/\/www.copealcoy.es\/es\/cocentaina-abre-la-semana-festera-con-els-comptes\/","url":"https:\/\/www.copealcoy.es\/es\/cocentaina-abre-la-semana-festera-con-els-comptes\/","name":"Cocentaina abre la Semana Festera con 'Els Comptes' - COPE Alcoy","isPartOf":{"@id":"https:\/\/www.copealcoy.es\/es\/#website"},"primaryImageOfPage":{"@id":"https:\/\/www.copealcoy.es\/es\/cocentaina-abre-la-semana-festera-con-els-comptes\/#primaryimage"},"image":{"@id":"https:\/\/www.copealcoy.es\/es\/cocentaina-abre-la-semana-festera-con-els-comptes\/#primaryimage"},"thumbnailUrl":"https:\/\/www.copealcoy.es\/wp-content\/uploads\/2019\/08\/Imatge-de-les-Voltetes-pel-Passeig-del-Comtat-de-Cocentaina-1.jpg","datePublished":"2019-08-02T20:39:12+00:00","author":{"@id":"https:\/\/www.copealcoy.es\/es\/#\/schema\/person\/e777c87fa024e57d40170af9df39882c"},"breadcrumb":{"@id":"https:\/\/www.copealcoy.es\/es\/cocentaina-abre-la-semana-festera-con-els-comptes\/#breadcrumb"},"inLanguage":"es","potentialAction":[{"@type":"ReadAction","target":["https:\/\/www.copealcoy.es\/es\/cocentaina-abre-la-semana-festera-con-els-comptes\/"]}]},{"@type":"ImageObject","inLanguage":"es","@id":"https:\/\/www.copealcoy.es\/es\/cocentaina-abre-la-semana-festera-con-els-comptes\/#primaryimage","url":"https:\/\/www.copealcoy.es\/wp-content\/uploads\/2019\/08\/Imatge-de-les-Voltetes-pel-Passeig-del-Comtat-de-Cocentaina-1.jpg","contentUrl":"https:\/\/www.copealcoy.es\/wp-content\/uploads\/2019\/08\/Imatge-de-les-Voltetes-pel-Passeig-del-Comtat-de-Cocentaina-1.jpg","width":960,"height":466,"caption":"Las 'Voltetes' ser\u00e1n las protagonistas del fin de semana en la Villa Condal"},{"@type":"BreadcrumbList","@id":"https:\/\/www.copealcoy.es\/es\/cocentaina-abre-la-semana-festera-con-els-comptes\/#breadcrumb","itemListElement":[{"@type":"ListItem","position":1,"name":"Portada","item":"https:\/\/www.copealcoy.es\/es\/"},{"@type":"ListItem","position":2,"name":"Cocentaina abre la Semana Festera con &#8216;Els Comptes&#8217;"}]},{"@type":"WebSite","@id":"https:\/\/www.copealcoy.es\/es\/#website","url":"https:\/\/www.copealcoy.es\/es\/","name":"COPE Alcoy","description":"Emisora COPE de radio local con emisi\u00f3n online. Pont de Sant Jordi 8-10 03803 Alcoy","potentialAction":[{"@type":"SearchAction","target":{"@type":"EntryPoint","urlTemplate":"https:\/\/www.copealcoy.es\/es\/?s={search_term_string}"},"query-input":{"@type":"PropertyValueSpecification","valueRequired":true,"valueName":"search_term_string"}}],"inLanguage":"es"},{"@type":"Person","@id":"https:\/\/www.copealcoy.es\/es\/#\/schema\/person\/e777c87fa024e57d40170af9df39882c","name":"Cope Alcoy","image":{"@type":"ImageObject","inLanguage":"es","@id":"https:\/\/secure.gravatar.com\/avatar\/bb65d0283347e303893ba14f0692005417c1e0e690a325a4c5d8bb2b3943ee14?s=96&d=mm&r=g","url":"https:\/\/secure.gravatar.com\/avatar\/bb65d0283347e303893ba14f0692005417c1e0e690a325a4c5d8bb2b3943ee14?s=96&d=mm&r=g","contentUrl":"https:\/\/secure.gravatar.com\/avatar\/bb65d0283347e303893ba14f0692005417c1e0e690a325a4c5d8bb2b3943ee14?s=96&d=mm&r=g","caption":"Cope Alcoy"}}]}},"_links":{"self":[{"href":"https:\/\/www.copealcoy.es\/es\/wp-json\/wp\/v2\/posts\/53868","targetHints":{"allow":["GET"]}}],"collection":[{"href":"https:\/\/www.copealcoy.es\/es\/wp-json\/wp\/v2\/posts"}],"about":[{"href":"https:\/\/www.copealcoy.es\/es\/wp-json\/wp\/v2\/types\/post"}],"author":[{"embeddable":true,"href":"https:\/\/www.copealcoy.es\/es\/wp-json\/wp\/v2\/users\/1"}],"replies":[{"embeddable":true,"href":"https:\/\/www.copealcoy.es\/es\/wp-json\/wp\/v2\/comments?post=53868"}],"version-history":[{"count":0,"href":"https:\/\/www.copealcoy.es\/es\/wp-json\/wp\/v2\/posts\/53868\/revisions"}],"wp:featuredmedia":[{"embeddable":true,"href":"https:\/\/www.copealcoy.es\/es\/wp-json\/wp\/v2\/media\/53869"}],"wp:attachment":[{"href":"https:\/\/www.copealcoy.es\/es\/wp-json\/wp\/v2\/media?parent=53868"}],"wp:term":[{"taxonomy":"category","embeddable":true,"href":"https:\/\/www.copealcoy.es\/es\/wp-json\/wp\/v2\/categories?post=53868"},{"taxonomy":"post_tag","embeddable":true,"href":"https:\/\/www.copealcoy.es\/es\/wp-json\/wp\/v2\/tags?post=53868"}],"curies":[{"name":"wp","href":"https:\/\/api.w.org\/{rel}","templated":true}]}}