{"id":53864,"date":"2019-08-01T20:27:46","date_gmt":"2019-08-01T20:27:46","guid":{"rendered":"https:\/\/copealcoi.es\/?p=53864"},"modified":"2019-08-01T20:27:46","modified_gmt":"2019-08-01T20:27:46","slug":"victoria-del-cd-alcoyano-en-el-primer-partido-de-pretemporada","status":"publish","type":"post","link":"https:\/\/www.copealcoy.es\/es\/victoria-del-cd-alcoyano-en-el-primer-partido-de-pretemporada\/","title":{"rendered":"Victoria del CD Alcoyano en el primer partido de pretemporada"},"content":{"rendered":"<p style=\"text-align: justify;\">El Alcoyano disput\u00f3 ayer su <strong>primer partido de pretemporada<\/strong>, un encuentro que abre <strong>un ciclo de partidos<\/strong> que servir\u00e1 a los blanquiazules para calentar motores de cara al inicio dela competici\u00f3n liguera en tercera divisi\u00f3n.<\/p>\n<p style=\"text-align: justify;\">El partido era especial para el equipo local, ya que era <strong>el primer partido de la historia<\/strong> de este club. De la fusi\u00f3n del Elda Industrial C.F y del Idella C.F., ha surgido el <strong>\u00c9litei Project.<\/strong><\/p>\n<p style=\"text-align: justify;\">El <strong>Pepico Amat<\/strong> fue el lugar donde se disput\u00f3 tan especial partido.<\/p>\n<p style=\"text-align: justify;\">El Entrenador <strong>Vicente Parras<\/strong> dispuso pr\u00e1cticamente dos onces diferentes, uno en cada parte. En la primera mitad se alinearon: <strong>Palopa, Felipe, Pablo Carbonell, Chato, Morgado, De Lerma, Josu\u00e9, Ant\u00f3n, Acevedo, Peir\u00f3 y Pau Franch.<\/strong><\/p>\n<p style=\"text-align: justify;\">El equipo se mostr\u00f3 superior desde el principio, <strong>llevando el control del juego<\/strong> y pisando con frecuencia el \u00e1rea rival con centros desde las bandas.<\/p>\n<p style=\"text-align: justify;\">En una acci\u00f3n a bal\u00f3n parado lleg\u00f3 el primer gol del partido obra de <strong>Chato<\/strong>. De Lerma puso en centro al \u00e1rea, Pau Franch pein\u00f3 el bal\u00f3n y el central del Deportivo empuj\u00f3 a la red el esf\u00e9rico.<\/p>\n<p style=\"text-align: justify;\">El equipo segu\u00eda insistiendo y parec\u00eda que <strong>pod\u00eda llegar el segundo gol<\/strong>. Un buen disparo de Pablo Carbonell que repeli\u00f3 el portero y un lanzamiento de Josu\u00e9 que golpe\u00f3 en el palo, fueron las ocasiones m\u00e1s claras hasta que lleg\u00f3 el descanso.<\/p>\n<p style=\"text-align: justify;\">Los protagonistas en el segundo tiempo fueron: <strong>Jos\u00e9 Juan, Devesa, Pablo Carbonell, Josu\u00e9, Navarro, Jony, Diakit\u00e9, Ruba, Fran Machado, Peir\u00f3 y \u00d3scar D\u00edaz. Minutos m\u00e1s tarde entraron en el campo M\u00e9ndez y de nuevo Ant\u00f3n y Morgado.<\/strong><\/p>\n<p style=\"text-align: justify;\">La din\u00e1mica de la segunda mitad <strong>fue la misma<\/strong> que en la primera. El Deportivo dominaba y el Elitei sal\u00eda a la contra, fruto de ese dominio las llegadas al \u00e1rea eran habituales. En una buena triangulaci\u00f3n por banda derecha, <strong>Fran Machado<\/strong> puso el pase de la muerte y <strong>\u00d3scar D\u00edaz<\/strong> pon\u00eda el esf\u00e9rico lejos del alcance del portero.<\/p>\n<p style=\"text-align: justify;\">Tras el gol, empez\u00f3 a notarse el cansancio para ambos equipos. Los locales se estiraban<strong> sobre todo por banda izquierda<\/strong>, por ese lado lleg\u00f3 su ocasi\u00f3n m\u00e1s clara, <strong>un buen disparo<\/strong> hizo que Jos\u00e9 Juan tuviera que emplearse a fondo y el bal\u00f3n tras golpear en el palo sali\u00f3 desviado.<\/p>\n","protected":false},"excerpt":{"rendered":"<p>El Alcoyano disput\u00f3 ayer su primer partido de pretemporada, un encuentro que abre un ciclo de partidos que servir\u00e1 a&#8230;<\/p>\n","protected":false},"author":1,"featured_media":53865,"comment_status":"open","ping_status":"open","sticky":false,"template":"","format":"standard","meta":{"footnotes":""},"categories":[97,92,75],"tags":[2118,1305,9066,3526],"class_list":["post-53864","post","type-post","status-publish","format-standard","has-post-thumbnail","hentry","category-alcoy","category-deportes","category-noticias","tag-cd-alcoyano","tag-pretemporada","tag-primer-partido","tag-victoria"],"yoast_head":"<!-- This site is optimized with the Yoast SEO plugin v27.3 - https:\/\/yoast.com\/product\/yoast-seo-wordpress\/ -->\n<title>Victoria del CD Alcoyano en el primer partido de pretemporada - COPE Alcoy<\/title>\n<meta name=\"robots\" content=\"index, follow, max-snippet:-1, max-image-preview:large, max-video-preview:-1\" \/>\n<link rel=\"canonical\" href=\"https:\/\/www.copealcoy.es\/es\/victoria-del-cd-alcoyano-en-el-primer-partido-de-pretemporada\/\" \/>\n<meta property=\"og:locale\" content=\"es_ES\" \/>\n<meta property=\"og:type\" content=\"article\" \/>\n<meta property=\"og:title\" content=\"Victoria del CD Alcoyano en el primer partido de pretemporada - COPE Alcoy\" \/>\n<meta property=\"og:description\" content=\"El Alcoyano disput\u00f3 ayer su primer partido de pretemporada, un encuentro que abre un ciclo de partidos que servir\u00e1 a...\" \/>\n<meta property=\"og:url\" content=\"https:\/\/www.copealcoy.es\/es\/victoria-del-cd-alcoyano-en-el-primer-partido-de-pretemporada\/\" \/>\n<meta property=\"og:site_name\" content=\"COPE Alcoy\" \/>\n<meta property=\"article:published_time\" content=\"2019-08-01T20:27:46+00:00\" \/>\n<meta property=\"og:image\" content=\"https:\/\/www.copealcoy.es\/wp-content\/uploads\/2019\/08\/02-1.png\" \/>\n\t<meta property=\"og:image:width\" content=\"900\" \/>\n\t<meta property=\"og:image:height\" content=\"600\" \/>\n\t<meta property=\"og:image:type\" content=\"image\/png\" \/>\n<meta name=\"author\" content=\"Cope Alcoy\" \/>\n<meta name=\"twitter:label1\" content=\"Escrito por\" \/>\n\t<meta name=\"twitter:data1\" content=\"Cope Alcoy\" \/>\n\t<meta name=\"twitter:label2\" content=\"Tiempo de lectura\" \/>\n\t<meta name=\"twitter:data2\" content=\"2 minutos\" \/>\n<script type=\"application\/ld+json\" class=\"yoast-schema-graph\">{\"@context\":\"https:\\\/\\\/schema.org\",\"@graph\":[{\"@type\":\"Article\",\"@id\":\"https:\\\/\\\/www.copealcoy.es\\\/es\\\/victoria-del-cd-alcoyano-en-el-primer-partido-de-pretemporada\\\/#article\",\"isPartOf\":{\"@id\":\"https:\\\/\\\/www.copealcoy.es\\\/es\\\/victoria-del-cd-alcoyano-en-el-primer-partido-de-pretemporada\\\/\"},\"author\":{\"name\":\"Cope Alcoy\",\"@id\":\"https:\\\/\\\/www.copealcoy.es\\\/es\\\/#\\\/schema\\\/person\\\/e777c87fa024e57d40170af9df39882c\"},\"headline\":\"Victoria del CD Alcoyano en el primer partido de pretemporada\",\"datePublished\":\"2019-08-01T20:27:46+00:00\",\"mainEntityOfPage\":{\"@id\":\"https:\\\/\\\/www.copealcoy.es\\\/es\\\/victoria-del-cd-alcoyano-en-el-primer-partido-de-pretemporada\\\/\"},\"wordCount\":406,\"commentCount\":0,\"image\":{\"@id\":\"https:\\\/\\\/www.copealcoy.es\\\/es\\\/victoria-del-cd-alcoyano-en-el-primer-partido-de-pretemporada\\\/#primaryimage\"},\"thumbnailUrl\":\"https:\\\/\\\/www.copealcoy.es\\\/wp-content\\\/uploads\\\/2019\\\/08\\\/02-1.png\",\"keywords\":[\"CD Alcoyano\",\"pretemporada\",\"Primer partido\",\"Victoria\"],\"articleSection\":[\"Alcoy\",\"Deportes\",\"Noticias\"],\"inLanguage\":\"es\"},{\"@type\":\"WebPage\",\"@id\":\"https:\\\/\\\/www.copealcoy.es\\\/es\\\/victoria-del-cd-alcoyano-en-el-primer-partido-de-pretemporada\\\/\",\"url\":\"https:\\\/\\\/www.copealcoy.es\\\/es\\\/victoria-del-cd-alcoyano-en-el-primer-partido-de-pretemporada\\\/\",\"name\":\"Victoria del CD Alcoyano en el primer partido de pretemporada - COPE Alcoy\",\"isPartOf\":{\"@id\":\"https:\\\/\\\/www.copealcoy.es\\\/es\\\/#website\"},\"primaryImageOfPage\":{\"@id\":\"https:\\\/\\\/www.copealcoy.es\\\/es\\\/victoria-del-cd-alcoyano-en-el-primer-partido-de-pretemporada\\\/#primaryimage\"},\"image\":{\"@id\":\"https:\\\/\\\/www.copealcoy.es\\\/es\\\/victoria-del-cd-alcoyano-en-el-primer-partido-de-pretemporada\\\/#primaryimage\"},\"thumbnailUrl\":\"https:\\\/\\\/www.copealcoy.es\\\/wp-content\\\/uploads\\\/2019\\\/08\\\/02-1.png\",\"datePublished\":\"2019-08-01T20:27:46+00:00\",\"author\":{\"@id\":\"https:\\\/\\\/www.copealcoy.es\\\/es\\\/#\\\/schema\\\/person\\\/e777c87fa024e57d40170af9df39882c\"},\"breadcrumb\":{\"@id\":\"https:\\\/\\\/www.copealcoy.es\\\/es\\\/victoria-del-cd-alcoyano-en-el-primer-partido-de-pretemporada\\\/#breadcrumb\"},\"inLanguage\":\"es\",\"potentialAction\":[{\"@type\":\"ReadAction\",\"target\":[\"https:\\\/\\\/www.copealcoy.es\\\/es\\\/victoria-del-cd-alcoyano-en-el-primer-partido-de-pretemporada\\\/\"]}]},{\"@type\":\"ImageObject\",\"inLanguage\":\"es\",\"@id\":\"https:\\\/\\\/www.copealcoy.es\\\/es\\\/victoria-del-cd-alcoyano-en-el-primer-partido-de-pretemporada\\\/#primaryimage\",\"url\":\"https:\\\/\\\/www.copealcoy.es\\\/wp-content\\\/uploads\\\/2019\\\/08\\\/02-1.png\",\"contentUrl\":\"https:\\\/\\\/www.copealcoy.es\\\/wp-content\\\/uploads\\\/2019\\\/08\\\/02-1.png\",\"width\":900,\"height\":600,\"caption\":\"Imagen del partido disputado ayer \\\/ Foto: CD Alcoyano\"},{\"@type\":\"BreadcrumbList\",\"@id\":\"https:\\\/\\\/www.copealcoy.es\\\/es\\\/victoria-del-cd-alcoyano-en-el-primer-partido-de-pretemporada\\\/#breadcrumb\",\"itemListElement\":[{\"@type\":\"ListItem\",\"position\":1,\"name\":\"Portada\",\"item\":\"https:\\\/\\\/www.copealcoy.es\\\/es\\\/\"},{\"@type\":\"ListItem\",\"position\":2,\"name\":\"Victoria del CD Alcoyano en el primer partido de pretemporada\"}]},{\"@type\":\"WebSite\",\"@id\":\"https:\\\/\\\/www.copealcoy.es\\\/es\\\/#website\",\"url\":\"https:\\\/\\\/www.copealcoy.es\\\/es\\\/\",\"name\":\"COPE Alcoy\",\"description\":\"Emisora COPE de radio local con emisi\u00f3n online. Pont de Sant Jordi 8-10 03803 Alcoy\",\"potentialAction\":[{\"@type\":\"SearchAction\",\"target\":{\"@type\":\"EntryPoint\",\"urlTemplate\":\"https:\\\/\\\/www.copealcoy.es\\\/es\\\/?s={search_term_string}\"},\"query-input\":{\"@type\":\"PropertyValueSpecification\",\"valueRequired\":true,\"valueName\":\"search_term_string\"}}],\"inLanguage\":\"es\"},{\"@type\":\"Person\",\"@id\":\"https:\\\/\\\/www.copealcoy.es\\\/es\\\/#\\\/schema\\\/person\\\/e777c87fa024e57d40170af9df39882c\",\"name\":\"Cope Alcoy\",\"image\":{\"@type\":\"ImageObject\",\"inLanguage\":\"es\",\"@id\":\"https:\\\/\\\/secure.gravatar.com\\\/avatar\\\/bb65d0283347e303893ba14f0692005417c1e0e690a325a4c5d8bb2b3943ee14?s=96&d=mm&r=g\",\"url\":\"https:\\\/\\\/secure.gravatar.com\\\/avatar\\\/bb65d0283347e303893ba14f0692005417c1e0e690a325a4c5d8bb2b3943ee14?s=96&d=mm&r=g\",\"contentUrl\":\"https:\\\/\\\/secure.gravatar.com\\\/avatar\\\/bb65d0283347e303893ba14f0692005417c1e0e690a325a4c5d8bb2b3943ee14?s=96&d=mm&r=g\",\"caption\":\"Cope Alcoy\"}}]}<\/script>\n<!-- \/ Yoast SEO plugin. -->","yoast_head_json":{"title":"Victoria del CD Alcoyano en el primer partido de pretemporada - COPE Alcoy","robots":{"index":"index","follow":"follow","max-snippet":"max-snippet:-1","max-image-preview":"max-image-preview:large","max-video-preview":"max-video-preview:-1"},"canonical":"https:\/\/www.copealcoy.es\/es\/victoria-del-cd-alcoyano-en-el-primer-partido-de-pretemporada\/","og_locale":"es_ES","og_type":"article","og_title":"Victoria del CD Alcoyano en el primer partido de pretemporada - COPE Alcoy","og_description":"El Alcoyano disput\u00f3 ayer su primer partido de pretemporada, un encuentro que abre un ciclo de partidos que servir\u00e1 a...","og_url":"https:\/\/www.copealcoy.es\/es\/victoria-del-cd-alcoyano-en-el-primer-partido-de-pretemporada\/","og_site_name":"COPE Alcoy","article_published_time":"2019-08-01T20:27:46+00:00","og_image":[{"width":900,"height":600,"url":"https:\/\/www.copealcoy.es\/wp-content\/uploads\/2019\/08\/02-1.png","type":"image\/png"}],"author":"Cope Alcoy","twitter_misc":{"Escrito por":"Cope Alcoy","Tiempo de lectura":"2 minutos"},"schema":{"@context":"https:\/\/schema.org","@graph":[{"@type":"Article","@id":"https:\/\/www.copealcoy.es\/es\/victoria-del-cd-alcoyano-en-el-primer-partido-de-pretemporada\/#article","isPartOf":{"@id":"https:\/\/www.copealcoy.es\/es\/victoria-del-cd-alcoyano-en-el-primer-partido-de-pretemporada\/"},"author":{"name":"Cope Alcoy","@id":"https:\/\/www.copealcoy.es\/es\/#\/schema\/person\/e777c87fa024e57d40170af9df39882c"},"headline":"Victoria del CD Alcoyano en el primer partido de pretemporada","datePublished":"2019-08-01T20:27:46+00:00","mainEntityOfPage":{"@id":"https:\/\/www.copealcoy.es\/es\/victoria-del-cd-alcoyano-en-el-primer-partido-de-pretemporada\/"},"wordCount":406,"commentCount":0,"image":{"@id":"https:\/\/www.copealcoy.es\/es\/victoria-del-cd-alcoyano-en-el-primer-partido-de-pretemporada\/#primaryimage"},"thumbnailUrl":"https:\/\/www.copealcoy.es\/wp-content\/uploads\/2019\/08\/02-1.png","keywords":["CD Alcoyano","pretemporada","Primer partido","Victoria"],"articleSection":["Alcoy","Deportes","Noticias"],"inLanguage":"es"},{"@type":"WebPage","@id":"https:\/\/www.copealcoy.es\/es\/victoria-del-cd-alcoyano-en-el-primer-partido-de-pretemporada\/","url":"https:\/\/www.copealcoy.es\/es\/victoria-del-cd-alcoyano-en-el-primer-partido-de-pretemporada\/","name":"Victoria del CD Alcoyano en el primer partido de pretemporada - COPE Alcoy","isPartOf":{"@id":"https:\/\/www.copealcoy.es\/es\/#website"},"primaryImageOfPage":{"@id":"https:\/\/www.copealcoy.es\/es\/victoria-del-cd-alcoyano-en-el-primer-partido-de-pretemporada\/#primaryimage"},"image":{"@id":"https:\/\/www.copealcoy.es\/es\/victoria-del-cd-alcoyano-en-el-primer-partido-de-pretemporada\/#primaryimage"},"thumbnailUrl":"https:\/\/www.copealcoy.es\/wp-content\/uploads\/2019\/08\/02-1.png","datePublished":"2019-08-01T20:27:46+00:00","author":{"@id":"https:\/\/www.copealcoy.es\/es\/#\/schema\/person\/e777c87fa024e57d40170af9df39882c"},"breadcrumb":{"@id":"https:\/\/www.copealcoy.es\/es\/victoria-del-cd-alcoyano-en-el-primer-partido-de-pretemporada\/#breadcrumb"},"inLanguage":"es","potentialAction":[{"@type":"ReadAction","target":["https:\/\/www.copealcoy.es\/es\/victoria-del-cd-alcoyano-en-el-primer-partido-de-pretemporada\/"]}]},{"@type":"ImageObject","inLanguage":"es","@id":"https:\/\/www.copealcoy.es\/es\/victoria-del-cd-alcoyano-en-el-primer-partido-de-pretemporada\/#primaryimage","url":"https:\/\/www.copealcoy.es\/wp-content\/uploads\/2019\/08\/02-1.png","contentUrl":"https:\/\/www.copealcoy.es\/wp-content\/uploads\/2019\/08\/02-1.png","width":900,"height":600,"caption":"Imagen del partido disputado ayer \/ Foto: CD Alcoyano"},{"@type":"BreadcrumbList","@id":"https:\/\/www.copealcoy.es\/es\/victoria-del-cd-alcoyano-en-el-primer-partido-de-pretemporada\/#breadcrumb","itemListElement":[{"@type":"ListItem","position":1,"name":"Portada","item":"https:\/\/www.copealcoy.es\/es\/"},{"@type":"ListItem","position":2,"name":"Victoria del CD Alcoyano en el primer partido de pretemporada"}]},{"@type":"WebSite","@id":"https:\/\/www.copealcoy.es\/es\/#website","url":"https:\/\/www.copealcoy.es\/es\/","name":"COPE Alcoy","description":"Emisora COPE de radio local con emisi\u00f3n online. Pont de Sant Jordi 8-10 03803 Alcoy","potentialAction":[{"@type":"SearchAction","target":{"@type":"EntryPoint","urlTemplate":"https:\/\/www.copealcoy.es\/es\/?s={search_term_string}"},"query-input":{"@type":"PropertyValueSpecification","valueRequired":true,"valueName":"search_term_string"}}],"inLanguage":"es"},{"@type":"Person","@id":"https:\/\/www.copealcoy.es\/es\/#\/schema\/person\/e777c87fa024e57d40170af9df39882c","name":"Cope Alcoy","image":{"@type":"ImageObject","inLanguage":"es","@id":"https:\/\/secure.gravatar.com\/avatar\/bb65d0283347e303893ba14f0692005417c1e0e690a325a4c5d8bb2b3943ee14?s=96&d=mm&r=g","url":"https:\/\/secure.gravatar.com\/avatar\/bb65d0283347e303893ba14f0692005417c1e0e690a325a4c5d8bb2b3943ee14?s=96&d=mm&r=g","contentUrl":"https:\/\/secure.gravatar.com\/avatar\/bb65d0283347e303893ba14f0692005417c1e0e690a325a4c5d8bb2b3943ee14?s=96&d=mm&r=g","caption":"Cope Alcoy"}}]}},"_links":{"self":[{"href":"https:\/\/www.copealcoy.es\/es\/wp-json\/wp\/v2\/posts\/53864","targetHints":{"allow":["GET"]}}],"collection":[{"href":"https:\/\/www.copealcoy.es\/es\/wp-json\/wp\/v2\/posts"}],"about":[{"href":"https:\/\/www.copealcoy.es\/es\/wp-json\/wp\/v2\/types\/post"}],"author":[{"embeddable":true,"href":"https:\/\/www.copealcoy.es\/es\/wp-json\/wp\/v2\/users\/1"}],"replies":[{"embeddable":true,"href":"https:\/\/www.copealcoy.es\/es\/wp-json\/wp\/v2\/comments?post=53864"}],"version-history":[{"count":0,"href":"https:\/\/www.copealcoy.es\/es\/wp-json\/wp\/v2\/posts\/53864\/revisions"}],"wp:featuredmedia":[{"embeddable":true,"href":"https:\/\/www.copealcoy.es\/es\/wp-json\/wp\/v2\/media\/53865"}],"wp:attachment":[{"href":"https:\/\/www.copealcoy.es\/es\/wp-json\/wp\/v2\/media?parent=53864"}],"wp:term":[{"taxonomy":"category","embeddable":true,"href":"https:\/\/www.copealcoy.es\/es\/wp-json\/wp\/v2\/categories?post=53864"},{"taxonomy":"post_tag","embeddable":true,"href":"https:\/\/www.copealcoy.es\/es\/wp-json\/wp\/v2\/tags?post=53864"}],"curies":[{"name":"wp","href":"https:\/\/api.w.org\/{rel}","templated":true}]}}