{"id":53762,"date":"2019-07-31T15:03:06","date_gmt":"2019-07-31T15:03:06","guid":{"rendered":"https:\/\/copealcoi.es\/?p=53762"},"modified":"2019-07-31T15:03:06","modified_gmt":"2019-07-31T15:03:06","slug":"guanyar-califica-de-irresponsable-la-licitacion-del-puente-de-serelles","status":"publish","type":"post","link":"https:\/\/www.copealcoy.es\/es\/guanyar-califica-de-irresponsable-la-licitacion-del-puente-de-serelles\/","title":{"rendered":"Guanyar califica de irresponsable la licitaci\u00f3n del puente de Serelles"},"content":{"rendered":"<p style=\"text-align: justify;\"><span lang=\"ES\">Guanyar Alcoi <strong>acusa al Gobierno Municipal del PSOE<\/strong> de tener <strong>una actitud irresponsable<\/strong> despu\u00e9s de que el Ejecutivo <strong>haya dado un paso atr\u00e1s<\/strong> de cara a paralizar<strong> la licitaci\u00f3n de las obras<\/strong> del Puente de Serelles. <\/span><\/p>\n<p style=\"text-align: justify;\"><span lang=\"ES\">El edil de Guanyar Alcoi, <strong>Pablo Gonz\u00e1lez<\/strong>, considera que\u00a0 el Gobierno Local <strong>deber\u00eda de explicar<\/strong> por qu\u00e9 se decidi\u00f3 con tanta premura <strong>continuar con un proyecto que tiene en contra resoluciones judiciales<\/strong> <em>&#8220;nos gustar\u00eda que nos explicaran los motivos por los cuales decidieron anunciar la licitaci\u00f3n subestimando los recursos pendientes y dando normalidad al asunto. O lo hicieron por inconsciencia de los perjuicios que podr\u00eda suponer o por inter\u00e9s electoralista para vender un proyecto m\u00e1s de cara a la galer\u00eda. No sabemos qu\u00e9 intereses se est\u00e1n defendiendo cuando se tiene tanta prisa para llevar adelante este proyecto aunque vaya en contra de resoluciones judiciales<\/em>&#8220;, afirma.<\/span><\/p>\n<p style=\"text-align: justify;\"><span lang=\"ES\">La plataforma recuerda que <strong>ya denunciaron en la pasada campa\u00f1a electoral<\/strong> que <strong>los socialistas segu\u00edan adelante con el proceso<\/strong>, pese a haber una sentencia en contra, y se\u00f1alan que incluso <strong>el mismo Ejecutivo lleg\u00f3 a decir<\/strong> que como la citada sentencia no era firme <strong>se le podr\u00eda indemnizar a la empresa que result\u00f3 adjudicataria con unos seis mil euros<\/strong> en el caso de que ganase el recurso.<\/span><\/p>\n","protected":false},"excerpt":{"rendered":"<p>Guanyar Alcoi acusa al Gobierno Municipal del PSOE de tener una actitud irresponsable despu\u00e9s de que el Ejecutivo haya dado&#8230;<\/p>\n","protected":false},"author":1,"featured_media":53763,"comment_status":"open","ping_status":"open","sticky":false,"template":"","format":"standard","meta":{"footnotes":""},"categories":[97,75,79],"tags":[7109,1195,997,9053,257,7191],"class_list":["post-53762","post","type-post","status-publish","format-standard","has-post-thumbnail","hentry","category-alcoy","category-noticias","category-politicayeconomia","tag-actuacion","tag-gobierno-local","tag-guanyar","tag-irresponsable","tag-licitacion","tag-puente-de-serelles"],"yoast_head":"<!-- This site is optimized with the Yoast SEO plugin v27.3 - https:\/\/yoast.com\/product\/yoast-seo-wordpress\/ -->\n<title>Guanyar califica de irresponsable la licitaci\u00f3n del puente de Serelles - COPE Alcoy<\/title>\n<meta name=\"robots\" content=\"index, follow, max-snippet:-1, max-image-preview:large, max-video-preview:-1\" \/>\n<link rel=\"canonical\" href=\"https:\/\/www.copealcoy.es\/es\/guanyar-califica-de-irresponsable-la-licitacion-del-puente-de-serelles\/\" \/>\n<meta property=\"og:locale\" content=\"es_ES\" \/>\n<meta property=\"og:type\" content=\"article\" \/>\n<meta property=\"og:title\" content=\"Guanyar califica de irresponsable la licitaci\u00f3n del puente de Serelles - COPE Alcoy\" \/>\n<meta property=\"og:description\" content=\"Guanyar Alcoi acusa al Gobierno Municipal del PSOE de tener una actitud irresponsable despu\u00e9s de que el Ejecutivo haya dado...\" \/>\n<meta property=\"og:url\" content=\"https:\/\/www.copealcoy.es\/es\/guanyar-califica-de-irresponsable-la-licitacion-del-puente-de-serelles\/\" \/>\n<meta property=\"og:site_name\" content=\"COPE Alcoy\" \/>\n<meta property=\"article:published_time\" content=\"2019-07-31T15:03:06+00:00\" \/>\n<meta property=\"og:image\" content=\"https:\/\/www.copealcoy.es\/wp-content\/uploads\/2019\/07\/image_00003-1-scaled.jpg\" \/>\n\t<meta property=\"og:image:width\" content=\"2560\" \/>\n\t<meta property=\"og:image:height\" content=\"1920\" \/>\n\t<meta property=\"og:image:type\" content=\"image\/jpeg\" \/>\n<meta name=\"author\" content=\"Cope Alcoy\" \/>\n<meta name=\"twitter:label1\" content=\"Escrito por\" \/>\n\t<meta name=\"twitter:data1\" content=\"Cope Alcoy\" \/>\n\t<meta name=\"twitter:label2\" content=\"Tiempo de lectura\" \/>\n\t<meta name=\"twitter:data2\" content=\"1 minuto\" \/>\n<script type=\"application\/ld+json\" class=\"yoast-schema-graph\">{\"@context\":\"https:\\\/\\\/schema.org\",\"@graph\":[{\"@type\":\"Article\",\"@id\":\"https:\\\/\\\/www.copealcoy.es\\\/es\\\/guanyar-califica-de-irresponsable-la-licitacion-del-puente-de-serelles\\\/#article\",\"isPartOf\":{\"@id\":\"https:\\\/\\\/www.copealcoy.es\\\/es\\\/guanyar-califica-de-irresponsable-la-licitacion-del-puente-de-serelles\\\/\"},\"author\":{\"name\":\"Cope Alcoy\",\"@id\":\"https:\\\/\\\/www.copealcoy.es\\\/es\\\/#\\\/schema\\\/person\\\/e777c87fa024e57d40170af9df39882c\"},\"headline\":\"Guanyar califica de irresponsable la licitaci\u00f3n del puente de Serelles\",\"datePublished\":\"2019-07-31T15:03:06+00:00\",\"mainEntityOfPage\":{\"@id\":\"https:\\\/\\\/www.copealcoy.es\\\/es\\\/guanyar-califica-de-irresponsable-la-licitacion-del-puente-de-serelles\\\/\"},\"wordCount\":235,\"commentCount\":0,\"image\":{\"@id\":\"https:\\\/\\\/www.copealcoy.es\\\/es\\\/guanyar-califica-de-irresponsable-la-licitacion-del-puente-de-serelles\\\/#primaryimage\"},\"thumbnailUrl\":\"https:\\\/\\\/www.copealcoy.es\\\/wp-content\\\/uploads\\\/2019\\\/07\\\/image_00003-1-scaled.jpg\",\"keywords\":[\"actuaci\u00f3n\",\"Gobierno Local\",\"Guanyar\",\"irresponsable\",\"Licitaci\u00f3n\",\"Puente de Serelles\"],\"articleSection\":[\"Alcoy\",\"Noticias\",\"Pol\u00edtica y Econom\u00eda\"],\"inLanguage\":\"es\"},{\"@type\":\"WebPage\",\"@id\":\"https:\\\/\\\/www.copealcoy.es\\\/es\\\/guanyar-califica-de-irresponsable-la-licitacion-del-puente-de-serelles\\\/\",\"url\":\"https:\\\/\\\/www.copealcoy.es\\\/es\\\/guanyar-califica-de-irresponsable-la-licitacion-del-puente-de-serelles\\\/\",\"name\":\"Guanyar califica de irresponsable la licitaci\u00f3n del puente de Serelles - COPE Alcoy\",\"isPartOf\":{\"@id\":\"https:\\\/\\\/www.copealcoy.es\\\/es\\\/#website\"},\"primaryImageOfPage\":{\"@id\":\"https:\\\/\\\/www.copealcoy.es\\\/es\\\/guanyar-califica-de-irresponsable-la-licitacion-del-puente-de-serelles\\\/#primaryimage\"},\"image\":{\"@id\":\"https:\\\/\\\/www.copealcoy.es\\\/es\\\/guanyar-califica-de-irresponsable-la-licitacion-del-puente-de-serelles\\\/#primaryimage\"},\"thumbnailUrl\":\"https:\\\/\\\/www.copealcoy.es\\\/wp-content\\\/uploads\\\/2019\\\/07\\\/image_00003-1-scaled.jpg\",\"datePublished\":\"2019-07-31T15:03:06+00:00\",\"author\":{\"@id\":\"https:\\\/\\\/www.copealcoy.es\\\/es\\\/#\\\/schema\\\/person\\\/e777c87fa024e57d40170af9df39882c\"},\"breadcrumb\":{\"@id\":\"https:\\\/\\\/www.copealcoy.es\\\/es\\\/guanyar-califica-de-irresponsable-la-licitacion-del-puente-de-serelles\\\/#breadcrumb\"},\"inLanguage\":\"es\",\"potentialAction\":[{\"@type\":\"ReadAction\",\"target\":[\"https:\\\/\\\/www.copealcoy.es\\\/es\\\/guanyar-califica-de-irresponsable-la-licitacion-del-puente-de-serelles\\\/\"]}]},{\"@type\":\"ImageObject\",\"inLanguage\":\"es\",\"@id\":\"https:\\\/\\\/www.copealcoy.es\\\/es\\\/guanyar-califica-de-irresponsable-la-licitacion-del-puente-de-serelles\\\/#primaryimage\",\"url\":\"https:\\\/\\\/www.copealcoy.es\\\/wp-content\\\/uploads\\\/2019\\\/07\\\/image_00003-1-scaled.jpg\",\"contentUrl\":\"https:\\\/\\\/www.copealcoy.es\\\/wp-content\\\/uploads\\\/2019\\\/07\\\/image_00003-1-scaled.jpg\",\"width\":2560,\"height\":1920},{\"@type\":\"BreadcrumbList\",\"@id\":\"https:\\\/\\\/www.copealcoy.es\\\/es\\\/guanyar-califica-de-irresponsable-la-licitacion-del-puente-de-serelles\\\/#breadcrumb\",\"itemListElement\":[{\"@type\":\"ListItem\",\"position\":1,\"name\":\"Portada\",\"item\":\"https:\\\/\\\/www.copealcoy.es\\\/es\\\/\"},{\"@type\":\"ListItem\",\"position\":2,\"name\":\"Guanyar califica de irresponsable la licitaci\u00f3n del puente de Serelles\"}]},{\"@type\":\"WebSite\",\"@id\":\"https:\\\/\\\/www.copealcoy.es\\\/es\\\/#website\",\"url\":\"https:\\\/\\\/www.copealcoy.es\\\/es\\\/\",\"name\":\"COPE Alcoy\",\"description\":\"Emisora COPE de radio local con emisi\u00f3n online. Pont de Sant Jordi 8-10 03803 Alcoy\",\"potentialAction\":[{\"@type\":\"SearchAction\",\"target\":{\"@type\":\"EntryPoint\",\"urlTemplate\":\"https:\\\/\\\/www.copealcoy.es\\\/es\\\/?s={search_term_string}\"},\"query-input\":{\"@type\":\"PropertyValueSpecification\",\"valueRequired\":true,\"valueName\":\"search_term_string\"}}],\"inLanguage\":\"es\"},{\"@type\":\"Person\",\"@id\":\"https:\\\/\\\/www.copealcoy.es\\\/es\\\/#\\\/schema\\\/person\\\/e777c87fa024e57d40170af9df39882c\",\"name\":\"Cope Alcoy\",\"image\":{\"@type\":\"ImageObject\",\"inLanguage\":\"es\",\"@id\":\"https:\\\/\\\/secure.gravatar.com\\\/avatar\\\/bb65d0283347e303893ba14f0692005417c1e0e690a325a4c5d8bb2b3943ee14?s=96&d=mm&r=g\",\"url\":\"https:\\\/\\\/secure.gravatar.com\\\/avatar\\\/bb65d0283347e303893ba14f0692005417c1e0e690a325a4c5d8bb2b3943ee14?s=96&d=mm&r=g\",\"contentUrl\":\"https:\\\/\\\/secure.gravatar.com\\\/avatar\\\/bb65d0283347e303893ba14f0692005417c1e0e690a325a4c5d8bb2b3943ee14?s=96&d=mm&r=g\",\"caption\":\"Cope Alcoy\"}}]}<\/script>\n<!-- \/ Yoast SEO plugin. -->","yoast_head_json":{"title":"Guanyar califica de irresponsable la licitaci\u00f3n del puente de Serelles - COPE Alcoy","robots":{"index":"index","follow":"follow","max-snippet":"max-snippet:-1","max-image-preview":"max-image-preview:large","max-video-preview":"max-video-preview:-1"},"canonical":"https:\/\/www.copealcoy.es\/es\/guanyar-califica-de-irresponsable-la-licitacion-del-puente-de-serelles\/","og_locale":"es_ES","og_type":"article","og_title":"Guanyar califica de irresponsable la licitaci\u00f3n del puente de Serelles - COPE Alcoy","og_description":"Guanyar Alcoi acusa al Gobierno Municipal del PSOE de tener una actitud irresponsable despu\u00e9s de que el Ejecutivo haya dado...","og_url":"https:\/\/www.copealcoy.es\/es\/guanyar-califica-de-irresponsable-la-licitacion-del-puente-de-serelles\/","og_site_name":"COPE Alcoy","article_published_time":"2019-07-31T15:03:06+00:00","og_image":[{"width":2560,"height":1920,"url":"https:\/\/www.copealcoy.es\/wp-content\/uploads\/2019\/07\/image_00003-1-scaled.jpg","type":"image\/jpeg"}],"author":"Cope Alcoy","twitter_misc":{"Escrito por":"Cope Alcoy","Tiempo de lectura":"1 minuto"},"schema":{"@context":"https:\/\/schema.org","@graph":[{"@type":"Article","@id":"https:\/\/www.copealcoy.es\/es\/guanyar-califica-de-irresponsable-la-licitacion-del-puente-de-serelles\/#article","isPartOf":{"@id":"https:\/\/www.copealcoy.es\/es\/guanyar-califica-de-irresponsable-la-licitacion-del-puente-de-serelles\/"},"author":{"name":"Cope Alcoy","@id":"https:\/\/www.copealcoy.es\/es\/#\/schema\/person\/e777c87fa024e57d40170af9df39882c"},"headline":"Guanyar califica de irresponsable la licitaci\u00f3n del puente de Serelles","datePublished":"2019-07-31T15:03:06+00:00","mainEntityOfPage":{"@id":"https:\/\/www.copealcoy.es\/es\/guanyar-califica-de-irresponsable-la-licitacion-del-puente-de-serelles\/"},"wordCount":235,"commentCount":0,"image":{"@id":"https:\/\/www.copealcoy.es\/es\/guanyar-califica-de-irresponsable-la-licitacion-del-puente-de-serelles\/#primaryimage"},"thumbnailUrl":"https:\/\/www.copealcoy.es\/wp-content\/uploads\/2019\/07\/image_00003-1-scaled.jpg","keywords":["actuaci\u00f3n","Gobierno Local","Guanyar","irresponsable","Licitaci\u00f3n","Puente de Serelles"],"articleSection":["Alcoy","Noticias","Pol\u00edtica y Econom\u00eda"],"inLanguage":"es"},{"@type":"WebPage","@id":"https:\/\/www.copealcoy.es\/es\/guanyar-califica-de-irresponsable-la-licitacion-del-puente-de-serelles\/","url":"https:\/\/www.copealcoy.es\/es\/guanyar-califica-de-irresponsable-la-licitacion-del-puente-de-serelles\/","name":"Guanyar califica de irresponsable la licitaci\u00f3n del puente de Serelles - COPE Alcoy","isPartOf":{"@id":"https:\/\/www.copealcoy.es\/es\/#website"},"primaryImageOfPage":{"@id":"https:\/\/www.copealcoy.es\/es\/guanyar-califica-de-irresponsable-la-licitacion-del-puente-de-serelles\/#primaryimage"},"image":{"@id":"https:\/\/www.copealcoy.es\/es\/guanyar-califica-de-irresponsable-la-licitacion-del-puente-de-serelles\/#primaryimage"},"thumbnailUrl":"https:\/\/www.copealcoy.es\/wp-content\/uploads\/2019\/07\/image_00003-1-scaled.jpg","datePublished":"2019-07-31T15:03:06+00:00","author":{"@id":"https:\/\/www.copealcoy.es\/es\/#\/schema\/person\/e777c87fa024e57d40170af9df39882c"},"breadcrumb":{"@id":"https:\/\/www.copealcoy.es\/es\/guanyar-califica-de-irresponsable-la-licitacion-del-puente-de-serelles\/#breadcrumb"},"inLanguage":"es","potentialAction":[{"@type":"ReadAction","target":["https:\/\/www.copealcoy.es\/es\/guanyar-califica-de-irresponsable-la-licitacion-del-puente-de-serelles\/"]}]},{"@type":"ImageObject","inLanguage":"es","@id":"https:\/\/www.copealcoy.es\/es\/guanyar-califica-de-irresponsable-la-licitacion-del-puente-de-serelles\/#primaryimage","url":"https:\/\/www.copealcoy.es\/wp-content\/uploads\/2019\/07\/image_00003-1-scaled.jpg","contentUrl":"https:\/\/www.copealcoy.es\/wp-content\/uploads\/2019\/07\/image_00003-1-scaled.jpg","width":2560,"height":1920},{"@type":"BreadcrumbList","@id":"https:\/\/www.copealcoy.es\/es\/guanyar-califica-de-irresponsable-la-licitacion-del-puente-de-serelles\/#breadcrumb","itemListElement":[{"@type":"ListItem","position":1,"name":"Portada","item":"https:\/\/www.copealcoy.es\/es\/"},{"@type":"ListItem","position":2,"name":"Guanyar califica de irresponsable la licitaci\u00f3n del puente de Serelles"}]},{"@type":"WebSite","@id":"https:\/\/www.copealcoy.es\/es\/#website","url":"https:\/\/www.copealcoy.es\/es\/","name":"COPE Alcoy","description":"Emisora COPE de radio local con emisi\u00f3n online. Pont de Sant Jordi 8-10 03803 Alcoy","potentialAction":[{"@type":"SearchAction","target":{"@type":"EntryPoint","urlTemplate":"https:\/\/www.copealcoy.es\/es\/?s={search_term_string}"},"query-input":{"@type":"PropertyValueSpecification","valueRequired":true,"valueName":"search_term_string"}}],"inLanguage":"es"},{"@type":"Person","@id":"https:\/\/www.copealcoy.es\/es\/#\/schema\/person\/e777c87fa024e57d40170af9df39882c","name":"Cope Alcoy","image":{"@type":"ImageObject","inLanguage":"es","@id":"https:\/\/secure.gravatar.com\/avatar\/bb65d0283347e303893ba14f0692005417c1e0e690a325a4c5d8bb2b3943ee14?s=96&d=mm&r=g","url":"https:\/\/secure.gravatar.com\/avatar\/bb65d0283347e303893ba14f0692005417c1e0e690a325a4c5d8bb2b3943ee14?s=96&d=mm&r=g","contentUrl":"https:\/\/secure.gravatar.com\/avatar\/bb65d0283347e303893ba14f0692005417c1e0e690a325a4c5d8bb2b3943ee14?s=96&d=mm&r=g","caption":"Cope Alcoy"}}]}},"_links":{"self":[{"href":"https:\/\/www.copealcoy.es\/es\/wp-json\/wp\/v2\/posts\/53762","targetHints":{"allow":["GET"]}}],"collection":[{"href":"https:\/\/www.copealcoy.es\/es\/wp-json\/wp\/v2\/posts"}],"about":[{"href":"https:\/\/www.copealcoy.es\/es\/wp-json\/wp\/v2\/types\/post"}],"author":[{"embeddable":true,"href":"https:\/\/www.copealcoy.es\/es\/wp-json\/wp\/v2\/users\/1"}],"replies":[{"embeddable":true,"href":"https:\/\/www.copealcoy.es\/es\/wp-json\/wp\/v2\/comments?post=53762"}],"version-history":[{"count":0,"href":"https:\/\/www.copealcoy.es\/es\/wp-json\/wp\/v2\/posts\/53762\/revisions"}],"wp:featuredmedia":[{"embeddable":true,"href":"https:\/\/www.copealcoy.es\/es\/wp-json\/wp\/v2\/media\/53763"}],"wp:attachment":[{"href":"https:\/\/www.copealcoy.es\/es\/wp-json\/wp\/v2\/media?parent=53762"}],"wp:term":[{"taxonomy":"category","embeddable":true,"href":"https:\/\/www.copealcoy.es\/es\/wp-json\/wp\/v2\/categories?post=53762"},{"taxonomy":"post_tag","embeddable":true,"href":"https:\/\/www.copealcoy.es\/es\/wp-json\/wp\/v2\/tags?post=53762"}],"curies":[{"name":"wp","href":"https:\/\/api.w.org\/{rel}","templated":true}]}}