{"id":53597,"date":"2019-07-26T15:52:52","date_gmt":"2019-07-26T15:52:52","guid":{"rendered":"https:\/\/copealcoi.es\/?p=53597"},"modified":"2019-07-26T15:52:52","modified_gmt":"2019-07-26T15:52:52","slug":"la-aeec-tambien-se-suma-a-la-feria-modernista-de-alcoy","status":"publish","type":"post","link":"https:\/\/www.copealcoy.es\/es\/la-aeec-tambien-se-suma-a-la-feria-modernista-de-alcoy\/","title":{"rendered":"La AEEC tambi\u00e9n se suma a la Feria Modernista de Alcoy"},"content":{"rendered":"<p style=\"text-align: justify;\">La <strong>Asociaci\u00f3n Espa\u00f1ola Contra el C\u00e1ncer (AECC)<\/strong> de Alcoy ha presentado <strong>las actividades<\/strong> que este a\u00f1o realizar\u00e1n en la Feria Modernista.<\/p>\n<p style=\"text-align: justify;\">Las mismas consistir\u00e1n en un concurso de <strong>trajes y sombreros<\/strong> de la \u00e9poca. Para ello la entidad <strong>elegir\u00e1 las mejores indumentarias<\/strong> en las categor\u00edas de oficios, conjunto familiar, clase burguesa, clase obrera y sombreros. La presidenta de la AECC, <strong>M\u00aa Teresa Alberola<\/strong>, explica que el premio ser\u00e1 <strong>el reconocimiento de la entidad y un pomp\u00f3n decorativo<\/strong> para poder lucir el galard\u00f3n que reciban los vencedores &#8220;<em>esperamos que haya una gran participaci\u00f3n y que resulte una actividad muy divertida tanto para los participante como para las personas que vengan a la Glorieta<\/em>&#8220;, se\u00f1ala.<\/p>\n<p style=\"text-align: justify;\">Indicar que para participar, <strong>se tiene que enviar una foto<\/strong> al correo aecc.alcoi@hotmail.com <strong>antes del 13 de septiembre<\/strong> y aquellas personas pre-seleccionadas <strong>tendr\u00e1n que ir en persona<\/strong> para participar en la \u00faltima fase ante <strong>un jurado de 4 personas<\/strong> durante la Feria. La cita, seg\u00fan ha informado la edil de Turismo Lorena Zamorano, <strong>ser\u00e1 el 21 de septiembre<\/strong> a las seis de la tarde en La Glorieta.<\/p>\n<p><iframe loading=\"lazy\" title=\"RP Activitat AECC en la fira modernista\" width=\"1200\" height=\"900\" src=\"https:\/\/www.youtube.com\/embed\/KjZHaB-W604?feature=oembed\" frameborder=\"0\" allow=\"accelerometer; autoplay; encrypted-media; gyroscope; picture-in-picture\" allowfullscreen><\/iframe><\/p>\n","protected":false},"excerpt":{"rendered":"<p>La Asociaci\u00f3n Espa\u00f1ola Contra el C\u00e1ncer (AECC) de Alcoy ha presentado las actividades que este a\u00f1o realizar\u00e1n en la Feria&#8230;<\/p>\n","protected":false},"author":1,"featured_media":53598,"comment_status":"open","ping_status":"open","sticky":false,"template":"","format":"standard","meta":{"footnotes":""},"categories":[97,78,75],"tags":[2009,1494,4643],"class_list":["post-53597","post","type-post","status-publish","format-standard","has-post-thumbnail","hentry","category-alcoy","category-fiestaycultura","category-noticias","tag-aecc","tag-alcoy","tag-feria-modernista"],"yoast_head":"<!-- This site is optimized with the Yoast SEO plugin v27.3 - https:\/\/yoast.com\/product\/yoast-seo-wordpress\/ -->\n<title>La AEEC tambi\u00e9n se suma a la Feria Modernista de Alcoy - COPE Alcoy<\/title>\n<meta name=\"robots\" content=\"index, follow, max-snippet:-1, max-image-preview:large, max-video-preview:-1\" \/>\n<link rel=\"canonical\" href=\"https:\/\/www.copealcoy.es\/es\/la-aeec-tambien-se-suma-a-la-feria-modernista-de-alcoy\/\" \/>\n<meta property=\"og:locale\" content=\"es_ES\" \/>\n<meta property=\"og:type\" content=\"article\" \/>\n<meta property=\"og:title\" content=\"La AEEC tambi\u00e9n se suma a la Feria Modernista de Alcoy - COPE Alcoy\" \/>\n<meta property=\"og:description\" content=\"La Asociaci\u00f3n Espa\u00f1ola Contra el C\u00e1ncer (AECC) de Alcoy ha presentado las actividades que este a\u00f1o realizar\u00e1n en la Feria...\" \/>\n<meta property=\"og:url\" content=\"https:\/\/www.copealcoy.es\/es\/la-aeec-tambien-se-suma-a-la-feria-modernista-de-alcoy\/\" \/>\n<meta property=\"og:site_name\" content=\"COPE Alcoy\" \/>\n<meta property=\"article:published_time\" content=\"2019-07-26T15:52:52+00:00\" \/>\n<meta property=\"og:image\" content=\"https:\/\/www.copealcoy.es\/wp-content\/uploads\/2019\/07\/AECC-1-scaled.jpg\" \/>\n\t<meta property=\"og:image:width\" content=\"2560\" \/>\n\t<meta property=\"og:image:height\" content=\"1707\" \/>\n\t<meta property=\"og:image:type\" content=\"image\/jpeg\" \/>\n<meta name=\"author\" content=\"Cope Alcoy\" \/>\n<meta name=\"twitter:label1\" content=\"Escrito por\" \/>\n\t<meta name=\"twitter:data1\" content=\"Cope Alcoy\" \/>\n\t<meta name=\"twitter:label2\" content=\"Tiempo de lectura\" \/>\n\t<meta name=\"twitter:data2\" content=\"1 minuto\" \/>\n<script type=\"application\/ld+json\" class=\"yoast-schema-graph\">{\"@context\":\"https:\\\/\\\/schema.org\",\"@graph\":[{\"@type\":\"Article\",\"@id\":\"https:\\\/\\\/www.copealcoy.es\\\/es\\\/la-aeec-tambien-se-suma-a-la-feria-modernista-de-alcoy\\\/#article\",\"isPartOf\":{\"@id\":\"https:\\\/\\\/www.copealcoy.es\\\/es\\\/la-aeec-tambien-se-suma-a-la-feria-modernista-de-alcoy\\\/\"},\"author\":{\"name\":\"Cope Alcoy\",\"@id\":\"https:\\\/\\\/www.copealcoy.es\\\/es\\\/#\\\/schema\\\/person\\\/e777c87fa024e57d40170af9df39882c\"},\"headline\":\"La AEEC tambi\u00e9n se suma a la Feria Modernista de Alcoy\",\"datePublished\":\"2019-07-26T15:52:52+00:00\",\"mainEntityOfPage\":{\"@id\":\"https:\\\/\\\/www.copealcoy.es\\\/es\\\/la-aeec-tambien-se-suma-a-la-feria-modernista-de-alcoy\\\/\"},\"wordCount\":209,\"commentCount\":0,\"image\":{\"@id\":\"https:\\\/\\\/www.copealcoy.es\\\/es\\\/la-aeec-tambien-se-suma-a-la-feria-modernista-de-alcoy\\\/#primaryimage\"},\"thumbnailUrl\":\"https:\\\/\\\/www.copealcoy.es\\\/wp-content\\\/uploads\\\/2019\\\/07\\\/AECC-1-scaled.jpg\",\"keywords\":[\"AECC\",\"Alcoy\",\"Feria Modernista\"],\"articleSection\":[\"Alcoy\",\"Fiesta y Cultura\",\"Noticias\"],\"inLanguage\":\"es\"},{\"@type\":\"WebPage\",\"@id\":\"https:\\\/\\\/www.copealcoy.es\\\/es\\\/la-aeec-tambien-se-suma-a-la-feria-modernista-de-alcoy\\\/\",\"url\":\"https:\\\/\\\/www.copealcoy.es\\\/es\\\/la-aeec-tambien-se-suma-a-la-feria-modernista-de-alcoy\\\/\",\"name\":\"La AEEC tambi\u00e9n se suma a la Feria Modernista de Alcoy - COPE Alcoy\",\"isPartOf\":{\"@id\":\"https:\\\/\\\/www.copealcoy.es\\\/es\\\/#website\"},\"primaryImageOfPage\":{\"@id\":\"https:\\\/\\\/www.copealcoy.es\\\/es\\\/la-aeec-tambien-se-suma-a-la-feria-modernista-de-alcoy\\\/#primaryimage\"},\"image\":{\"@id\":\"https:\\\/\\\/www.copealcoy.es\\\/es\\\/la-aeec-tambien-se-suma-a-la-feria-modernista-de-alcoy\\\/#primaryimage\"},\"thumbnailUrl\":\"https:\\\/\\\/www.copealcoy.es\\\/wp-content\\\/uploads\\\/2019\\\/07\\\/AECC-1-scaled.jpg\",\"datePublished\":\"2019-07-26T15:52:52+00:00\",\"author\":{\"@id\":\"https:\\\/\\\/www.copealcoy.es\\\/es\\\/#\\\/schema\\\/person\\\/e777c87fa024e57d40170af9df39882c\"},\"breadcrumb\":{\"@id\":\"https:\\\/\\\/www.copealcoy.es\\\/es\\\/la-aeec-tambien-se-suma-a-la-feria-modernista-de-alcoy\\\/#breadcrumb\"},\"inLanguage\":\"es\",\"potentialAction\":[{\"@type\":\"ReadAction\",\"target\":[\"https:\\\/\\\/www.copealcoy.es\\\/es\\\/la-aeec-tambien-se-suma-a-la-feria-modernista-de-alcoy\\\/\"]}]},{\"@type\":\"ImageObject\",\"inLanguage\":\"es\",\"@id\":\"https:\\\/\\\/www.copealcoy.es\\\/es\\\/la-aeec-tambien-se-suma-a-la-feria-modernista-de-alcoy\\\/#primaryimage\",\"url\":\"https:\\\/\\\/www.copealcoy.es\\\/wp-content\\\/uploads\\\/2019\\\/07\\\/AECC-1-scaled.jpg\",\"contentUrl\":\"https:\\\/\\\/www.copealcoy.es\\\/wp-content\\\/uploads\\\/2019\\\/07\\\/AECC-1-scaled.jpg\",\"width\":2560,\"height\":1707,\"caption\":\"Lorena Zamorano y Mar\u00eda Teresa Alberola presentado el proyecto\"},{\"@type\":\"BreadcrumbList\",\"@id\":\"https:\\\/\\\/www.copealcoy.es\\\/es\\\/la-aeec-tambien-se-suma-a-la-feria-modernista-de-alcoy\\\/#breadcrumb\",\"itemListElement\":[{\"@type\":\"ListItem\",\"position\":1,\"name\":\"Portada\",\"item\":\"https:\\\/\\\/www.copealcoy.es\\\/es\\\/\"},{\"@type\":\"ListItem\",\"position\":2,\"name\":\"La AEEC tambi\u00e9n se suma a la Feria Modernista de Alcoy\"}]},{\"@type\":\"WebSite\",\"@id\":\"https:\\\/\\\/www.copealcoy.es\\\/es\\\/#website\",\"url\":\"https:\\\/\\\/www.copealcoy.es\\\/es\\\/\",\"name\":\"COPE Alcoy\",\"description\":\"Emisora COPE de radio local con emisi\u00f3n online. Pont de Sant Jordi 8-10 03803 Alcoy\",\"potentialAction\":[{\"@type\":\"SearchAction\",\"target\":{\"@type\":\"EntryPoint\",\"urlTemplate\":\"https:\\\/\\\/www.copealcoy.es\\\/es\\\/?s={search_term_string}\"},\"query-input\":{\"@type\":\"PropertyValueSpecification\",\"valueRequired\":true,\"valueName\":\"search_term_string\"}}],\"inLanguage\":\"es\"},{\"@type\":\"Person\",\"@id\":\"https:\\\/\\\/www.copealcoy.es\\\/es\\\/#\\\/schema\\\/person\\\/e777c87fa024e57d40170af9df39882c\",\"name\":\"Cope Alcoy\",\"image\":{\"@type\":\"ImageObject\",\"inLanguage\":\"es\",\"@id\":\"https:\\\/\\\/secure.gravatar.com\\\/avatar\\\/bb65d0283347e303893ba14f0692005417c1e0e690a325a4c5d8bb2b3943ee14?s=96&d=mm&r=g\",\"url\":\"https:\\\/\\\/secure.gravatar.com\\\/avatar\\\/bb65d0283347e303893ba14f0692005417c1e0e690a325a4c5d8bb2b3943ee14?s=96&d=mm&r=g\",\"contentUrl\":\"https:\\\/\\\/secure.gravatar.com\\\/avatar\\\/bb65d0283347e303893ba14f0692005417c1e0e690a325a4c5d8bb2b3943ee14?s=96&d=mm&r=g\",\"caption\":\"Cope Alcoy\"}}]}<\/script>\n<!-- \/ Yoast SEO plugin. -->","yoast_head_json":{"title":"La AEEC tambi\u00e9n se suma a la Feria Modernista de Alcoy - COPE Alcoy","robots":{"index":"index","follow":"follow","max-snippet":"max-snippet:-1","max-image-preview":"max-image-preview:large","max-video-preview":"max-video-preview:-1"},"canonical":"https:\/\/www.copealcoy.es\/es\/la-aeec-tambien-se-suma-a-la-feria-modernista-de-alcoy\/","og_locale":"es_ES","og_type":"article","og_title":"La AEEC tambi\u00e9n se suma a la Feria Modernista de Alcoy - COPE Alcoy","og_description":"La Asociaci\u00f3n Espa\u00f1ola Contra el C\u00e1ncer (AECC) de Alcoy ha presentado las actividades que este a\u00f1o realizar\u00e1n en la Feria...","og_url":"https:\/\/www.copealcoy.es\/es\/la-aeec-tambien-se-suma-a-la-feria-modernista-de-alcoy\/","og_site_name":"COPE Alcoy","article_published_time":"2019-07-26T15:52:52+00:00","og_image":[{"width":2560,"height":1707,"url":"https:\/\/www.copealcoy.es\/wp-content\/uploads\/2019\/07\/AECC-1-scaled.jpg","type":"image\/jpeg"}],"author":"Cope Alcoy","twitter_misc":{"Escrito por":"Cope Alcoy","Tiempo de lectura":"1 minuto"},"schema":{"@context":"https:\/\/schema.org","@graph":[{"@type":"Article","@id":"https:\/\/www.copealcoy.es\/es\/la-aeec-tambien-se-suma-a-la-feria-modernista-de-alcoy\/#article","isPartOf":{"@id":"https:\/\/www.copealcoy.es\/es\/la-aeec-tambien-se-suma-a-la-feria-modernista-de-alcoy\/"},"author":{"name":"Cope Alcoy","@id":"https:\/\/www.copealcoy.es\/es\/#\/schema\/person\/e777c87fa024e57d40170af9df39882c"},"headline":"La AEEC tambi\u00e9n se suma a la Feria Modernista de Alcoy","datePublished":"2019-07-26T15:52:52+00:00","mainEntityOfPage":{"@id":"https:\/\/www.copealcoy.es\/es\/la-aeec-tambien-se-suma-a-la-feria-modernista-de-alcoy\/"},"wordCount":209,"commentCount":0,"image":{"@id":"https:\/\/www.copealcoy.es\/es\/la-aeec-tambien-se-suma-a-la-feria-modernista-de-alcoy\/#primaryimage"},"thumbnailUrl":"https:\/\/www.copealcoy.es\/wp-content\/uploads\/2019\/07\/AECC-1-scaled.jpg","keywords":["AECC","Alcoy","Feria Modernista"],"articleSection":["Alcoy","Fiesta y Cultura","Noticias"],"inLanguage":"es"},{"@type":"WebPage","@id":"https:\/\/www.copealcoy.es\/es\/la-aeec-tambien-se-suma-a-la-feria-modernista-de-alcoy\/","url":"https:\/\/www.copealcoy.es\/es\/la-aeec-tambien-se-suma-a-la-feria-modernista-de-alcoy\/","name":"La AEEC tambi\u00e9n se suma a la Feria Modernista de Alcoy - COPE Alcoy","isPartOf":{"@id":"https:\/\/www.copealcoy.es\/es\/#website"},"primaryImageOfPage":{"@id":"https:\/\/www.copealcoy.es\/es\/la-aeec-tambien-se-suma-a-la-feria-modernista-de-alcoy\/#primaryimage"},"image":{"@id":"https:\/\/www.copealcoy.es\/es\/la-aeec-tambien-se-suma-a-la-feria-modernista-de-alcoy\/#primaryimage"},"thumbnailUrl":"https:\/\/www.copealcoy.es\/wp-content\/uploads\/2019\/07\/AECC-1-scaled.jpg","datePublished":"2019-07-26T15:52:52+00:00","author":{"@id":"https:\/\/www.copealcoy.es\/es\/#\/schema\/person\/e777c87fa024e57d40170af9df39882c"},"breadcrumb":{"@id":"https:\/\/www.copealcoy.es\/es\/la-aeec-tambien-se-suma-a-la-feria-modernista-de-alcoy\/#breadcrumb"},"inLanguage":"es","potentialAction":[{"@type":"ReadAction","target":["https:\/\/www.copealcoy.es\/es\/la-aeec-tambien-se-suma-a-la-feria-modernista-de-alcoy\/"]}]},{"@type":"ImageObject","inLanguage":"es","@id":"https:\/\/www.copealcoy.es\/es\/la-aeec-tambien-se-suma-a-la-feria-modernista-de-alcoy\/#primaryimage","url":"https:\/\/www.copealcoy.es\/wp-content\/uploads\/2019\/07\/AECC-1-scaled.jpg","contentUrl":"https:\/\/www.copealcoy.es\/wp-content\/uploads\/2019\/07\/AECC-1-scaled.jpg","width":2560,"height":1707,"caption":"Lorena Zamorano y Mar\u00eda Teresa Alberola presentado el proyecto"},{"@type":"BreadcrumbList","@id":"https:\/\/www.copealcoy.es\/es\/la-aeec-tambien-se-suma-a-la-feria-modernista-de-alcoy\/#breadcrumb","itemListElement":[{"@type":"ListItem","position":1,"name":"Portada","item":"https:\/\/www.copealcoy.es\/es\/"},{"@type":"ListItem","position":2,"name":"La AEEC tambi\u00e9n se suma a la Feria Modernista de Alcoy"}]},{"@type":"WebSite","@id":"https:\/\/www.copealcoy.es\/es\/#website","url":"https:\/\/www.copealcoy.es\/es\/","name":"COPE Alcoy","description":"Emisora COPE de radio local con emisi\u00f3n online. Pont de Sant Jordi 8-10 03803 Alcoy","potentialAction":[{"@type":"SearchAction","target":{"@type":"EntryPoint","urlTemplate":"https:\/\/www.copealcoy.es\/es\/?s={search_term_string}"},"query-input":{"@type":"PropertyValueSpecification","valueRequired":true,"valueName":"search_term_string"}}],"inLanguage":"es"},{"@type":"Person","@id":"https:\/\/www.copealcoy.es\/es\/#\/schema\/person\/e777c87fa024e57d40170af9df39882c","name":"Cope Alcoy","image":{"@type":"ImageObject","inLanguage":"es","@id":"https:\/\/secure.gravatar.com\/avatar\/bb65d0283347e303893ba14f0692005417c1e0e690a325a4c5d8bb2b3943ee14?s=96&d=mm&r=g","url":"https:\/\/secure.gravatar.com\/avatar\/bb65d0283347e303893ba14f0692005417c1e0e690a325a4c5d8bb2b3943ee14?s=96&d=mm&r=g","contentUrl":"https:\/\/secure.gravatar.com\/avatar\/bb65d0283347e303893ba14f0692005417c1e0e690a325a4c5d8bb2b3943ee14?s=96&d=mm&r=g","caption":"Cope Alcoy"}}]}},"_links":{"self":[{"href":"https:\/\/www.copealcoy.es\/es\/wp-json\/wp\/v2\/posts\/53597","targetHints":{"allow":["GET"]}}],"collection":[{"href":"https:\/\/www.copealcoy.es\/es\/wp-json\/wp\/v2\/posts"}],"about":[{"href":"https:\/\/www.copealcoy.es\/es\/wp-json\/wp\/v2\/types\/post"}],"author":[{"embeddable":true,"href":"https:\/\/www.copealcoy.es\/es\/wp-json\/wp\/v2\/users\/1"}],"replies":[{"embeddable":true,"href":"https:\/\/www.copealcoy.es\/es\/wp-json\/wp\/v2\/comments?post=53597"}],"version-history":[{"count":0,"href":"https:\/\/www.copealcoy.es\/es\/wp-json\/wp\/v2\/posts\/53597\/revisions"}],"wp:featuredmedia":[{"embeddable":true,"href":"https:\/\/www.copealcoy.es\/es\/wp-json\/wp\/v2\/media\/53598"}],"wp:attachment":[{"href":"https:\/\/www.copealcoy.es\/es\/wp-json\/wp\/v2\/media?parent=53597"}],"wp:term":[{"taxonomy":"category","embeddable":true,"href":"https:\/\/www.copealcoy.es\/es\/wp-json\/wp\/v2\/categories?post=53597"},{"taxonomy":"post_tag","embeddable":true,"href":"https:\/\/www.copealcoy.es\/es\/wp-json\/wp\/v2\/tags?post=53597"}],"curies":[{"name":"wp","href":"https:\/\/api.w.org\/{rel}","templated":true}]}}