{"id":53517,"date":"2019-07-24T15:01:09","date_gmt":"2019-07-24T15:01:09","guid":{"rendered":"https:\/\/copealcoi.es\/?p=53517"},"modified":"2019-07-24T15:01:09","modified_gmt":"2019-07-24T15:01:09","slug":"benilloba-proclamo-la-llegada-de-sus-fiestas-de-moros-y-cristianos","status":"publish","type":"post","link":"https:\/\/www.copealcoy.es\/es\/benilloba-proclamo-la-llegada-de-sus-fiestas-de-moros-y-cristianos\/","title":{"rendered":"Benilloba proclam\u00f3 la llegada de sus Fiestas de Moros y Cristianos"},"content":{"rendered":"<p style=\"text-align: justify;\">Benilloba celebr\u00f3 el pasado s\u00e1bado <strong>La Proclamaci\u00f3n de sus Fiestas de Moros y Cristianos en honor a San Joaqu\u00edn<\/strong>, unos festejos que se celebrar\u00e1n <strong>con intensidad<\/strong> en esta localidad del Comtat a partir del d\u00eda 14 de agosto. En el acto se present\u00f3 el<strong> cartel anunciador<\/strong> de las celebraciones, obra de <strong>Juanmi Salvador<\/strong>, y tambi\u00e9n se llev\u00f3 a cabo <strong>un desfile desde la Plaza de la Iglesia<\/strong> con la participaron las Filaes <strong>Moros de l\u2019Arrabal, Moros del Castell y Cristians de La Palmera<\/strong>.<\/p>\n<p style=\"text-align: justify;\">Indicar que esta semana tambi\u00e9n ha comenzado <strong>el montaje del Castillo de Fiestas<\/strong>, una fortaleza que <strong>sirve de escenario para las Embajadas<\/strong> que se declaman en el \u00faltimo d\u00eda de la trilog\u00eda festera. Adem\u00e1s se est\u00e1n llevando a cabo <strong>varias actividades deportivas<\/strong> que sirven de antesala a los d\u00edas previos de las Fiestas de Moros y Cristianos de este a\u00f1o.<\/p>\n","protected":false},"excerpt":{"rendered":"<p>Benilloba celebr\u00f3 el pasado s\u00e1bado La Proclamaci\u00f3n de sus Fiestas de Moros y Cristianos en honor a San Joaqu\u00edn, unos&#8230;<\/p>\n","protected":false},"author":1,"featured_media":53518,"comment_status":"open","ping_status":"open","sticky":false,"template":"","format":"standard","meta":{"footnotes":""},"categories":[98,75],"tags":[661,2001,4088,9024],"class_list":["post-53517","post","type-post","status-publish","format-standard","has-post-thumbnail","hentry","category-comarcas","category-noticias","tag-benilloba","tag-fiestas-de-moros-y-cristianos","tag-proclamacion","tag-sant-xoxim"],"yoast_head":"<!-- This site is optimized with the Yoast SEO plugin v27.3 - https:\/\/yoast.com\/product\/yoast-seo-wordpress\/ -->\n<title>Benilloba proclam\u00f3 la llegada de sus Fiestas de Moros y Cristianos - COPE Alcoy<\/title>\n<meta name=\"robots\" content=\"index, follow, max-snippet:-1, max-image-preview:large, max-video-preview:-1\" \/>\n<link rel=\"canonical\" href=\"https:\/\/www.copealcoy.es\/es\/benilloba-proclamo-la-llegada-de-sus-fiestas-de-moros-y-cristianos\/\" \/>\n<meta property=\"og:locale\" content=\"es_ES\" \/>\n<meta property=\"og:type\" content=\"article\" \/>\n<meta property=\"og:title\" content=\"Benilloba proclam\u00f3 la llegada de sus Fiestas de Moros y Cristianos - COPE Alcoy\" \/>\n<meta property=\"og:description\" content=\"Benilloba celebr\u00f3 el pasado s\u00e1bado La Proclamaci\u00f3n de sus Fiestas de Moros y Cristianos en honor a San Joaqu\u00edn, unos...\" \/>\n<meta property=\"og:url\" content=\"https:\/\/www.copealcoy.es\/es\/benilloba-proclamo-la-llegada-de-sus-fiestas-de-moros-y-cristianos\/\" \/>\n<meta property=\"og:site_name\" content=\"COPE Alcoy\" \/>\n<meta property=\"article:published_time\" content=\"2019-07-24T15:01:09+00:00\" \/>\n<meta property=\"og:image\" content=\"https:\/\/www.copealcoy.es\/wp-content\/uploads\/2019\/07\/67260664_2490486327679534_8239591008698892288_n-1.jpg\" \/>\n\t<meta property=\"og:image:width\" content=\"960\" \/>\n\t<meta property=\"og:image:height\" content=\"720\" \/>\n\t<meta property=\"og:image:type\" content=\"image\/jpeg\" \/>\n<meta name=\"author\" content=\"Cope Alcoy\" \/>\n<meta name=\"twitter:label1\" content=\"Escrito por\" \/>\n\t<meta name=\"twitter:data1\" content=\"Cope Alcoy\" \/>\n\t<meta name=\"twitter:label2\" content=\"Tiempo de lectura\" \/>\n\t<meta name=\"twitter:data2\" content=\"1 minuto\" \/>\n<script type=\"application\/ld+json\" class=\"yoast-schema-graph\">{\"@context\":\"https:\\\/\\\/schema.org\",\"@graph\":[{\"@type\":\"Article\",\"@id\":\"https:\\\/\\\/www.copealcoy.es\\\/es\\\/benilloba-proclamo-la-llegada-de-sus-fiestas-de-moros-y-cristianos\\\/#article\",\"isPartOf\":{\"@id\":\"https:\\\/\\\/www.copealcoy.es\\\/es\\\/benilloba-proclamo-la-llegada-de-sus-fiestas-de-moros-y-cristianos\\\/\"},\"author\":{\"name\":\"Cope Alcoy\",\"@id\":\"https:\\\/\\\/www.copealcoy.es\\\/es\\\/#\\\/schema\\\/person\\\/e777c87fa024e57d40170af9df39882c\"},\"headline\":\"Benilloba proclam\u00f3 la llegada de sus Fiestas de Moros y Cristianos\",\"datePublished\":\"2019-07-24T15:01:09+00:00\",\"mainEntityOfPage\":{\"@id\":\"https:\\\/\\\/www.copealcoy.es\\\/es\\\/benilloba-proclamo-la-llegada-de-sus-fiestas-de-moros-y-cristianos\\\/\"},\"wordCount\":167,\"commentCount\":0,\"image\":{\"@id\":\"https:\\\/\\\/www.copealcoy.es\\\/es\\\/benilloba-proclamo-la-llegada-de-sus-fiestas-de-moros-y-cristianos\\\/#primaryimage\"},\"thumbnailUrl\":\"https:\\\/\\\/www.copealcoy.es\\\/wp-content\\\/uploads\\\/2019\\\/07\\\/67260664_2490486327679534_8239591008698892288_n-1.jpg\",\"keywords\":[\"Benilloba\",\"Fiestas de Moros y Cristianos\",\"proclamaci\u00f3n\",\"Sant Xoxim\"],\"articleSection\":[\"Comarcas\",\"Noticias\"],\"inLanguage\":\"es\"},{\"@type\":\"WebPage\",\"@id\":\"https:\\\/\\\/www.copealcoy.es\\\/es\\\/benilloba-proclamo-la-llegada-de-sus-fiestas-de-moros-y-cristianos\\\/\",\"url\":\"https:\\\/\\\/www.copealcoy.es\\\/es\\\/benilloba-proclamo-la-llegada-de-sus-fiestas-de-moros-y-cristianos\\\/\",\"name\":\"Benilloba proclam\u00f3 la llegada de sus Fiestas de Moros y Cristianos - COPE Alcoy\",\"isPartOf\":{\"@id\":\"https:\\\/\\\/www.copealcoy.es\\\/es\\\/#website\"},\"primaryImageOfPage\":{\"@id\":\"https:\\\/\\\/www.copealcoy.es\\\/es\\\/benilloba-proclamo-la-llegada-de-sus-fiestas-de-moros-y-cristianos\\\/#primaryimage\"},\"image\":{\"@id\":\"https:\\\/\\\/www.copealcoy.es\\\/es\\\/benilloba-proclamo-la-llegada-de-sus-fiestas-de-moros-y-cristianos\\\/#primaryimage\"},\"thumbnailUrl\":\"https:\\\/\\\/www.copealcoy.es\\\/wp-content\\\/uploads\\\/2019\\\/07\\\/67260664_2490486327679534_8239591008698892288_n-1.jpg\",\"datePublished\":\"2019-07-24T15:01:09+00:00\",\"author\":{\"@id\":\"https:\\\/\\\/www.copealcoy.es\\\/es\\\/#\\\/schema\\\/person\\\/e777c87fa024e57d40170af9df39882c\"},\"breadcrumb\":{\"@id\":\"https:\\\/\\\/www.copealcoy.es\\\/es\\\/benilloba-proclamo-la-llegada-de-sus-fiestas-de-moros-y-cristianos\\\/#breadcrumb\"},\"inLanguage\":\"es\",\"potentialAction\":[{\"@type\":\"ReadAction\",\"target\":[\"https:\\\/\\\/www.copealcoy.es\\\/es\\\/benilloba-proclamo-la-llegada-de-sus-fiestas-de-moros-y-cristianos\\\/\"]}]},{\"@type\":\"ImageObject\",\"inLanguage\":\"es\",\"@id\":\"https:\\\/\\\/www.copealcoy.es\\\/es\\\/benilloba-proclamo-la-llegada-de-sus-fiestas-de-moros-y-cristianos\\\/#primaryimage\",\"url\":\"https:\\\/\\\/www.copealcoy.es\\\/wp-content\\\/uploads\\\/2019\\\/07\\\/67260664_2490486327679534_8239591008698892288_n-1.jpg\",\"contentUrl\":\"https:\\\/\\\/www.copealcoy.es\\\/wp-content\\\/uploads\\\/2019\\\/07\\\/67260664_2490486327679534_8239591008698892288_n-1.jpg\",\"width\":960,\"height\":720,\"caption\":\"La Proclamaci\u00f3n tuvo lugar el pasado s\u00e1bado \\\/ Foto: Ajuntament de Benilloba\"},{\"@type\":\"BreadcrumbList\",\"@id\":\"https:\\\/\\\/www.copealcoy.es\\\/es\\\/benilloba-proclamo-la-llegada-de-sus-fiestas-de-moros-y-cristianos\\\/#breadcrumb\",\"itemListElement\":[{\"@type\":\"ListItem\",\"position\":1,\"name\":\"Portada\",\"item\":\"https:\\\/\\\/www.copealcoy.es\\\/es\\\/\"},{\"@type\":\"ListItem\",\"position\":2,\"name\":\"Benilloba proclam\u00f3 la llegada de sus Fiestas de Moros y Cristianos\"}]},{\"@type\":\"WebSite\",\"@id\":\"https:\\\/\\\/www.copealcoy.es\\\/es\\\/#website\",\"url\":\"https:\\\/\\\/www.copealcoy.es\\\/es\\\/\",\"name\":\"COPE Alcoy\",\"description\":\"Emisora COPE de radio local con emisi\u00f3n online. Pont de Sant Jordi 8-10 03803 Alcoy\",\"potentialAction\":[{\"@type\":\"SearchAction\",\"target\":{\"@type\":\"EntryPoint\",\"urlTemplate\":\"https:\\\/\\\/www.copealcoy.es\\\/es\\\/?s={search_term_string}\"},\"query-input\":{\"@type\":\"PropertyValueSpecification\",\"valueRequired\":true,\"valueName\":\"search_term_string\"}}],\"inLanguage\":\"es\"},{\"@type\":\"Person\",\"@id\":\"https:\\\/\\\/www.copealcoy.es\\\/es\\\/#\\\/schema\\\/person\\\/e777c87fa024e57d40170af9df39882c\",\"name\":\"Cope Alcoy\",\"image\":{\"@type\":\"ImageObject\",\"inLanguage\":\"es\",\"@id\":\"https:\\\/\\\/secure.gravatar.com\\\/avatar\\\/bb65d0283347e303893ba14f0692005417c1e0e690a325a4c5d8bb2b3943ee14?s=96&d=mm&r=g\",\"url\":\"https:\\\/\\\/secure.gravatar.com\\\/avatar\\\/bb65d0283347e303893ba14f0692005417c1e0e690a325a4c5d8bb2b3943ee14?s=96&d=mm&r=g\",\"contentUrl\":\"https:\\\/\\\/secure.gravatar.com\\\/avatar\\\/bb65d0283347e303893ba14f0692005417c1e0e690a325a4c5d8bb2b3943ee14?s=96&d=mm&r=g\",\"caption\":\"Cope Alcoy\"}}]}<\/script>\n<!-- \/ Yoast SEO plugin. -->","yoast_head_json":{"title":"Benilloba proclam\u00f3 la llegada de sus Fiestas de Moros y Cristianos - COPE Alcoy","robots":{"index":"index","follow":"follow","max-snippet":"max-snippet:-1","max-image-preview":"max-image-preview:large","max-video-preview":"max-video-preview:-1"},"canonical":"https:\/\/www.copealcoy.es\/es\/benilloba-proclamo-la-llegada-de-sus-fiestas-de-moros-y-cristianos\/","og_locale":"es_ES","og_type":"article","og_title":"Benilloba proclam\u00f3 la llegada de sus Fiestas de Moros y Cristianos - COPE Alcoy","og_description":"Benilloba celebr\u00f3 el pasado s\u00e1bado La Proclamaci\u00f3n de sus Fiestas de Moros y Cristianos en honor a San Joaqu\u00edn, unos...","og_url":"https:\/\/www.copealcoy.es\/es\/benilloba-proclamo-la-llegada-de-sus-fiestas-de-moros-y-cristianos\/","og_site_name":"COPE Alcoy","article_published_time":"2019-07-24T15:01:09+00:00","og_image":[{"width":960,"height":720,"url":"https:\/\/www.copealcoy.es\/wp-content\/uploads\/2019\/07\/67260664_2490486327679534_8239591008698892288_n-1.jpg","type":"image\/jpeg"}],"author":"Cope Alcoy","twitter_misc":{"Escrito por":"Cope Alcoy","Tiempo de lectura":"1 minuto"},"schema":{"@context":"https:\/\/schema.org","@graph":[{"@type":"Article","@id":"https:\/\/www.copealcoy.es\/es\/benilloba-proclamo-la-llegada-de-sus-fiestas-de-moros-y-cristianos\/#article","isPartOf":{"@id":"https:\/\/www.copealcoy.es\/es\/benilloba-proclamo-la-llegada-de-sus-fiestas-de-moros-y-cristianos\/"},"author":{"name":"Cope Alcoy","@id":"https:\/\/www.copealcoy.es\/es\/#\/schema\/person\/e777c87fa024e57d40170af9df39882c"},"headline":"Benilloba proclam\u00f3 la llegada de sus Fiestas de Moros y Cristianos","datePublished":"2019-07-24T15:01:09+00:00","mainEntityOfPage":{"@id":"https:\/\/www.copealcoy.es\/es\/benilloba-proclamo-la-llegada-de-sus-fiestas-de-moros-y-cristianos\/"},"wordCount":167,"commentCount":0,"image":{"@id":"https:\/\/www.copealcoy.es\/es\/benilloba-proclamo-la-llegada-de-sus-fiestas-de-moros-y-cristianos\/#primaryimage"},"thumbnailUrl":"https:\/\/www.copealcoy.es\/wp-content\/uploads\/2019\/07\/67260664_2490486327679534_8239591008698892288_n-1.jpg","keywords":["Benilloba","Fiestas de Moros y Cristianos","proclamaci\u00f3n","Sant Xoxim"],"articleSection":["Comarcas","Noticias"],"inLanguage":"es"},{"@type":"WebPage","@id":"https:\/\/www.copealcoy.es\/es\/benilloba-proclamo-la-llegada-de-sus-fiestas-de-moros-y-cristianos\/","url":"https:\/\/www.copealcoy.es\/es\/benilloba-proclamo-la-llegada-de-sus-fiestas-de-moros-y-cristianos\/","name":"Benilloba proclam\u00f3 la llegada de sus Fiestas de Moros y Cristianos - COPE Alcoy","isPartOf":{"@id":"https:\/\/www.copealcoy.es\/es\/#website"},"primaryImageOfPage":{"@id":"https:\/\/www.copealcoy.es\/es\/benilloba-proclamo-la-llegada-de-sus-fiestas-de-moros-y-cristianos\/#primaryimage"},"image":{"@id":"https:\/\/www.copealcoy.es\/es\/benilloba-proclamo-la-llegada-de-sus-fiestas-de-moros-y-cristianos\/#primaryimage"},"thumbnailUrl":"https:\/\/www.copealcoy.es\/wp-content\/uploads\/2019\/07\/67260664_2490486327679534_8239591008698892288_n-1.jpg","datePublished":"2019-07-24T15:01:09+00:00","author":{"@id":"https:\/\/www.copealcoy.es\/es\/#\/schema\/person\/e777c87fa024e57d40170af9df39882c"},"breadcrumb":{"@id":"https:\/\/www.copealcoy.es\/es\/benilloba-proclamo-la-llegada-de-sus-fiestas-de-moros-y-cristianos\/#breadcrumb"},"inLanguage":"es","potentialAction":[{"@type":"ReadAction","target":["https:\/\/www.copealcoy.es\/es\/benilloba-proclamo-la-llegada-de-sus-fiestas-de-moros-y-cristianos\/"]}]},{"@type":"ImageObject","inLanguage":"es","@id":"https:\/\/www.copealcoy.es\/es\/benilloba-proclamo-la-llegada-de-sus-fiestas-de-moros-y-cristianos\/#primaryimage","url":"https:\/\/www.copealcoy.es\/wp-content\/uploads\/2019\/07\/67260664_2490486327679534_8239591008698892288_n-1.jpg","contentUrl":"https:\/\/www.copealcoy.es\/wp-content\/uploads\/2019\/07\/67260664_2490486327679534_8239591008698892288_n-1.jpg","width":960,"height":720,"caption":"La Proclamaci\u00f3n tuvo lugar el pasado s\u00e1bado \/ Foto: Ajuntament de Benilloba"},{"@type":"BreadcrumbList","@id":"https:\/\/www.copealcoy.es\/es\/benilloba-proclamo-la-llegada-de-sus-fiestas-de-moros-y-cristianos\/#breadcrumb","itemListElement":[{"@type":"ListItem","position":1,"name":"Portada","item":"https:\/\/www.copealcoy.es\/es\/"},{"@type":"ListItem","position":2,"name":"Benilloba proclam\u00f3 la llegada de sus Fiestas de Moros y Cristianos"}]},{"@type":"WebSite","@id":"https:\/\/www.copealcoy.es\/es\/#website","url":"https:\/\/www.copealcoy.es\/es\/","name":"COPE Alcoy","description":"Emisora COPE de radio local con emisi\u00f3n online. Pont de Sant Jordi 8-10 03803 Alcoy","potentialAction":[{"@type":"SearchAction","target":{"@type":"EntryPoint","urlTemplate":"https:\/\/www.copealcoy.es\/es\/?s={search_term_string}"},"query-input":{"@type":"PropertyValueSpecification","valueRequired":true,"valueName":"search_term_string"}}],"inLanguage":"es"},{"@type":"Person","@id":"https:\/\/www.copealcoy.es\/es\/#\/schema\/person\/e777c87fa024e57d40170af9df39882c","name":"Cope Alcoy","image":{"@type":"ImageObject","inLanguage":"es","@id":"https:\/\/secure.gravatar.com\/avatar\/bb65d0283347e303893ba14f0692005417c1e0e690a325a4c5d8bb2b3943ee14?s=96&d=mm&r=g","url":"https:\/\/secure.gravatar.com\/avatar\/bb65d0283347e303893ba14f0692005417c1e0e690a325a4c5d8bb2b3943ee14?s=96&d=mm&r=g","contentUrl":"https:\/\/secure.gravatar.com\/avatar\/bb65d0283347e303893ba14f0692005417c1e0e690a325a4c5d8bb2b3943ee14?s=96&d=mm&r=g","caption":"Cope Alcoy"}}]}},"_links":{"self":[{"href":"https:\/\/www.copealcoy.es\/es\/wp-json\/wp\/v2\/posts\/53517","targetHints":{"allow":["GET"]}}],"collection":[{"href":"https:\/\/www.copealcoy.es\/es\/wp-json\/wp\/v2\/posts"}],"about":[{"href":"https:\/\/www.copealcoy.es\/es\/wp-json\/wp\/v2\/types\/post"}],"author":[{"embeddable":true,"href":"https:\/\/www.copealcoy.es\/es\/wp-json\/wp\/v2\/users\/1"}],"replies":[{"embeddable":true,"href":"https:\/\/www.copealcoy.es\/es\/wp-json\/wp\/v2\/comments?post=53517"}],"version-history":[{"count":0,"href":"https:\/\/www.copealcoy.es\/es\/wp-json\/wp\/v2\/posts\/53517\/revisions"}],"wp:featuredmedia":[{"embeddable":true,"href":"https:\/\/www.copealcoy.es\/es\/wp-json\/wp\/v2\/media\/53518"}],"wp:attachment":[{"href":"https:\/\/www.copealcoy.es\/es\/wp-json\/wp\/v2\/media?parent=53517"}],"wp:term":[{"taxonomy":"category","embeddable":true,"href":"https:\/\/www.copealcoy.es\/es\/wp-json\/wp\/v2\/categories?post=53517"},{"taxonomy":"post_tag","embeddable":true,"href":"https:\/\/www.copealcoy.es\/es\/wp-json\/wp\/v2\/tags?post=53517"}],"curies":[{"name":"wp","href":"https:\/\/api.w.org\/{rel}","templated":true}]}}