{"id":53184,"date":"2019-07-16T16:22:41","date_gmt":"2019-07-16T16:22:41","guid":{"rendered":"https:\/\/copealcoi.es\/?p=53184"},"modified":"2019-07-16T16:22:41","modified_gmt":"2019-07-16T16:22:41","slug":"culmina-con-exito-la-edicion-2019-del-sent-me-en-cocentaina","status":"publish","type":"post","link":"https:\/\/www.copealcoy.es\/es\/culmina-con-exito-la-edicion-2019-del-sent-me-en-cocentaina\/","title":{"rendered":"Culmina con \u00e9xito la edici\u00f3n 2019 del Sent-me en Cocentaina"},"content":{"rendered":"<p style=\"text-align: justify;\">Cocentaina puso <strong>el punto y final a la edici\u00f3n 2019 del Sent-me<\/strong> el pasado viernes tras <strong>una intensa semana<\/strong> en la que <strong>la m\u00fasica inund\u00f3 todos los rincones de la Villa Condal<\/strong> al mismo tiempo que <strong>se esparci\u00f3<\/strong> por el interior de los muros del emblem\u00e1tico Palau Comtal.<\/p>\n<p style=\"text-align: justify;\">M\u00e1s de <strong>trescientas personas<\/strong>, entre participantes, organizaci\u00f3n y componentes de agrupaciones musicales; disfrutaron de un evento que ofreci\u00f3 <strong>una amplia oferta formativa<\/strong> completada con un variado abanico de propuestas culturales. En esta ocasi\u00f3n <strong>los m\u00e1s peque\u00f1os<\/strong> tuvieron oportunidad de desarrollar interesantes sesiones formativas dentro del <strong>Sent-met<\/strong>, con un equipo dirigido por la prestigiosa <strong>Helena Huidobro<\/strong>, mientras que <strong>para los adultos hubo masterclass<\/strong> de un d\u00eda centradas en todo tipo de instrumentos.\u00a0 Por \u00faltimo el Sent-me cont\u00f3 con <strong>variadas propuestas culturales<\/strong> que arrancaron en la noche del martes con <strong>un concierto a cargo de la Banda de la Federaci\u00f3n de Sociedades Musicales de la Comunidad Valenciana<\/strong>. Uno de los platos fuertes de estas veladas musicales fue <strong>la puesta en escena de \u2018Sherezade, las mil y una noches\u2019<\/strong>; un espect\u00e1culo \u00a0que traslad\u00f3 a los presentes en el patio del Palau Comtal el mi\u00e9rcoles por la noche a la fantas\u00eda \u00e1rabe gracias a las melod\u00edas interpretadas por <strong>la Orquesta Sinf\u00f3nica de la Regi\u00f3n de Murcia<\/strong>. Finalmente el jueves<strong> se pudo disfrutar de una audici\u00f3n del Quartet de Corda de la Universitat d\u2019Alacant<\/strong> \u201c<em>ha sido una edici\u00f3n m\u00e1gica en la que de nuevo el p\u00fablico ha respaldado todos los conciertos y en la que los participantes han disfrutado much\u00edsimo de las actividades formativas que se han desarrollado. A partir de ahora comienza a funcionar la maquinaria del Sent-me de 2020 porque queremos que este evento siga en Cocentaina, un pueblo que ama la m\u00fasica, por muchos a\u00f1os m\u00e1s<\/em>\u201d, aseguraba el Director Art\u00edstico del Certamen; <strong>Ignacio Garc\u00eda Vidal<\/strong>.<\/p>\n<p style=\"text-align: justify;\">Los <strong>compases finales<\/strong> del Sent-me sonaron con fuerza el viernes 12 de julio por la noche en <strong>el \u00faltimo concierto de este 2019<\/strong>, previsto en el Centre Cultural El Teular, con <strong>la participaci\u00f3n de los alumnos del Sent-me<\/strong> junto a la <strong>Orquesta de Conjunto Instrumental<\/strong> del mismo bautizada para la ocasi\u00f3n \u2018Concertaina\u2019.<\/p>\n","protected":false},"excerpt":{"rendered":"<p>Cocentaina puso el punto y final a la edici\u00f3n 2019 del Sent-me el pasado viernes tras una intensa semana en&#8230;<\/p>\n","protected":false},"author":1,"featured_media":53185,"comment_status":"open","ping_status":"open","sticky":false,"template":"","format":"standard","meta":{"footnotes":""},"categories":[98,75],"tags":[132,7907,8993,973],"class_list":["post-53184","post","type-post","status-publish","format-standard","has-post-thumbnail","hentry","category-comarcas","category-noticias","tag-cocentaina","tag-culmina","tag-edicion-2019","tag-sent-me"],"yoast_head":"<!-- This site is optimized with the Yoast SEO plugin v27.3 - https:\/\/yoast.com\/product\/yoast-seo-wordpress\/ -->\n<title>Culmina con \u00e9xito la edici\u00f3n 2019 del Sent-me en Cocentaina - COPE Alcoy<\/title>\n<meta name=\"robots\" content=\"index, follow, max-snippet:-1, max-image-preview:large, max-video-preview:-1\" \/>\n<link rel=\"canonical\" href=\"https:\/\/www.copealcoy.es\/es\/culmina-con-exito-la-edicion-2019-del-sent-me-en-cocentaina\/\" \/>\n<meta property=\"og:locale\" content=\"es_ES\" \/>\n<meta property=\"og:type\" content=\"article\" \/>\n<meta property=\"og:title\" content=\"Culmina con \u00e9xito la edici\u00f3n 2019 del Sent-me en Cocentaina - COPE Alcoy\" \/>\n<meta property=\"og:description\" content=\"Cocentaina puso el punto y final a la edici\u00f3n 2019 del Sent-me el pasado viernes tras una intensa semana en...\" \/>\n<meta property=\"og:url\" content=\"https:\/\/www.copealcoy.es\/es\/culmina-con-exito-la-edicion-2019-del-sent-me-en-cocentaina\/\" \/>\n<meta property=\"og:site_name\" content=\"COPE Alcoy\" \/>\n<meta property=\"article:published_time\" content=\"2019-07-16T16:22:41+00:00\" \/>\n<meta property=\"og:image\" content=\"https:\/\/www.copealcoy.es\/wp-content\/uploads\/2019\/07\/6-Ignacio-Garc\u00eda-Vidal-es-el-Director-Art\u00edstico-del-Sent-me-Foto-Agrupaci\u00f3-Fotogr\u00e0fica-Contestana-e1563294140167-1.jpg\" \/>\n\t<meta property=\"og:image:width\" content=\"960\" \/>\n\t<meta property=\"og:image:height\" content=\"528\" \/>\n\t<meta property=\"og:image:type\" content=\"image\/jpeg\" \/>\n<meta name=\"author\" content=\"Cope Alcoy\" \/>\n<meta name=\"twitter:label1\" content=\"Escrito por\" \/>\n\t<meta name=\"twitter:data1\" content=\"Cope Alcoy\" \/>\n\t<meta name=\"twitter:label2\" content=\"Tiempo de lectura\" \/>\n\t<meta name=\"twitter:data2\" content=\"2 minutos\" \/>\n<script type=\"application\/ld+json\" class=\"yoast-schema-graph\">{\"@context\":\"https:\\\/\\\/schema.org\",\"@graph\":[{\"@type\":\"Article\",\"@id\":\"https:\\\/\\\/www.copealcoy.es\\\/es\\\/culmina-con-exito-la-edicion-2019-del-sent-me-en-cocentaina\\\/#article\",\"isPartOf\":{\"@id\":\"https:\\\/\\\/www.copealcoy.es\\\/es\\\/culmina-con-exito-la-edicion-2019-del-sent-me-en-cocentaina\\\/\"},\"author\":{\"name\":\"Cope Alcoy\",\"@id\":\"https:\\\/\\\/www.copealcoy.es\\\/es\\\/#\\\/schema\\\/person\\\/e777c87fa024e57d40170af9df39882c\"},\"headline\":\"Culmina con \u00e9xito la edici\u00f3n 2019 del Sent-me en Cocentaina\",\"datePublished\":\"2019-07-16T16:22:41+00:00\",\"mainEntityOfPage\":{\"@id\":\"https:\\\/\\\/www.copealcoy.es\\\/es\\\/culmina-con-exito-la-edicion-2019-del-sent-me-en-cocentaina\\\/\"},\"wordCount\":388,\"commentCount\":0,\"image\":{\"@id\":\"https:\\\/\\\/www.copealcoy.es\\\/es\\\/culmina-con-exito-la-edicion-2019-del-sent-me-en-cocentaina\\\/#primaryimage\"},\"thumbnailUrl\":\"https:\\\/\\\/www.copealcoy.es\\\/wp-content\\\/uploads\\\/2019\\\/07\\\/6-Ignacio-Garc\u00eda-Vidal-es-el-Director-Art\u00edstico-del-Sent-me-Foto-Agrupaci\u00f3-Fotogr\u00e0fica-Contestana-e1563294140167-1.jpg\",\"keywords\":[\"Cocentaina\",\"culmina\",\"edici\u00f3n 2019\",\"Sent-Me\"],\"articleSection\":[\"Comarcas\",\"Noticias\"],\"inLanguage\":\"es\"},{\"@type\":\"WebPage\",\"@id\":\"https:\\\/\\\/www.copealcoy.es\\\/es\\\/culmina-con-exito-la-edicion-2019-del-sent-me-en-cocentaina\\\/\",\"url\":\"https:\\\/\\\/www.copealcoy.es\\\/es\\\/culmina-con-exito-la-edicion-2019-del-sent-me-en-cocentaina\\\/\",\"name\":\"Culmina con \u00e9xito la edici\u00f3n 2019 del Sent-me en Cocentaina - COPE Alcoy\",\"isPartOf\":{\"@id\":\"https:\\\/\\\/www.copealcoy.es\\\/es\\\/#website\"},\"primaryImageOfPage\":{\"@id\":\"https:\\\/\\\/www.copealcoy.es\\\/es\\\/culmina-con-exito-la-edicion-2019-del-sent-me-en-cocentaina\\\/#primaryimage\"},\"image\":{\"@id\":\"https:\\\/\\\/www.copealcoy.es\\\/es\\\/culmina-con-exito-la-edicion-2019-del-sent-me-en-cocentaina\\\/#primaryimage\"},\"thumbnailUrl\":\"https:\\\/\\\/www.copealcoy.es\\\/wp-content\\\/uploads\\\/2019\\\/07\\\/6-Ignacio-Garc\u00eda-Vidal-es-el-Director-Art\u00edstico-del-Sent-me-Foto-Agrupaci\u00f3-Fotogr\u00e0fica-Contestana-e1563294140167-1.jpg\",\"datePublished\":\"2019-07-16T16:22:41+00:00\",\"author\":{\"@id\":\"https:\\\/\\\/www.copealcoy.es\\\/es\\\/#\\\/schema\\\/person\\\/e777c87fa024e57d40170af9df39882c\"},\"breadcrumb\":{\"@id\":\"https:\\\/\\\/www.copealcoy.es\\\/es\\\/culmina-con-exito-la-edicion-2019-del-sent-me-en-cocentaina\\\/#breadcrumb\"},\"inLanguage\":\"es\",\"potentialAction\":[{\"@type\":\"ReadAction\",\"target\":[\"https:\\\/\\\/www.copealcoy.es\\\/es\\\/culmina-con-exito-la-edicion-2019-del-sent-me-en-cocentaina\\\/\"]}]},{\"@type\":\"ImageObject\",\"inLanguage\":\"es\",\"@id\":\"https:\\\/\\\/www.copealcoy.es\\\/es\\\/culmina-con-exito-la-edicion-2019-del-sent-me-en-cocentaina\\\/#primaryimage\",\"url\":\"https:\\\/\\\/www.copealcoy.es\\\/wp-content\\\/uploads\\\/2019\\\/07\\\/6-Ignacio-Garc\u00eda-Vidal-es-el-Director-Art\u00edstico-del-Sent-me-Foto-Agrupaci\u00f3-Fotogr\u00e0fica-Contestana-e1563294140167-1.jpg\",\"contentUrl\":\"https:\\\/\\\/www.copealcoy.es\\\/wp-content\\\/uploads\\\/2019\\\/07\\\/6-Ignacio-Garc\u00eda-Vidal-es-el-Director-Art\u00edstico-del-Sent-me-Foto-Agrupaci\u00f3-Fotogr\u00e0fica-Contestana-e1563294140167-1.jpg\",\"width\":960,\"height\":528,\"caption\":\"Ignacio Garc\u00eda Vidal es el Director Art\u00edstico del Sent-me \\\/ Foto: Agrupaci\u00f3 Fotogr\u00e0fica Contestana\"},{\"@type\":\"BreadcrumbList\",\"@id\":\"https:\\\/\\\/www.copealcoy.es\\\/es\\\/culmina-con-exito-la-edicion-2019-del-sent-me-en-cocentaina\\\/#breadcrumb\",\"itemListElement\":[{\"@type\":\"ListItem\",\"position\":1,\"name\":\"Portada\",\"item\":\"https:\\\/\\\/www.copealcoy.es\\\/es\\\/\"},{\"@type\":\"ListItem\",\"position\":2,\"name\":\"Culmina con \u00e9xito la edici\u00f3n 2019 del Sent-me en Cocentaina\"}]},{\"@type\":\"WebSite\",\"@id\":\"https:\\\/\\\/www.copealcoy.es\\\/es\\\/#website\",\"url\":\"https:\\\/\\\/www.copealcoy.es\\\/es\\\/\",\"name\":\"COPE Alcoy\",\"description\":\"Emisora COPE de radio local con emisi\u00f3n online. Pont de Sant Jordi 8-10 03803 Alcoy\",\"potentialAction\":[{\"@type\":\"SearchAction\",\"target\":{\"@type\":\"EntryPoint\",\"urlTemplate\":\"https:\\\/\\\/www.copealcoy.es\\\/es\\\/?s={search_term_string}\"},\"query-input\":{\"@type\":\"PropertyValueSpecification\",\"valueRequired\":true,\"valueName\":\"search_term_string\"}}],\"inLanguage\":\"es\"},{\"@type\":\"Person\",\"@id\":\"https:\\\/\\\/www.copealcoy.es\\\/es\\\/#\\\/schema\\\/person\\\/e777c87fa024e57d40170af9df39882c\",\"name\":\"Cope Alcoy\",\"image\":{\"@type\":\"ImageObject\",\"inLanguage\":\"es\",\"@id\":\"https:\\\/\\\/secure.gravatar.com\\\/avatar\\\/bb65d0283347e303893ba14f0692005417c1e0e690a325a4c5d8bb2b3943ee14?s=96&d=mm&r=g\",\"url\":\"https:\\\/\\\/secure.gravatar.com\\\/avatar\\\/bb65d0283347e303893ba14f0692005417c1e0e690a325a4c5d8bb2b3943ee14?s=96&d=mm&r=g\",\"contentUrl\":\"https:\\\/\\\/secure.gravatar.com\\\/avatar\\\/bb65d0283347e303893ba14f0692005417c1e0e690a325a4c5d8bb2b3943ee14?s=96&d=mm&r=g\",\"caption\":\"Cope Alcoy\"}}]}<\/script>\n<!-- \/ Yoast SEO plugin. -->","yoast_head_json":{"title":"Culmina con \u00e9xito la edici\u00f3n 2019 del Sent-me en Cocentaina - COPE Alcoy","robots":{"index":"index","follow":"follow","max-snippet":"max-snippet:-1","max-image-preview":"max-image-preview:large","max-video-preview":"max-video-preview:-1"},"canonical":"https:\/\/www.copealcoy.es\/es\/culmina-con-exito-la-edicion-2019-del-sent-me-en-cocentaina\/","og_locale":"es_ES","og_type":"article","og_title":"Culmina con \u00e9xito la edici\u00f3n 2019 del Sent-me en Cocentaina - COPE Alcoy","og_description":"Cocentaina puso el punto y final a la edici\u00f3n 2019 del Sent-me el pasado viernes tras una intensa semana en...","og_url":"https:\/\/www.copealcoy.es\/es\/culmina-con-exito-la-edicion-2019-del-sent-me-en-cocentaina\/","og_site_name":"COPE Alcoy","article_published_time":"2019-07-16T16:22:41+00:00","og_image":[{"width":960,"height":528,"url":"https:\/\/www.copealcoy.es\/wp-content\/uploads\/2019\/07\/6-Ignacio-Garc\u00eda-Vidal-es-el-Director-Art\u00edstico-del-Sent-me-Foto-Agrupaci\u00f3-Fotogr\u00e0fica-Contestana-e1563294140167-1.jpg","type":"image\/jpeg"}],"author":"Cope Alcoy","twitter_misc":{"Escrito por":"Cope Alcoy","Tiempo de lectura":"2 minutos"},"schema":{"@context":"https:\/\/schema.org","@graph":[{"@type":"Article","@id":"https:\/\/www.copealcoy.es\/es\/culmina-con-exito-la-edicion-2019-del-sent-me-en-cocentaina\/#article","isPartOf":{"@id":"https:\/\/www.copealcoy.es\/es\/culmina-con-exito-la-edicion-2019-del-sent-me-en-cocentaina\/"},"author":{"name":"Cope Alcoy","@id":"https:\/\/www.copealcoy.es\/es\/#\/schema\/person\/e777c87fa024e57d40170af9df39882c"},"headline":"Culmina con \u00e9xito la edici\u00f3n 2019 del Sent-me en Cocentaina","datePublished":"2019-07-16T16:22:41+00:00","mainEntityOfPage":{"@id":"https:\/\/www.copealcoy.es\/es\/culmina-con-exito-la-edicion-2019-del-sent-me-en-cocentaina\/"},"wordCount":388,"commentCount":0,"image":{"@id":"https:\/\/www.copealcoy.es\/es\/culmina-con-exito-la-edicion-2019-del-sent-me-en-cocentaina\/#primaryimage"},"thumbnailUrl":"https:\/\/www.copealcoy.es\/wp-content\/uploads\/2019\/07\/6-Ignacio-Garc\u00eda-Vidal-es-el-Director-Art\u00edstico-del-Sent-me-Foto-Agrupaci\u00f3-Fotogr\u00e0fica-Contestana-e1563294140167-1.jpg","keywords":["Cocentaina","culmina","edici\u00f3n 2019","Sent-Me"],"articleSection":["Comarcas","Noticias"],"inLanguage":"es"},{"@type":"WebPage","@id":"https:\/\/www.copealcoy.es\/es\/culmina-con-exito-la-edicion-2019-del-sent-me-en-cocentaina\/","url":"https:\/\/www.copealcoy.es\/es\/culmina-con-exito-la-edicion-2019-del-sent-me-en-cocentaina\/","name":"Culmina con \u00e9xito la edici\u00f3n 2019 del Sent-me en Cocentaina - COPE Alcoy","isPartOf":{"@id":"https:\/\/www.copealcoy.es\/es\/#website"},"primaryImageOfPage":{"@id":"https:\/\/www.copealcoy.es\/es\/culmina-con-exito-la-edicion-2019-del-sent-me-en-cocentaina\/#primaryimage"},"image":{"@id":"https:\/\/www.copealcoy.es\/es\/culmina-con-exito-la-edicion-2019-del-sent-me-en-cocentaina\/#primaryimage"},"thumbnailUrl":"https:\/\/www.copealcoy.es\/wp-content\/uploads\/2019\/07\/6-Ignacio-Garc\u00eda-Vidal-es-el-Director-Art\u00edstico-del-Sent-me-Foto-Agrupaci\u00f3-Fotogr\u00e0fica-Contestana-e1563294140167-1.jpg","datePublished":"2019-07-16T16:22:41+00:00","author":{"@id":"https:\/\/www.copealcoy.es\/es\/#\/schema\/person\/e777c87fa024e57d40170af9df39882c"},"breadcrumb":{"@id":"https:\/\/www.copealcoy.es\/es\/culmina-con-exito-la-edicion-2019-del-sent-me-en-cocentaina\/#breadcrumb"},"inLanguage":"es","potentialAction":[{"@type":"ReadAction","target":["https:\/\/www.copealcoy.es\/es\/culmina-con-exito-la-edicion-2019-del-sent-me-en-cocentaina\/"]}]},{"@type":"ImageObject","inLanguage":"es","@id":"https:\/\/www.copealcoy.es\/es\/culmina-con-exito-la-edicion-2019-del-sent-me-en-cocentaina\/#primaryimage","url":"https:\/\/www.copealcoy.es\/wp-content\/uploads\/2019\/07\/6-Ignacio-Garc\u00eda-Vidal-es-el-Director-Art\u00edstico-del-Sent-me-Foto-Agrupaci\u00f3-Fotogr\u00e0fica-Contestana-e1563294140167-1.jpg","contentUrl":"https:\/\/www.copealcoy.es\/wp-content\/uploads\/2019\/07\/6-Ignacio-Garc\u00eda-Vidal-es-el-Director-Art\u00edstico-del-Sent-me-Foto-Agrupaci\u00f3-Fotogr\u00e0fica-Contestana-e1563294140167-1.jpg","width":960,"height":528,"caption":"Ignacio Garc\u00eda Vidal es el Director Art\u00edstico del Sent-me \/ Foto: Agrupaci\u00f3 Fotogr\u00e0fica Contestana"},{"@type":"BreadcrumbList","@id":"https:\/\/www.copealcoy.es\/es\/culmina-con-exito-la-edicion-2019-del-sent-me-en-cocentaina\/#breadcrumb","itemListElement":[{"@type":"ListItem","position":1,"name":"Portada","item":"https:\/\/www.copealcoy.es\/es\/"},{"@type":"ListItem","position":2,"name":"Culmina con \u00e9xito la edici\u00f3n 2019 del Sent-me en Cocentaina"}]},{"@type":"WebSite","@id":"https:\/\/www.copealcoy.es\/es\/#website","url":"https:\/\/www.copealcoy.es\/es\/","name":"COPE Alcoy","description":"Emisora COPE de radio local con emisi\u00f3n online. Pont de Sant Jordi 8-10 03803 Alcoy","potentialAction":[{"@type":"SearchAction","target":{"@type":"EntryPoint","urlTemplate":"https:\/\/www.copealcoy.es\/es\/?s={search_term_string}"},"query-input":{"@type":"PropertyValueSpecification","valueRequired":true,"valueName":"search_term_string"}}],"inLanguage":"es"},{"@type":"Person","@id":"https:\/\/www.copealcoy.es\/es\/#\/schema\/person\/e777c87fa024e57d40170af9df39882c","name":"Cope Alcoy","image":{"@type":"ImageObject","inLanguage":"es","@id":"https:\/\/secure.gravatar.com\/avatar\/bb65d0283347e303893ba14f0692005417c1e0e690a325a4c5d8bb2b3943ee14?s=96&d=mm&r=g","url":"https:\/\/secure.gravatar.com\/avatar\/bb65d0283347e303893ba14f0692005417c1e0e690a325a4c5d8bb2b3943ee14?s=96&d=mm&r=g","contentUrl":"https:\/\/secure.gravatar.com\/avatar\/bb65d0283347e303893ba14f0692005417c1e0e690a325a4c5d8bb2b3943ee14?s=96&d=mm&r=g","caption":"Cope Alcoy"}}]}},"_links":{"self":[{"href":"https:\/\/www.copealcoy.es\/es\/wp-json\/wp\/v2\/posts\/53184","targetHints":{"allow":["GET"]}}],"collection":[{"href":"https:\/\/www.copealcoy.es\/es\/wp-json\/wp\/v2\/posts"}],"about":[{"href":"https:\/\/www.copealcoy.es\/es\/wp-json\/wp\/v2\/types\/post"}],"author":[{"embeddable":true,"href":"https:\/\/www.copealcoy.es\/es\/wp-json\/wp\/v2\/users\/1"}],"replies":[{"embeddable":true,"href":"https:\/\/www.copealcoy.es\/es\/wp-json\/wp\/v2\/comments?post=53184"}],"version-history":[{"count":0,"href":"https:\/\/www.copealcoy.es\/es\/wp-json\/wp\/v2\/posts\/53184\/revisions"}],"wp:featuredmedia":[{"embeddable":true,"href":"https:\/\/www.copealcoy.es\/es\/wp-json\/wp\/v2\/media\/53185"}],"wp:attachment":[{"href":"https:\/\/www.copealcoy.es\/es\/wp-json\/wp\/v2\/media?parent=53184"}],"wp:term":[{"taxonomy":"category","embeddable":true,"href":"https:\/\/www.copealcoy.es\/es\/wp-json\/wp\/v2\/categories?post=53184"},{"taxonomy":"post_tag","embeddable":true,"href":"https:\/\/www.copealcoy.es\/es\/wp-json\/wp\/v2\/tags?post=53184"}],"curies":[{"name":"wp","href":"https:\/\/api.w.org\/{rel}","templated":true}]}}