{"id":53115,"date":"2019-07-14T18:00:09","date_gmt":"2019-07-14T18:00:09","guid":{"rendered":"https:\/\/copealcoi.es\/?p=53115"},"modified":"2019-07-14T18:00:09","modified_gmt":"2019-07-14T18:00:09","slug":"alcoy-desarrollara-dos-proyectos-innovadores-con-el-apoyo-economico-del-consell","status":"publish","type":"post","link":"https:\/\/www.copealcoy.es\/es\/alcoy-desarrollara-dos-proyectos-innovadores-con-el-apoyo-economico-del-consell\/","title":{"rendered":"Alcoy impulsar\u00e1 dos proyectos innovadores con el respaldo del Consell"},"content":{"rendered":"<p style=\"text-align: justify;\"><span lang=\"ES\">El <strong>Ayuntamiento de Alcoy<\/strong> ha recibido <strong>unas subvenciones del Consell<\/strong>, a trav\u00e9s de la Ag\u00e8ncia Valenciana de la Innovaci\u00f3, para <strong>desarrollar dos proyectos innovadores<\/strong> dentro de la iniciativa \u2018Smart City\u2019. <\/span><\/p>\n<p style=\"text-align: justify;\"><span lang=\"ES\">Por una parte <strong>se contar\u00e1 con 95.000 para iniciar un Proceso de Compra P\u00fablica Innovadora<\/strong>, mediante el cual se encargar\u00e1 a una empresa que desarrolle un sistema tecnol\u00f3gico que permita <strong>monitorizar los movimientos<\/strong> <strong>de tierra<\/strong> que pueda haber en la ciudad de cara a <strong>prevenir desprendimientos<\/strong> en espacios naturales e incluso ca\u00eddas de inmuebles. La iniciativa <strong>se desarrollar\u00e1 durante dos a\u00f1os<\/strong> y el proceso <strong>incluye<\/strong>\u00a0<\/span><span style=\"font-size: inherit;\">la formaci\u00f3n de los t\u00e9cnicos municipales, un estudio de la demanda y la redacci\u00f3n de pliego de condiciones para la licitaci\u00f3n de la misma.<\/span><\/p>\n<p style=\"text-align: justify;\"><span lang=\"ES\">El <strong>segundo proyecto<\/strong>, con <strong>una cuant\u00eda de 70.000 euros<\/strong>, ser\u00e1 desarrollado por el <strong>Campus de Alcoy de la UPV<\/strong> as\u00ed como por <strong>la Universidad de Alicante<\/strong> y consistir\u00e1 en desarrollar <strong>un sistema bajo el nombre de &#8216;Alcoi Smart Social&#8217;<\/strong> que sea capaz de analizar <strong>los comportamientos de nuestros mayores<\/strong>; especialmente de los que viven solos. De esta forma\u00a0<\/span><span lang=\"ES\"><strong>se podr\u00e1 anticipar<\/strong>\u00a0<strong>a<\/strong>\u00a0<strong>cualquier situaci\u00f3n de riesgo<\/strong> como una ca\u00edda antes incluso de que ellos mismos den la se\u00f1al de alarma. <\/span><\/p>\n<p style=\"text-align: justify;\"><span lang=\"ES\">El alcalde de la ciudad, <strong>Antonio Franc\u00e9s<\/strong>, se mostraba satisfecho el pasado viernes ante el hecho de que Alcoy <strong>vaya a llevar a cabo los mencionados proyectos<\/strong> y aseguraba que &#8220;<em>nuestro Ayuntamiento, con el esfuerzo de este Gobierno Municipal y el importante trabajo de nuestros t\u00e9cnicos, es el que\u00a0<\/em><\/span><span style=\"font-size: inherit;\"><em>\u00a0m\u00e1s proyectos ha conseguido en esta convocatoria; un hecho que nos hace tener una identidad propia como una ciudad pionera y transformadora<\/em>&#8220;; afirm\u00f3.\u00a0<\/span><\/p>\n<p style=\"text-align: justify;\">Apuntar que ambas propuestas, seg\u00fan detall\u00f3 Franc\u00e9s, formaban parte de <strong>las 14 que resultaron finalmente elegidas de entre las 60 presentadas en toda la Comunidad Valenciana<\/strong> por varios Consistorios as\u00ed como Centros Tecnol\u00f3gicos, Formativos y Educativos.<\/p>\n","protected":false},"excerpt":{"rendered":"<p>El Ayuntamiento de Alcoy ha recibido unas subvenciones del Consell, a trav\u00e9s de la Ag\u00e8ncia Valenciana de la Innovaci\u00f3, para&#8230;<\/p>\n","protected":false},"author":1,"featured_media":53121,"comment_status":"open","ping_status":"open","sticky":false,"template":"","format":"standard","meta":{"footnotes":""},"categories":[97,75,79,125],"tags":[1494,3208,479,452,248],"class_list":["post-53115","post","type-post","status-publish","format-standard","has-post-thumbnail","hentry","category-alcoy","category-noticias","category-politicayeconomia","category-portada","tag-alcoy","tag-apoyo-economico","tag-consell","tag-proyectos","tag-smart-city"],"yoast_head":"<!-- This site is optimized with the Yoast SEO plugin v27.3 - https:\/\/yoast.com\/product\/yoast-seo-wordpress\/ -->\n<title>Alcoy impulsar\u00e1 dos proyectos innovadores con el respaldo del Consell - COPE Alcoy<\/title>\n<meta name=\"robots\" content=\"index, follow, max-snippet:-1, max-image-preview:large, max-video-preview:-1\" \/>\n<link rel=\"canonical\" href=\"https:\/\/www.copealcoy.es\/es\/alcoy-desarrollara-dos-proyectos-innovadores-con-el-apoyo-economico-del-consell\/\" \/>\n<meta property=\"og:locale\" content=\"es_ES\" \/>\n<meta property=\"og:type\" content=\"article\" \/>\n<meta property=\"og:title\" content=\"Alcoy impulsar\u00e1 dos proyectos innovadores con el respaldo del Consell - COPE Alcoy\" \/>\n<meta property=\"og:description\" content=\"El Ayuntamiento de Alcoy ha recibido unas subvenciones del Consell, a trav\u00e9s de la Ag\u00e8ncia Valenciana de la Innovaci\u00f3, para...\" \/>\n<meta property=\"og:url\" content=\"https:\/\/www.copealcoy.es\/es\/alcoy-desarrollara-dos-proyectos-innovadores-con-el-apoyo-economico-del-consell\/\" \/>\n<meta property=\"og:site_name\" content=\"COPE Alcoy\" \/>\n<meta property=\"article:published_time\" content=\"2019-07-14T18:00:09+00:00\" \/>\n<meta property=\"og:image\" content=\"https:\/\/www.copealcoy.es\/wp-content\/uploads\/2019\/07\/IMG_9586-e1563127316399-1.jpg\" \/>\n\t<meta property=\"og:image:width\" content=\"710\" \/>\n\t<meta property=\"og:image:height\" content=\"428\" \/>\n\t<meta property=\"og:image:type\" content=\"image\/jpeg\" \/>\n<meta name=\"author\" content=\"Cope Alcoy\" \/>\n<meta name=\"twitter:label1\" content=\"Escrito por\" \/>\n\t<meta name=\"twitter:data1\" content=\"Cope Alcoy\" \/>\n\t<meta name=\"twitter:label2\" content=\"Tiempo de lectura\" \/>\n\t<meta name=\"twitter:data2\" content=\"2 minutos\" \/>\n<script type=\"application\/ld+json\" class=\"yoast-schema-graph\">{\"@context\":\"https:\\\/\\\/schema.org\",\"@graph\":[{\"@type\":\"Article\",\"@id\":\"https:\\\/\\\/www.copealcoy.es\\\/es\\\/alcoy-desarrollara-dos-proyectos-innovadores-con-el-apoyo-economico-del-consell\\\/#article\",\"isPartOf\":{\"@id\":\"https:\\\/\\\/www.copealcoy.es\\\/es\\\/alcoy-desarrollara-dos-proyectos-innovadores-con-el-apoyo-economico-del-consell\\\/\"},\"author\":{\"name\":\"Cope Alcoy\",\"@id\":\"https:\\\/\\\/www.copealcoy.es\\\/es\\\/#\\\/schema\\\/person\\\/e777c87fa024e57d40170af9df39882c\"},\"headline\":\"Alcoy impulsar\u00e1 dos proyectos innovadores con el respaldo del Consell\",\"datePublished\":\"2019-07-14T18:00:09+00:00\",\"mainEntityOfPage\":{\"@id\":\"https:\\\/\\\/www.copealcoy.es\\\/es\\\/alcoy-desarrollara-dos-proyectos-innovadores-con-el-apoyo-economico-del-consell\\\/\"},\"wordCount\":333,\"commentCount\":0,\"image\":{\"@id\":\"https:\\\/\\\/www.copealcoy.es\\\/es\\\/alcoy-desarrollara-dos-proyectos-innovadores-con-el-apoyo-economico-del-consell\\\/#primaryimage\"},\"thumbnailUrl\":\"https:\\\/\\\/www.copealcoy.es\\\/wp-content\\\/uploads\\\/2019\\\/07\\\/IMG_9586-e1563127316399-1.jpg\",\"keywords\":[\"Alcoy\",\"apoyo econ\u00f3mico\",\"Consell\",\"Proyectos\",\"Smart City\"],\"articleSection\":[\"Alcoy\",\"Noticias\",\"Pol\u00edtica y Econom\u00eda\",\"Portada\"],\"inLanguage\":\"es\"},{\"@type\":\"WebPage\",\"@id\":\"https:\\\/\\\/www.copealcoy.es\\\/es\\\/alcoy-desarrollara-dos-proyectos-innovadores-con-el-apoyo-economico-del-consell\\\/\",\"url\":\"https:\\\/\\\/www.copealcoy.es\\\/es\\\/alcoy-desarrollara-dos-proyectos-innovadores-con-el-apoyo-economico-del-consell\\\/\",\"name\":\"Alcoy impulsar\u00e1 dos proyectos innovadores con el respaldo del Consell - COPE Alcoy\",\"isPartOf\":{\"@id\":\"https:\\\/\\\/www.copealcoy.es\\\/es\\\/#website\"},\"primaryImageOfPage\":{\"@id\":\"https:\\\/\\\/www.copealcoy.es\\\/es\\\/alcoy-desarrollara-dos-proyectos-innovadores-con-el-apoyo-economico-del-consell\\\/#primaryimage\"},\"image\":{\"@id\":\"https:\\\/\\\/www.copealcoy.es\\\/es\\\/alcoy-desarrollara-dos-proyectos-innovadores-con-el-apoyo-economico-del-consell\\\/#primaryimage\"},\"thumbnailUrl\":\"https:\\\/\\\/www.copealcoy.es\\\/wp-content\\\/uploads\\\/2019\\\/07\\\/IMG_9586-e1563127316399-1.jpg\",\"datePublished\":\"2019-07-14T18:00:09+00:00\",\"author\":{\"@id\":\"https:\\\/\\\/www.copealcoy.es\\\/es\\\/#\\\/schema\\\/person\\\/e777c87fa024e57d40170af9df39882c\"},\"breadcrumb\":{\"@id\":\"https:\\\/\\\/www.copealcoy.es\\\/es\\\/alcoy-desarrollara-dos-proyectos-innovadores-con-el-apoyo-economico-del-consell\\\/#breadcrumb\"},\"inLanguage\":\"es\",\"potentialAction\":[{\"@type\":\"ReadAction\",\"target\":[\"https:\\\/\\\/www.copealcoy.es\\\/es\\\/alcoy-desarrollara-dos-proyectos-innovadores-con-el-apoyo-economico-del-consell\\\/\"]}]},{\"@type\":\"ImageObject\",\"inLanguage\":\"es\",\"@id\":\"https:\\\/\\\/www.copealcoy.es\\\/es\\\/alcoy-desarrollara-dos-proyectos-innovadores-con-el-apoyo-economico-del-consell\\\/#primaryimage\",\"url\":\"https:\\\/\\\/www.copealcoy.es\\\/wp-content\\\/uploads\\\/2019\\\/07\\\/IMG_9586-e1563127316399-1.jpg\",\"contentUrl\":\"https:\\\/\\\/www.copealcoy.es\\\/wp-content\\\/uploads\\\/2019\\\/07\\\/IMG_9586-e1563127316399-1.jpg\",\"width\":710,\"height\":428},{\"@type\":\"BreadcrumbList\",\"@id\":\"https:\\\/\\\/www.copealcoy.es\\\/es\\\/alcoy-desarrollara-dos-proyectos-innovadores-con-el-apoyo-economico-del-consell\\\/#breadcrumb\",\"itemListElement\":[{\"@type\":\"ListItem\",\"position\":1,\"name\":\"Portada\",\"item\":\"https:\\\/\\\/www.copealcoy.es\\\/es\\\/\"},{\"@type\":\"ListItem\",\"position\":2,\"name\":\"Alcoy impulsar\u00e1 dos proyectos innovadores con el respaldo del Consell\"}]},{\"@type\":\"WebSite\",\"@id\":\"https:\\\/\\\/www.copealcoy.es\\\/es\\\/#website\",\"url\":\"https:\\\/\\\/www.copealcoy.es\\\/es\\\/\",\"name\":\"COPE Alcoy\",\"description\":\"Emisora COPE de radio local con emisi\u00f3n online. Pont de Sant Jordi 8-10 03803 Alcoy\",\"potentialAction\":[{\"@type\":\"SearchAction\",\"target\":{\"@type\":\"EntryPoint\",\"urlTemplate\":\"https:\\\/\\\/www.copealcoy.es\\\/es\\\/?s={search_term_string}\"},\"query-input\":{\"@type\":\"PropertyValueSpecification\",\"valueRequired\":true,\"valueName\":\"search_term_string\"}}],\"inLanguage\":\"es\"},{\"@type\":\"Person\",\"@id\":\"https:\\\/\\\/www.copealcoy.es\\\/es\\\/#\\\/schema\\\/person\\\/e777c87fa024e57d40170af9df39882c\",\"name\":\"Cope Alcoy\",\"image\":{\"@type\":\"ImageObject\",\"inLanguage\":\"es\",\"@id\":\"https:\\\/\\\/secure.gravatar.com\\\/avatar\\\/bb65d0283347e303893ba14f0692005417c1e0e690a325a4c5d8bb2b3943ee14?s=96&d=mm&r=g\",\"url\":\"https:\\\/\\\/secure.gravatar.com\\\/avatar\\\/bb65d0283347e303893ba14f0692005417c1e0e690a325a4c5d8bb2b3943ee14?s=96&d=mm&r=g\",\"contentUrl\":\"https:\\\/\\\/secure.gravatar.com\\\/avatar\\\/bb65d0283347e303893ba14f0692005417c1e0e690a325a4c5d8bb2b3943ee14?s=96&d=mm&r=g\",\"caption\":\"Cope Alcoy\"}}]}<\/script>\n<!-- \/ Yoast SEO plugin. -->","yoast_head_json":{"title":"Alcoy impulsar\u00e1 dos proyectos innovadores con el respaldo del Consell - COPE Alcoy","robots":{"index":"index","follow":"follow","max-snippet":"max-snippet:-1","max-image-preview":"max-image-preview:large","max-video-preview":"max-video-preview:-1"},"canonical":"https:\/\/www.copealcoy.es\/es\/alcoy-desarrollara-dos-proyectos-innovadores-con-el-apoyo-economico-del-consell\/","og_locale":"es_ES","og_type":"article","og_title":"Alcoy impulsar\u00e1 dos proyectos innovadores con el respaldo del Consell - COPE Alcoy","og_description":"El Ayuntamiento de Alcoy ha recibido unas subvenciones del Consell, a trav\u00e9s de la Ag\u00e8ncia Valenciana de la Innovaci\u00f3, para...","og_url":"https:\/\/www.copealcoy.es\/es\/alcoy-desarrollara-dos-proyectos-innovadores-con-el-apoyo-economico-del-consell\/","og_site_name":"COPE Alcoy","article_published_time":"2019-07-14T18:00:09+00:00","og_image":[{"width":710,"height":428,"url":"https:\/\/www.copealcoy.es\/wp-content\/uploads\/2019\/07\/IMG_9586-e1563127316399-1.jpg","type":"image\/jpeg"}],"author":"Cope Alcoy","twitter_misc":{"Escrito por":"Cope Alcoy","Tiempo de lectura":"2 minutos"},"schema":{"@context":"https:\/\/schema.org","@graph":[{"@type":"Article","@id":"https:\/\/www.copealcoy.es\/es\/alcoy-desarrollara-dos-proyectos-innovadores-con-el-apoyo-economico-del-consell\/#article","isPartOf":{"@id":"https:\/\/www.copealcoy.es\/es\/alcoy-desarrollara-dos-proyectos-innovadores-con-el-apoyo-economico-del-consell\/"},"author":{"name":"Cope Alcoy","@id":"https:\/\/www.copealcoy.es\/es\/#\/schema\/person\/e777c87fa024e57d40170af9df39882c"},"headline":"Alcoy impulsar\u00e1 dos proyectos innovadores con el respaldo del Consell","datePublished":"2019-07-14T18:00:09+00:00","mainEntityOfPage":{"@id":"https:\/\/www.copealcoy.es\/es\/alcoy-desarrollara-dos-proyectos-innovadores-con-el-apoyo-economico-del-consell\/"},"wordCount":333,"commentCount":0,"image":{"@id":"https:\/\/www.copealcoy.es\/es\/alcoy-desarrollara-dos-proyectos-innovadores-con-el-apoyo-economico-del-consell\/#primaryimage"},"thumbnailUrl":"https:\/\/www.copealcoy.es\/wp-content\/uploads\/2019\/07\/IMG_9586-e1563127316399-1.jpg","keywords":["Alcoy","apoyo econ\u00f3mico","Consell","Proyectos","Smart City"],"articleSection":["Alcoy","Noticias","Pol\u00edtica y Econom\u00eda","Portada"],"inLanguage":"es"},{"@type":"WebPage","@id":"https:\/\/www.copealcoy.es\/es\/alcoy-desarrollara-dos-proyectos-innovadores-con-el-apoyo-economico-del-consell\/","url":"https:\/\/www.copealcoy.es\/es\/alcoy-desarrollara-dos-proyectos-innovadores-con-el-apoyo-economico-del-consell\/","name":"Alcoy impulsar\u00e1 dos proyectos innovadores con el respaldo del Consell - COPE Alcoy","isPartOf":{"@id":"https:\/\/www.copealcoy.es\/es\/#website"},"primaryImageOfPage":{"@id":"https:\/\/www.copealcoy.es\/es\/alcoy-desarrollara-dos-proyectos-innovadores-con-el-apoyo-economico-del-consell\/#primaryimage"},"image":{"@id":"https:\/\/www.copealcoy.es\/es\/alcoy-desarrollara-dos-proyectos-innovadores-con-el-apoyo-economico-del-consell\/#primaryimage"},"thumbnailUrl":"https:\/\/www.copealcoy.es\/wp-content\/uploads\/2019\/07\/IMG_9586-e1563127316399-1.jpg","datePublished":"2019-07-14T18:00:09+00:00","author":{"@id":"https:\/\/www.copealcoy.es\/es\/#\/schema\/person\/e777c87fa024e57d40170af9df39882c"},"breadcrumb":{"@id":"https:\/\/www.copealcoy.es\/es\/alcoy-desarrollara-dos-proyectos-innovadores-con-el-apoyo-economico-del-consell\/#breadcrumb"},"inLanguage":"es","potentialAction":[{"@type":"ReadAction","target":["https:\/\/www.copealcoy.es\/es\/alcoy-desarrollara-dos-proyectos-innovadores-con-el-apoyo-economico-del-consell\/"]}]},{"@type":"ImageObject","inLanguage":"es","@id":"https:\/\/www.copealcoy.es\/es\/alcoy-desarrollara-dos-proyectos-innovadores-con-el-apoyo-economico-del-consell\/#primaryimage","url":"https:\/\/www.copealcoy.es\/wp-content\/uploads\/2019\/07\/IMG_9586-e1563127316399-1.jpg","contentUrl":"https:\/\/www.copealcoy.es\/wp-content\/uploads\/2019\/07\/IMG_9586-e1563127316399-1.jpg","width":710,"height":428},{"@type":"BreadcrumbList","@id":"https:\/\/www.copealcoy.es\/es\/alcoy-desarrollara-dos-proyectos-innovadores-con-el-apoyo-economico-del-consell\/#breadcrumb","itemListElement":[{"@type":"ListItem","position":1,"name":"Portada","item":"https:\/\/www.copealcoy.es\/es\/"},{"@type":"ListItem","position":2,"name":"Alcoy impulsar\u00e1 dos proyectos innovadores con el respaldo del Consell"}]},{"@type":"WebSite","@id":"https:\/\/www.copealcoy.es\/es\/#website","url":"https:\/\/www.copealcoy.es\/es\/","name":"COPE Alcoy","description":"Emisora COPE de radio local con emisi\u00f3n online. Pont de Sant Jordi 8-10 03803 Alcoy","potentialAction":[{"@type":"SearchAction","target":{"@type":"EntryPoint","urlTemplate":"https:\/\/www.copealcoy.es\/es\/?s={search_term_string}"},"query-input":{"@type":"PropertyValueSpecification","valueRequired":true,"valueName":"search_term_string"}}],"inLanguage":"es"},{"@type":"Person","@id":"https:\/\/www.copealcoy.es\/es\/#\/schema\/person\/e777c87fa024e57d40170af9df39882c","name":"Cope Alcoy","image":{"@type":"ImageObject","inLanguage":"es","@id":"https:\/\/secure.gravatar.com\/avatar\/bb65d0283347e303893ba14f0692005417c1e0e690a325a4c5d8bb2b3943ee14?s=96&d=mm&r=g","url":"https:\/\/secure.gravatar.com\/avatar\/bb65d0283347e303893ba14f0692005417c1e0e690a325a4c5d8bb2b3943ee14?s=96&d=mm&r=g","contentUrl":"https:\/\/secure.gravatar.com\/avatar\/bb65d0283347e303893ba14f0692005417c1e0e690a325a4c5d8bb2b3943ee14?s=96&d=mm&r=g","caption":"Cope Alcoy"}}]}},"_links":{"self":[{"href":"https:\/\/www.copealcoy.es\/es\/wp-json\/wp\/v2\/posts\/53115","targetHints":{"allow":["GET"]}}],"collection":[{"href":"https:\/\/www.copealcoy.es\/es\/wp-json\/wp\/v2\/posts"}],"about":[{"href":"https:\/\/www.copealcoy.es\/es\/wp-json\/wp\/v2\/types\/post"}],"author":[{"embeddable":true,"href":"https:\/\/www.copealcoy.es\/es\/wp-json\/wp\/v2\/users\/1"}],"replies":[{"embeddable":true,"href":"https:\/\/www.copealcoy.es\/es\/wp-json\/wp\/v2\/comments?post=53115"}],"version-history":[{"count":0,"href":"https:\/\/www.copealcoy.es\/es\/wp-json\/wp\/v2\/posts\/53115\/revisions"}],"wp:featuredmedia":[{"embeddable":true,"href":"https:\/\/www.copealcoy.es\/es\/wp-json\/wp\/v2\/media\/53121"}],"wp:attachment":[{"href":"https:\/\/www.copealcoy.es\/es\/wp-json\/wp\/v2\/media?parent=53115"}],"wp:term":[{"taxonomy":"category","embeddable":true,"href":"https:\/\/www.copealcoy.es\/es\/wp-json\/wp\/v2\/categories?post=53115"},{"taxonomy":"post_tag","embeddable":true,"href":"https:\/\/www.copealcoy.es\/es\/wp-json\/wp\/v2\/tags?post=53115"}],"curies":[{"name":"wp","href":"https:\/\/api.w.org\/{rel}","templated":true}]}}