{"id":52972,"date":"2019-07-10T13:44:36","date_gmt":"2019-07-10T13:44:36","guid":{"rendered":"https:\/\/copealcoi.es\/?p=52972"},"modified":"2019-07-10T13:44:36","modified_gmt":"2019-07-10T13:44:36","slug":"el-carrascal-volvera-a-estar-presente-en-la-feria-modernista","status":"publish","type":"post","link":"https:\/\/www.copealcoy.es\/es\/el-carrascal-volvera-a-estar-presente-en-la-feria-modernista\/","title":{"rendered":"El Carrascal volver\u00e1 a estar presente en la Feria Modernista"},"content":{"rendered":"<p style=\"text-align: justify;\"><span lang=\"ES\">El <strong>Grup de Danses Carrascal de Alcoy<\/strong> volver\u00e1 a estar presente en <strong>la Fira Modernista<\/strong> de nuestra ciudad que<strong> vivir\u00e1 sus d\u00edas centrales<\/strong> entre el 20 y 22 del pr\u00f3ximo mes de septiembre. <\/span><\/p>\n<p style=\"text-align: justify;\"><span lang=\"ES\">En esta ocasi\u00f3n, <strong>la entidad ayudar\u00e1 a los comercios a elaborar escaparates con tem\u00e1tica modernista<\/strong> y, antes del preg\u00f3n del viernes 20, representar\u00e1 a<strong> la figura de Do\u00f1a Amalia<\/strong>; personaje a quien va dedicada la Feria de este a\u00f1o. La concentraci\u00f3n comenzar\u00e1 a las 19 horas en Santo Tom\u00e1s e <strong>ir\u00e1 hasta Embajador Irles donde viv\u00eda Do\u00f1a Amalia<\/strong> antes de proceder al citado Preg\u00f3n y al desfile hasta la plaza de Ferr\u00e1ndiz y Carbonell. <\/span><\/p>\n<p style=\"text-align: justify;\"><span lang=\"ES\">Por \u00faltimo El Carrascal estar\u00e1 presente en <strong>la inauguraci\u00f3n del Certamen<\/strong> y el domingo a las 12 habr\u00e1 <strong>un Encuentro de Dol\u00e7aines en la Glorieta<\/strong> con la presencia de tres grupos musicales. Uno de ellos ser\u00e1 de <strong>gaiteros<\/strong> que vendr\u00e1n a Alcoy desde Galicia para interpretar m\u00fasica de la \u00e9poca modernista.\u00a0<\/span><\/p>\n<p><iframe loading=\"lazy\" title=\"Rp Fira Modernista 2019. Grup de Danses Carrascal\" width=\"1200\" height=\"900\" src=\"https:\/\/www.youtube.com\/embed\/xawdlzP17JE?feature=oembed\" frameborder=\"0\" allow=\"accelerometer; autoplay; encrypted-media; gyroscope; picture-in-picture\" allowfullscreen><\/iframe><\/p>\n","protected":false},"excerpt":{"rendered":"<p>El Grup de Danses Carrascal de Alcoy volver\u00e1 a estar presente en la Fira Modernista de nuestra ciudad que vivir\u00e1&#8230;<\/p>\n","protected":false},"author":1,"featured_media":52975,"comment_status":"open","ping_status":"open","sticky":false,"template":"","format":"standard","meta":{"footnotes":""},"categories":[97,78,75],"tags":[1494,1460,4643],"class_list":["post-52972","post","type-post","status-publish","format-standard","has-post-thumbnail","hentry","category-alcoy","category-fiestaycultura","category-noticias","tag-alcoy","tag-carrascal","tag-feria-modernista"],"yoast_head":"<!-- This site is optimized with the Yoast SEO plugin v27.3 - https:\/\/yoast.com\/product\/yoast-seo-wordpress\/ -->\n<title>El Carrascal volver\u00e1 a estar presente en la Feria Modernista - COPE Alcoy<\/title>\n<meta name=\"robots\" content=\"index, follow, max-snippet:-1, max-image-preview:large, max-video-preview:-1\" \/>\n<link rel=\"canonical\" href=\"https:\/\/www.copealcoy.es\/es\/el-carrascal-volvera-a-estar-presente-en-la-feria-modernista\/\" \/>\n<meta property=\"og:locale\" content=\"es_ES\" \/>\n<meta property=\"og:type\" content=\"article\" \/>\n<meta property=\"og:title\" content=\"El Carrascal volver\u00e1 a estar presente en la Feria Modernista - COPE Alcoy\" \/>\n<meta property=\"og:description\" content=\"El Grup de Danses Carrascal de Alcoy volver\u00e1 a estar presente en la Fira Modernista de nuestra ciudad que vivir\u00e1...\" \/>\n<meta property=\"og:url\" content=\"https:\/\/www.copealcoy.es\/es\/el-carrascal-volvera-a-estar-presente-en-la-feria-modernista\/\" \/>\n<meta property=\"og:site_name\" content=\"COPE Alcoy\" \/>\n<meta property=\"article:published_time\" content=\"2019-07-10T13:44:36+00:00\" \/>\n<meta property=\"og:image\" content=\"https:\/\/www.copealcoy.es\/wp-content\/uploads\/2019\/07\/IMG_9526-1.jpg\" \/>\n\t<meta property=\"og:image:width\" content=\"987\" \/>\n\t<meta property=\"og:image:height\" content=\"546\" \/>\n\t<meta property=\"og:image:type\" content=\"image\/jpeg\" \/>\n<meta name=\"author\" content=\"Cope Alcoy\" \/>\n<meta name=\"twitter:label1\" content=\"Escrito por\" \/>\n\t<meta name=\"twitter:data1\" content=\"Cope Alcoy\" \/>\n\t<meta name=\"twitter:label2\" content=\"Tiempo de lectura\" \/>\n\t<meta name=\"twitter:data2\" content=\"1 minuto\" \/>\n<script type=\"application\/ld+json\" class=\"yoast-schema-graph\">{\"@context\":\"https:\\\/\\\/schema.org\",\"@graph\":[{\"@type\":\"Article\",\"@id\":\"https:\\\/\\\/www.copealcoy.es\\\/es\\\/el-carrascal-volvera-a-estar-presente-en-la-feria-modernista\\\/#article\",\"isPartOf\":{\"@id\":\"https:\\\/\\\/www.copealcoy.es\\\/es\\\/el-carrascal-volvera-a-estar-presente-en-la-feria-modernista\\\/\"},\"author\":{\"name\":\"Cope Alcoy\",\"@id\":\"https:\\\/\\\/www.copealcoy.es\\\/es\\\/#\\\/schema\\\/person\\\/e777c87fa024e57d40170af9df39882c\"},\"headline\":\"El Carrascal volver\u00e1 a estar presente en la Feria Modernista\",\"datePublished\":\"2019-07-10T13:44:36+00:00\",\"mainEntityOfPage\":{\"@id\":\"https:\\\/\\\/www.copealcoy.es\\\/es\\\/el-carrascal-volvera-a-estar-presente-en-la-feria-modernista\\\/\"},\"wordCount\":188,\"commentCount\":0,\"image\":{\"@id\":\"https:\\\/\\\/www.copealcoy.es\\\/es\\\/el-carrascal-volvera-a-estar-presente-en-la-feria-modernista\\\/#primaryimage\"},\"thumbnailUrl\":\"https:\\\/\\\/www.copealcoy.es\\\/wp-content\\\/uploads\\\/2019\\\/07\\\/IMG_9526-1.jpg\",\"keywords\":[\"Alcoy\",\"Carrascal\",\"Feria Modernista\"],\"articleSection\":[\"Alcoy\",\"Fiesta y Cultura\",\"Noticias\"],\"inLanguage\":\"es\"},{\"@type\":\"WebPage\",\"@id\":\"https:\\\/\\\/www.copealcoy.es\\\/es\\\/el-carrascal-volvera-a-estar-presente-en-la-feria-modernista\\\/\",\"url\":\"https:\\\/\\\/www.copealcoy.es\\\/es\\\/el-carrascal-volvera-a-estar-presente-en-la-feria-modernista\\\/\",\"name\":\"El Carrascal volver\u00e1 a estar presente en la Feria Modernista - COPE Alcoy\",\"isPartOf\":{\"@id\":\"https:\\\/\\\/www.copealcoy.es\\\/es\\\/#website\"},\"primaryImageOfPage\":{\"@id\":\"https:\\\/\\\/www.copealcoy.es\\\/es\\\/el-carrascal-volvera-a-estar-presente-en-la-feria-modernista\\\/#primaryimage\"},\"image\":{\"@id\":\"https:\\\/\\\/www.copealcoy.es\\\/es\\\/el-carrascal-volvera-a-estar-presente-en-la-feria-modernista\\\/#primaryimage\"},\"thumbnailUrl\":\"https:\\\/\\\/www.copealcoy.es\\\/wp-content\\\/uploads\\\/2019\\\/07\\\/IMG_9526-1.jpg\",\"datePublished\":\"2019-07-10T13:44:36+00:00\",\"author\":{\"@id\":\"https:\\\/\\\/www.copealcoy.es\\\/es\\\/#\\\/schema\\\/person\\\/e777c87fa024e57d40170af9df39882c\"},\"breadcrumb\":{\"@id\":\"https:\\\/\\\/www.copealcoy.es\\\/es\\\/el-carrascal-volvera-a-estar-presente-en-la-feria-modernista\\\/#breadcrumb\"},\"inLanguage\":\"es\",\"potentialAction\":[{\"@type\":\"ReadAction\",\"target\":[\"https:\\\/\\\/www.copealcoy.es\\\/es\\\/el-carrascal-volvera-a-estar-presente-en-la-feria-modernista\\\/\"]}]},{\"@type\":\"ImageObject\",\"inLanguage\":\"es\",\"@id\":\"https:\\\/\\\/www.copealcoy.es\\\/es\\\/el-carrascal-volvera-a-estar-presente-en-la-feria-modernista\\\/#primaryimage\",\"url\":\"https:\\\/\\\/www.copealcoy.es\\\/wp-content\\\/uploads\\\/2019\\\/07\\\/IMG_9526-1.jpg\",\"contentUrl\":\"https:\\\/\\\/www.copealcoy.es\\\/wp-content\\\/uploads\\\/2019\\\/07\\\/IMG_9526-1.jpg\",\"width\":987,\"height\":546,\"caption\":\"Representantes del Carrascal explicando las actividades en las que estar\u00e1n presentes\"},{\"@type\":\"BreadcrumbList\",\"@id\":\"https:\\\/\\\/www.copealcoy.es\\\/es\\\/el-carrascal-volvera-a-estar-presente-en-la-feria-modernista\\\/#breadcrumb\",\"itemListElement\":[{\"@type\":\"ListItem\",\"position\":1,\"name\":\"Portada\",\"item\":\"https:\\\/\\\/www.copealcoy.es\\\/es\\\/\"},{\"@type\":\"ListItem\",\"position\":2,\"name\":\"El Carrascal volver\u00e1 a estar presente en la Feria Modernista\"}]},{\"@type\":\"WebSite\",\"@id\":\"https:\\\/\\\/www.copealcoy.es\\\/es\\\/#website\",\"url\":\"https:\\\/\\\/www.copealcoy.es\\\/es\\\/\",\"name\":\"COPE Alcoy\",\"description\":\"Emisora COPE de radio local con emisi\u00f3n online. Pont de Sant Jordi 8-10 03803 Alcoy\",\"potentialAction\":[{\"@type\":\"SearchAction\",\"target\":{\"@type\":\"EntryPoint\",\"urlTemplate\":\"https:\\\/\\\/www.copealcoy.es\\\/es\\\/?s={search_term_string}\"},\"query-input\":{\"@type\":\"PropertyValueSpecification\",\"valueRequired\":true,\"valueName\":\"search_term_string\"}}],\"inLanguage\":\"es\"},{\"@type\":\"Person\",\"@id\":\"https:\\\/\\\/www.copealcoy.es\\\/es\\\/#\\\/schema\\\/person\\\/e777c87fa024e57d40170af9df39882c\",\"name\":\"Cope Alcoy\",\"image\":{\"@type\":\"ImageObject\",\"inLanguage\":\"es\",\"@id\":\"https:\\\/\\\/secure.gravatar.com\\\/avatar\\\/bb65d0283347e303893ba14f0692005417c1e0e690a325a4c5d8bb2b3943ee14?s=96&d=mm&r=g\",\"url\":\"https:\\\/\\\/secure.gravatar.com\\\/avatar\\\/bb65d0283347e303893ba14f0692005417c1e0e690a325a4c5d8bb2b3943ee14?s=96&d=mm&r=g\",\"contentUrl\":\"https:\\\/\\\/secure.gravatar.com\\\/avatar\\\/bb65d0283347e303893ba14f0692005417c1e0e690a325a4c5d8bb2b3943ee14?s=96&d=mm&r=g\",\"caption\":\"Cope Alcoy\"}}]}<\/script>\n<!-- \/ Yoast SEO plugin. -->","yoast_head_json":{"title":"El Carrascal volver\u00e1 a estar presente en la Feria Modernista - COPE Alcoy","robots":{"index":"index","follow":"follow","max-snippet":"max-snippet:-1","max-image-preview":"max-image-preview:large","max-video-preview":"max-video-preview:-1"},"canonical":"https:\/\/www.copealcoy.es\/es\/el-carrascal-volvera-a-estar-presente-en-la-feria-modernista\/","og_locale":"es_ES","og_type":"article","og_title":"El Carrascal volver\u00e1 a estar presente en la Feria Modernista - COPE Alcoy","og_description":"El Grup de Danses Carrascal de Alcoy volver\u00e1 a estar presente en la Fira Modernista de nuestra ciudad que vivir\u00e1...","og_url":"https:\/\/www.copealcoy.es\/es\/el-carrascal-volvera-a-estar-presente-en-la-feria-modernista\/","og_site_name":"COPE Alcoy","article_published_time":"2019-07-10T13:44:36+00:00","og_image":[{"width":987,"height":546,"url":"https:\/\/www.copealcoy.es\/wp-content\/uploads\/2019\/07\/IMG_9526-1.jpg","type":"image\/jpeg"}],"author":"Cope Alcoy","twitter_misc":{"Escrito por":"Cope Alcoy","Tiempo de lectura":"1 minuto"},"schema":{"@context":"https:\/\/schema.org","@graph":[{"@type":"Article","@id":"https:\/\/www.copealcoy.es\/es\/el-carrascal-volvera-a-estar-presente-en-la-feria-modernista\/#article","isPartOf":{"@id":"https:\/\/www.copealcoy.es\/es\/el-carrascal-volvera-a-estar-presente-en-la-feria-modernista\/"},"author":{"name":"Cope Alcoy","@id":"https:\/\/www.copealcoy.es\/es\/#\/schema\/person\/e777c87fa024e57d40170af9df39882c"},"headline":"El Carrascal volver\u00e1 a estar presente en la Feria Modernista","datePublished":"2019-07-10T13:44:36+00:00","mainEntityOfPage":{"@id":"https:\/\/www.copealcoy.es\/es\/el-carrascal-volvera-a-estar-presente-en-la-feria-modernista\/"},"wordCount":188,"commentCount":0,"image":{"@id":"https:\/\/www.copealcoy.es\/es\/el-carrascal-volvera-a-estar-presente-en-la-feria-modernista\/#primaryimage"},"thumbnailUrl":"https:\/\/www.copealcoy.es\/wp-content\/uploads\/2019\/07\/IMG_9526-1.jpg","keywords":["Alcoy","Carrascal","Feria Modernista"],"articleSection":["Alcoy","Fiesta y Cultura","Noticias"],"inLanguage":"es"},{"@type":"WebPage","@id":"https:\/\/www.copealcoy.es\/es\/el-carrascal-volvera-a-estar-presente-en-la-feria-modernista\/","url":"https:\/\/www.copealcoy.es\/es\/el-carrascal-volvera-a-estar-presente-en-la-feria-modernista\/","name":"El Carrascal volver\u00e1 a estar presente en la Feria Modernista - COPE Alcoy","isPartOf":{"@id":"https:\/\/www.copealcoy.es\/es\/#website"},"primaryImageOfPage":{"@id":"https:\/\/www.copealcoy.es\/es\/el-carrascal-volvera-a-estar-presente-en-la-feria-modernista\/#primaryimage"},"image":{"@id":"https:\/\/www.copealcoy.es\/es\/el-carrascal-volvera-a-estar-presente-en-la-feria-modernista\/#primaryimage"},"thumbnailUrl":"https:\/\/www.copealcoy.es\/wp-content\/uploads\/2019\/07\/IMG_9526-1.jpg","datePublished":"2019-07-10T13:44:36+00:00","author":{"@id":"https:\/\/www.copealcoy.es\/es\/#\/schema\/person\/e777c87fa024e57d40170af9df39882c"},"breadcrumb":{"@id":"https:\/\/www.copealcoy.es\/es\/el-carrascal-volvera-a-estar-presente-en-la-feria-modernista\/#breadcrumb"},"inLanguage":"es","potentialAction":[{"@type":"ReadAction","target":["https:\/\/www.copealcoy.es\/es\/el-carrascal-volvera-a-estar-presente-en-la-feria-modernista\/"]}]},{"@type":"ImageObject","inLanguage":"es","@id":"https:\/\/www.copealcoy.es\/es\/el-carrascal-volvera-a-estar-presente-en-la-feria-modernista\/#primaryimage","url":"https:\/\/www.copealcoy.es\/wp-content\/uploads\/2019\/07\/IMG_9526-1.jpg","contentUrl":"https:\/\/www.copealcoy.es\/wp-content\/uploads\/2019\/07\/IMG_9526-1.jpg","width":987,"height":546,"caption":"Representantes del Carrascal explicando las actividades en las que estar\u00e1n presentes"},{"@type":"BreadcrumbList","@id":"https:\/\/www.copealcoy.es\/es\/el-carrascal-volvera-a-estar-presente-en-la-feria-modernista\/#breadcrumb","itemListElement":[{"@type":"ListItem","position":1,"name":"Portada","item":"https:\/\/www.copealcoy.es\/es\/"},{"@type":"ListItem","position":2,"name":"El Carrascal volver\u00e1 a estar presente en la Feria Modernista"}]},{"@type":"WebSite","@id":"https:\/\/www.copealcoy.es\/es\/#website","url":"https:\/\/www.copealcoy.es\/es\/","name":"COPE Alcoy","description":"Emisora COPE de radio local con emisi\u00f3n online. Pont de Sant Jordi 8-10 03803 Alcoy","potentialAction":[{"@type":"SearchAction","target":{"@type":"EntryPoint","urlTemplate":"https:\/\/www.copealcoy.es\/es\/?s={search_term_string}"},"query-input":{"@type":"PropertyValueSpecification","valueRequired":true,"valueName":"search_term_string"}}],"inLanguage":"es"},{"@type":"Person","@id":"https:\/\/www.copealcoy.es\/es\/#\/schema\/person\/e777c87fa024e57d40170af9df39882c","name":"Cope Alcoy","image":{"@type":"ImageObject","inLanguage":"es","@id":"https:\/\/secure.gravatar.com\/avatar\/bb65d0283347e303893ba14f0692005417c1e0e690a325a4c5d8bb2b3943ee14?s=96&d=mm&r=g","url":"https:\/\/secure.gravatar.com\/avatar\/bb65d0283347e303893ba14f0692005417c1e0e690a325a4c5d8bb2b3943ee14?s=96&d=mm&r=g","contentUrl":"https:\/\/secure.gravatar.com\/avatar\/bb65d0283347e303893ba14f0692005417c1e0e690a325a4c5d8bb2b3943ee14?s=96&d=mm&r=g","caption":"Cope Alcoy"}}]}},"_links":{"self":[{"href":"https:\/\/www.copealcoy.es\/es\/wp-json\/wp\/v2\/posts\/52972","targetHints":{"allow":["GET"]}}],"collection":[{"href":"https:\/\/www.copealcoy.es\/es\/wp-json\/wp\/v2\/posts"}],"about":[{"href":"https:\/\/www.copealcoy.es\/es\/wp-json\/wp\/v2\/types\/post"}],"author":[{"embeddable":true,"href":"https:\/\/www.copealcoy.es\/es\/wp-json\/wp\/v2\/users\/1"}],"replies":[{"embeddable":true,"href":"https:\/\/www.copealcoy.es\/es\/wp-json\/wp\/v2\/comments?post=52972"}],"version-history":[{"count":0,"href":"https:\/\/www.copealcoy.es\/es\/wp-json\/wp\/v2\/posts\/52972\/revisions"}],"wp:featuredmedia":[{"embeddable":true,"href":"https:\/\/www.copealcoy.es\/es\/wp-json\/wp\/v2\/media\/52975"}],"wp:attachment":[{"href":"https:\/\/www.copealcoy.es\/es\/wp-json\/wp\/v2\/media?parent=52972"}],"wp:term":[{"taxonomy":"category","embeddable":true,"href":"https:\/\/www.copealcoy.es\/es\/wp-json\/wp\/v2\/categories?post=52972"},{"taxonomy":"post_tag","embeddable":true,"href":"https:\/\/www.copealcoy.es\/es\/wp-json\/wp\/v2\/tags?post=52972"}],"curies":[{"name":"wp","href":"https:\/\/api.w.org\/{rel}","templated":true}]}}