{"id":52937,"date":"2019-07-09T21:17:23","date_gmt":"2019-07-09T21:17:23","guid":{"rendered":"https:\/\/copealcoi.es\/?p=52937"},"modified":"2019-07-09T21:17:23","modified_gmt":"2019-07-09T21:17:23","slug":"la-festa-de-cocentaina-proclamo-a-los-cargos-del-2019","status":"publish","type":"post","link":"https:\/\/www.copealcoy.es\/es\/la-festa-de-cocentaina-proclamo-a-los-cargos-del-2019\/","title":{"rendered":"La Festa de Cocentaina proclam\u00f3 a los Cargos del 2019"},"content":{"rendered":"<p style=\"text-align: justify;\">Cocentaina <strong>present\u00f3 el pasado s\u00e1bado 6 de julio<\/strong> a <strong>los Cargos Festeros<\/strong> del 2019 en el transcurso de <strong>una gala<\/strong> celebrada en el <strong>patio de armas del Palau Comtal<\/strong> que condujo nuestro compa\u00f1ero, y actual Jefe de Informativos de Cope Alcoy, <strong>Gabriel Pascual Borr\u00e1s<\/strong>.<\/p>\n<p style=\"text-align: justify;\">La ceremonia comenz\u00f3 con <strong>las palabras<\/strong> del Presidente de la Junta de Fiestas, <strong>Hip\u00f2lit Borr\u00e0s<\/strong>, mediante un discurso en el que aprovech\u00f3 para hacer <strong>un balance positivo<\/strong> de la etapa de tres a\u00f1os que cierra al frente de la m\u00e1xima entidad festera contestana. De igual forma <strong>agradeci\u00f3<\/strong> a sus compa\u00f1eros de Junta, familiares, amigos y al Ayuntamiento el respaldo recibido en todo este tiempo para <strong>poder desarrollar los diferentes proyectos \u00a0y objetivos<\/strong> que se marc\u00f3 en su presidencia.<\/p>\n<p style=\"text-align: justify;\">Los minutos iniciales de la velada incluyeron tambi\u00e9n el descubrimiento del <strong>Cartel Anunciador<\/strong>, creado por <strong>el escultor Mois\u00e9s Gil<\/strong>, en el que se <strong>intercalan la figura de un moro y cristiano<\/strong> sobre fondo blanco junto a tonalidades azules. Seguidamente se record\u00f3 que<strong> Edu Bernabeu Valls<\/strong> ser\u00e1 el <strong>Director del Himno de Fiestas<\/strong> y el presentador del acto, ante la ausencia del compositor por motivos laborales, <strong>ley\u00f3 una carta en la que el protagonista expresaba su satisfacci\u00f3n<\/strong> por haber sido designado para esta responsabilidad.<\/p>\n<p style=\"text-align: justify;\">La parte central de la gala estuvo reservada para <strong>la propia presentaci\u00f3n de los Cargos Festeros<\/strong>, una responsabilidad que asumen este a\u00f1o <strong>M\u00e0xim Ferrer Sell\u00e9s<\/strong> (Capit\u00e1n Cristiano de la Fil\u00e0 Contestanos), <strong>Javier Pascual Motos<\/strong> (Abanderado Cristiano de la Fil\u00e0 Creuats), <strong>Rub\u00e9n Colomina Arroyo<\/strong> (Capit\u00e1n Moro de la Fil\u00e0 Bereberes &#8216;Els Borts&#8217;) y <strong>Abraham Molt\u00f3 Garc\u00eda<\/strong> (Abanderado Moro de la Fil\u00e0 Manta Roja). Como es habitual, los cuatro <strong>dirigieron unas palabras al p\u00fablico<\/strong> y recibieron un detalle<strong> en recuerdo de este a\u00f1o<\/strong> tan especial que vivir\u00e1n en las Fiestas en honor a Sant Hip\u00f3lit.<\/p>\n<p style=\"text-align: justify;\">Por \u00faltimo tom\u00f3 la palabra <strong>el Mantendor de este a\u00f1o<\/strong>, el compositor murero <strong>Jos\u00e9 Rafael Pascual Vilaplana<\/strong>, y en su alocuci\u00f3n<strong> habl\u00f3<\/strong> de la m\u00fasica festera, el papel de los m\u00fasicos en la Festa, los or\u00edgenes de estas celebraciones e incluso lo que para el representa la Fiesta de Cocentaina.<\/p>\n<p style=\"text-align: justify;\">La Presentaci\u00f3n de los Cargos termin\u00f3 con <strong>la interpretaci\u00f3n del Himno de Fiestas<\/strong>, el <strong>disparo de una traca<\/strong> y <strong>una cena<\/strong> a la que asistieron m\u00e1s de cuatrocientos comensales entre festeras y festeros de las 16 filaes contestanas as\u00ed como invitados y autoridades.<\/p>\n","protected":false},"excerpt":{"rendered":"<p>Cocentaina present\u00f3 el pasado s\u00e1bado 6 de julio a los Cargos Festeros del 2019 en el transcurso de una gala&#8230;<\/p>\n","protected":false},"author":1,"featured_media":52938,"comment_status":"open","ping_status":"open","sticky":false,"template":"","format":"standard","meta":{"footnotes":""},"categories":[98,75],"tags":[5994,1156,8956],"class_list":["post-52937","post","type-post","status-publish","format-standard","has-post-thumbnail","hentry","category-comarcas","category-noticias","tag-5994","tag-cargos","tag-festa-cocentaina"],"yoast_head":"<!-- This site is optimized with the Yoast SEO plugin v27.3 - https:\/\/yoast.com\/product\/yoast-seo-wordpress\/ -->\n<title>La Festa de Cocentaina proclam\u00f3 a los Cargos del 2019 - COPE Alcoy<\/title>\n<meta name=\"robots\" content=\"index, follow, max-snippet:-1, max-image-preview:large, max-video-preview:-1\" \/>\n<link rel=\"canonical\" href=\"https:\/\/www.copealcoy.es\/es\/la-festa-de-cocentaina-proclamo-a-los-cargos-del-2019\/\" \/>\n<meta property=\"og:locale\" content=\"es_ES\" \/>\n<meta property=\"og:type\" content=\"article\" \/>\n<meta property=\"og:title\" content=\"La Festa de Cocentaina proclam\u00f3 a los Cargos del 2019 - COPE Alcoy\" \/>\n<meta property=\"og:description\" content=\"Cocentaina present\u00f3 el pasado s\u00e1bado 6 de julio a los Cargos Festeros del 2019 en el transcurso de una gala...\" \/>\n<meta property=\"og:url\" content=\"https:\/\/www.copealcoy.es\/es\/la-festa-de-cocentaina-proclamo-a-los-cargos-del-2019\/\" \/>\n<meta property=\"og:site_name\" content=\"COPE Alcoy\" \/>\n<meta property=\"article:published_time\" content=\"2019-07-09T21:17:23+00:00\" \/>\n<meta property=\"og:image\" content=\"https:\/\/www.copealcoy.es\/wp-content\/uploads\/2019\/07\/IMG_9482-1-scaled.jpg\" \/>\n\t<meta property=\"og:image:width\" content=\"2560\" \/>\n\t<meta property=\"og:image:height\" content=\"1707\" \/>\n\t<meta property=\"og:image:type\" content=\"image\/jpeg\" \/>\n<meta name=\"author\" content=\"Cope Alcoy\" \/>\n<meta name=\"twitter:label1\" content=\"Escrito por\" \/>\n\t<meta name=\"twitter:data1\" content=\"Cope Alcoy\" \/>\n\t<meta name=\"twitter:label2\" content=\"Tiempo de lectura\" \/>\n\t<meta name=\"twitter:data2\" content=\"2 minutos\" \/>\n<script type=\"application\/ld+json\" class=\"yoast-schema-graph\">{\"@context\":\"https:\\\/\\\/schema.org\",\"@graph\":[{\"@type\":\"Article\",\"@id\":\"https:\\\/\\\/www.copealcoy.es\\\/es\\\/la-festa-de-cocentaina-proclamo-a-los-cargos-del-2019\\\/#article\",\"isPartOf\":{\"@id\":\"https:\\\/\\\/www.copealcoy.es\\\/es\\\/la-festa-de-cocentaina-proclamo-a-los-cargos-del-2019\\\/\"},\"author\":{\"name\":\"Cope Alcoy\",\"@id\":\"https:\\\/\\\/www.copealcoy.es\\\/es\\\/#\\\/schema\\\/person\\\/e777c87fa024e57d40170af9df39882c\"},\"headline\":\"La Festa de Cocentaina proclam\u00f3 a los Cargos del 2019\",\"datePublished\":\"2019-07-09T21:17:23+00:00\",\"mainEntityOfPage\":{\"@id\":\"https:\\\/\\\/www.copealcoy.es\\\/es\\\/la-festa-de-cocentaina-proclamo-a-los-cargos-del-2019\\\/\"},\"wordCount\":428,\"commentCount\":0,\"image\":{\"@id\":\"https:\\\/\\\/www.copealcoy.es\\\/es\\\/la-festa-de-cocentaina-proclamo-a-los-cargos-del-2019\\\/#primaryimage\"},\"thumbnailUrl\":\"https:\\\/\\\/www.copealcoy.es\\\/wp-content\\\/uploads\\\/2019\\\/07\\\/IMG_9482-1-scaled.jpg\",\"keywords\":[\"2019\",\"cargos\",\"Festa Cocentaina\"],\"articleSection\":[\"Comarcas\",\"Noticias\"],\"inLanguage\":\"es\"},{\"@type\":\"WebPage\",\"@id\":\"https:\\\/\\\/www.copealcoy.es\\\/es\\\/la-festa-de-cocentaina-proclamo-a-los-cargos-del-2019\\\/\",\"url\":\"https:\\\/\\\/www.copealcoy.es\\\/es\\\/la-festa-de-cocentaina-proclamo-a-los-cargos-del-2019\\\/\",\"name\":\"La Festa de Cocentaina proclam\u00f3 a los Cargos del 2019 - COPE Alcoy\",\"isPartOf\":{\"@id\":\"https:\\\/\\\/www.copealcoy.es\\\/es\\\/#website\"},\"primaryImageOfPage\":{\"@id\":\"https:\\\/\\\/www.copealcoy.es\\\/es\\\/la-festa-de-cocentaina-proclamo-a-los-cargos-del-2019\\\/#primaryimage\"},\"image\":{\"@id\":\"https:\\\/\\\/www.copealcoy.es\\\/es\\\/la-festa-de-cocentaina-proclamo-a-los-cargos-del-2019\\\/#primaryimage\"},\"thumbnailUrl\":\"https:\\\/\\\/www.copealcoy.es\\\/wp-content\\\/uploads\\\/2019\\\/07\\\/IMG_9482-1-scaled.jpg\",\"datePublished\":\"2019-07-09T21:17:23+00:00\",\"author\":{\"@id\":\"https:\\\/\\\/www.copealcoy.es\\\/es\\\/#\\\/schema\\\/person\\\/e777c87fa024e57d40170af9df39882c\"},\"breadcrumb\":{\"@id\":\"https:\\\/\\\/www.copealcoy.es\\\/es\\\/la-festa-de-cocentaina-proclamo-a-los-cargos-del-2019\\\/#breadcrumb\"},\"inLanguage\":\"es\",\"potentialAction\":[{\"@type\":\"ReadAction\",\"target\":[\"https:\\\/\\\/www.copealcoy.es\\\/es\\\/la-festa-de-cocentaina-proclamo-a-los-cargos-del-2019\\\/\"]}]},{\"@type\":\"ImageObject\",\"inLanguage\":\"es\",\"@id\":\"https:\\\/\\\/www.copealcoy.es\\\/es\\\/la-festa-de-cocentaina-proclamo-a-los-cargos-del-2019\\\/#primaryimage\",\"url\":\"https:\\\/\\\/www.copealcoy.es\\\/wp-content\\\/uploads\\\/2019\\\/07\\\/IMG_9482-1-scaled.jpg\",\"contentUrl\":\"https:\\\/\\\/www.copealcoy.es\\\/wp-content\\\/uploads\\\/2019\\\/07\\\/IMG_9482-1-scaled.jpg\",\"width\":2560,\"height\":1707,\"caption\":\"Los Cargos Festeros de Cocentaina en la Presentaci\u00f3n \\\/ Foto: Silvia Botella\"},{\"@type\":\"BreadcrumbList\",\"@id\":\"https:\\\/\\\/www.copealcoy.es\\\/es\\\/la-festa-de-cocentaina-proclamo-a-los-cargos-del-2019\\\/#breadcrumb\",\"itemListElement\":[{\"@type\":\"ListItem\",\"position\":1,\"name\":\"Portada\",\"item\":\"https:\\\/\\\/www.copealcoy.es\\\/es\\\/\"},{\"@type\":\"ListItem\",\"position\":2,\"name\":\"La Festa de Cocentaina proclam\u00f3 a los Cargos del 2019\"}]},{\"@type\":\"WebSite\",\"@id\":\"https:\\\/\\\/www.copealcoy.es\\\/es\\\/#website\",\"url\":\"https:\\\/\\\/www.copealcoy.es\\\/es\\\/\",\"name\":\"COPE Alcoy\",\"description\":\"Emisora COPE de radio local con emisi\u00f3n online. Pont de Sant Jordi 8-10 03803 Alcoy\",\"potentialAction\":[{\"@type\":\"SearchAction\",\"target\":{\"@type\":\"EntryPoint\",\"urlTemplate\":\"https:\\\/\\\/www.copealcoy.es\\\/es\\\/?s={search_term_string}\"},\"query-input\":{\"@type\":\"PropertyValueSpecification\",\"valueRequired\":true,\"valueName\":\"search_term_string\"}}],\"inLanguage\":\"es\"},{\"@type\":\"Person\",\"@id\":\"https:\\\/\\\/www.copealcoy.es\\\/es\\\/#\\\/schema\\\/person\\\/e777c87fa024e57d40170af9df39882c\",\"name\":\"Cope Alcoy\",\"image\":{\"@type\":\"ImageObject\",\"inLanguage\":\"es\",\"@id\":\"https:\\\/\\\/secure.gravatar.com\\\/avatar\\\/bb65d0283347e303893ba14f0692005417c1e0e690a325a4c5d8bb2b3943ee14?s=96&d=mm&r=g\",\"url\":\"https:\\\/\\\/secure.gravatar.com\\\/avatar\\\/bb65d0283347e303893ba14f0692005417c1e0e690a325a4c5d8bb2b3943ee14?s=96&d=mm&r=g\",\"contentUrl\":\"https:\\\/\\\/secure.gravatar.com\\\/avatar\\\/bb65d0283347e303893ba14f0692005417c1e0e690a325a4c5d8bb2b3943ee14?s=96&d=mm&r=g\",\"caption\":\"Cope Alcoy\"}}]}<\/script>\n<!-- \/ Yoast SEO plugin. -->","yoast_head_json":{"title":"La Festa de Cocentaina proclam\u00f3 a los Cargos del 2019 - COPE Alcoy","robots":{"index":"index","follow":"follow","max-snippet":"max-snippet:-1","max-image-preview":"max-image-preview:large","max-video-preview":"max-video-preview:-1"},"canonical":"https:\/\/www.copealcoy.es\/es\/la-festa-de-cocentaina-proclamo-a-los-cargos-del-2019\/","og_locale":"es_ES","og_type":"article","og_title":"La Festa de Cocentaina proclam\u00f3 a los Cargos del 2019 - COPE Alcoy","og_description":"Cocentaina present\u00f3 el pasado s\u00e1bado 6 de julio a los Cargos Festeros del 2019 en el transcurso de una gala...","og_url":"https:\/\/www.copealcoy.es\/es\/la-festa-de-cocentaina-proclamo-a-los-cargos-del-2019\/","og_site_name":"COPE Alcoy","article_published_time":"2019-07-09T21:17:23+00:00","og_image":[{"width":2560,"height":1707,"url":"https:\/\/www.copealcoy.es\/wp-content\/uploads\/2019\/07\/IMG_9482-1-scaled.jpg","type":"image\/jpeg"}],"author":"Cope Alcoy","twitter_misc":{"Escrito por":"Cope Alcoy","Tiempo de lectura":"2 minutos"},"schema":{"@context":"https:\/\/schema.org","@graph":[{"@type":"Article","@id":"https:\/\/www.copealcoy.es\/es\/la-festa-de-cocentaina-proclamo-a-los-cargos-del-2019\/#article","isPartOf":{"@id":"https:\/\/www.copealcoy.es\/es\/la-festa-de-cocentaina-proclamo-a-los-cargos-del-2019\/"},"author":{"name":"Cope Alcoy","@id":"https:\/\/www.copealcoy.es\/es\/#\/schema\/person\/e777c87fa024e57d40170af9df39882c"},"headline":"La Festa de Cocentaina proclam\u00f3 a los Cargos del 2019","datePublished":"2019-07-09T21:17:23+00:00","mainEntityOfPage":{"@id":"https:\/\/www.copealcoy.es\/es\/la-festa-de-cocentaina-proclamo-a-los-cargos-del-2019\/"},"wordCount":428,"commentCount":0,"image":{"@id":"https:\/\/www.copealcoy.es\/es\/la-festa-de-cocentaina-proclamo-a-los-cargos-del-2019\/#primaryimage"},"thumbnailUrl":"https:\/\/www.copealcoy.es\/wp-content\/uploads\/2019\/07\/IMG_9482-1-scaled.jpg","keywords":["2019","cargos","Festa Cocentaina"],"articleSection":["Comarcas","Noticias"],"inLanguage":"es"},{"@type":"WebPage","@id":"https:\/\/www.copealcoy.es\/es\/la-festa-de-cocentaina-proclamo-a-los-cargos-del-2019\/","url":"https:\/\/www.copealcoy.es\/es\/la-festa-de-cocentaina-proclamo-a-los-cargos-del-2019\/","name":"La Festa de Cocentaina proclam\u00f3 a los Cargos del 2019 - COPE Alcoy","isPartOf":{"@id":"https:\/\/www.copealcoy.es\/es\/#website"},"primaryImageOfPage":{"@id":"https:\/\/www.copealcoy.es\/es\/la-festa-de-cocentaina-proclamo-a-los-cargos-del-2019\/#primaryimage"},"image":{"@id":"https:\/\/www.copealcoy.es\/es\/la-festa-de-cocentaina-proclamo-a-los-cargos-del-2019\/#primaryimage"},"thumbnailUrl":"https:\/\/www.copealcoy.es\/wp-content\/uploads\/2019\/07\/IMG_9482-1-scaled.jpg","datePublished":"2019-07-09T21:17:23+00:00","author":{"@id":"https:\/\/www.copealcoy.es\/es\/#\/schema\/person\/e777c87fa024e57d40170af9df39882c"},"breadcrumb":{"@id":"https:\/\/www.copealcoy.es\/es\/la-festa-de-cocentaina-proclamo-a-los-cargos-del-2019\/#breadcrumb"},"inLanguage":"es","potentialAction":[{"@type":"ReadAction","target":["https:\/\/www.copealcoy.es\/es\/la-festa-de-cocentaina-proclamo-a-los-cargos-del-2019\/"]}]},{"@type":"ImageObject","inLanguage":"es","@id":"https:\/\/www.copealcoy.es\/es\/la-festa-de-cocentaina-proclamo-a-los-cargos-del-2019\/#primaryimage","url":"https:\/\/www.copealcoy.es\/wp-content\/uploads\/2019\/07\/IMG_9482-1-scaled.jpg","contentUrl":"https:\/\/www.copealcoy.es\/wp-content\/uploads\/2019\/07\/IMG_9482-1-scaled.jpg","width":2560,"height":1707,"caption":"Los Cargos Festeros de Cocentaina en la Presentaci\u00f3n \/ Foto: Silvia Botella"},{"@type":"BreadcrumbList","@id":"https:\/\/www.copealcoy.es\/es\/la-festa-de-cocentaina-proclamo-a-los-cargos-del-2019\/#breadcrumb","itemListElement":[{"@type":"ListItem","position":1,"name":"Portada","item":"https:\/\/www.copealcoy.es\/es\/"},{"@type":"ListItem","position":2,"name":"La Festa de Cocentaina proclam\u00f3 a los Cargos del 2019"}]},{"@type":"WebSite","@id":"https:\/\/www.copealcoy.es\/es\/#website","url":"https:\/\/www.copealcoy.es\/es\/","name":"COPE Alcoy","description":"Emisora COPE de radio local con emisi\u00f3n online. Pont de Sant Jordi 8-10 03803 Alcoy","potentialAction":[{"@type":"SearchAction","target":{"@type":"EntryPoint","urlTemplate":"https:\/\/www.copealcoy.es\/es\/?s={search_term_string}"},"query-input":{"@type":"PropertyValueSpecification","valueRequired":true,"valueName":"search_term_string"}}],"inLanguage":"es"},{"@type":"Person","@id":"https:\/\/www.copealcoy.es\/es\/#\/schema\/person\/e777c87fa024e57d40170af9df39882c","name":"Cope Alcoy","image":{"@type":"ImageObject","inLanguage":"es","@id":"https:\/\/secure.gravatar.com\/avatar\/bb65d0283347e303893ba14f0692005417c1e0e690a325a4c5d8bb2b3943ee14?s=96&d=mm&r=g","url":"https:\/\/secure.gravatar.com\/avatar\/bb65d0283347e303893ba14f0692005417c1e0e690a325a4c5d8bb2b3943ee14?s=96&d=mm&r=g","contentUrl":"https:\/\/secure.gravatar.com\/avatar\/bb65d0283347e303893ba14f0692005417c1e0e690a325a4c5d8bb2b3943ee14?s=96&d=mm&r=g","caption":"Cope Alcoy"}}]}},"_links":{"self":[{"href":"https:\/\/www.copealcoy.es\/es\/wp-json\/wp\/v2\/posts\/52937","targetHints":{"allow":["GET"]}}],"collection":[{"href":"https:\/\/www.copealcoy.es\/es\/wp-json\/wp\/v2\/posts"}],"about":[{"href":"https:\/\/www.copealcoy.es\/es\/wp-json\/wp\/v2\/types\/post"}],"author":[{"embeddable":true,"href":"https:\/\/www.copealcoy.es\/es\/wp-json\/wp\/v2\/users\/1"}],"replies":[{"embeddable":true,"href":"https:\/\/www.copealcoy.es\/es\/wp-json\/wp\/v2\/comments?post=52937"}],"version-history":[{"count":0,"href":"https:\/\/www.copealcoy.es\/es\/wp-json\/wp\/v2\/posts\/52937\/revisions"}],"wp:featuredmedia":[{"embeddable":true,"href":"https:\/\/www.copealcoy.es\/es\/wp-json\/wp\/v2\/media\/52938"}],"wp:attachment":[{"href":"https:\/\/www.copealcoy.es\/es\/wp-json\/wp\/v2\/media?parent=52937"}],"wp:term":[{"taxonomy":"category","embeddable":true,"href":"https:\/\/www.copealcoy.es\/es\/wp-json\/wp\/v2\/categories?post=52937"},{"taxonomy":"post_tag","embeddable":true,"href":"https:\/\/www.copealcoy.es\/es\/wp-json\/wp\/v2\/tags?post=52937"}],"curies":[{"name":"wp","href":"https:\/\/api.w.org\/{rel}","templated":true}]}}