{"id":52914,"date":"2019-07-09T13:36:33","date_gmt":"2019-07-09T13:36:33","guid":{"rendered":"https:\/\/copealcoi.es\/?p=52914"},"modified":"2019-07-09T13:36:33","modified_gmt":"2019-07-09T13:36:33","slug":"el-psoe-comarcal-respalda-a-frances-para-seguir-como-diputado-provincial","status":"publish","type":"post","link":"https:\/\/www.copealcoy.es\/es\/el-psoe-comarcal-respalda-a-frances-para-seguir-como-diputado-provincial\/","title":{"rendered":"El PSOE comarcal respalda a Franc\u00e9s para seguir como Diputado Provincial"},"content":{"rendered":"<p style=\"text-align: justify;\">El alcalde de Alcoy, <strong>Antonio Franc\u00e9s<\/strong>, seguir\u00e1 siendo <strong>Diputado Provincial<\/strong> despu\u00e9s de que <strong>el PSOE comarcal haya avalado su candidatura<\/strong> por 43 votos a favor frente a <strong>los 29 que ha obtenido su competidor<\/strong> en este proceso, el alcalde de Alcoleja; <strong>Quico Fenollar<\/strong>. Hay que indicar que la presentaci\u00f3n de <strong>la candidatura de este \u00faltimo<\/strong>, surgida con el objetivo de dar voz a las poblaciones peque\u00f1as seg\u00fan asegur\u00f3 Fenollar, <strong>hab\u00eda despertado ciertas discrepancias en el seno del partido en la comarca<\/strong> e incluso no contaba con el respaldo de las direcciones regional y nacional del PSOE.<\/p>\n<p style=\"text-align: justify;\">Franc\u00e9s, nada m\u00e1s obtener su acta de Diputado Provincial, manifestaba en COPE ALCOY que <strong>se mostraba satisfecho por afrontar este nuevo reto pol\u00edtico<\/strong> al mismo tiempo que <strong>manifestaba su plena disposici\u00f3n al Partido Socialista<\/strong> en el caso de que le encomienden la tarea de <strong>ser el portavoz<\/strong> de la formaci\u00f3n en la Corporaci\u00f3n Provincial. El alcalde de Alcoy aseguraba asimismo que <strong>trasladar\u00e1 a la Diputaci\u00f3n todas las reivindicaciones<\/strong> de cada poblaci\u00f3n del Comtat y de l&#8217;Alcoi\u00e0 &#8220;<em>cuando se presentan este tipo de procesos es normal que aparezcan tensiones entre compa\u00f1eros pero al final lo m\u00e1s importante es la defensa que har\u00e1 el PSOE de las pol\u00edticas progresistas para nuestras comarcas en la Diputaci\u00f3n de Alicante<\/em>&#8220;, indic\u00f3.<\/p>\n<p style=\"text-align: justify;\">Se\u00f1alar que <strong>la constituci\u00f3n oficial<\/strong> de la nueva Diputaci\u00f3n de Alicante, tras las Elecciones Municipales del pasado 26 de mayo, <strong>se efectuar\u00e1 en el pleno<\/strong> del pr\u00f3ximo 19 de julio.<\/p>\n","protected":false},"excerpt":{"rendered":"<p>El alcalde de Alcoy, Antonio Franc\u00e9s, seguir\u00e1 siendo Diputado Provincial despu\u00e9s de que el PSOE comarcal haya avalado su candidatura&#8230;<\/p>\n","protected":false},"author":1,"featured_media":51362,"comment_status":"open","ping_status":"open","sticky":false,"template":"","format":"standard","meta":{"footnotes":""},"categories":[97,98,75],"tags":[8955,671,371],"class_list":["post-52914","post","type-post","status-publish","format-standard","has-post-thumbnail","hentry","category-alcoy","category-comarcas","category-noticias","tag-diputado-provincial","tag-frances","tag-psoe"],"yoast_head":"<!-- This site is optimized with the Yoast SEO plugin v27.3 - https:\/\/yoast.com\/product\/yoast-seo-wordpress\/ -->\n<title>El PSOE comarcal respalda a Franc\u00e9s para seguir como Diputado Provincial - COPE Alcoy<\/title>\n<meta name=\"robots\" content=\"index, follow, max-snippet:-1, max-image-preview:large, max-video-preview:-1\" \/>\n<link rel=\"canonical\" href=\"https:\/\/www.copealcoy.es\/es\/el-psoe-comarcal-respalda-a-frances-para-seguir-como-diputado-provincial\/\" \/>\n<meta property=\"og:locale\" content=\"es_ES\" \/>\n<meta property=\"og:type\" content=\"article\" \/>\n<meta property=\"og:title\" content=\"El PSOE comarcal respalda a Franc\u00e9s para seguir como Diputado Provincial - COPE Alcoy\" \/>\n<meta property=\"og:description\" content=\"El alcalde de Alcoy, Antonio Franc\u00e9s, seguir\u00e1 siendo Diputado Provincial despu\u00e9s de que el PSOE comarcal haya avalado su candidatura...\" \/>\n<meta property=\"og:url\" content=\"https:\/\/www.copealcoy.es\/es\/el-psoe-comarcal-respalda-a-frances-para-seguir-como-diputado-provincial\/\" \/>\n<meta property=\"og:site_name\" content=\"COPE Alcoy\" \/>\n<meta property=\"article:published_time\" content=\"2019-07-09T13:36:33+00:00\" \/>\n<meta property=\"og:image\" content=\"https:\/\/www.copealcoy.es\/wp-content\/uploads\/2019\/05\/IMG_8371-e1558706987400-1-scaled.jpg\" \/>\n\t<meta property=\"og:image:width\" content=\"2560\" \/>\n\t<meta property=\"og:image:height\" content=\"1572\" \/>\n\t<meta property=\"og:image:type\" content=\"image\/jpeg\" \/>\n<meta name=\"author\" content=\"Cope Alcoy\" \/>\n<meta name=\"twitter:label1\" content=\"Escrito por\" \/>\n\t<meta name=\"twitter:data1\" content=\"Cope Alcoy\" \/>\n\t<meta name=\"twitter:label2\" content=\"Tiempo de lectura\" \/>\n\t<meta name=\"twitter:data2\" content=\"1 minuto\" \/>\n<script type=\"application\/ld+json\" class=\"yoast-schema-graph\">{\"@context\":\"https:\\\/\\\/schema.org\",\"@graph\":[{\"@type\":\"Article\",\"@id\":\"https:\\\/\\\/www.copealcoy.es\\\/es\\\/el-psoe-comarcal-respalda-a-frances-para-seguir-como-diputado-provincial\\\/#article\",\"isPartOf\":{\"@id\":\"https:\\\/\\\/www.copealcoy.es\\\/es\\\/el-psoe-comarcal-respalda-a-frances-para-seguir-como-diputado-provincial\\\/\"},\"author\":{\"name\":\"Cope Alcoy\",\"@id\":\"https:\\\/\\\/www.copealcoy.es\\\/es\\\/#\\\/schema\\\/person\\\/e777c87fa024e57d40170af9df39882c\"},\"headline\":\"El PSOE comarcal respalda a Franc\u00e9s para seguir como Diputado Provincial\",\"datePublished\":\"2019-07-09T13:36:33+00:00\",\"mainEntityOfPage\":{\"@id\":\"https:\\\/\\\/www.copealcoy.es\\\/es\\\/el-psoe-comarcal-respalda-a-frances-para-seguir-como-diputado-provincial\\\/\"},\"wordCount\":273,\"commentCount\":0,\"image\":{\"@id\":\"https:\\\/\\\/www.copealcoy.es\\\/es\\\/el-psoe-comarcal-respalda-a-frances-para-seguir-como-diputado-provincial\\\/#primaryimage\"},\"thumbnailUrl\":\"https:\\\/\\\/www.copealcoy.es\\\/wp-content\\\/uploads\\\/2019\\\/05\\\/IMG_8371-e1558706987400-1-scaled.jpg\",\"keywords\":[\"Diputado Provincial\",\"Franc\u00e9s\",\"PSOE\"],\"articleSection\":[\"Alcoy\",\"Comarcas\",\"Noticias\"],\"inLanguage\":\"es\"},{\"@type\":\"WebPage\",\"@id\":\"https:\\\/\\\/www.copealcoy.es\\\/es\\\/el-psoe-comarcal-respalda-a-frances-para-seguir-como-diputado-provincial\\\/\",\"url\":\"https:\\\/\\\/www.copealcoy.es\\\/es\\\/el-psoe-comarcal-respalda-a-frances-para-seguir-como-diputado-provincial\\\/\",\"name\":\"El PSOE comarcal respalda a Franc\u00e9s para seguir como Diputado Provincial - COPE Alcoy\",\"isPartOf\":{\"@id\":\"https:\\\/\\\/www.copealcoy.es\\\/es\\\/#website\"},\"primaryImageOfPage\":{\"@id\":\"https:\\\/\\\/www.copealcoy.es\\\/es\\\/el-psoe-comarcal-respalda-a-frances-para-seguir-como-diputado-provincial\\\/#primaryimage\"},\"image\":{\"@id\":\"https:\\\/\\\/www.copealcoy.es\\\/es\\\/el-psoe-comarcal-respalda-a-frances-para-seguir-como-diputado-provincial\\\/#primaryimage\"},\"thumbnailUrl\":\"https:\\\/\\\/www.copealcoy.es\\\/wp-content\\\/uploads\\\/2019\\\/05\\\/IMG_8371-e1558706987400-1-scaled.jpg\",\"datePublished\":\"2019-07-09T13:36:33+00:00\",\"author\":{\"@id\":\"https:\\\/\\\/www.copealcoy.es\\\/es\\\/#\\\/schema\\\/person\\\/e777c87fa024e57d40170af9df39882c\"},\"breadcrumb\":{\"@id\":\"https:\\\/\\\/www.copealcoy.es\\\/es\\\/el-psoe-comarcal-respalda-a-frances-para-seguir-como-diputado-provincial\\\/#breadcrumb\"},\"inLanguage\":\"es\",\"potentialAction\":[{\"@type\":\"ReadAction\",\"target\":[\"https:\\\/\\\/www.copealcoy.es\\\/es\\\/el-psoe-comarcal-respalda-a-frances-para-seguir-como-diputado-provincial\\\/\"]}]},{\"@type\":\"ImageObject\",\"inLanguage\":\"es\",\"@id\":\"https:\\\/\\\/www.copealcoy.es\\\/es\\\/el-psoe-comarcal-respalda-a-frances-para-seguir-como-diputado-provincial\\\/#primaryimage\",\"url\":\"https:\\\/\\\/www.copealcoy.es\\\/wp-content\\\/uploads\\\/2019\\\/05\\\/IMG_8371-e1558706987400-1-scaled.jpg\",\"contentUrl\":\"https:\\\/\\\/www.copealcoy.es\\\/wp-content\\\/uploads\\\/2019\\\/05\\\/IMG_8371-e1558706987400-1-scaled.jpg\",\"width\":2560,\"height\":1572,\"caption\":\"Antonio Franc\u00e9s en su entrevista en #LaMa\u00f1anaEnAlcoy \\\/ Foto: G. Pascual\"},{\"@type\":\"BreadcrumbList\",\"@id\":\"https:\\\/\\\/www.copealcoy.es\\\/es\\\/el-psoe-comarcal-respalda-a-frances-para-seguir-como-diputado-provincial\\\/#breadcrumb\",\"itemListElement\":[{\"@type\":\"ListItem\",\"position\":1,\"name\":\"Portada\",\"item\":\"https:\\\/\\\/www.copealcoy.es\\\/es\\\/\"},{\"@type\":\"ListItem\",\"position\":2,\"name\":\"El PSOE comarcal respalda a Franc\u00e9s para seguir como Diputado Provincial\"}]},{\"@type\":\"WebSite\",\"@id\":\"https:\\\/\\\/www.copealcoy.es\\\/es\\\/#website\",\"url\":\"https:\\\/\\\/www.copealcoy.es\\\/es\\\/\",\"name\":\"COPE Alcoy\",\"description\":\"Emisora COPE de radio local con emisi\u00f3n online. Pont de Sant Jordi 8-10 03803 Alcoy\",\"potentialAction\":[{\"@type\":\"SearchAction\",\"target\":{\"@type\":\"EntryPoint\",\"urlTemplate\":\"https:\\\/\\\/www.copealcoy.es\\\/es\\\/?s={search_term_string}\"},\"query-input\":{\"@type\":\"PropertyValueSpecification\",\"valueRequired\":true,\"valueName\":\"search_term_string\"}}],\"inLanguage\":\"es\"},{\"@type\":\"Person\",\"@id\":\"https:\\\/\\\/www.copealcoy.es\\\/es\\\/#\\\/schema\\\/person\\\/e777c87fa024e57d40170af9df39882c\",\"name\":\"Cope Alcoy\",\"image\":{\"@type\":\"ImageObject\",\"inLanguage\":\"es\",\"@id\":\"https:\\\/\\\/secure.gravatar.com\\\/avatar\\\/bb65d0283347e303893ba14f0692005417c1e0e690a325a4c5d8bb2b3943ee14?s=96&d=mm&r=g\",\"url\":\"https:\\\/\\\/secure.gravatar.com\\\/avatar\\\/bb65d0283347e303893ba14f0692005417c1e0e690a325a4c5d8bb2b3943ee14?s=96&d=mm&r=g\",\"contentUrl\":\"https:\\\/\\\/secure.gravatar.com\\\/avatar\\\/bb65d0283347e303893ba14f0692005417c1e0e690a325a4c5d8bb2b3943ee14?s=96&d=mm&r=g\",\"caption\":\"Cope Alcoy\"}}]}<\/script>\n<!-- \/ Yoast SEO plugin. -->","yoast_head_json":{"title":"El PSOE comarcal respalda a Franc\u00e9s para seguir como Diputado Provincial - COPE Alcoy","robots":{"index":"index","follow":"follow","max-snippet":"max-snippet:-1","max-image-preview":"max-image-preview:large","max-video-preview":"max-video-preview:-1"},"canonical":"https:\/\/www.copealcoy.es\/es\/el-psoe-comarcal-respalda-a-frances-para-seguir-como-diputado-provincial\/","og_locale":"es_ES","og_type":"article","og_title":"El PSOE comarcal respalda a Franc\u00e9s para seguir como Diputado Provincial - COPE Alcoy","og_description":"El alcalde de Alcoy, Antonio Franc\u00e9s, seguir\u00e1 siendo Diputado Provincial despu\u00e9s de que el PSOE comarcal haya avalado su candidatura...","og_url":"https:\/\/www.copealcoy.es\/es\/el-psoe-comarcal-respalda-a-frances-para-seguir-como-diputado-provincial\/","og_site_name":"COPE Alcoy","article_published_time":"2019-07-09T13:36:33+00:00","og_image":[{"width":2560,"height":1572,"url":"https:\/\/www.copealcoy.es\/wp-content\/uploads\/2019\/05\/IMG_8371-e1558706987400-1-scaled.jpg","type":"image\/jpeg"}],"author":"Cope Alcoy","twitter_misc":{"Escrito por":"Cope Alcoy","Tiempo de lectura":"1 minuto"},"schema":{"@context":"https:\/\/schema.org","@graph":[{"@type":"Article","@id":"https:\/\/www.copealcoy.es\/es\/el-psoe-comarcal-respalda-a-frances-para-seguir-como-diputado-provincial\/#article","isPartOf":{"@id":"https:\/\/www.copealcoy.es\/es\/el-psoe-comarcal-respalda-a-frances-para-seguir-como-diputado-provincial\/"},"author":{"name":"Cope Alcoy","@id":"https:\/\/www.copealcoy.es\/es\/#\/schema\/person\/e777c87fa024e57d40170af9df39882c"},"headline":"El PSOE comarcal respalda a Franc\u00e9s para seguir como Diputado Provincial","datePublished":"2019-07-09T13:36:33+00:00","mainEntityOfPage":{"@id":"https:\/\/www.copealcoy.es\/es\/el-psoe-comarcal-respalda-a-frances-para-seguir-como-diputado-provincial\/"},"wordCount":273,"commentCount":0,"image":{"@id":"https:\/\/www.copealcoy.es\/es\/el-psoe-comarcal-respalda-a-frances-para-seguir-como-diputado-provincial\/#primaryimage"},"thumbnailUrl":"https:\/\/www.copealcoy.es\/wp-content\/uploads\/2019\/05\/IMG_8371-e1558706987400-1-scaled.jpg","keywords":["Diputado Provincial","Franc\u00e9s","PSOE"],"articleSection":["Alcoy","Comarcas","Noticias"],"inLanguage":"es"},{"@type":"WebPage","@id":"https:\/\/www.copealcoy.es\/es\/el-psoe-comarcal-respalda-a-frances-para-seguir-como-diputado-provincial\/","url":"https:\/\/www.copealcoy.es\/es\/el-psoe-comarcal-respalda-a-frances-para-seguir-como-diputado-provincial\/","name":"El PSOE comarcal respalda a Franc\u00e9s para seguir como Diputado Provincial - COPE Alcoy","isPartOf":{"@id":"https:\/\/www.copealcoy.es\/es\/#website"},"primaryImageOfPage":{"@id":"https:\/\/www.copealcoy.es\/es\/el-psoe-comarcal-respalda-a-frances-para-seguir-como-diputado-provincial\/#primaryimage"},"image":{"@id":"https:\/\/www.copealcoy.es\/es\/el-psoe-comarcal-respalda-a-frances-para-seguir-como-diputado-provincial\/#primaryimage"},"thumbnailUrl":"https:\/\/www.copealcoy.es\/wp-content\/uploads\/2019\/05\/IMG_8371-e1558706987400-1-scaled.jpg","datePublished":"2019-07-09T13:36:33+00:00","author":{"@id":"https:\/\/www.copealcoy.es\/es\/#\/schema\/person\/e777c87fa024e57d40170af9df39882c"},"breadcrumb":{"@id":"https:\/\/www.copealcoy.es\/es\/el-psoe-comarcal-respalda-a-frances-para-seguir-como-diputado-provincial\/#breadcrumb"},"inLanguage":"es","potentialAction":[{"@type":"ReadAction","target":["https:\/\/www.copealcoy.es\/es\/el-psoe-comarcal-respalda-a-frances-para-seguir-como-diputado-provincial\/"]}]},{"@type":"ImageObject","inLanguage":"es","@id":"https:\/\/www.copealcoy.es\/es\/el-psoe-comarcal-respalda-a-frances-para-seguir-como-diputado-provincial\/#primaryimage","url":"https:\/\/www.copealcoy.es\/wp-content\/uploads\/2019\/05\/IMG_8371-e1558706987400-1-scaled.jpg","contentUrl":"https:\/\/www.copealcoy.es\/wp-content\/uploads\/2019\/05\/IMG_8371-e1558706987400-1-scaled.jpg","width":2560,"height":1572,"caption":"Antonio Franc\u00e9s en su entrevista en #LaMa\u00f1anaEnAlcoy \/ Foto: G. Pascual"},{"@type":"BreadcrumbList","@id":"https:\/\/www.copealcoy.es\/es\/el-psoe-comarcal-respalda-a-frances-para-seguir-como-diputado-provincial\/#breadcrumb","itemListElement":[{"@type":"ListItem","position":1,"name":"Portada","item":"https:\/\/www.copealcoy.es\/es\/"},{"@type":"ListItem","position":2,"name":"El PSOE comarcal respalda a Franc\u00e9s para seguir como Diputado Provincial"}]},{"@type":"WebSite","@id":"https:\/\/www.copealcoy.es\/es\/#website","url":"https:\/\/www.copealcoy.es\/es\/","name":"COPE Alcoy","description":"Emisora COPE de radio local con emisi\u00f3n online. Pont de Sant Jordi 8-10 03803 Alcoy","potentialAction":[{"@type":"SearchAction","target":{"@type":"EntryPoint","urlTemplate":"https:\/\/www.copealcoy.es\/es\/?s={search_term_string}"},"query-input":{"@type":"PropertyValueSpecification","valueRequired":true,"valueName":"search_term_string"}}],"inLanguage":"es"},{"@type":"Person","@id":"https:\/\/www.copealcoy.es\/es\/#\/schema\/person\/e777c87fa024e57d40170af9df39882c","name":"Cope Alcoy","image":{"@type":"ImageObject","inLanguage":"es","@id":"https:\/\/secure.gravatar.com\/avatar\/bb65d0283347e303893ba14f0692005417c1e0e690a325a4c5d8bb2b3943ee14?s=96&d=mm&r=g","url":"https:\/\/secure.gravatar.com\/avatar\/bb65d0283347e303893ba14f0692005417c1e0e690a325a4c5d8bb2b3943ee14?s=96&d=mm&r=g","contentUrl":"https:\/\/secure.gravatar.com\/avatar\/bb65d0283347e303893ba14f0692005417c1e0e690a325a4c5d8bb2b3943ee14?s=96&d=mm&r=g","caption":"Cope Alcoy"}}]}},"_links":{"self":[{"href":"https:\/\/www.copealcoy.es\/es\/wp-json\/wp\/v2\/posts\/52914","targetHints":{"allow":["GET"]}}],"collection":[{"href":"https:\/\/www.copealcoy.es\/es\/wp-json\/wp\/v2\/posts"}],"about":[{"href":"https:\/\/www.copealcoy.es\/es\/wp-json\/wp\/v2\/types\/post"}],"author":[{"embeddable":true,"href":"https:\/\/www.copealcoy.es\/es\/wp-json\/wp\/v2\/users\/1"}],"replies":[{"embeddable":true,"href":"https:\/\/www.copealcoy.es\/es\/wp-json\/wp\/v2\/comments?post=52914"}],"version-history":[{"count":0,"href":"https:\/\/www.copealcoy.es\/es\/wp-json\/wp\/v2\/posts\/52914\/revisions"}],"wp:featuredmedia":[{"embeddable":true,"href":"https:\/\/www.copealcoy.es\/es\/wp-json\/wp\/v2\/media\/51362"}],"wp:attachment":[{"href":"https:\/\/www.copealcoy.es\/es\/wp-json\/wp\/v2\/media?parent=52914"}],"wp:term":[{"taxonomy":"category","embeddable":true,"href":"https:\/\/www.copealcoy.es\/es\/wp-json\/wp\/v2\/categories?post=52914"},{"taxonomy":"post_tag","embeddable":true,"href":"https:\/\/www.copealcoy.es\/es\/wp-json\/wp\/v2\/tags?post=52914"}],"curies":[{"name":"wp","href":"https:\/\/api.w.org\/{rel}","templated":true}]}}