{"id":52770,"date":"2019-07-04T11:26:28","date_gmt":"2019-07-04T11:26:28","guid":{"rendered":"https:\/\/copealcoi.es\/?p=52770"},"modified":"2019-07-04T11:26:28","modified_gmt":"2019-07-04T11:26:28","slug":"el-pp-lleva-al-pleno-la-creacion-de-un-aparcamiento-en-la-riba","status":"publish","type":"post","link":"https:\/\/www.copealcoy.es\/es\/el-pp-lleva-al-pleno-la-creacion-de-un-aparcamiento-en-la-riba\/","title":{"rendered":"El PP lleva al Pleno la creaci\u00f3n de un aparcamiento en La Riba"},"content":{"rendered":"<p style=\"text-align: justify;\">El <strong>Partido Popular de Alcoy<\/strong> lleva al primer pleno ordinario de la legislatura <strong>uno de los principales proyectos de su programa electoral:<\/strong> la creaci\u00f3n de <strong>un gran aparcamiento p\u00fablico en La Riba<\/strong>, a espaldas de San Nicol\u00e1s. El objetivo, seg\u00fan se\u00f1alan, es dotar a <strong>la zona Centro de un espacio de estacionamiento<\/strong> que pal\u00ede la falta de plazas en el barrio y facilite el <strong>proceso de peatonalizaci\u00f3n<\/strong>, otro de los retos que <strong>los Populares proponen superar<\/strong> de cara a los pr\u00f3ximos cuatros a\u00f1os.<\/p>\n<p style=\"text-align: justify;\">En su moci\u00f3n, el PP propone al Gobierno que <strong>negocie la adquisici\u00f3n de los terrenos<\/strong>, propiedad de la Generalitat, a trav\u00e9s de <strong>una permuta con la que el Ayuntamiento<\/strong> pretende <strong>recuperar la inversi\u00f3n municipal<\/strong> realizada en el Palacio de Justicia &#8220;<em>la Generalitat ha comunicado que no tiene inter\u00e9s en el desarrollo urban\u00edstico de esa zona y por lo tanto tenemos la oportunidad de obtener los terrenos sin un coste a\u00f1adido para los alcoyanos. Queremos proponer proyectos y sumar con el resto de partidos para mejorar Alcoy y la calidad de vida de los vecinos&#8221;<\/em>, afirma el portavoz del PP; <strong>Quique Ruiz<\/strong>.<\/p>\n<p style=\"text-align: justify;\">Indicar que la moci\u00f3n del\u00a0\u00a0plantea que el Ayuntamiento <strong>estudie todas las posibilidades:<\/strong> estacionamiento en superficie, <strong>con una capacidad de hasta 400 plazas<\/strong>, o en altura, lo que multiplicar\u00eda la capacidad de la zona.<\/p>\n","protected":false},"excerpt":{"rendered":"<p>El Partido Popular de Alcoy lleva al primer pleno ordinario de la legislatura uno de los principales proyectos de su&#8230;<\/p>\n","protected":false},"author":1,"featured_media":52771,"comment_status":"open","ping_status":"open","sticky":false,"template":"","format":"standard","meta":{"footnotes":""},"categories":[97,75,79],"tags":[146,2816,8125,322],"class_list":["post-52770","post","type-post","status-publish","format-standard","has-post-thumbnail","hentry","category-alcoy","category-noticias","category-politicayeconomia","tag-aparcamiento","tag-creacion","tag-la-riba","tag-pleno"],"yoast_head":"<!-- This site is optimized with the Yoast SEO plugin v27.3 - https:\/\/yoast.com\/product\/yoast-seo-wordpress\/ -->\n<title>El PP lleva al Pleno la creaci\u00f3n de un aparcamiento en La Riba - COPE Alcoy<\/title>\n<meta name=\"robots\" content=\"index, follow, max-snippet:-1, max-image-preview:large, max-video-preview:-1\" \/>\n<link rel=\"canonical\" href=\"https:\/\/www.copealcoy.es\/es\/el-pp-lleva-al-pleno-la-creacion-de-un-aparcamiento-en-la-riba\/\" \/>\n<meta property=\"og:locale\" content=\"es_ES\" \/>\n<meta property=\"og:type\" content=\"article\" \/>\n<meta property=\"og:title\" content=\"El PP lleva al Pleno la creaci\u00f3n de un aparcamiento en La Riba - COPE Alcoy\" \/>\n<meta property=\"og:description\" content=\"El Partido Popular de Alcoy lleva al primer pleno ordinario de la legislatura uno de los principales proyectos de su...\" \/>\n<meta property=\"og:url\" content=\"https:\/\/www.copealcoy.es\/es\/el-pp-lleva-al-pleno-la-creacion-de-un-aparcamiento-en-la-riba\/\" \/>\n<meta property=\"og:site_name\" content=\"COPE Alcoy\" \/>\n<meta property=\"article:published_time\" content=\"2019-07-04T11:26:28+00:00\" \/>\n<meta property=\"og:image\" content=\"https:\/\/www.copealcoy.es\/wp-content\/uploads\/2019\/07\/20190703_ParkingLaRiba-1280x640-1.jpg\" \/>\n\t<meta property=\"og:image:width\" content=\"1280\" \/>\n\t<meta property=\"og:image:height\" content=\"640\" \/>\n\t<meta property=\"og:image:type\" content=\"image\/jpeg\" \/>\n<meta name=\"author\" content=\"Cope Alcoy\" \/>\n<meta name=\"twitter:label1\" content=\"Escrito por\" \/>\n\t<meta name=\"twitter:data1\" content=\"Cope Alcoy\" \/>\n\t<meta name=\"twitter:label2\" content=\"Tiempo de lectura\" \/>\n\t<meta name=\"twitter:data2\" content=\"1 minuto\" \/>\n<script type=\"application\/ld+json\" class=\"yoast-schema-graph\">{\"@context\":\"https:\\\/\\\/schema.org\",\"@graph\":[{\"@type\":\"Article\",\"@id\":\"https:\\\/\\\/www.copealcoy.es\\\/es\\\/el-pp-lleva-al-pleno-la-creacion-de-un-aparcamiento-en-la-riba\\\/#article\",\"isPartOf\":{\"@id\":\"https:\\\/\\\/www.copealcoy.es\\\/es\\\/el-pp-lleva-al-pleno-la-creacion-de-un-aparcamiento-en-la-riba\\\/\"},\"author\":{\"name\":\"Cope Alcoy\",\"@id\":\"https:\\\/\\\/www.copealcoy.es\\\/es\\\/#\\\/schema\\\/person\\\/e777c87fa024e57d40170af9df39882c\"},\"headline\":\"El PP lleva al Pleno la creaci\u00f3n de un aparcamiento en La Riba\",\"datePublished\":\"2019-07-04T11:26:28+00:00\",\"mainEntityOfPage\":{\"@id\":\"https:\\\/\\\/www.copealcoy.es\\\/es\\\/el-pp-lleva-al-pleno-la-creacion-de-un-aparcamiento-en-la-riba\\\/\"},\"wordCount\":249,\"commentCount\":0,\"image\":{\"@id\":\"https:\\\/\\\/www.copealcoy.es\\\/es\\\/el-pp-lleva-al-pleno-la-creacion-de-un-aparcamiento-en-la-riba\\\/#primaryimage\"},\"thumbnailUrl\":\"https:\\\/\\\/www.copealcoy.es\\\/wp-content\\\/uploads\\\/2019\\\/07\\\/20190703_ParkingLaRiba-1280x640-1.jpg\",\"keywords\":[\"Aparcamiento\",\"creaci\u00f3n\",\"La Riba\",\"Pleno\"],\"articleSection\":[\"Alcoy\",\"Noticias\",\"Pol\u00edtica y Econom\u00eda\"],\"inLanguage\":\"es\"},{\"@type\":\"WebPage\",\"@id\":\"https:\\\/\\\/www.copealcoy.es\\\/es\\\/el-pp-lleva-al-pleno-la-creacion-de-un-aparcamiento-en-la-riba\\\/\",\"url\":\"https:\\\/\\\/www.copealcoy.es\\\/es\\\/el-pp-lleva-al-pleno-la-creacion-de-un-aparcamiento-en-la-riba\\\/\",\"name\":\"El PP lleva al Pleno la creaci\u00f3n de un aparcamiento en La Riba - COPE Alcoy\",\"isPartOf\":{\"@id\":\"https:\\\/\\\/www.copealcoy.es\\\/es\\\/#website\"},\"primaryImageOfPage\":{\"@id\":\"https:\\\/\\\/www.copealcoy.es\\\/es\\\/el-pp-lleva-al-pleno-la-creacion-de-un-aparcamiento-en-la-riba\\\/#primaryimage\"},\"image\":{\"@id\":\"https:\\\/\\\/www.copealcoy.es\\\/es\\\/el-pp-lleva-al-pleno-la-creacion-de-un-aparcamiento-en-la-riba\\\/#primaryimage\"},\"thumbnailUrl\":\"https:\\\/\\\/www.copealcoy.es\\\/wp-content\\\/uploads\\\/2019\\\/07\\\/20190703_ParkingLaRiba-1280x640-1.jpg\",\"datePublished\":\"2019-07-04T11:26:28+00:00\",\"author\":{\"@id\":\"https:\\\/\\\/www.copealcoy.es\\\/es\\\/#\\\/schema\\\/person\\\/e777c87fa024e57d40170af9df39882c\"},\"breadcrumb\":{\"@id\":\"https:\\\/\\\/www.copealcoy.es\\\/es\\\/el-pp-lleva-al-pleno-la-creacion-de-un-aparcamiento-en-la-riba\\\/#breadcrumb\"},\"inLanguage\":\"es\",\"potentialAction\":[{\"@type\":\"ReadAction\",\"target\":[\"https:\\\/\\\/www.copealcoy.es\\\/es\\\/el-pp-lleva-al-pleno-la-creacion-de-un-aparcamiento-en-la-riba\\\/\"]}]},{\"@type\":\"ImageObject\",\"inLanguage\":\"es\",\"@id\":\"https:\\\/\\\/www.copealcoy.es\\\/es\\\/el-pp-lleva-al-pleno-la-creacion-de-un-aparcamiento-en-la-riba\\\/#primaryimage\",\"url\":\"https:\\\/\\\/www.copealcoy.es\\\/wp-content\\\/uploads\\\/2019\\\/07\\\/20190703_ParkingLaRiba-1280x640-1.jpg\",\"contentUrl\":\"https:\\\/\\\/www.copealcoy.es\\\/wp-content\\\/uploads\\\/2019\\\/07\\\/20190703_ParkingLaRiba-1280x640-1.jpg\",\"width\":1280,\"height\":640,\"caption\":\"Imagen de la zona en la que se propone ubicar el aparcamiento\"},{\"@type\":\"BreadcrumbList\",\"@id\":\"https:\\\/\\\/www.copealcoy.es\\\/es\\\/el-pp-lleva-al-pleno-la-creacion-de-un-aparcamiento-en-la-riba\\\/#breadcrumb\",\"itemListElement\":[{\"@type\":\"ListItem\",\"position\":1,\"name\":\"Portada\",\"item\":\"https:\\\/\\\/www.copealcoy.es\\\/es\\\/\"},{\"@type\":\"ListItem\",\"position\":2,\"name\":\"El PP lleva al Pleno la creaci\u00f3n de un aparcamiento en La Riba\"}]},{\"@type\":\"WebSite\",\"@id\":\"https:\\\/\\\/www.copealcoy.es\\\/es\\\/#website\",\"url\":\"https:\\\/\\\/www.copealcoy.es\\\/es\\\/\",\"name\":\"COPE Alcoy\",\"description\":\"Emisora COPE de radio local con emisi\u00f3n online. Pont de Sant Jordi 8-10 03803 Alcoy\",\"potentialAction\":[{\"@type\":\"SearchAction\",\"target\":{\"@type\":\"EntryPoint\",\"urlTemplate\":\"https:\\\/\\\/www.copealcoy.es\\\/es\\\/?s={search_term_string}\"},\"query-input\":{\"@type\":\"PropertyValueSpecification\",\"valueRequired\":true,\"valueName\":\"search_term_string\"}}],\"inLanguage\":\"es\"},{\"@type\":\"Person\",\"@id\":\"https:\\\/\\\/www.copealcoy.es\\\/es\\\/#\\\/schema\\\/person\\\/e777c87fa024e57d40170af9df39882c\",\"name\":\"Cope Alcoy\",\"image\":{\"@type\":\"ImageObject\",\"inLanguage\":\"es\",\"@id\":\"https:\\\/\\\/secure.gravatar.com\\\/avatar\\\/bb65d0283347e303893ba14f0692005417c1e0e690a325a4c5d8bb2b3943ee14?s=96&d=mm&r=g\",\"url\":\"https:\\\/\\\/secure.gravatar.com\\\/avatar\\\/bb65d0283347e303893ba14f0692005417c1e0e690a325a4c5d8bb2b3943ee14?s=96&d=mm&r=g\",\"contentUrl\":\"https:\\\/\\\/secure.gravatar.com\\\/avatar\\\/bb65d0283347e303893ba14f0692005417c1e0e690a325a4c5d8bb2b3943ee14?s=96&d=mm&r=g\",\"caption\":\"Cope Alcoy\"}}]}<\/script>\n<!-- \/ Yoast SEO plugin. -->","yoast_head_json":{"title":"El PP lleva al Pleno la creaci\u00f3n de un aparcamiento en La Riba - COPE Alcoy","robots":{"index":"index","follow":"follow","max-snippet":"max-snippet:-1","max-image-preview":"max-image-preview:large","max-video-preview":"max-video-preview:-1"},"canonical":"https:\/\/www.copealcoy.es\/es\/el-pp-lleva-al-pleno-la-creacion-de-un-aparcamiento-en-la-riba\/","og_locale":"es_ES","og_type":"article","og_title":"El PP lleva al Pleno la creaci\u00f3n de un aparcamiento en La Riba - COPE Alcoy","og_description":"El Partido Popular de Alcoy lleva al primer pleno ordinario de la legislatura uno de los principales proyectos de su...","og_url":"https:\/\/www.copealcoy.es\/es\/el-pp-lleva-al-pleno-la-creacion-de-un-aparcamiento-en-la-riba\/","og_site_name":"COPE Alcoy","article_published_time":"2019-07-04T11:26:28+00:00","og_image":[{"width":1280,"height":640,"url":"https:\/\/www.copealcoy.es\/wp-content\/uploads\/2019\/07\/20190703_ParkingLaRiba-1280x640-1.jpg","type":"image\/jpeg"}],"author":"Cope Alcoy","twitter_misc":{"Escrito por":"Cope Alcoy","Tiempo de lectura":"1 minuto"},"schema":{"@context":"https:\/\/schema.org","@graph":[{"@type":"Article","@id":"https:\/\/www.copealcoy.es\/es\/el-pp-lleva-al-pleno-la-creacion-de-un-aparcamiento-en-la-riba\/#article","isPartOf":{"@id":"https:\/\/www.copealcoy.es\/es\/el-pp-lleva-al-pleno-la-creacion-de-un-aparcamiento-en-la-riba\/"},"author":{"name":"Cope Alcoy","@id":"https:\/\/www.copealcoy.es\/es\/#\/schema\/person\/e777c87fa024e57d40170af9df39882c"},"headline":"El PP lleva al Pleno la creaci\u00f3n de un aparcamiento en La Riba","datePublished":"2019-07-04T11:26:28+00:00","mainEntityOfPage":{"@id":"https:\/\/www.copealcoy.es\/es\/el-pp-lleva-al-pleno-la-creacion-de-un-aparcamiento-en-la-riba\/"},"wordCount":249,"commentCount":0,"image":{"@id":"https:\/\/www.copealcoy.es\/es\/el-pp-lleva-al-pleno-la-creacion-de-un-aparcamiento-en-la-riba\/#primaryimage"},"thumbnailUrl":"https:\/\/www.copealcoy.es\/wp-content\/uploads\/2019\/07\/20190703_ParkingLaRiba-1280x640-1.jpg","keywords":["Aparcamiento","creaci\u00f3n","La Riba","Pleno"],"articleSection":["Alcoy","Noticias","Pol\u00edtica y Econom\u00eda"],"inLanguage":"es"},{"@type":"WebPage","@id":"https:\/\/www.copealcoy.es\/es\/el-pp-lleva-al-pleno-la-creacion-de-un-aparcamiento-en-la-riba\/","url":"https:\/\/www.copealcoy.es\/es\/el-pp-lleva-al-pleno-la-creacion-de-un-aparcamiento-en-la-riba\/","name":"El PP lleva al Pleno la creaci\u00f3n de un aparcamiento en La Riba - COPE Alcoy","isPartOf":{"@id":"https:\/\/www.copealcoy.es\/es\/#website"},"primaryImageOfPage":{"@id":"https:\/\/www.copealcoy.es\/es\/el-pp-lleva-al-pleno-la-creacion-de-un-aparcamiento-en-la-riba\/#primaryimage"},"image":{"@id":"https:\/\/www.copealcoy.es\/es\/el-pp-lleva-al-pleno-la-creacion-de-un-aparcamiento-en-la-riba\/#primaryimage"},"thumbnailUrl":"https:\/\/www.copealcoy.es\/wp-content\/uploads\/2019\/07\/20190703_ParkingLaRiba-1280x640-1.jpg","datePublished":"2019-07-04T11:26:28+00:00","author":{"@id":"https:\/\/www.copealcoy.es\/es\/#\/schema\/person\/e777c87fa024e57d40170af9df39882c"},"breadcrumb":{"@id":"https:\/\/www.copealcoy.es\/es\/el-pp-lleva-al-pleno-la-creacion-de-un-aparcamiento-en-la-riba\/#breadcrumb"},"inLanguage":"es","potentialAction":[{"@type":"ReadAction","target":["https:\/\/www.copealcoy.es\/es\/el-pp-lleva-al-pleno-la-creacion-de-un-aparcamiento-en-la-riba\/"]}]},{"@type":"ImageObject","inLanguage":"es","@id":"https:\/\/www.copealcoy.es\/es\/el-pp-lleva-al-pleno-la-creacion-de-un-aparcamiento-en-la-riba\/#primaryimage","url":"https:\/\/www.copealcoy.es\/wp-content\/uploads\/2019\/07\/20190703_ParkingLaRiba-1280x640-1.jpg","contentUrl":"https:\/\/www.copealcoy.es\/wp-content\/uploads\/2019\/07\/20190703_ParkingLaRiba-1280x640-1.jpg","width":1280,"height":640,"caption":"Imagen de la zona en la que se propone ubicar el aparcamiento"},{"@type":"BreadcrumbList","@id":"https:\/\/www.copealcoy.es\/es\/el-pp-lleva-al-pleno-la-creacion-de-un-aparcamiento-en-la-riba\/#breadcrumb","itemListElement":[{"@type":"ListItem","position":1,"name":"Portada","item":"https:\/\/www.copealcoy.es\/es\/"},{"@type":"ListItem","position":2,"name":"El PP lleva al Pleno la creaci\u00f3n de un aparcamiento en La Riba"}]},{"@type":"WebSite","@id":"https:\/\/www.copealcoy.es\/es\/#website","url":"https:\/\/www.copealcoy.es\/es\/","name":"COPE Alcoy","description":"Emisora COPE de radio local con emisi\u00f3n online. Pont de Sant Jordi 8-10 03803 Alcoy","potentialAction":[{"@type":"SearchAction","target":{"@type":"EntryPoint","urlTemplate":"https:\/\/www.copealcoy.es\/es\/?s={search_term_string}"},"query-input":{"@type":"PropertyValueSpecification","valueRequired":true,"valueName":"search_term_string"}}],"inLanguage":"es"},{"@type":"Person","@id":"https:\/\/www.copealcoy.es\/es\/#\/schema\/person\/e777c87fa024e57d40170af9df39882c","name":"Cope Alcoy","image":{"@type":"ImageObject","inLanguage":"es","@id":"https:\/\/secure.gravatar.com\/avatar\/bb65d0283347e303893ba14f0692005417c1e0e690a325a4c5d8bb2b3943ee14?s=96&d=mm&r=g","url":"https:\/\/secure.gravatar.com\/avatar\/bb65d0283347e303893ba14f0692005417c1e0e690a325a4c5d8bb2b3943ee14?s=96&d=mm&r=g","contentUrl":"https:\/\/secure.gravatar.com\/avatar\/bb65d0283347e303893ba14f0692005417c1e0e690a325a4c5d8bb2b3943ee14?s=96&d=mm&r=g","caption":"Cope Alcoy"}}]}},"_links":{"self":[{"href":"https:\/\/www.copealcoy.es\/es\/wp-json\/wp\/v2\/posts\/52770","targetHints":{"allow":["GET"]}}],"collection":[{"href":"https:\/\/www.copealcoy.es\/es\/wp-json\/wp\/v2\/posts"}],"about":[{"href":"https:\/\/www.copealcoy.es\/es\/wp-json\/wp\/v2\/types\/post"}],"author":[{"embeddable":true,"href":"https:\/\/www.copealcoy.es\/es\/wp-json\/wp\/v2\/users\/1"}],"replies":[{"embeddable":true,"href":"https:\/\/www.copealcoy.es\/es\/wp-json\/wp\/v2\/comments?post=52770"}],"version-history":[{"count":0,"href":"https:\/\/www.copealcoy.es\/es\/wp-json\/wp\/v2\/posts\/52770\/revisions"}],"wp:featuredmedia":[{"embeddable":true,"href":"https:\/\/www.copealcoy.es\/es\/wp-json\/wp\/v2\/media\/52771"}],"wp:attachment":[{"href":"https:\/\/www.copealcoy.es\/es\/wp-json\/wp\/v2\/media?parent=52770"}],"wp:term":[{"taxonomy":"category","embeddable":true,"href":"https:\/\/www.copealcoy.es\/es\/wp-json\/wp\/v2\/categories?post=52770"},{"taxonomy":"post_tag","embeddable":true,"href":"https:\/\/www.copealcoy.es\/es\/wp-json\/wp\/v2\/tags?post=52770"}],"curies":[{"name":"wp","href":"https:\/\/api.w.org\/{rel}","templated":true}]}}