{"id":52690,"date":"2019-07-02T11:49:27","date_gmt":"2019-07-02T11:49:27","guid":{"rendered":"https:\/\/copealcoi.es\/?p=52690"},"modified":"2019-07-02T11:49:27","modified_gmt":"2019-07-02T11:49:27","slug":"podem-pide-avances-en-la-redaccion-del-plan-de-igualdad-de-alcoy","status":"publish","type":"post","link":"https:\/\/www.copealcoy.es\/es\/podem-pide-avances-en-la-redaccion-del-plan-de-igualdad-de-alcoy\/","title":{"rendered":"Podem pide avances en la redacci\u00f3n del Plan de Igualdad de Alcoy"},"content":{"rendered":"<p style=\"text-align: justify;\">Podem Alcoi llevar\u00e1 al pleno del viernes <strong>una propuesta<\/strong> para que <strong>el Gobierno Municipal del Partido Socialista<\/strong> avance en <strong>la redacci\u00f3n del Plan de Igualdad<\/strong> de la ciudad. La formaci\u00f3n morada quiere que la corporaci\u00f3n municipal <strong>tenga en cuenta<\/strong> &#8220;<em>las necesidades de las mujeres, de las personas LGTBI, con diversidad funcional, las personas mayores, la infancia y de todos los grupos sociales en general<\/em>&#8220;, afirma <strong>Cristian Santiago<\/strong>; edil de Podem Alcoi.<\/p>\n<p style=\"text-align: justify;\">Por \u00faltimo desde Podem defienden que <strong>la igualdad es un eje esencial para el partido<\/strong> en la legislatura que comienza <em>&#8220;por esta raz\u00f3n, entendemos que tener un Plan de Igualdad actualizado, entre otras medidas, debe ser una prioridad para el Gobierno Municipal de forma inmediata<\/em>&#8220;, concluye.<\/p>\n","protected":false},"excerpt":{"rendered":"<p>Podem Alcoi llevar\u00e1 al pleno del viernes una propuesta para que el Gobierno Municipal del Partido Socialista avance en la&#8230;<\/p>\n","protected":false},"author":1,"featured_media":49586,"comment_status":"open","ping_status":"open","sticky":false,"template":"","format":"standard","meta":{"footnotes":""},"categories":[97,75,79],"tags":[1494,5178,1879,2665],"class_list":["post-52690","post","type-post","status-publish","format-standard","has-post-thumbnail","hentry","category-alcoy","category-noticias","category-politicayeconomia","tag-alcoy","tag-avances","tag-plan-de-igualdad","tag-redaccion"],"yoast_head":"<!-- This site is optimized with the Yoast SEO plugin v27.3 - https:\/\/yoast.com\/product\/yoast-seo-wordpress\/ -->\n<title>Podem pide avances en la redacci\u00f3n del Plan de Igualdad de Alcoy - COPE Alcoy<\/title>\n<meta name=\"robots\" content=\"index, follow, max-snippet:-1, max-image-preview:large, max-video-preview:-1\" \/>\n<link rel=\"canonical\" href=\"https:\/\/www.copealcoy.es\/es\/podem-pide-avances-en-la-redaccion-del-plan-de-igualdad-de-alcoy\/\" \/>\n<meta property=\"og:locale\" content=\"es_ES\" \/>\n<meta property=\"og:type\" content=\"article\" \/>\n<meta property=\"og:title\" content=\"Podem pide avances en la redacci\u00f3n del Plan de Igualdad de Alcoy - COPE Alcoy\" \/>\n<meta property=\"og:description\" content=\"Podem Alcoi llevar\u00e1 al pleno del viernes una propuesta para que el Gobierno Municipal del Partido Socialista avance en la...\" \/>\n<meta property=\"og:url\" content=\"https:\/\/www.copealcoy.es\/es\/podem-pide-avances-en-la-redaccion-del-plan-de-igualdad-de-alcoy\/\" \/>\n<meta property=\"og:site_name\" content=\"COPE Alcoy\" \/>\n<meta property=\"article:published_time\" content=\"2019-07-02T11:49:27+00:00\" \/>\n<meta property=\"og:image\" content=\"https:\/\/www.copealcoy.es\/wp-content\/uploads\/2019\/04\/56624590_10157016449764089_128050786323136512_n-1.jpg\" \/>\n\t<meta property=\"og:image:width\" content=\"960\" \/>\n\t<meta property=\"og:image:height\" content=\"639\" \/>\n\t<meta property=\"og:image:type\" content=\"image\/jpeg\" \/>\n<meta name=\"author\" content=\"Cope Alcoy\" \/>\n<meta name=\"twitter:label1\" content=\"Escrito por\" \/>\n\t<meta name=\"twitter:data1\" content=\"Cope Alcoy\" \/>\n\t<meta name=\"twitter:label2\" content=\"Tiempo de lectura\" \/>\n\t<meta name=\"twitter:data2\" content=\"1 minuto\" \/>\n<script type=\"application\/ld+json\" class=\"yoast-schema-graph\">{\"@context\":\"https:\\\/\\\/schema.org\",\"@graph\":[{\"@type\":\"Article\",\"@id\":\"https:\\\/\\\/www.copealcoy.es\\\/es\\\/podem-pide-avances-en-la-redaccion-del-plan-de-igualdad-de-alcoy\\\/#article\",\"isPartOf\":{\"@id\":\"https:\\\/\\\/www.copealcoy.es\\\/es\\\/podem-pide-avances-en-la-redaccion-del-plan-de-igualdad-de-alcoy\\\/\"},\"author\":{\"name\":\"Cope Alcoy\",\"@id\":\"https:\\\/\\\/www.copealcoy.es\\\/es\\\/#\\\/schema\\\/person\\\/e777c87fa024e57d40170af9df39882c\"},\"headline\":\"Podem pide avances en la redacci\u00f3n del Plan de Igualdad de Alcoy\",\"datePublished\":\"2019-07-02T11:49:27+00:00\",\"mainEntityOfPage\":{\"@id\":\"https:\\\/\\\/www.copealcoy.es\\\/es\\\/podem-pide-avances-en-la-redaccion-del-plan-de-igualdad-de-alcoy\\\/\"},\"wordCount\":134,\"commentCount\":0,\"image\":{\"@id\":\"https:\\\/\\\/www.copealcoy.es\\\/es\\\/podem-pide-avances-en-la-redaccion-del-plan-de-igualdad-de-alcoy\\\/#primaryimage\"},\"thumbnailUrl\":\"https:\\\/\\\/www.copealcoy.es\\\/wp-content\\\/uploads\\\/2019\\\/04\\\/56624590_10157016449764089_128050786323136512_n-1.jpg\",\"keywords\":[\"Alcoy\",\"avances\",\"Plan de Igualdad\",\"redacci\u00f3n\"],\"articleSection\":[\"Alcoy\",\"Noticias\",\"Pol\u00edtica y Econom\u00eda\"],\"inLanguage\":\"es\"},{\"@type\":\"WebPage\",\"@id\":\"https:\\\/\\\/www.copealcoy.es\\\/es\\\/podem-pide-avances-en-la-redaccion-del-plan-de-igualdad-de-alcoy\\\/\",\"url\":\"https:\\\/\\\/www.copealcoy.es\\\/es\\\/podem-pide-avances-en-la-redaccion-del-plan-de-igualdad-de-alcoy\\\/\",\"name\":\"Podem pide avances en la redacci\u00f3n del Plan de Igualdad de Alcoy - COPE Alcoy\",\"isPartOf\":{\"@id\":\"https:\\\/\\\/www.copealcoy.es\\\/es\\\/#website\"},\"primaryImageOfPage\":{\"@id\":\"https:\\\/\\\/www.copealcoy.es\\\/es\\\/podem-pide-avances-en-la-redaccion-del-plan-de-igualdad-de-alcoy\\\/#primaryimage\"},\"image\":{\"@id\":\"https:\\\/\\\/www.copealcoy.es\\\/es\\\/podem-pide-avances-en-la-redaccion-del-plan-de-igualdad-de-alcoy\\\/#primaryimage\"},\"thumbnailUrl\":\"https:\\\/\\\/www.copealcoy.es\\\/wp-content\\\/uploads\\\/2019\\\/04\\\/56624590_10157016449764089_128050786323136512_n-1.jpg\",\"datePublished\":\"2019-07-02T11:49:27+00:00\",\"author\":{\"@id\":\"https:\\\/\\\/www.copealcoy.es\\\/es\\\/#\\\/schema\\\/person\\\/e777c87fa024e57d40170af9df39882c\"},\"breadcrumb\":{\"@id\":\"https:\\\/\\\/www.copealcoy.es\\\/es\\\/podem-pide-avances-en-la-redaccion-del-plan-de-igualdad-de-alcoy\\\/#breadcrumb\"},\"inLanguage\":\"es\",\"potentialAction\":[{\"@type\":\"ReadAction\",\"target\":[\"https:\\\/\\\/www.copealcoy.es\\\/es\\\/podem-pide-avances-en-la-redaccion-del-plan-de-igualdad-de-alcoy\\\/\"]}]},{\"@type\":\"ImageObject\",\"inLanguage\":\"es\",\"@id\":\"https:\\\/\\\/www.copealcoy.es\\\/es\\\/podem-pide-avances-en-la-redaccion-del-plan-de-igualdad-de-alcoy\\\/#primaryimage\",\"url\":\"https:\\\/\\\/www.copealcoy.es\\\/wp-content\\\/uploads\\\/2019\\\/04\\\/56624590_10157016449764089_128050786323136512_n-1.jpg\",\"contentUrl\":\"https:\\\/\\\/www.copealcoy.es\\\/wp-content\\\/uploads\\\/2019\\\/04\\\/56624590_10157016449764089_128050786323136512_n-1.jpg\",\"width\":960,\"height\":639,\"caption\":\"Un instante de la presentaci\u00f3n del mi\u00e9rcoles \\\/ Foto: Podem Alcoi\"},{\"@type\":\"BreadcrumbList\",\"@id\":\"https:\\\/\\\/www.copealcoy.es\\\/es\\\/podem-pide-avances-en-la-redaccion-del-plan-de-igualdad-de-alcoy\\\/#breadcrumb\",\"itemListElement\":[{\"@type\":\"ListItem\",\"position\":1,\"name\":\"Portada\",\"item\":\"https:\\\/\\\/www.copealcoy.es\\\/es\\\/\"},{\"@type\":\"ListItem\",\"position\":2,\"name\":\"Podem pide avances en la redacci\u00f3n del Plan de Igualdad de Alcoy\"}]},{\"@type\":\"WebSite\",\"@id\":\"https:\\\/\\\/www.copealcoy.es\\\/es\\\/#website\",\"url\":\"https:\\\/\\\/www.copealcoy.es\\\/es\\\/\",\"name\":\"COPE Alcoy\",\"description\":\"Emisora COPE de radio local con emisi\u00f3n online. Pont de Sant Jordi 8-10 03803 Alcoy\",\"potentialAction\":[{\"@type\":\"SearchAction\",\"target\":{\"@type\":\"EntryPoint\",\"urlTemplate\":\"https:\\\/\\\/www.copealcoy.es\\\/es\\\/?s={search_term_string}\"},\"query-input\":{\"@type\":\"PropertyValueSpecification\",\"valueRequired\":true,\"valueName\":\"search_term_string\"}}],\"inLanguage\":\"es\"},{\"@type\":\"Person\",\"@id\":\"https:\\\/\\\/www.copealcoy.es\\\/es\\\/#\\\/schema\\\/person\\\/e777c87fa024e57d40170af9df39882c\",\"name\":\"Cope Alcoy\",\"image\":{\"@type\":\"ImageObject\",\"inLanguage\":\"es\",\"@id\":\"https:\\\/\\\/secure.gravatar.com\\\/avatar\\\/bb65d0283347e303893ba14f0692005417c1e0e690a325a4c5d8bb2b3943ee14?s=96&d=mm&r=g\",\"url\":\"https:\\\/\\\/secure.gravatar.com\\\/avatar\\\/bb65d0283347e303893ba14f0692005417c1e0e690a325a4c5d8bb2b3943ee14?s=96&d=mm&r=g\",\"contentUrl\":\"https:\\\/\\\/secure.gravatar.com\\\/avatar\\\/bb65d0283347e303893ba14f0692005417c1e0e690a325a4c5d8bb2b3943ee14?s=96&d=mm&r=g\",\"caption\":\"Cope Alcoy\"}}]}<\/script>\n<!-- \/ Yoast SEO plugin. -->","yoast_head_json":{"title":"Podem pide avances en la redacci\u00f3n del Plan de Igualdad de Alcoy - COPE Alcoy","robots":{"index":"index","follow":"follow","max-snippet":"max-snippet:-1","max-image-preview":"max-image-preview:large","max-video-preview":"max-video-preview:-1"},"canonical":"https:\/\/www.copealcoy.es\/es\/podem-pide-avances-en-la-redaccion-del-plan-de-igualdad-de-alcoy\/","og_locale":"es_ES","og_type":"article","og_title":"Podem pide avances en la redacci\u00f3n del Plan de Igualdad de Alcoy - COPE Alcoy","og_description":"Podem Alcoi llevar\u00e1 al pleno del viernes una propuesta para que el Gobierno Municipal del Partido Socialista avance en la...","og_url":"https:\/\/www.copealcoy.es\/es\/podem-pide-avances-en-la-redaccion-del-plan-de-igualdad-de-alcoy\/","og_site_name":"COPE Alcoy","article_published_time":"2019-07-02T11:49:27+00:00","og_image":[{"width":960,"height":639,"url":"https:\/\/www.copealcoy.es\/wp-content\/uploads\/2019\/04\/56624590_10157016449764089_128050786323136512_n-1.jpg","type":"image\/jpeg"}],"author":"Cope Alcoy","twitter_misc":{"Escrito por":"Cope Alcoy","Tiempo de lectura":"1 minuto"},"schema":{"@context":"https:\/\/schema.org","@graph":[{"@type":"Article","@id":"https:\/\/www.copealcoy.es\/es\/podem-pide-avances-en-la-redaccion-del-plan-de-igualdad-de-alcoy\/#article","isPartOf":{"@id":"https:\/\/www.copealcoy.es\/es\/podem-pide-avances-en-la-redaccion-del-plan-de-igualdad-de-alcoy\/"},"author":{"name":"Cope Alcoy","@id":"https:\/\/www.copealcoy.es\/es\/#\/schema\/person\/e777c87fa024e57d40170af9df39882c"},"headline":"Podem pide avances en la redacci\u00f3n del Plan de Igualdad de Alcoy","datePublished":"2019-07-02T11:49:27+00:00","mainEntityOfPage":{"@id":"https:\/\/www.copealcoy.es\/es\/podem-pide-avances-en-la-redaccion-del-plan-de-igualdad-de-alcoy\/"},"wordCount":134,"commentCount":0,"image":{"@id":"https:\/\/www.copealcoy.es\/es\/podem-pide-avances-en-la-redaccion-del-plan-de-igualdad-de-alcoy\/#primaryimage"},"thumbnailUrl":"https:\/\/www.copealcoy.es\/wp-content\/uploads\/2019\/04\/56624590_10157016449764089_128050786323136512_n-1.jpg","keywords":["Alcoy","avances","Plan de Igualdad","redacci\u00f3n"],"articleSection":["Alcoy","Noticias","Pol\u00edtica y Econom\u00eda"],"inLanguage":"es"},{"@type":"WebPage","@id":"https:\/\/www.copealcoy.es\/es\/podem-pide-avances-en-la-redaccion-del-plan-de-igualdad-de-alcoy\/","url":"https:\/\/www.copealcoy.es\/es\/podem-pide-avances-en-la-redaccion-del-plan-de-igualdad-de-alcoy\/","name":"Podem pide avances en la redacci\u00f3n del Plan de Igualdad de Alcoy - COPE Alcoy","isPartOf":{"@id":"https:\/\/www.copealcoy.es\/es\/#website"},"primaryImageOfPage":{"@id":"https:\/\/www.copealcoy.es\/es\/podem-pide-avances-en-la-redaccion-del-plan-de-igualdad-de-alcoy\/#primaryimage"},"image":{"@id":"https:\/\/www.copealcoy.es\/es\/podem-pide-avances-en-la-redaccion-del-plan-de-igualdad-de-alcoy\/#primaryimage"},"thumbnailUrl":"https:\/\/www.copealcoy.es\/wp-content\/uploads\/2019\/04\/56624590_10157016449764089_128050786323136512_n-1.jpg","datePublished":"2019-07-02T11:49:27+00:00","author":{"@id":"https:\/\/www.copealcoy.es\/es\/#\/schema\/person\/e777c87fa024e57d40170af9df39882c"},"breadcrumb":{"@id":"https:\/\/www.copealcoy.es\/es\/podem-pide-avances-en-la-redaccion-del-plan-de-igualdad-de-alcoy\/#breadcrumb"},"inLanguage":"es","potentialAction":[{"@type":"ReadAction","target":["https:\/\/www.copealcoy.es\/es\/podem-pide-avances-en-la-redaccion-del-plan-de-igualdad-de-alcoy\/"]}]},{"@type":"ImageObject","inLanguage":"es","@id":"https:\/\/www.copealcoy.es\/es\/podem-pide-avances-en-la-redaccion-del-plan-de-igualdad-de-alcoy\/#primaryimage","url":"https:\/\/www.copealcoy.es\/wp-content\/uploads\/2019\/04\/56624590_10157016449764089_128050786323136512_n-1.jpg","contentUrl":"https:\/\/www.copealcoy.es\/wp-content\/uploads\/2019\/04\/56624590_10157016449764089_128050786323136512_n-1.jpg","width":960,"height":639,"caption":"Un instante de la presentaci\u00f3n del mi\u00e9rcoles \/ Foto: Podem Alcoi"},{"@type":"BreadcrumbList","@id":"https:\/\/www.copealcoy.es\/es\/podem-pide-avances-en-la-redaccion-del-plan-de-igualdad-de-alcoy\/#breadcrumb","itemListElement":[{"@type":"ListItem","position":1,"name":"Portada","item":"https:\/\/www.copealcoy.es\/es\/"},{"@type":"ListItem","position":2,"name":"Podem pide avances en la redacci\u00f3n del Plan de Igualdad de Alcoy"}]},{"@type":"WebSite","@id":"https:\/\/www.copealcoy.es\/es\/#website","url":"https:\/\/www.copealcoy.es\/es\/","name":"COPE Alcoy","description":"Emisora COPE de radio local con emisi\u00f3n online. Pont de Sant Jordi 8-10 03803 Alcoy","potentialAction":[{"@type":"SearchAction","target":{"@type":"EntryPoint","urlTemplate":"https:\/\/www.copealcoy.es\/es\/?s={search_term_string}"},"query-input":{"@type":"PropertyValueSpecification","valueRequired":true,"valueName":"search_term_string"}}],"inLanguage":"es"},{"@type":"Person","@id":"https:\/\/www.copealcoy.es\/es\/#\/schema\/person\/e777c87fa024e57d40170af9df39882c","name":"Cope Alcoy","image":{"@type":"ImageObject","inLanguage":"es","@id":"https:\/\/secure.gravatar.com\/avatar\/bb65d0283347e303893ba14f0692005417c1e0e690a325a4c5d8bb2b3943ee14?s=96&d=mm&r=g","url":"https:\/\/secure.gravatar.com\/avatar\/bb65d0283347e303893ba14f0692005417c1e0e690a325a4c5d8bb2b3943ee14?s=96&d=mm&r=g","contentUrl":"https:\/\/secure.gravatar.com\/avatar\/bb65d0283347e303893ba14f0692005417c1e0e690a325a4c5d8bb2b3943ee14?s=96&d=mm&r=g","caption":"Cope Alcoy"}}]}},"_links":{"self":[{"href":"https:\/\/www.copealcoy.es\/es\/wp-json\/wp\/v2\/posts\/52690","targetHints":{"allow":["GET"]}}],"collection":[{"href":"https:\/\/www.copealcoy.es\/es\/wp-json\/wp\/v2\/posts"}],"about":[{"href":"https:\/\/www.copealcoy.es\/es\/wp-json\/wp\/v2\/types\/post"}],"author":[{"embeddable":true,"href":"https:\/\/www.copealcoy.es\/es\/wp-json\/wp\/v2\/users\/1"}],"replies":[{"embeddable":true,"href":"https:\/\/www.copealcoy.es\/es\/wp-json\/wp\/v2\/comments?post=52690"}],"version-history":[{"count":0,"href":"https:\/\/www.copealcoy.es\/es\/wp-json\/wp\/v2\/posts\/52690\/revisions"}],"wp:featuredmedia":[{"embeddable":true,"href":"https:\/\/www.copealcoy.es\/es\/wp-json\/wp\/v2\/media\/49586"}],"wp:attachment":[{"href":"https:\/\/www.copealcoy.es\/es\/wp-json\/wp\/v2\/media?parent=52690"}],"wp:term":[{"taxonomy":"category","embeddable":true,"href":"https:\/\/www.copealcoy.es\/es\/wp-json\/wp\/v2\/categories?post=52690"},{"taxonomy":"post_tag","embeddable":true,"href":"https:\/\/www.copealcoy.es\/es\/wp-json\/wp\/v2\/tags?post=52690"}],"curies":[{"name":"wp","href":"https:\/\/api.w.org\/{rel}","templated":true}]}}