{"id":52593,"date":"2019-06-28T12:08:42","date_gmt":"2019-06-28T12:08:42","guid":{"rendered":"https:\/\/copealcoi.es\/?p=52593"},"modified":"2019-06-28T12:08:42","modified_gmt":"2019-06-28T12:08:42","slug":"el-gobierno-cede-la-presidencia-y-vicepresidencia-de-las-comisiones-a-la-oposicion","status":"publish","type":"post","link":"https:\/\/www.copealcoy.es\/es\/el-gobierno-cede-la-presidencia-y-vicepresidencia-de-las-comisiones-a-la-oposicion\/","title":{"rendered":"La Presidencia y Vicepresidencia de las comisiones pasa la oposici\u00f3n"},"content":{"rendered":"<p style=\"text-align: justify;\">El<strong> Gobierno Municipal de Alcoy <\/strong>ha decidido que tanto <strong>la Presidencia como la Vicepresidencia<\/strong> de las <strong>Comisiones Informativas<\/strong> sea ejercida por <strong>los grupos municipales<\/strong> de la oposici\u00f3n.<\/p>\n<p style=\"text-align: justify;\">Con esta medida, aseguran los socialistas, <strong>se pretende dotar a los partidos pol\u00edticos<\/strong> que no est\u00e1n en el Gobierno Local de <strong>m\u00e1s herramientas<\/strong> para que <strong>puedan desarrollar su tarea de oposici\u00f3n<\/strong> y dar todav\u00eda <strong>m\u00e1s transparencia<\/strong> a la gesti\u00f3n municipal.\u00a0 <span style=\"display: inline !important; float: none; background-color: #ffffff; color: #191e23; cursor: text; font-family: 'Noto Serif'; font-size: 16px; font-style: normal; font-variant: normal; font-weight: 400; letter-spacing: normal; orphans: 2; text-align: left; text-decoration: none; text-indent: 0px; text-transform: none; -webkit-text-stroke-width: 0px; white-space: normal; word-spacing: 0px;\">La concejal de Democracia Participativa y Transparencia, <strong>Teresa Sanju\u00e1n<\/strong>, insiste en que esta iniciativa <strong>se ha adoptado para fomentar el consenso y el acuerdo con todos los grupos de la Corporaci\u00f3n<\/strong> as\u00ed como de cara a<strong> impulsar una gesti\u00f3n municipal<\/strong> m\u00e1s eficaz &#8220;<\/span><span style=\"text-align: left; text-transform: none; text-indent: 0px; letter-spacing: normal; font-family: 'Noto Serif'; font-size: 16px; font-style: normal; font-variant: normal; font-weight: 400; text-decoration: none; word-spacing: 0px; display: inline !important; white-space: normal; cursor: text; orphans: 2; float: none; -webkit-text-stroke-width: 0px; background-color: #ffffff;\"><em><span style=\"font-family: &quot;Eras Medium ITC&quot;,&quot;sans-serif&quot;;\">h<\/span><\/em><\/span><span lang=\"ES-TRAD\" style=\"background: white;\"><span style=\"font-family: &quot;Eras Medium ITC&quot;,&quot;sans-serif&quot;;\"><em>emos decidido que en esta legislatura contin\u00fae siendo la oposici\u00f3n la que ejerza la presidencia y vicepresidencia de las comisiones informativas aunque el gobierno ha aumentado sus concejales hasta los 12 representantes. La intenci\u00f3n de este gobierno es continuar con la transparencia en nuestra gesti\u00f3n as\u00ed como en el consenso y el acuerdo con todos los grupos de la Corporaci\u00f3n sin olvidar la importancia de una gesti\u00f3n eficaz y eficiente escuchando directamente a las vecinas y vecinos de Alcoy a trav\u00e9s de la participaci\u00f3n ciudadana. Es decir, dando herramientas a los ciudadanos para presentar sus propuestas mientras rendimos cuenta de nuestra gesti\u00f3n y solucionamos sus necesidades<\/em>&#8220;, afirma.<\/span><\/span><\/p>\n<p style=\"text-align: justify;\"><span style=\"font-family: &quot;Eras Medium ITC&quot;,&quot;sans-serif&quot;;\">Indicar que <\/span>en esta legislatura, <strong>las Comisiones Informativas quedan definidas en siete \u00e1reas diferente<\/strong>s, dentro de las cuales, est\u00e1n englobadas <strong>la totalidad de las concejal\u00edas<\/strong> alcoyanas. \u00abGobernanza y R\u00e9gimen Interno\u00bb, \u00abServicios Sociosanitarios\u00bb, \u00abGesti\u00f3n Estrat\u00e9gica y Ciudad inteligente\u00ab, \u00abServicios a las Personas\u00bb, \u00abPatrimonio, Obras y Servicios\u00bb y \u00abDinamizaci\u00f3n Econ\u00f3mica\u00bb.<\/p>\n","protected":false},"excerpt":{"rendered":"<p>El Gobierno Municipal de Alcoy ha decidido que tanto la Presidencia como la Vicepresidencia de las Comisiones Informativas sea ejercida&#8230;<\/p>\n","protected":false},"author":1,"featured_media":13024,"comment_status":"open","ping_status":"open","sticky":false,"template":"","format":"standard","meta":{"footnotes":""},"categories":[97,75,125],"tags":[1494,229,1090,1091,1089,8918],"class_list":["post-52593","post","type-post","status-publish","format-standard","has-post-thumbnail","hentry","category-alcoy","category-noticias","category-portada","tag-alcoy","tag-ayuntamiento","tag-comisiones-informativas","tag-oposicion","tag-presidencia","tag-vicepresidencia"],"yoast_head":"<!-- This site is optimized with the Yoast SEO plugin v27.3 - https:\/\/yoast.com\/product\/yoast-seo-wordpress\/ -->\n<title>La Presidencia y Vicepresidencia de las comisiones pasa la oposici\u00f3n - COPE Alcoy<\/title>\n<meta name=\"robots\" content=\"index, follow, max-snippet:-1, max-image-preview:large, max-video-preview:-1\" \/>\n<link rel=\"canonical\" href=\"https:\/\/www.copealcoy.es\/es\/el-gobierno-cede-la-presidencia-y-vicepresidencia-de-las-comisiones-a-la-oposicion\/\" \/>\n<meta property=\"og:locale\" content=\"es_ES\" \/>\n<meta property=\"og:type\" content=\"article\" \/>\n<meta property=\"og:title\" content=\"La Presidencia y Vicepresidencia de las comisiones pasa la oposici\u00f3n - COPE Alcoy\" \/>\n<meta property=\"og:description\" content=\"El Gobierno Municipal de Alcoy ha decidido que tanto la Presidencia como la Vicepresidencia de las Comisiones Informativas sea ejercida...\" \/>\n<meta property=\"og:url\" content=\"https:\/\/www.copealcoy.es\/es\/el-gobierno-cede-la-presidencia-y-vicepresidencia-de-las-comisiones-a-la-oposicion\/\" \/>\n<meta property=\"og:site_name\" content=\"COPE Alcoy\" \/>\n<meta property=\"article:published_time\" content=\"2019-06-28T12:08:42+00:00\" \/>\n<meta property=\"og:image\" content=\"https:\/\/www.copealcoy.es\/wp-content\/uploads\/2015\/05\/13387-alcoy-001-1-jpg.jpeg\" \/>\n\t<meta property=\"og:image:width\" content=\"1400\" \/>\n\t<meta property=\"og:image:height\" content=\"1050\" \/>\n\t<meta property=\"og:image:type\" content=\"image\/jpeg\" \/>\n<meta name=\"author\" content=\"Cope Alcoy\" \/>\n<meta name=\"twitter:label1\" content=\"Escrito por\" \/>\n\t<meta name=\"twitter:data1\" content=\"Cope Alcoy\" \/>\n\t<meta name=\"twitter:label2\" content=\"Tiempo de lectura\" \/>\n\t<meta name=\"twitter:data2\" content=\"1 minuto\" \/>\n<script type=\"application\/ld+json\" class=\"yoast-schema-graph\">{\"@context\":\"https:\\\/\\\/schema.org\",\"@graph\":[{\"@type\":\"Article\",\"@id\":\"https:\\\/\\\/www.copealcoy.es\\\/es\\\/el-gobierno-cede-la-presidencia-y-vicepresidencia-de-las-comisiones-a-la-oposicion\\\/#article\",\"isPartOf\":{\"@id\":\"https:\\\/\\\/www.copealcoy.es\\\/es\\\/el-gobierno-cede-la-presidencia-y-vicepresidencia-de-las-comisiones-a-la-oposicion\\\/\"},\"author\":{\"name\":\"Cope Alcoy\",\"@id\":\"https:\\\/\\\/www.copealcoy.es\\\/es\\\/#\\\/schema\\\/person\\\/e777c87fa024e57d40170af9df39882c\"},\"headline\":\"La Presidencia y Vicepresidencia de las comisiones pasa la oposici\u00f3n\",\"datePublished\":\"2019-06-28T12:08:42+00:00\",\"mainEntityOfPage\":{\"@id\":\"https:\\\/\\\/www.copealcoy.es\\\/es\\\/el-gobierno-cede-la-presidencia-y-vicepresidencia-de-las-comisiones-a-la-oposicion\\\/\"},\"wordCount\":303,\"commentCount\":0,\"image\":{\"@id\":\"https:\\\/\\\/www.copealcoy.es\\\/es\\\/el-gobierno-cede-la-presidencia-y-vicepresidencia-de-las-comisiones-a-la-oposicion\\\/#primaryimage\"},\"thumbnailUrl\":\"https:\\\/\\\/www.copealcoy.es\\\/wp-content\\\/uploads\\\/2015\\\/05\\\/13387-alcoy-001-1-jpg.jpeg\",\"keywords\":[\"Alcoy\",\"Ayuntamiento\",\"Comisiones Informativas\",\"Oposici\u00f3n\",\"presidencia\",\"Vicepresidencia\"],\"articleSection\":[\"Alcoy\",\"Noticias\",\"Portada\"],\"inLanguage\":\"es\"},{\"@type\":\"WebPage\",\"@id\":\"https:\\\/\\\/www.copealcoy.es\\\/es\\\/el-gobierno-cede-la-presidencia-y-vicepresidencia-de-las-comisiones-a-la-oposicion\\\/\",\"url\":\"https:\\\/\\\/www.copealcoy.es\\\/es\\\/el-gobierno-cede-la-presidencia-y-vicepresidencia-de-las-comisiones-a-la-oposicion\\\/\",\"name\":\"La Presidencia y Vicepresidencia de las comisiones pasa la oposici\u00f3n - COPE Alcoy\",\"isPartOf\":{\"@id\":\"https:\\\/\\\/www.copealcoy.es\\\/es\\\/#website\"},\"primaryImageOfPage\":{\"@id\":\"https:\\\/\\\/www.copealcoy.es\\\/es\\\/el-gobierno-cede-la-presidencia-y-vicepresidencia-de-las-comisiones-a-la-oposicion\\\/#primaryimage\"},\"image\":{\"@id\":\"https:\\\/\\\/www.copealcoy.es\\\/es\\\/el-gobierno-cede-la-presidencia-y-vicepresidencia-de-las-comisiones-a-la-oposicion\\\/#primaryimage\"},\"thumbnailUrl\":\"https:\\\/\\\/www.copealcoy.es\\\/wp-content\\\/uploads\\\/2015\\\/05\\\/13387-alcoy-001-1-jpg.jpeg\",\"datePublished\":\"2019-06-28T12:08:42+00:00\",\"author\":{\"@id\":\"https:\\\/\\\/www.copealcoy.es\\\/es\\\/#\\\/schema\\\/person\\\/e777c87fa024e57d40170af9df39882c\"},\"breadcrumb\":{\"@id\":\"https:\\\/\\\/www.copealcoy.es\\\/es\\\/el-gobierno-cede-la-presidencia-y-vicepresidencia-de-las-comisiones-a-la-oposicion\\\/#breadcrumb\"},\"inLanguage\":\"es\",\"potentialAction\":[{\"@type\":\"ReadAction\",\"target\":[\"https:\\\/\\\/www.copealcoy.es\\\/es\\\/el-gobierno-cede-la-presidencia-y-vicepresidencia-de-las-comisiones-a-la-oposicion\\\/\"]}]},{\"@type\":\"ImageObject\",\"inLanguage\":\"es\",\"@id\":\"https:\\\/\\\/www.copealcoy.es\\\/es\\\/el-gobierno-cede-la-presidencia-y-vicepresidencia-de-las-comisiones-a-la-oposicion\\\/#primaryimage\",\"url\":\"https:\\\/\\\/www.copealcoy.es\\\/wp-content\\\/uploads\\\/2015\\\/05\\\/13387-alcoy-001-1-jpg.jpeg\",\"contentUrl\":\"https:\\\/\\\/www.copealcoy.es\\\/wp-content\\\/uploads\\\/2015\\\/05\\\/13387-alcoy-001-1-jpg.jpeg\",\"width\":1400,\"height\":1050,\"caption\":\"Ayuntamiento de Alcoy\"},{\"@type\":\"BreadcrumbList\",\"@id\":\"https:\\\/\\\/www.copealcoy.es\\\/es\\\/el-gobierno-cede-la-presidencia-y-vicepresidencia-de-las-comisiones-a-la-oposicion\\\/#breadcrumb\",\"itemListElement\":[{\"@type\":\"ListItem\",\"position\":1,\"name\":\"Portada\",\"item\":\"https:\\\/\\\/www.copealcoy.es\\\/es\\\/\"},{\"@type\":\"ListItem\",\"position\":2,\"name\":\"La Presidencia y Vicepresidencia de las comisiones pasa la oposici\u00f3n\"}]},{\"@type\":\"WebSite\",\"@id\":\"https:\\\/\\\/www.copealcoy.es\\\/es\\\/#website\",\"url\":\"https:\\\/\\\/www.copealcoy.es\\\/es\\\/\",\"name\":\"COPE Alcoy\",\"description\":\"Emisora COPE de radio local con emisi\u00f3n online. Pont de Sant Jordi 8-10 03803 Alcoy\",\"potentialAction\":[{\"@type\":\"SearchAction\",\"target\":{\"@type\":\"EntryPoint\",\"urlTemplate\":\"https:\\\/\\\/www.copealcoy.es\\\/es\\\/?s={search_term_string}\"},\"query-input\":{\"@type\":\"PropertyValueSpecification\",\"valueRequired\":true,\"valueName\":\"search_term_string\"}}],\"inLanguage\":\"es\"},{\"@type\":\"Person\",\"@id\":\"https:\\\/\\\/www.copealcoy.es\\\/es\\\/#\\\/schema\\\/person\\\/e777c87fa024e57d40170af9df39882c\",\"name\":\"Cope Alcoy\",\"image\":{\"@type\":\"ImageObject\",\"inLanguage\":\"es\",\"@id\":\"https:\\\/\\\/secure.gravatar.com\\\/avatar\\\/bb65d0283347e303893ba14f0692005417c1e0e690a325a4c5d8bb2b3943ee14?s=96&d=mm&r=g\",\"url\":\"https:\\\/\\\/secure.gravatar.com\\\/avatar\\\/bb65d0283347e303893ba14f0692005417c1e0e690a325a4c5d8bb2b3943ee14?s=96&d=mm&r=g\",\"contentUrl\":\"https:\\\/\\\/secure.gravatar.com\\\/avatar\\\/bb65d0283347e303893ba14f0692005417c1e0e690a325a4c5d8bb2b3943ee14?s=96&d=mm&r=g\",\"caption\":\"Cope Alcoy\"}}]}<\/script>\n<!-- \/ Yoast SEO plugin. -->","yoast_head_json":{"title":"La Presidencia y Vicepresidencia de las comisiones pasa la oposici\u00f3n - COPE Alcoy","robots":{"index":"index","follow":"follow","max-snippet":"max-snippet:-1","max-image-preview":"max-image-preview:large","max-video-preview":"max-video-preview:-1"},"canonical":"https:\/\/www.copealcoy.es\/es\/el-gobierno-cede-la-presidencia-y-vicepresidencia-de-las-comisiones-a-la-oposicion\/","og_locale":"es_ES","og_type":"article","og_title":"La Presidencia y Vicepresidencia de las comisiones pasa la oposici\u00f3n - COPE Alcoy","og_description":"El Gobierno Municipal de Alcoy ha decidido que tanto la Presidencia como la Vicepresidencia de las Comisiones Informativas sea ejercida...","og_url":"https:\/\/www.copealcoy.es\/es\/el-gobierno-cede-la-presidencia-y-vicepresidencia-de-las-comisiones-a-la-oposicion\/","og_site_name":"COPE Alcoy","article_published_time":"2019-06-28T12:08:42+00:00","og_image":[{"width":1400,"height":1050,"url":"https:\/\/www.copealcoy.es\/wp-content\/uploads\/2015\/05\/13387-alcoy-001-1-jpg.jpeg","type":"image\/jpeg"}],"author":"Cope Alcoy","twitter_misc":{"Escrito por":"Cope Alcoy","Tiempo de lectura":"1 minuto"},"schema":{"@context":"https:\/\/schema.org","@graph":[{"@type":"Article","@id":"https:\/\/www.copealcoy.es\/es\/el-gobierno-cede-la-presidencia-y-vicepresidencia-de-las-comisiones-a-la-oposicion\/#article","isPartOf":{"@id":"https:\/\/www.copealcoy.es\/es\/el-gobierno-cede-la-presidencia-y-vicepresidencia-de-las-comisiones-a-la-oposicion\/"},"author":{"name":"Cope Alcoy","@id":"https:\/\/www.copealcoy.es\/es\/#\/schema\/person\/e777c87fa024e57d40170af9df39882c"},"headline":"La Presidencia y Vicepresidencia de las comisiones pasa la oposici\u00f3n","datePublished":"2019-06-28T12:08:42+00:00","mainEntityOfPage":{"@id":"https:\/\/www.copealcoy.es\/es\/el-gobierno-cede-la-presidencia-y-vicepresidencia-de-las-comisiones-a-la-oposicion\/"},"wordCount":303,"commentCount":0,"image":{"@id":"https:\/\/www.copealcoy.es\/es\/el-gobierno-cede-la-presidencia-y-vicepresidencia-de-las-comisiones-a-la-oposicion\/#primaryimage"},"thumbnailUrl":"https:\/\/www.copealcoy.es\/wp-content\/uploads\/2015\/05\/13387-alcoy-001-1-jpg.jpeg","keywords":["Alcoy","Ayuntamiento","Comisiones Informativas","Oposici\u00f3n","presidencia","Vicepresidencia"],"articleSection":["Alcoy","Noticias","Portada"],"inLanguage":"es"},{"@type":"WebPage","@id":"https:\/\/www.copealcoy.es\/es\/el-gobierno-cede-la-presidencia-y-vicepresidencia-de-las-comisiones-a-la-oposicion\/","url":"https:\/\/www.copealcoy.es\/es\/el-gobierno-cede-la-presidencia-y-vicepresidencia-de-las-comisiones-a-la-oposicion\/","name":"La Presidencia y Vicepresidencia de las comisiones pasa la oposici\u00f3n - COPE Alcoy","isPartOf":{"@id":"https:\/\/www.copealcoy.es\/es\/#website"},"primaryImageOfPage":{"@id":"https:\/\/www.copealcoy.es\/es\/el-gobierno-cede-la-presidencia-y-vicepresidencia-de-las-comisiones-a-la-oposicion\/#primaryimage"},"image":{"@id":"https:\/\/www.copealcoy.es\/es\/el-gobierno-cede-la-presidencia-y-vicepresidencia-de-las-comisiones-a-la-oposicion\/#primaryimage"},"thumbnailUrl":"https:\/\/www.copealcoy.es\/wp-content\/uploads\/2015\/05\/13387-alcoy-001-1-jpg.jpeg","datePublished":"2019-06-28T12:08:42+00:00","author":{"@id":"https:\/\/www.copealcoy.es\/es\/#\/schema\/person\/e777c87fa024e57d40170af9df39882c"},"breadcrumb":{"@id":"https:\/\/www.copealcoy.es\/es\/el-gobierno-cede-la-presidencia-y-vicepresidencia-de-las-comisiones-a-la-oposicion\/#breadcrumb"},"inLanguage":"es","potentialAction":[{"@type":"ReadAction","target":["https:\/\/www.copealcoy.es\/es\/el-gobierno-cede-la-presidencia-y-vicepresidencia-de-las-comisiones-a-la-oposicion\/"]}]},{"@type":"ImageObject","inLanguage":"es","@id":"https:\/\/www.copealcoy.es\/es\/el-gobierno-cede-la-presidencia-y-vicepresidencia-de-las-comisiones-a-la-oposicion\/#primaryimage","url":"https:\/\/www.copealcoy.es\/wp-content\/uploads\/2015\/05\/13387-alcoy-001-1-jpg.jpeg","contentUrl":"https:\/\/www.copealcoy.es\/wp-content\/uploads\/2015\/05\/13387-alcoy-001-1-jpg.jpeg","width":1400,"height":1050,"caption":"Ayuntamiento de Alcoy"},{"@type":"BreadcrumbList","@id":"https:\/\/www.copealcoy.es\/es\/el-gobierno-cede-la-presidencia-y-vicepresidencia-de-las-comisiones-a-la-oposicion\/#breadcrumb","itemListElement":[{"@type":"ListItem","position":1,"name":"Portada","item":"https:\/\/www.copealcoy.es\/es\/"},{"@type":"ListItem","position":2,"name":"La Presidencia y Vicepresidencia de las comisiones pasa la oposici\u00f3n"}]},{"@type":"WebSite","@id":"https:\/\/www.copealcoy.es\/es\/#website","url":"https:\/\/www.copealcoy.es\/es\/","name":"COPE Alcoy","description":"Emisora COPE de radio local con emisi\u00f3n online. Pont de Sant Jordi 8-10 03803 Alcoy","potentialAction":[{"@type":"SearchAction","target":{"@type":"EntryPoint","urlTemplate":"https:\/\/www.copealcoy.es\/es\/?s={search_term_string}"},"query-input":{"@type":"PropertyValueSpecification","valueRequired":true,"valueName":"search_term_string"}}],"inLanguage":"es"},{"@type":"Person","@id":"https:\/\/www.copealcoy.es\/es\/#\/schema\/person\/e777c87fa024e57d40170af9df39882c","name":"Cope Alcoy","image":{"@type":"ImageObject","inLanguage":"es","@id":"https:\/\/secure.gravatar.com\/avatar\/bb65d0283347e303893ba14f0692005417c1e0e690a325a4c5d8bb2b3943ee14?s=96&d=mm&r=g","url":"https:\/\/secure.gravatar.com\/avatar\/bb65d0283347e303893ba14f0692005417c1e0e690a325a4c5d8bb2b3943ee14?s=96&d=mm&r=g","contentUrl":"https:\/\/secure.gravatar.com\/avatar\/bb65d0283347e303893ba14f0692005417c1e0e690a325a4c5d8bb2b3943ee14?s=96&d=mm&r=g","caption":"Cope Alcoy"}}]}},"_links":{"self":[{"href":"https:\/\/www.copealcoy.es\/es\/wp-json\/wp\/v2\/posts\/52593","targetHints":{"allow":["GET"]}}],"collection":[{"href":"https:\/\/www.copealcoy.es\/es\/wp-json\/wp\/v2\/posts"}],"about":[{"href":"https:\/\/www.copealcoy.es\/es\/wp-json\/wp\/v2\/types\/post"}],"author":[{"embeddable":true,"href":"https:\/\/www.copealcoy.es\/es\/wp-json\/wp\/v2\/users\/1"}],"replies":[{"embeddable":true,"href":"https:\/\/www.copealcoy.es\/es\/wp-json\/wp\/v2\/comments?post=52593"}],"version-history":[{"count":0,"href":"https:\/\/www.copealcoy.es\/es\/wp-json\/wp\/v2\/posts\/52593\/revisions"}],"wp:featuredmedia":[{"embeddable":true,"href":"https:\/\/www.copealcoy.es\/es\/wp-json\/wp\/v2\/media\/13024"}],"wp:attachment":[{"href":"https:\/\/www.copealcoy.es\/es\/wp-json\/wp\/v2\/media?parent=52593"}],"wp:term":[{"taxonomy":"category","embeddable":true,"href":"https:\/\/www.copealcoy.es\/es\/wp-json\/wp\/v2\/categories?post=52593"},{"taxonomy":"post_tag","embeddable":true,"href":"https:\/\/www.copealcoy.es\/es\/wp-json\/wp\/v2\/tags?post=52593"}],"curies":[{"name":"wp","href":"https:\/\/api.w.org\/{rel}","templated":true}]}}