{"id":52559,"date":"2019-06-27T17:01:29","date_gmt":"2019-06-27T17:01:29","guid":{"rendered":"https:\/\/copealcoi.es\/?p=52559"},"modified":"2019-06-27T17:01:29","modified_gmt":"2019-06-27T17:01:29","slug":"el-ayuntamiento-espera-que-la-generalitat-recepcione-las-obras-del-ceem","status":"publish","type":"post","link":"https:\/\/www.copealcoy.es\/es\/el-ayuntamiento-espera-que-la-generalitat-recepcione-las-obras-del-ceem\/","title":{"rendered":"El Ayuntamiento espera que la Generalitat recepcione las obras del CEEM"},"content":{"rendered":"<p style=\"text-align: justify;\">El <strong>Gobierno Municipal del PSOE<\/strong> asegura que el Ayuntamiento de Alcoy<strong> ha realizado todos los pasos necesarios<\/strong> para que la Generalitat Valenciana, y en concreto la Conselleria de Pol\u00edticas Inclusivas, recepcione <strong>el Centro Espec\u00edfico de Enfermos Mentales<\/strong> (CEEM) ubicado en el Barranquet de Soler.<\/p>\n<p style=\"text-align: justify;\">En este sentido, indican, que <strong>los t\u00e9cnicos de la Conselleria visitaron el Centro el pasado 14 de junio<\/strong> y afirman que actualmente <strong>se est\u00e1 a la espera de su informe<\/strong> para la recepci\u00f3n del edificio. El edil de Obras, <strong>Jordi Mart\u00ednez<\/strong>, ha desmentido <strong>las afirmaciones<\/strong> realizadas esta semana por Comprom\u00eds Alcoi y en las que se dec\u00eda que el citado inmueble<strong> hab\u00eda sufrido una inundaci\u00f3n<\/strong> nada m\u00e1s finalizar <strong>las obras de adecuaci\u00f3n del inmueble<\/strong> llevadas a cabo recientemente a cargo de las arcas municipales con una cuant\u00eda que <strong>rond\u00f3 los 300.000 euros<\/strong>. Mart\u00ednez aclara que <strong>hubo un problema con un dep\u00f3sito de agua el 3 de junio<\/strong> que no caus\u00f3 ning\u00fan da\u00f1o al estar dotada de sumideros <strong>la estancia<\/strong> en la que este se encuentra. Asimismo se\u00f1ala que<strong> esta situaci\u00f3n fue subsanada al d\u00eda siguiente<\/strong> por parte de los t\u00e9cnicos del Ayuntamiento de Alcoy <strong>procedi\u00e9ndose despu\u00e9s a llenar el mencionado dep\u00f3sito<\/strong> &#8220;<em>es para estar indignados con las declaraciones de Mario Ivorra, portavoz de Comprom\u00eds, quien adem\u00e1s dice que \u2018extra\u00f1amente, y la Conselleria todav\u00eda no ha recibido el traspaso CEEM\u2019, desde el Gobierno Municipal hemos llevado adelante todos los pasos para realizar el traspaso del edificio; comunicamos a Conselleria que el edificio estaba completamente terminado, vinieron los t\u00e9cnicos y es esta Conselleria la que est\u00e1 alargando el proceso<\/em>&#8220;, detalla Mart\u00ednez.<\/p>\n<p style=\"text-align: justify;\">Recordar que este Centro, de car\u00e1cter comarcal, <strong>es una infraestructura muy demandada por los enfermos y sus familias<\/strong> y constar\u00e1 de<strong> 40 plazas<\/strong> de residencia as\u00ed como de\u00a0<strong>20 plazas<\/strong> de centro de d\u00eda.<\/p>\n<p><strong>Cr\u00edticas por parte de Comprom\u00eds<\/strong><\/p>\n<p style=\"text-align: justify;\">Desde <strong>Comprom\u00eds Alcoi<\/strong>, adem\u00e1s de denunciar el citado problema con el dep\u00f3sito,\u00a0<span lang=\"ES\">han asegurado que <strong>tras ocho a\u00f1os de Gobiernos Locales<\/strong> <strong>Socialistas<\/strong> la apertura del CEEM es todav\u00eda incierta. De igual forma indican que Conselleria <strong>espera que el Ayuntamiento traspase el inmueble<\/strong> a la Generalitat para que esta <strong>asuma su equipamiento y posterior gesti\u00f3n<\/strong> &#8220;<em>en la pasada legislatura, nuestra Consellera de Comprom\u00eds M\u00f2nica Oltra, apost\u00f3 por su apertura, reservando una partida para su puesta en funcionamiento, pero con la condici\u00f3n de que el Ayuntamiento de Alcoy realizara las obras necesarias para revertir los efectos del vandalismo sufrido en el edificio<\/em>&#8220;, concluy\u00f3.\u00a0<\/span><\/p>\n","protected":false},"excerpt":{"rendered":"<p>El Gobierno Municipal del PSOE asegura que el Ayuntamiento de Alcoy ha realizado todos los pasos necesarios para que la&#8230;<\/p>\n","protected":false},"author":1,"featured_media":51750,"comment_status":"open","ping_status":"open","sticky":false,"template":"","format":"standard","meta":{"footnotes":""},"categories":[97,75,125],"tags":[229,3269,243,8913],"class_list":["post-52559","post","type-post","status-publish","format-standard","has-post-thumbnail","hentry","category-alcoy","category-noticias","category-portada","tag-ayuntamiento","tag-ceem","tag-generalitat","tag-recepcione"],"yoast_head":"<!-- This site is optimized with the Yoast SEO plugin v27.3 - https:\/\/yoast.com\/product\/yoast-seo-wordpress\/ -->\n<title>El Ayuntamiento espera que la Generalitat recepcione las obras del CEEM - COPE Alcoy<\/title>\n<meta name=\"robots\" content=\"index, follow, max-snippet:-1, max-image-preview:large, max-video-preview:-1\" \/>\n<link rel=\"canonical\" href=\"https:\/\/www.copealcoy.es\/es\/el-ayuntamiento-espera-que-la-generalitat-recepcione-las-obras-del-ceem\/\" \/>\n<meta property=\"og:locale\" content=\"es_ES\" \/>\n<meta property=\"og:type\" content=\"article\" \/>\n<meta property=\"og:title\" content=\"El Ayuntamiento espera que la Generalitat recepcione las obras del CEEM - COPE Alcoy\" \/>\n<meta property=\"og:description\" content=\"El Gobierno Municipal del PSOE asegura que el Ayuntamiento de Alcoy ha realizado todos los pasos necesarios para que la...\" \/>\n<meta property=\"og:url\" content=\"https:\/\/www.copealcoy.es\/es\/el-ayuntamiento-espera-que-la-generalitat-recepcione-las-obras-del-ceem\/\" \/>\n<meta property=\"og:site_name\" content=\"COPE Alcoy\" \/>\n<meta property=\"article:published_time\" content=\"2019-06-27T17:01:29+00:00\" \/>\n<meta property=\"og:image\" content=\"https:\/\/www.copealcoy.es\/wp-content\/uploads\/2019\/06\/61789824_10219686970032902_4745822258012880896_n-1.jpg\" \/>\n\t<meta property=\"og:image:width\" content=\"960\" \/>\n\t<meta property=\"og:image:height\" content=\"539\" \/>\n\t<meta property=\"og:image:type\" content=\"image\/jpeg\" \/>\n<meta name=\"author\" content=\"Cope Alcoy\" \/>\n<meta name=\"twitter:label1\" content=\"Escrito por\" \/>\n\t<meta name=\"twitter:data1\" content=\"Cope Alcoy\" \/>\n\t<meta name=\"twitter:label2\" content=\"Tiempo de lectura\" \/>\n\t<meta name=\"twitter:data2\" content=\"2 minutos\" \/>\n<script type=\"application\/ld+json\" class=\"yoast-schema-graph\">{\"@context\":\"https:\\\/\\\/schema.org\",\"@graph\":[{\"@type\":\"Article\",\"@id\":\"https:\\\/\\\/www.copealcoy.es\\\/es\\\/el-ayuntamiento-espera-que-la-generalitat-recepcione-las-obras-del-ceem\\\/#article\",\"isPartOf\":{\"@id\":\"https:\\\/\\\/www.copealcoy.es\\\/es\\\/el-ayuntamiento-espera-que-la-generalitat-recepcione-las-obras-del-ceem\\\/\"},\"author\":{\"name\":\"Cope Alcoy\",\"@id\":\"https:\\\/\\\/www.copealcoy.es\\\/es\\\/#\\\/schema\\\/person\\\/e777c87fa024e57d40170af9df39882c\"},\"headline\":\"El Ayuntamiento espera que la Generalitat recepcione las obras del CEEM\",\"datePublished\":\"2019-06-27T17:01:29+00:00\",\"mainEntityOfPage\":{\"@id\":\"https:\\\/\\\/www.copealcoy.es\\\/es\\\/el-ayuntamiento-espera-que-la-generalitat-recepcione-las-obras-del-ceem\\\/\"},\"wordCount\":451,\"commentCount\":0,\"image\":{\"@id\":\"https:\\\/\\\/www.copealcoy.es\\\/es\\\/el-ayuntamiento-espera-que-la-generalitat-recepcione-las-obras-del-ceem\\\/#primaryimage\"},\"thumbnailUrl\":\"https:\\\/\\\/www.copealcoy.es\\\/wp-content\\\/uploads\\\/2019\\\/06\\\/61789824_10219686970032902_4745822258012880896_n-1.jpg\",\"keywords\":[\"Ayuntamiento\",\"CEEM\",\"Generalitat\",\"recepcione\"],\"articleSection\":[\"Alcoy\",\"Noticias\",\"Portada\"],\"inLanguage\":\"es\"},{\"@type\":\"WebPage\",\"@id\":\"https:\\\/\\\/www.copealcoy.es\\\/es\\\/el-ayuntamiento-espera-que-la-generalitat-recepcione-las-obras-del-ceem\\\/\",\"url\":\"https:\\\/\\\/www.copealcoy.es\\\/es\\\/el-ayuntamiento-espera-que-la-generalitat-recepcione-las-obras-del-ceem\\\/\",\"name\":\"El Ayuntamiento espera que la Generalitat recepcione las obras del CEEM - COPE Alcoy\",\"isPartOf\":{\"@id\":\"https:\\\/\\\/www.copealcoy.es\\\/es\\\/#website\"},\"primaryImageOfPage\":{\"@id\":\"https:\\\/\\\/www.copealcoy.es\\\/es\\\/el-ayuntamiento-espera-que-la-generalitat-recepcione-las-obras-del-ceem\\\/#primaryimage\"},\"image\":{\"@id\":\"https:\\\/\\\/www.copealcoy.es\\\/es\\\/el-ayuntamiento-espera-que-la-generalitat-recepcione-las-obras-del-ceem\\\/#primaryimage\"},\"thumbnailUrl\":\"https:\\\/\\\/www.copealcoy.es\\\/wp-content\\\/uploads\\\/2019\\\/06\\\/61789824_10219686970032902_4745822258012880896_n-1.jpg\",\"datePublished\":\"2019-06-27T17:01:29+00:00\",\"author\":{\"@id\":\"https:\\\/\\\/www.copealcoy.es\\\/es\\\/#\\\/schema\\\/person\\\/e777c87fa024e57d40170af9df39882c\"},\"breadcrumb\":{\"@id\":\"https:\\\/\\\/www.copealcoy.es\\\/es\\\/el-ayuntamiento-espera-que-la-generalitat-recepcione-las-obras-del-ceem\\\/#breadcrumb\"},\"inLanguage\":\"es\",\"potentialAction\":[{\"@type\":\"ReadAction\",\"target\":[\"https:\\\/\\\/www.copealcoy.es\\\/es\\\/el-ayuntamiento-espera-que-la-generalitat-recepcione-las-obras-del-ceem\\\/\"]}]},{\"@type\":\"ImageObject\",\"inLanguage\":\"es\",\"@id\":\"https:\\\/\\\/www.copealcoy.es\\\/es\\\/el-ayuntamiento-espera-que-la-generalitat-recepcione-las-obras-del-ceem\\\/#primaryimage\",\"url\":\"https:\\\/\\\/www.copealcoy.es\\\/wp-content\\\/uploads\\\/2019\\\/06\\\/61789824_10219686970032902_4745822258012880896_n-1.jpg\",\"contentUrl\":\"https:\\\/\\\/www.copealcoy.es\\\/wp-content\\\/uploads\\\/2019\\\/06\\\/61789824_10219686970032902_4745822258012880896_n-1.jpg\",\"width\":960,\"height\":539,\"caption\":\"Las obras fueron recibidas por el Ayuntamiento el pasado viernes\"},{\"@type\":\"BreadcrumbList\",\"@id\":\"https:\\\/\\\/www.copealcoy.es\\\/es\\\/el-ayuntamiento-espera-que-la-generalitat-recepcione-las-obras-del-ceem\\\/#breadcrumb\",\"itemListElement\":[{\"@type\":\"ListItem\",\"position\":1,\"name\":\"Portada\",\"item\":\"https:\\\/\\\/www.copealcoy.es\\\/es\\\/\"},{\"@type\":\"ListItem\",\"position\":2,\"name\":\"El Ayuntamiento espera que la Generalitat recepcione las obras del CEEM\"}]},{\"@type\":\"WebSite\",\"@id\":\"https:\\\/\\\/www.copealcoy.es\\\/es\\\/#website\",\"url\":\"https:\\\/\\\/www.copealcoy.es\\\/es\\\/\",\"name\":\"COPE Alcoy\",\"description\":\"Emisora COPE de radio local con emisi\u00f3n online. Pont de Sant Jordi 8-10 03803 Alcoy\",\"potentialAction\":[{\"@type\":\"SearchAction\",\"target\":{\"@type\":\"EntryPoint\",\"urlTemplate\":\"https:\\\/\\\/www.copealcoy.es\\\/es\\\/?s={search_term_string}\"},\"query-input\":{\"@type\":\"PropertyValueSpecification\",\"valueRequired\":true,\"valueName\":\"search_term_string\"}}],\"inLanguage\":\"es\"},{\"@type\":\"Person\",\"@id\":\"https:\\\/\\\/www.copealcoy.es\\\/es\\\/#\\\/schema\\\/person\\\/e777c87fa024e57d40170af9df39882c\",\"name\":\"Cope Alcoy\",\"image\":{\"@type\":\"ImageObject\",\"inLanguage\":\"es\",\"@id\":\"https:\\\/\\\/secure.gravatar.com\\\/avatar\\\/bb65d0283347e303893ba14f0692005417c1e0e690a325a4c5d8bb2b3943ee14?s=96&d=mm&r=g\",\"url\":\"https:\\\/\\\/secure.gravatar.com\\\/avatar\\\/bb65d0283347e303893ba14f0692005417c1e0e690a325a4c5d8bb2b3943ee14?s=96&d=mm&r=g\",\"contentUrl\":\"https:\\\/\\\/secure.gravatar.com\\\/avatar\\\/bb65d0283347e303893ba14f0692005417c1e0e690a325a4c5d8bb2b3943ee14?s=96&d=mm&r=g\",\"caption\":\"Cope Alcoy\"}}]}<\/script>\n<!-- \/ Yoast SEO plugin. -->","yoast_head_json":{"title":"El Ayuntamiento espera que la Generalitat recepcione las obras del CEEM - COPE Alcoy","robots":{"index":"index","follow":"follow","max-snippet":"max-snippet:-1","max-image-preview":"max-image-preview:large","max-video-preview":"max-video-preview:-1"},"canonical":"https:\/\/www.copealcoy.es\/es\/el-ayuntamiento-espera-que-la-generalitat-recepcione-las-obras-del-ceem\/","og_locale":"es_ES","og_type":"article","og_title":"El Ayuntamiento espera que la Generalitat recepcione las obras del CEEM - COPE Alcoy","og_description":"El Gobierno Municipal del PSOE asegura que el Ayuntamiento de Alcoy ha realizado todos los pasos necesarios para que la...","og_url":"https:\/\/www.copealcoy.es\/es\/el-ayuntamiento-espera-que-la-generalitat-recepcione-las-obras-del-ceem\/","og_site_name":"COPE Alcoy","article_published_time":"2019-06-27T17:01:29+00:00","og_image":[{"width":960,"height":539,"url":"https:\/\/www.copealcoy.es\/wp-content\/uploads\/2019\/06\/61789824_10219686970032902_4745822258012880896_n-1.jpg","type":"image\/jpeg"}],"author":"Cope Alcoy","twitter_misc":{"Escrito por":"Cope Alcoy","Tiempo de lectura":"2 minutos"},"schema":{"@context":"https:\/\/schema.org","@graph":[{"@type":"Article","@id":"https:\/\/www.copealcoy.es\/es\/el-ayuntamiento-espera-que-la-generalitat-recepcione-las-obras-del-ceem\/#article","isPartOf":{"@id":"https:\/\/www.copealcoy.es\/es\/el-ayuntamiento-espera-que-la-generalitat-recepcione-las-obras-del-ceem\/"},"author":{"name":"Cope Alcoy","@id":"https:\/\/www.copealcoy.es\/es\/#\/schema\/person\/e777c87fa024e57d40170af9df39882c"},"headline":"El Ayuntamiento espera que la Generalitat recepcione las obras del CEEM","datePublished":"2019-06-27T17:01:29+00:00","mainEntityOfPage":{"@id":"https:\/\/www.copealcoy.es\/es\/el-ayuntamiento-espera-que-la-generalitat-recepcione-las-obras-del-ceem\/"},"wordCount":451,"commentCount":0,"image":{"@id":"https:\/\/www.copealcoy.es\/es\/el-ayuntamiento-espera-que-la-generalitat-recepcione-las-obras-del-ceem\/#primaryimage"},"thumbnailUrl":"https:\/\/www.copealcoy.es\/wp-content\/uploads\/2019\/06\/61789824_10219686970032902_4745822258012880896_n-1.jpg","keywords":["Ayuntamiento","CEEM","Generalitat","recepcione"],"articleSection":["Alcoy","Noticias","Portada"],"inLanguage":"es"},{"@type":"WebPage","@id":"https:\/\/www.copealcoy.es\/es\/el-ayuntamiento-espera-que-la-generalitat-recepcione-las-obras-del-ceem\/","url":"https:\/\/www.copealcoy.es\/es\/el-ayuntamiento-espera-que-la-generalitat-recepcione-las-obras-del-ceem\/","name":"El Ayuntamiento espera que la Generalitat recepcione las obras del CEEM - COPE Alcoy","isPartOf":{"@id":"https:\/\/www.copealcoy.es\/es\/#website"},"primaryImageOfPage":{"@id":"https:\/\/www.copealcoy.es\/es\/el-ayuntamiento-espera-que-la-generalitat-recepcione-las-obras-del-ceem\/#primaryimage"},"image":{"@id":"https:\/\/www.copealcoy.es\/es\/el-ayuntamiento-espera-que-la-generalitat-recepcione-las-obras-del-ceem\/#primaryimage"},"thumbnailUrl":"https:\/\/www.copealcoy.es\/wp-content\/uploads\/2019\/06\/61789824_10219686970032902_4745822258012880896_n-1.jpg","datePublished":"2019-06-27T17:01:29+00:00","author":{"@id":"https:\/\/www.copealcoy.es\/es\/#\/schema\/person\/e777c87fa024e57d40170af9df39882c"},"breadcrumb":{"@id":"https:\/\/www.copealcoy.es\/es\/el-ayuntamiento-espera-que-la-generalitat-recepcione-las-obras-del-ceem\/#breadcrumb"},"inLanguage":"es","potentialAction":[{"@type":"ReadAction","target":["https:\/\/www.copealcoy.es\/es\/el-ayuntamiento-espera-que-la-generalitat-recepcione-las-obras-del-ceem\/"]}]},{"@type":"ImageObject","inLanguage":"es","@id":"https:\/\/www.copealcoy.es\/es\/el-ayuntamiento-espera-que-la-generalitat-recepcione-las-obras-del-ceem\/#primaryimage","url":"https:\/\/www.copealcoy.es\/wp-content\/uploads\/2019\/06\/61789824_10219686970032902_4745822258012880896_n-1.jpg","contentUrl":"https:\/\/www.copealcoy.es\/wp-content\/uploads\/2019\/06\/61789824_10219686970032902_4745822258012880896_n-1.jpg","width":960,"height":539,"caption":"Las obras fueron recibidas por el Ayuntamiento el pasado viernes"},{"@type":"BreadcrumbList","@id":"https:\/\/www.copealcoy.es\/es\/el-ayuntamiento-espera-que-la-generalitat-recepcione-las-obras-del-ceem\/#breadcrumb","itemListElement":[{"@type":"ListItem","position":1,"name":"Portada","item":"https:\/\/www.copealcoy.es\/es\/"},{"@type":"ListItem","position":2,"name":"El Ayuntamiento espera que la Generalitat recepcione las obras del CEEM"}]},{"@type":"WebSite","@id":"https:\/\/www.copealcoy.es\/es\/#website","url":"https:\/\/www.copealcoy.es\/es\/","name":"COPE Alcoy","description":"Emisora COPE de radio local con emisi\u00f3n online. Pont de Sant Jordi 8-10 03803 Alcoy","potentialAction":[{"@type":"SearchAction","target":{"@type":"EntryPoint","urlTemplate":"https:\/\/www.copealcoy.es\/es\/?s={search_term_string}"},"query-input":{"@type":"PropertyValueSpecification","valueRequired":true,"valueName":"search_term_string"}}],"inLanguage":"es"},{"@type":"Person","@id":"https:\/\/www.copealcoy.es\/es\/#\/schema\/person\/e777c87fa024e57d40170af9df39882c","name":"Cope Alcoy","image":{"@type":"ImageObject","inLanguage":"es","@id":"https:\/\/secure.gravatar.com\/avatar\/bb65d0283347e303893ba14f0692005417c1e0e690a325a4c5d8bb2b3943ee14?s=96&d=mm&r=g","url":"https:\/\/secure.gravatar.com\/avatar\/bb65d0283347e303893ba14f0692005417c1e0e690a325a4c5d8bb2b3943ee14?s=96&d=mm&r=g","contentUrl":"https:\/\/secure.gravatar.com\/avatar\/bb65d0283347e303893ba14f0692005417c1e0e690a325a4c5d8bb2b3943ee14?s=96&d=mm&r=g","caption":"Cope Alcoy"}}]}},"_links":{"self":[{"href":"https:\/\/www.copealcoy.es\/es\/wp-json\/wp\/v2\/posts\/52559","targetHints":{"allow":["GET"]}}],"collection":[{"href":"https:\/\/www.copealcoy.es\/es\/wp-json\/wp\/v2\/posts"}],"about":[{"href":"https:\/\/www.copealcoy.es\/es\/wp-json\/wp\/v2\/types\/post"}],"author":[{"embeddable":true,"href":"https:\/\/www.copealcoy.es\/es\/wp-json\/wp\/v2\/users\/1"}],"replies":[{"embeddable":true,"href":"https:\/\/www.copealcoy.es\/es\/wp-json\/wp\/v2\/comments?post=52559"}],"version-history":[{"count":0,"href":"https:\/\/www.copealcoy.es\/es\/wp-json\/wp\/v2\/posts\/52559\/revisions"}],"wp:featuredmedia":[{"embeddable":true,"href":"https:\/\/www.copealcoy.es\/es\/wp-json\/wp\/v2\/media\/51750"}],"wp:attachment":[{"href":"https:\/\/www.copealcoy.es\/es\/wp-json\/wp\/v2\/media?parent=52559"}],"wp:term":[{"taxonomy":"category","embeddable":true,"href":"https:\/\/www.copealcoy.es\/es\/wp-json\/wp\/v2\/categories?post=52559"},{"taxonomy":"post_tag","embeddable":true,"href":"https:\/\/www.copealcoy.es\/es\/wp-json\/wp\/v2\/tags?post=52559"}],"curies":[{"name":"wp","href":"https:\/\/api.w.org\/{rel}","templated":true}]}}