{"id":52475,"date":"2019-06-25T14:33:50","date_gmt":"2019-06-25T14:33:50","guid":{"rendered":"https:\/\/copealcoi.es\/?p=52475"},"modified":"2019-06-25T14:33:50","modified_gmt":"2019-06-25T14:33:50","slug":"la-eoi-de-alcoy-cuenta-con-unas-1-800-plazas-para-el-proximo-curso","status":"publish","type":"post","link":"https:\/\/www.copealcoy.es\/es\/la-eoi-de-alcoy-cuenta-con-unas-1-800-plazas-para-el-proximo-curso\/","title":{"rendered":"La EOI de Alcoy cuenta con unas 1.800 plazas para el pr\u00f3ximo curso"},"content":{"rendered":"<p style=\"text-align: justify;\">La <strong>Escuela Oficial de Idiomas de Alcoy<\/strong> cuenta con unas <strong>1.800 plazas<\/strong> para el pr\u00f3ximo curso acad\u00e9mico 2019\/2020.<\/p>\n<p style=\"text-align: justify;\">Entre las novedades para este destaca <strong>la ampliaci\u00f3n de horarios<\/strong>, un hecho que permitir\u00e1 a los alumnos cursar ingl\u00e9s, franc\u00e9s y alem\u00e1n en horario de tarde y ma\u00f1ana . Asimismo se introduce<strong> un curso intensivo de ingl\u00e9s de B1 y el nivel C1 de franc\u00e9s<\/strong> as\u00ed como <strong>los niveles superiores de valenciano<\/strong>. Por otra parte, a partir del que curso que viene, <strong>se podr\u00e1 promocionar internamente de nivel<\/strong> sin depender los ex\u00e1menes de certificaci\u00f3n al mismo tiempo que <strong>se ampliar\u00e1n a dos cursos<\/strong> los niveles superiores de C1 y C2 en cualquier idioma.La\u00a0Directora de la EOI de Alcoy, <strong>Alma Blasco<\/strong>, recuerda <strong>la gran aceptaci\u00f3n que tienen la oferta de la EOI en nuestras comarcas<\/strong> y asegura que cada vez son m\u00e1s <strong>los alumnos que escogen el centro<\/strong> para cursar un idioma &#8220;<em>los profesores tenemos un trato personalizado con todos los estudiantes y fomentamos el aprendizaje de forma did\u00e1ctica empleando tambi\u00e9n para ello las ventajas que nos dan las nuevas tecnolog\u00edas&#8221;, afirma. De igual forma \u00a0Blasco remarca que se ha normalizado la demanda de algunos idiomas en comparaci\u00f3n con la existente a\u00f1os atr\u00e1s &#8220;no hay tanta demanda en ingles y toda la oferta de idiomas se mantiene en un n\u00famero estable de alumnos<\/em>&#8220;, indica.<\/p>\n<p style=\"text-align: justify;\">Toda <strong>la informaci\u00f3n<\/strong> sobre el proceso de matriculaci\u00f3n <strong>se podr\u00e1 consultar en <a href=\"http:\/\/mestreacasa.gva.es\/web\/eoialcoi\"><span style=\"color: #0000ff;\">la web<\/span> <\/a>al igual que en en la secretar\u00eda del Centro<\/strong> y este se alargar\u00e1 hasta el 27 de junio.<\/p>\n","protected":false},"excerpt":{"rendered":"<p>La Escuela Oficial de Idiomas de Alcoy cuenta con unas 1.800 plazas para el pr\u00f3ximo curso acad\u00e9mico 2019\/2020. Entre las&#8230;<\/p>\n","protected":false},"author":1,"featured_media":15174,"comment_status":"open","ping_status":"open","sticky":false,"template":"","format":"standard","meta":{"footnotes":""},"categories":[97,900,75,125],"tags":[8904,1494,5967],"class_list":["post-52475","post","type-post","status-publish","format-standard","has-post-thumbnail","hentry","category-alcoy","category-educacion","category-noticias","category-portada","tag-1800-plazas","tag-alcoy","tag-eoi"],"yoast_head":"<!-- This site is optimized with the Yoast SEO plugin v27.3 - https:\/\/yoast.com\/product\/yoast-seo-wordpress\/ -->\n<title>La EOI de Alcoy cuenta con unas 1.800 plazas para el pr\u00f3ximo curso - COPE Alcoy<\/title>\n<meta name=\"robots\" content=\"index, follow, max-snippet:-1, max-image-preview:large, max-video-preview:-1\" \/>\n<link rel=\"canonical\" href=\"https:\/\/www.copealcoy.es\/es\/la-eoi-de-alcoy-cuenta-con-unas-1-800-plazas-para-el-proximo-curso\/\" \/>\n<meta property=\"og:locale\" content=\"es_ES\" \/>\n<meta property=\"og:type\" content=\"article\" \/>\n<meta property=\"og:title\" content=\"La EOI de Alcoy cuenta con unas 1.800 plazas para el pr\u00f3ximo curso - COPE Alcoy\" \/>\n<meta property=\"og:description\" content=\"La Escuela Oficial de Idiomas de Alcoy cuenta con unas 1.800 plazas para el pr\u00f3ximo curso acad\u00e9mico 2019\/2020. Entre las...\" \/>\n<meta property=\"og:url\" content=\"https:\/\/www.copealcoy.es\/es\/la-eoi-de-alcoy-cuenta-con-unas-1-800-plazas-para-el-proximo-curso\/\" \/>\n<meta property=\"og:site_name\" content=\"COPE Alcoy\" \/>\n<meta property=\"article:published_time\" content=\"2019-06-25T14:33:50+00:00\" \/>\n<meta property=\"og:image\" content=\"https:\/\/www.copealcoy.es\/wp-content\/uploads\/2015\/08\/arton573.jpg\" \/>\n\t<meta property=\"og:image:width\" content=\"599\" \/>\n\t<meta property=\"og:image:height\" content=\"399\" \/>\n\t<meta property=\"og:image:type\" content=\"image\/jpeg\" \/>\n<meta name=\"author\" content=\"Cope Alcoy\" \/>\n<meta name=\"twitter:label1\" content=\"Escrito por\" \/>\n\t<meta name=\"twitter:data1\" content=\"Cope Alcoy\" \/>\n\t<meta name=\"twitter:label2\" content=\"Tiempo de lectura\" \/>\n\t<meta name=\"twitter:data2\" content=\"1 minuto\" \/>\n<script type=\"application\/ld+json\" class=\"yoast-schema-graph\">{\"@context\":\"https:\\\/\\\/schema.org\",\"@graph\":[{\"@type\":\"Article\",\"@id\":\"https:\\\/\\\/www.copealcoy.es\\\/es\\\/la-eoi-de-alcoy-cuenta-con-unas-1-800-plazas-para-el-proximo-curso\\\/#article\",\"isPartOf\":{\"@id\":\"https:\\\/\\\/www.copealcoy.es\\\/es\\\/la-eoi-de-alcoy-cuenta-con-unas-1-800-plazas-para-el-proximo-curso\\\/\"},\"author\":{\"name\":\"Cope Alcoy\",\"@id\":\"https:\\\/\\\/www.copealcoy.es\\\/es\\\/#\\\/schema\\\/person\\\/e777c87fa024e57d40170af9df39882c\"},\"headline\":\"La EOI de Alcoy cuenta con unas 1.800 plazas para el pr\u00f3ximo curso\",\"datePublished\":\"2019-06-25T14:33:50+00:00\",\"mainEntityOfPage\":{\"@id\":\"https:\\\/\\\/www.copealcoy.es\\\/es\\\/la-eoi-de-alcoy-cuenta-con-unas-1-800-plazas-para-el-proximo-curso\\\/\"},\"wordCount\":288,\"commentCount\":0,\"image\":{\"@id\":\"https:\\\/\\\/www.copealcoy.es\\\/es\\\/la-eoi-de-alcoy-cuenta-con-unas-1-800-plazas-para-el-proximo-curso\\\/#primaryimage\"},\"thumbnailUrl\":\"https:\\\/\\\/www.copealcoy.es\\\/wp-content\\\/uploads\\\/2015\\\/08\\\/arton573.jpg\",\"keywords\":[\"1800 plazas\",\"Alcoy\",\"EOI\"],\"articleSection\":[\"Alcoy\",\"Educaci\u00f3n\",\"Noticias\",\"Portada\"],\"inLanguage\":\"es\"},{\"@type\":\"WebPage\",\"@id\":\"https:\\\/\\\/www.copealcoy.es\\\/es\\\/la-eoi-de-alcoy-cuenta-con-unas-1-800-plazas-para-el-proximo-curso\\\/\",\"url\":\"https:\\\/\\\/www.copealcoy.es\\\/es\\\/la-eoi-de-alcoy-cuenta-con-unas-1-800-plazas-para-el-proximo-curso\\\/\",\"name\":\"La EOI de Alcoy cuenta con unas 1.800 plazas para el pr\u00f3ximo curso - COPE Alcoy\",\"isPartOf\":{\"@id\":\"https:\\\/\\\/www.copealcoy.es\\\/es\\\/#website\"},\"primaryImageOfPage\":{\"@id\":\"https:\\\/\\\/www.copealcoy.es\\\/es\\\/la-eoi-de-alcoy-cuenta-con-unas-1-800-plazas-para-el-proximo-curso\\\/#primaryimage\"},\"image\":{\"@id\":\"https:\\\/\\\/www.copealcoy.es\\\/es\\\/la-eoi-de-alcoy-cuenta-con-unas-1-800-plazas-para-el-proximo-curso\\\/#primaryimage\"},\"thumbnailUrl\":\"https:\\\/\\\/www.copealcoy.es\\\/wp-content\\\/uploads\\\/2015\\\/08\\\/arton573.jpg\",\"datePublished\":\"2019-06-25T14:33:50+00:00\",\"author\":{\"@id\":\"https:\\\/\\\/www.copealcoy.es\\\/es\\\/#\\\/schema\\\/person\\\/e777c87fa024e57d40170af9df39882c\"},\"breadcrumb\":{\"@id\":\"https:\\\/\\\/www.copealcoy.es\\\/es\\\/la-eoi-de-alcoy-cuenta-con-unas-1-800-plazas-para-el-proximo-curso\\\/#breadcrumb\"},\"inLanguage\":\"es\",\"potentialAction\":[{\"@type\":\"ReadAction\",\"target\":[\"https:\\\/\\\/www.copealcoy.es\\\/es\\\/la-eoi-de-alcoy-cuenta-con-unas-1-800-plazas-para-el-proximo-curso\\\/\"]}]},{\"@type\":\"ImageObject\",\"inLanguage\":\"es\",\"@id\":\"https:\\\/\\\/www.copealcoy.es\\\/es\\\/la-eoi-de-alcoy-cuenta-con-unas-1-800-plazas-para-el-proximo-curso\\\/#primaryimage\",\"url\":\"https:\\\/\\\/www.copealcoy.es\\\/wp-content\\\/uploads\\\/2015\\\/08\\\/arton573.jpg\",\"contentUrl\":\"https:\\\/\\\/www.copealcoy.es\\\/wp-content\\\/uploads\\\/2015\\\/08\\\/arton573.jpg\",\"width\":599,\"height\":399,\"caption\":\"Escuela Oficial de Idiomas de Alcoy\"},{\"@type\":\"BreadcrumbList\",\"@id\":\"https:\\\/\\\/www.copealcoy.es\\\/es\\\/la-eoi-de-alcoy-cuenta-con-unas-1-800-plazas-para-el-proximo-curso\\\/#breadcrumb\",\"itemListElement\":[{\"@type\":\"ListItem\",\"position\":1,\"name\":\"Portada\",\"item\":\"https:\\\/\\\/www.copealcoy.es\\\/es\\\/\"},{\"@type\":\"ListItem\",\"position\":2,\"name\":\"La EOI de Alcoy cuenta con unas 1.800 plazas para el pr\u00f3ximo curso\"}]},{\"@type\":\"WebSite\",\"@id\":\"https:\\\/\\\/www.copealcoy.es\\\/es\\\/#website\",\"url\":\"https:\\\/\\\/www.copealcoy.es\\\/es\\\/\",\"name\":\"COPE Alcoy\",\"description\":\"Emisora COPE de radio local con emisi\u00f3n online. Pont de Sant Jordi 8-10 03803 Alcoy\",\"potentialAction\":[{\"@type\":\"SearchAction\",\"target\":{\"@type\":\"EntryPoint\",\"urlTemplate\":\"https:\\\/\\\/www.copealcoy.es\\\/es\\\/?s={search_term_string}\"},\"query-input\":{\"@type\":\"PropertyValueSpecification\",\"valueRequired\":true,\"valueName\":\"search_term_string\"}}],\"inLanguage\":\"es\"},{\"@type\":\"Person\",\"@id\":\"https:\\\/\\\/www.copealcoy.es\\\/es\\\/#\\\/schema\\\/person\\\/e777c87fa024e57d40170af9df39882c\",\"name\":\"Cope Alcoy\",\"image\":{\"@type\":\"ImageObject\",\"inLanguage\":\"es\",\"@id\":\"https:\\\/\\\/secure.gravatar.com\\\/avatar\\\/bb65d0283347e303893ba14f0692005417c1e0e690a325a4c5d8bb2b3943ee14?s=96&d=mm&r=g\",\"url\":\"https:\\\/\\\/secure.gravatar.com\\\/avatar\\\/bb65d0283347e303893ba14f0692005417c1e0e690a325a4c5d8bb2b3943ee14?s=96&d=mm&r=g\",\"contentUrl\":\"https:\\\/\\\/secure.gravatar.com\\\/avatar\\\/bb65d0283347e303893ba14f0692005417c1e0e690a325a4c5d8bb2b3943ee14?s=96&d=mm&r=g\",\"caption\":\"Cope Alcoy\"}}]}<\/script>\n<!-- \/ Yoast SEO plugin. -->","yoast_head_json":{"title":"La EOI de Alcoy cuenta con unas 1.800 plazas para el pr\u00f3ximo curso - COPE Alcoy","robots":{"index":"index","follow":"follow","max-snippet":"max-snippet:-1","max-image-preview":"max-image-preview:large","max-video-preview":"max-video-preview:-1"},"canonical":"https:\/\/www.copealcoy.es\/es\/la-eoi-de-alcoy-cuenta-con-unas-1-800-plazas-para-el-proximo-curso\/","og_locale":"es_ES","og_type":"article","og_title":"La EOI de Alcoy cuenta con unas 1.800 plazas para el pr\u00f3ximo curso - COPE Alcoy","og_description":"La Escuela Oficial de Idiomas de Alcoy cuenta con unas 1.800 plazas para el pr\u00f3ximo curso acad\u00e9mico 2019\/2020. Entre las...","og_url":"https:\/\/www.copealcoy.es\/es\/la-eoi-de-alcoy-cuenta-con-unas-1-800-plazas-para-el-proximo-curso\/","og_site_name":"COPE Alcoy","article_published_time":"2019-06-25T14:33:50+00:00","og_image":[{"width":599,"height":399,"url":"https:\/\/www.copealcoy.es\/wp-content\/uploads\/2015\/08\/arton573.jpg","type":"image\/jpeg"}],"author":"Cope Alcoy","twitter_misc":{"Escrito por":"Cope Alcoy","Tiempo de lectura":"1 minuto"},"schema":{"@context":"https:\/\/schema.org","@graph":[{"@type":"Article","@id":"https:\/\/www.copealcoy.es\/es\/la-eoi-de-alcoy-cuenta-con-unas-1-800-plazas-para-el-proximo-curso\/#article","isPartOf":{"@id":"https:\/\/www.copealcoy.es\/es\/la-eoi-de-alcoy-cuenta-con-unas-1-800-plazas-para-el-proximo-curso\/"},"author":{"name":"Cope Alcoy","@id":"https:\/\/www.copealcoy.es\/es\/#\/schema\/person\/e777c87fa024e57d40170af9df39882c"},"headline":"La EOI de Alcoy cuenta con unas 1.800 plazas para el pr\u00f3ximo curso","datePublished":"2019-06-25T14:33:50+00:00","mainEntityOfPage":{"@id":"https:\/\/www.copealcoy.es\/es\/la-eoi-de-alcoy-cuenta-con-unas-1-800-plazas-para-el-proximo-curso\/"},"wordCount":288,"commentCount":0,"image":{"@id":"https:\/\/www.copealcoy.es\/es\/la-eoi-de-alcoy-cuenta-con-unas-1-800-plazas-para-el-proximo-curso\/#primaryimage"},"thumbnailUrl":"https:\/\/www.copealcoy.es\/wp-content\/uploads\/2015\/08\/arton573.jpg","keywords":["1800 plazas","Alcoy","EOI"],"articleSection":["Alcoy","Educaci\u00f3n","Noticias","Portada"],"inLanguage":"es"},{"@type":"WebPage","@id":"https:\/\/www.copealcoy.es\/es\/la-eoi-de-alcoy-cuenta-con-unas-1-800-plazas-para-el-proximo-curso\/","url":"https:\/\/www.copealcoy.es\/es\/la-eoi-de-alcoy-cuenta-con-unas-1-800-plazas-para-el-proximo-curso\/","name":"La EOI de Alcoy cuenta con unas 1.800 plazas para el pr\u00f3ximo curso - COPE Alcoy","isPartOf":{"@id":"https:\/\/www.copealcoy.es\/es\/#website"},"primaryImageOfPage":{"@id":"https:\/\/www.copealcoy.es\/es\/la-eoi-de-alcoy-cuenta-con-unas-1-800-plazas-para-el-proximo-curso\/#primaryimage"},"image":{"@id":"https:\/\/www.copealcoy.es\/es\/la-eoi-de-alcoy-cuenta-con-unas-1-800-plazas-para-el-proximo-curso\/#primaryimage"},"thumbnailUrl":"https:\/\/www.copealcoy.es\/wp-content\/uploads\/2015\/08\/arton573.jpg","datePublished":"2019-06-25T14:33:50+00:00","author":{"@id":"https:\/\/www.copealcoy.es\/es\/#\/schema\/person\/e777c87fa024e57d40170af9df39882c"},"breadcrumb":{"@id":"https:\/\/www.copealcoy.es\/es\/la-eoi-de-alcoy-cuenta-con-unas-1-800-plazas-para-el-proximo-curso\/#breadcrumb"},"inLanguage":"es","potentialAction":[{"@type":"ReadAction","target":["https:\/\/www.copealcoy.es\/es\/la-eoi-de-alcoy-cuenta-con-unas-1-800-plazas-para-el-proximo-curso\/"]}]},{"@type":"ImageObject","inLanguage":"es","@id":"https:\/\/www.copealcoy.es\/es\/la-eoi-de-alcoy-cuenta-con-unas-1-800-plazas-para-el-proximo-curso\/#primaryimage","url":"https:\/\/www.copealcoy.es\/wp-content\/uploads\/2015\/08\/arton573.jpg","contentUrl":"https:\/\/www.copealcoy.es\/wp-content\/uploads\/2015\/08\/arton573.jpg","width":599,"height":399,"caption":"Escuela Oficial de Idiomas de Alcoy"},{"@type":"BreadcrumbList","@id":"https:\/\/www.copealcoy.es\/es\/la-eoi-de-alcoy-cuenta-con-unas-1-800-plazas-para-el-proximo-curso\/#breadcrumb","itemListElement":[{"@type":"ListItem","position":1,"name":"Portada","item":"https:\/\/www.copealcoy.es\/es\/"},{"@type":"ListItem","position":2,"name":"La EOI de Alcoy cuenta con unas 1.800 plazas para el pr\u00f3ximo curso"}]},{"@type":"WebSite","@id":"https:\/\/www.copealcoy.es\/es\/#website","url":"https:\/\/www.copealcoy.es\/es\/","name":"COPE Alcoy","description":"Emisora COPE de radio local con emisi\u00f3n online. Pont de Sant Jordi 8-10 03803 Alcoy","potentialAction":[{"@type":"SearchAction","target":{"@type":"EntryPoint","urlTemplate":"https:\/\/www.copealcoy.es\/es\/?s={search_term_string}"},"query-input":{"@type":"PropertyValueSpecification","valueRequired":true,"valueName":"search_term_string"}}],"inLanguage":"es"},{"@type":"Person","@id":"https:\/\/www.copealcoy.es\/es\/#\/schema\/person\/e777c87fa024e57d40170af9df39882c","name":"Cope Alcoy","image":{"@type":"ImageObject","inLanguage":"es","@id":"https:\/\/secure.gravatar.com\/avatar\/bb65d0283347e303893ba14f0692005417c1e0e690a325a4c5d8bb2b3943ee14?s=96&d=mm&r=g","url":"https:\/\/secure.gravatar.com\/avatar\/bb65d0283347e303893ba14f0692005417c1e0e690a325a4c5d8bb2b3943ee14?s=96&d=mm&r=g","contentUrl":"https:\/\/secure.gravatar.com\/avatar\/bb65d0283347e303893ba14f0692005417c1e0e690a325a4c5d8bb2b3943ee14?s=96&d=mm&r=g","caption":"Cope Alcoy"}}]}},"_links":{"self":[{"href":"https:\/\/www.copealcoy.es\/es\/wp-json\/wp\/v2\/posts\/52475","targetHints":{"allow":["GET"]}}],"collection":[{"href":"https:\/\/www.copealcoy.es\/es\/wp-json\/wp\/v2\/posts"}],"about":[{"href":"https:\/\/www.copealcoy.es\/es\/wp-json\/wp\/v2\/types\/post"}],"author":[{"embeddable":true,"href":"https:\/\/www.copealcoy.es\/es\/wp-json\/wp\/v2\/users\/1"}],"replies":[{"embeddable":true,"href":"https:\/\/www.copealcoy.es\/es\/wp-json\/wp\/v2\/comments?post=52475"}],"version-history":[{"count":0,"href":"https:\/\/www.copealcoy.es\/es\/wp-json\/wp\/v2\/posts\/52475\/revisions"}],"wp:featuredmedia":[{"embeddable":true,"href":"https:\/\/www.copealcoy.es\/es\/wp-json\/wp\/v2\/media\/15174"}],"wp:attachment":[{"href":"https:\/\/www.copealcoy.es\/es\/wp-json\/wp\/v2\/media?parent=52475"}],"wp:term":[{"taxonomy":"category","embeddable":true,"href":"https:\/\/www.copealcoy.es\/es\/wp-json\/wp\/v2\/categories?post=52475"},{"taxonomy":"post_tag","embeddable":true,"href":"https:\/\/www.copealcoy.es\/es\/wp-json\/wp\/v2\/tags?post=52475"}],"curies":[{"name":"wp","href":"https:\/\/api.w.org\/{rel}","templated":true}]}}