{"id":52464,"date":"2019-06-25T14:06:58","date_gmt":"2019-06-25T14:06:58","guid":{"rendered":"https:\/\/copealcoi.es\/?p=52464"},"modified":"2019-06-25T14:06:58","modified_gmt":"2019-06-25T14:06:58","slug":"avanza-la-restauracion-de-la-imagen-de-san-hipolito-martir","status":"publish","type":"post","link":"https:\/\/www.copealcoy.es\/es\/avanza-la-restauracion-de-la-imagen-de-san-hipolito-martir\/","title":{"rendered":"Avanza la restauraci\u00f3n de la imagen de San Hip\u00f3lito M\u00e1rtir"},"content":{"rendered":"<p style=\"text-align: justify;\">La Federaci\u00f3n Junta de Fiestas de Moros y Cristianos de Cocentaina ya ha iniciado <strong>el proceso de restauraci\u00f3n de la imagen del patr\u00f3n<\/strong>, un trabajo que se ejecuta en los locales parroquiales de la iglesia de Santa Mar\u00eda y que est\u00e1 desarrollado por <strong>Inma Ribelles<\/strong>. Esta actuaci\u00f3n, seg\u00fan informa la entidad festera, <strong>afectar\u00e1 al conjunto escult\u00f3rico<\/strong> formado tanto por<strong> la imagen de San Hip\u00f3lito<\/strong>, que se asienta sobre una peana con elementos vegetales; como a <strong>los dos \u00e1ngeles<\/strong> situados junto al patr\u00f3n y que sostienen los s\u00edmbolos del martirio del santo y el escudo de Cocentaina.<\/p>\n<p style=\"text-align: justify;\">La restauraci\u00f3n es <strong>la primera que se le realiza a la imagen del patr\u00f3n<\/strong>, que data del <strong>a\u00f1o 1940<\/strong>, y ser\u00e1 sencilla ya que en su mayor\u00eda <strong>se centrar\u00e1 en la limpieza junto a la reparaci\u00f3n de posibles desperfectos<\/strong> que pueda tener la escultura a causa de <strong>su manipulaci\u00f3n<\/strong> durante los actos religiosos de las Fiestas de Moros y Cristianos. El Vicepresidente de Culto de la Junta de Fiestas, <strong>Quino Palac\u00ed<\/strong>, explica que la citada intervenci\u00f3n comenz\u00f3 semanas atr\u00e1s con <strong>el traslado de San Hip\u00f3lito M\u00e1rtir desde su altar<\/strong>, ubicado en una capilla lateral de la Parroquia de Santa Mar\u00eda, hasta <strong>las dependencias internas del templo<\/strong> \u201c<em>se est\u00e1 trabajando con m\u00e1xima celeridad ya que la restauraci\u00f3n tiene que estar concluida a mediados del mes que viene para que la imagen del patr\u00f3n pueda ya presidir la Novena y las diferentes celebraciones que se hacen en su honor durante nuestra trilog\u00eda festera. Con este proyecto se garantiza la conservaci\u00f3n de la escultura al mismo tiempo que se consigue que la escultura de San Hip\u00f3lito luzca como merece<\/em>\u201d, asevera.<\/p>\n<p style=\"text-align: justify;\">Recordar que esta imagen procesional de San Hip\u00f3lito M\u00e1rtir <strong>fue creada por el escultor Jos\u00e9 Vila Rafel para sustituir a la anterior<\/strong> que result\u00f3 destruida durante la Guerra Civil.<\/p>\n","protected":false},"excerpt":{"rendered":"<p>La Federaci\u00f3n Junta de Fiestas de Moros y Cristianos de Cocentaina ya ha iniciado el proceso de restauraci\u00f3n de la&#8230;<\/p>\n","protected":false},"author":1,"featured_media":52484,"comment_status":"open","ping_status":"open","sticky":false,"template":"","format":"standard","meta":{"footnotes":""},"categories":[98,75],"tags":[5603,250,4488],"class_list":["post-52464","post","type-post","status-publish","format-standard","has-post-thumbnail","hentry","category-comarcas","category-noticias","tag-imagen","tag-restauracion","tag-san-hipolito-martir"],"yoast_head":"<!-- This site is optimized with the Yoast SEO plugin v27.3 - https:\/\/yoast.com\/product\/yoast-seo-wordpress\/ -->\n<title>Avanza la restauraci\u00f3n de la imagen de San Hip\u00f3lito M\u00e1rtir - COPE Alcoy<\/title>\n<meta name=\"robots\" content=\"index, follow, max-snippet:-1, max-image-preview:large, max-video-preview:-1\" \/>\n<link rel=\"canonical\" href=\"https:\/\/www.copealcoy.es\/es\/avanza-la-restauracion-de-la-imagen-de-san-hipolito-martir\/\" \/>\n<meta property=\"og:locale\" content=\"es_ES\" \/>\n<meta property=\"og:type\" content=\"article\" \/>\n<meta property=\"og:title\" content=\"Avanza la restauraci\u00f3n de la imagen de San Hip\u00f3lito M\u00e1rtir - COPE Alcoy\" \/>\n<meta property=\"og:description\" content=\"La Federaci\u00f3n Junta de Fiestas de Moros y Cristianos de Cocentaina ya ha iniciado el proceso de restauraci\u00f3n de la...\" \/>\n<meta property=\"og:url\" content=\"https:\/\/www.copealcoy.es\/es\/avanza-la-restauracion-de-la-imagen-de-san-hipolito-martir\/\" \/>\n<meta property=\"og:site_name\" content=\"COPE Alcoy\" \/>\n<meta property=\"article:published_time\" content=\"2019-06-25T14:06:58+00:00\" \/>\n<meta property=\"og:image\" content=\"https:\/\/www.copealcoy.es\/wp-content\/uploads\/2019\/06\/arton21378-1.jpg\" \/>\n\t<meta property=\"og:image:width\" content=\"640\" \/>\n\t<meta property=\"og:image:height\" content=\"462\" \/>\n\t<meta property=\"og:image:type\" content=\"image\/jpeg\" \/>\n<meta name=\"author\" content=\"Cope Alcoy\" \/>\n<meta name=\"twitter:label1\" content=\"Escrito por\" \/>\n\t<meta name=\"twitter:data1\" content=\"Cope Alcoy\" \/>\n\t<meta name=\"twitter:label2\" content=\"Tiempo de lectura\" \/>\n\t<meta name=\"twitter:data2\" content=\"2 minutos\" \/>\n<script type=\"application\/ld+json\" class=\"yoast-schema-graph\">{\"@context\":\"https:\\\/\\\/schema.org\",\"@graph\":[{\"@type\":\"Article\",\"@id\":\"https:\\\/\\\/www.copealcoy.es\\\/es\\\/avanza-la-restauracion-de-la-imagen-de-san-hipolito-martir\\\/#article\",\"isPartOf\":{\"@id\":\"https:\\\/\\\/www.copealcoy.es\\\/es\\\/avanza-la-restauracion-de-la-imagen-de-san-hipolito-martir\\\/\"},\"author\":{\"name\":\"Cope Alcoy\",\"@id\":\"https:\\\/\\\/www.copealcoy.es\\\/es\\\/#\\\/schema\\\/person\\\/e777c87fa024e57d40170af9df39882c\"},\"headline\":\"Avanza la restauraci\u00f3n de la imagen de San Hip\u00f3lito M\u00e1rtir\",\"datePublished\":\"2019-06-25T14:06:58+00:00\",\"mainEntityOfPage\":{\"@id\":\"https:\\\/\\\/www.copealcoy.es\\\/es\\\/avanza-la-restauracion-de-la-imagen-de-san-hipolito-martir\\\/\"},\"wordCount\":343,\"commentCount\":0,\"image\":{\"@id\":\"https:\\\/\\\/www.copealcoy.es\\\/es\\\/avanza-la-restauracion-de-la-imagen-de-san-hipolito-martir\\\/#primaryimage\"},\"thumbnailUrl\":\"https:\\\/\\\/www.copealcoy.es\\\/wp-content\\\/uploads\\\/2019\\\/06\\\/arton21378-1.jpg\",\"keywords\":[\"imagen\",\"Restauraci\u00f3n\",\"San Hip\u00f3lito M\u00e1rtir\"],\"articleSection\":[\"Comarcas\",\"Noticias\"],\"inLanguage\":\"es\"},{\"@type\":\"WebPage\",\"@id\":\"https:\\\/\\\/www.copealcoy.es\\\/es\\\/avanza-la-restauracion-de-la-imagen-de-san-hipolito-martir\\\/\",\"url\":\"https:\\\/\\\/www.copealcoy.es\\\/es\\\/avanza-la-restauracion-de-la-imagen-de-san-hipolito-martir\\\/\",\"name\":\"Avanza la restauraci\u00f3n de la imagen de San Hip\u00f3lito M\u00e1rtir - COPE Alcoy\",\"isPartOf\":{\"@id\":\"https:\\\/\\\/www.copealcoy.es\\\/es\\\/#website\"},\"primaryImageOfPage\":{\"@id\":\"https:\\\/\\\/www.copealcoy.es\\\/es\\\/avanza-la-restauracion-de-la-imagen-de-san-hipolito-martir\\\/#primaryimage\"},\"image\":{\"@id\":\"https:\\\/\\\/www.copealcoy.es\\\/es\\\/avanza-la-restauracion-de-la-imagen-de-san-hipolito-martir\\\/#primaryimage\"},\"thumbnailUrl\":\"https:\\\/\\\/www.copealcoy.es\\\/wp-content\\\/uploads\\\/2019\\\/06\\\/arton21378-1.jpg\",\"datePublished\":\"2019-06-25T14:06:58+00:00\",\"author\":{\"@id\":\"https:\\\/\\\/www.copealcoy.es\\\/es\\\/#\\\/schema\\\/person\\\/e777c87fa024e57d40170af9df39882c\"},\"breadcrumb\":{\"@id\":\"https:\\\/\\\/www.copealcoy.es\\\/es\\\/avanza-la-restauracion-de-la-imagen-de-san-hipolito-martir\\\/#breadcrumb\"},\"inLanguage\":\"es\",\"potentialAction\":[{\"@type\":\"ReadAction\",\"target\":[\"https:\\\/\\\/www.copealcoy.es\\\/es\\\/avanza-la-restauracion-de-la-imagen-de-san-hipolito-martir\\\/\"]}]},{\"@type\":\"ImageObject\",\"inLanguage\":\"es\",\"@id\":\"https:\\\/\\\/www.copealcoy.es\\\/es\\\/avanza-la-restauracion-de-la-imagen-de-san-hipolito-martir\\\/#primaryimage\",\"url\":\"https:\\\/\\\/www.copealcoy.es\\\/wp-content\\\/uploads\\\/2019\\\/06\\\/arton21378-1.jpg\",\"contentUrl\":\"https:\\\/\\\/www.copealcoy.es\\\/wp-content\\\/uploads\\\/2019\\\/06\\\/arton21378-1.jpg\",\"width\":640,\"height\":462,\"caption\":\"San Hip\u00f3lito ha sido trasladado a los locales parroquiales de Santa Mar\u00eda para su restauraci\u00f3n \\\/ Foto: G. Pascual\"},{\"@type\":\"BreadcrumbList\",\"@id\":\"https:\\\/\\\/www.copealcoy.es\\\/es\\\/avanza-la-restauracion-de-la-imagen-de-san-hipolito-martir\\\/#breadcrumb\",\"itemListElement\":[{\"@type\":\"ListItem\",\"position\":1,\"name\":\"Portada\",\"item\":\"https:\\\/\\\/www.copealcoy.es\\\/es\\\/\"},{\"@type\":\"ListItem\",\"position\":2,\"name\":\"Avanza la restauraci\u00f3n de la imagen de San Hip\u00f3lito M\u00e1rtir\"}]},{\"@type\":\"WebSite\",\"@id\":\"https:\\\/\\\/www.copealcoy.es\\\/es\\\/#website\",\"url\":\"https:\\\/\\\/www.copealcoy.es\\\/es\\\/\",\"name\":\"COPE Alcoy\",\"description\":\"Emisora COPE de radio local con emisi\u00f3n online. Pont de Sant Jordi 8-10 03803 Alcoy\",\"potentialAction\":[{\"@type\":\"SearchAction\",\"target\":{\"@type\":\"EntryPoint\",\"urlTemplate\":\"https:\\\/\\\/www.copealcoy.es\\\/es\\\/?s={search_term_string}\"},\"query-input\":{\"@type\":\"PropertyValueSpecification\",\"valueRequired\":true,\"valueName\":\"search_term_string\"}}],\"inLanguage\":\"es\"},{\"@type\":\"Person\",\"@id\":\"https:\\\/\\\/www.copealcoy.es\\\/es\\\/#\\\/schema\\\/person\\\/e777c87fa024e57d40170af9df39882c\",\"name\":\"Cope Alcoy\",\"image\":{\"@type\":\"ImageObject\",\"inLanguage\":\"es\",\"@id\":\"https:\\\/\\\/secure.gravatar.com\\\/avatar\\\/bb65d0283347e303893ba14f0692005417c1e0e690a325a4c5d8bb2b3943ee14?s=96&d=mm&r=g\",\"url\":\"https:\\\/\\\/secure.gravatar.com\\\/avatar\\\/bb65d0283347e303893ba14f0692005417c1e0e690a325a4c5d8bb2b3943ee14?s=96&d=mm&r=g\",\"contentUrl\":\"https:\\\/\\\/secure.gravatar.com\\\/avatar\\\/bb65d0283347e303893ba14f0692005417c1e0e690a325a4c5d8bb2b3943ee14?s=96&d=mm&r=g\",\"caption\":\"Cope Alcoy\"}}]}<\/script>\n<!-- \/ Yoast SEO plugin. -->","yoast_head_json":{"title":"Avanza la restauraci\u00f3n de la imagen de San Hip\u00f3lito M\u00e1rtir - COPE Alcoy","robots":{"index":"index","follow":"follow","max-snippet":"max-snippet:-1","max-image-preview":"max-image-preview:large","max-video-preview":"max-video-preview:-1"},"canonical":"https:\/\/www.copealcoy.es\/es\/avanza-la-restauracion-de-la-imagen-de-san-hipolito-martir\/","og_locale":"es_ES","og_type":"article","og_title":"Avanza la restauraci\u00f3n de la imagen de San Hip\u00f3lito M\u00e1rtir - COPE Alcoy","og_description":"La Federaci\u00f3n Junta de Fiestas de Moros y Cristianos de Cocentaina ya ha iniciado el proceso de restauraci\u00f3n de la...","og_url":"https:\/\/www.copealcoy.es\/es\/avanza-la-restauracion-de-la-imagen-de-san-hipolito-martir\/","og_site_name":"COPE Alcoy","article_published_time":"2019-06-25T14:06:58+00:00","og_image":[{"width":640,"height":462,"url":"https:\/\/www.copealcoy.es\/wp-content\/uploads\/2019\/06\/arton21378-1.jpg","type":"image\/jpeg"}],"author":"Cope Alcoy","twitter_misc":{"Escrito por":"Cope Alcoy","Tiempo de lectura":"2 minutos"},"schema":{"@context":"https:\/\/schema.org","@graph":[{"@type":"Article","@id":"https:\/\/www.copealcoy.es\/es\/avanza-la-restauracion-de-la-imagen-de-san-hipolito-martir\/#article","isPartOf":{"@id":"https:\/\/www.copealcoy.es\/es\/avanza-la-restauracion-de-la-imagen-de-san-hipolito-martir\/"},"author":{"name":"Cope Alcoy","@id":"https:\/\/www.copealcoy.es\/es\/#\/schema\/person\/e777c87fa024e57d40170af9df39882c"},"headline":"Avanza la restauraci\u00f3n de la imagen de San Hip\u00f3lito M\u00e1rtir","datePublished":"2019-06-25T14:06:58+00:00","mainEntityOfPage":{"@id":"https:\/\/www.copealcoy.es\/es\/avanza-la-restauracion-de-la-imagen-de-san-hipolito-martir\/"},"wordCount":343,"commentCount":0,"image":{"@id":"https:\/\/www.copealcoy.es\/es\/avanza-la-restauracion-de-la-imagen-de-san-hipolito-martir\/#primaryimage"},"thumbnailUrl":"https:\/\/www.copealcoy.es\/wp-content\/uploads\/2019\/06\/arton21378-1.jpg","keywords":["imagen","Restauraci\u00f3n","San Hip\u00f3lito M\u00e1rtir"],"articleSection":["Comarcas","Noticias"],"inLanguage":"es"},{"@type":"WebPage","@id":"https:\/\/www.copealcoy.es\/es\/avanza-la-restauracion-de-la-imagen-de-san-hipolito-martir\/","url":"https:\/\/www.copealcoy.es\/es\/avanza-la-restauracion-de-la-imagen-de-san-hipolito-martir\/","name":"Avanza la restauraci\u00f3n de la imagen de San Hip\u00f3lito M\u00e1rtir - COPE Alcoy","isPartOf":{"@id":"https:\/\/www.copealcoy.es\/es\/#website"},"primaryImageOfPage":{"@id":"https:\/\/www.copealcoy.es\/es\/avanza-la-restauracion-de-la-imagen-de-san-hipolito-martir\/#primaryimage"},"image":{"@id":"https:\/\/www.copealcoy.es\/es\/avanza-la-restauracion-de-la-imagen-de-san-hipolito-martir\/#primaryimage"},"thumbnailUrl":"https:\/\/www.copealcoy.es\/wp-content\/uploads\/2019\/06\/arton21378-1.jpg","datePublished":"2019-06-25T14:06:58+00:00","author":{"@id":"https:\/\/www.copealcoy.es\/es\/#\/schema\/person\/e777c87fa024e57d40170af9df39882c"},"breadcrumb":{"@id":"https:\/\/www.copealcoy.es\/es\/avanza-la-restauracion-de-la-imagen-de-san-hipolito-martir\/#breadcrumb"},"inLanguage":"es","potentialAction":[{"@type":"ReadAction","target":["https:\/\/www.copealcoy.es\/es\/avanza-la-restauracion-de-la-imagen-de-san-hipolito-martir\/"]}]},{"@type":"ImageObject","inLanguage":"es","@id":"https:\/\/www.copealcoy.es\/es\/avanza-la-restauracion-de-la-imagen-de-san-hipolito-martir\/#primaryimage","url":"https:\/\/www.copealcoy.es\/wp-content\/uploads\/2019\/06\/arton21378-1.jpg","contentUrl":"https:\/\/www.copealcoy.es\/wp-content\/uploads\/2019\/06\/arton21378-1.jpg","width":640,"height":462,"caption":"San Hip\u00f3lito ha sido trasladado a los locales parroquiales de Santa Mar\u00eda para su restauraci\u00f3n \/ Foto: G. Pascual"},{"@type":"BreadcrumbList","@id":"https:\/\/www.copealcoy.es\/es\/avanza-la-restauracion-de-la-imagen-de-san-hipolito-martir\/#breadcrumb","itemListElement":[{"@type":"ListItem","position":1,"name":"Portada","item":"https:\/\/www.copealcoy.es\/es\/"},{"@type":"ListItem","position":2,"name":"Avanza la restauraci\u00f3n de la imagen de San Hip\u00f3lito M\u00e1rtir"}]},{"@type":"WebSite","@id":"https:\/\/www.copealcoy.es\/es\/#website","url":"https:\/\/www.copealcoy.es\/es\/","name":"COPE Alcoy","description":"Emisora COPE de radio local con emisi\u00f3n online. Pont de Sant Jordi 8-10 03803 Alcoy","potentialAction":[{"@type":"SearchAction","target":{"@type":"EntryPoint","urlTemplate":"https:\/\/www.copealcoy.es\/es\/?s={search_term_string}"},"query-input":{"@type":"PropertyValueSpecification","valueRequired":true,"valueName":"search_term_string"}}],"inLanguage":"es"},{"@type":"Person","@id":"https:\/\/www.copealcoy.es\/es\/#\/schema\/person\/e777c87fa024e57d40170af9df39882c","name":"Cope Alcoy","image":{"@type":"ImageObject","inLanguage":"es","@id":"https:\/\/secure.gravatar.com\/avatar\/bb65d0283347e303893ba14f0692005417c1e0e690a325a4c5d8bb2b3943ee14?s=96&d=mm&r=g","url":"https:\/\/secure.gravatar.com\/avatar\/bb65d0283347e303893ba14f0692005417c1e0e690a325a4c5d8bb2b3943ee14?s=96&d=mm&r=g","contentUrl":"https:\/\/secure.gravatar.com\/avatar\/bb65d0283347e303893ba14f0692005417c1e0e690a325a4c5d8bb2b3943ee14?s=96&d=mm&r=g","caption":"Cope Alcoy"}}]}},"_links":{"self":[{"href":"https:\/\/www.copealcoy.es\/es\/wp-json\/wp\/v2\/posts\/52464","targetHints":{"allow":["GET"]}}],"collection":[{"href":"https:\/\/www.copealcoy.es\/es\/wp-json\/wp\/v2\/posts"}],"about":[{"href":"https:\/\/www.copealcoy.es\/es\/wp-json\/wp\/v2\/types\/post"}],"author":[{"embeddable":true,"href":"https:\/\/www.copealcoy.es\/es\/wp-json\/wp\/v2\/users\/1"}],"replies":[{"embeddable":true,"href":"https:\/\/www.copealcoy.es\/es\/wp-json\/wp\/v2\/comments?post=52464"}],"version-history":[{"count":0,"href":"https:\/\/www.copealcoy.es\/es\/wp-json\/wp\/v2\/posts\/52464\/revisions"}],"wp:featuredmedia":[{"embeddable":true,"href":"https:\/\/www.copealcoy.es\/es\/wp-json\/wp\/v2\/media\/52484"}],"wp:attachment":[{"href":"https:\/\/www.copealcoy.es\/es\/wp-json\/wp\/v2\/media?parent=52464"}],"wp:term":[{"taxonomy":"category","embeddable":true,"href":"https:\/\/www.copealcoy.es\/es\/wp-json\/wp\/v2\/categories?post=52464"},{"taxonomy":"post_tag","embeddable":true,"href":"https:\/\/www.copealcoy.es\/es\/wp-json\/wp\/v2\/tags?post=52464"}],"curies":[{"name":"wp","href":"https:\/\/api.w.org\/{rel}","templated":true}]}}