{"id":52300,"date":"2019-06-19T16:20:34","date_gmt":"2019-06-19T16:20:34","guid":{"rendered":"https:\/\/copealcoi.es\/?p=52300"},"modified":"2019-06-19T16:20:34","modified_gmt":"2019-06-19T16:20:34","slug":"aprobado-el-nuevo-organigrama-municipal-del-ayuntamiento-de-alcoy","status":"publish","type":"post","link":"https:\/\/www.copealcoy.es\/es\/aprobado-el-nuevo-organigrama-municipal-del-ayuntamiento-de-alcoy\/","title":{"rendered":"Aprobado el nuevo organigrama municipal del Ayuntamiento de Alcoy"},"content":{"rendered":"<p style=\"text-align: justify;\">El pleno del Ayuntamiento de Alcoy ha ratificado este mi\u00e9rcoles <strong>el nuevo organigrama<\/strong> que tendr\u00e1 el Consistorio tras constituirse el pasado s\u00e1bado <strong>la Corporaci\u00f3n Municipal<\/strong> despu\u00e9s de las Elecciones Locales del 26 de mayo.<\/p>\n<p style=\"text-align: justify;\">El alcalde, <strong>Antonio Franc\u00e9s<\/strong>, ha explicado en COPE ALCOY que <strong>el Partido Socialista tendr\u00e1 9 dedicaciones exclusivas<\/strong> y <strong>el Partido Popular 2<\/strong> mientras que <strong>dispondr\u00e1n de 1 Comprom\u00eds, Ciudadanos, Podem Alcoi i Guanyar<\/strong>. Por su parte el \u00fanico concejal de <strong>VOX<\/strong> tendr\u00e1 <strong>una dedicaci\u00f3n parcial<\/strong>. Asimismo se han aprobado <strong>las retribuciones<\/strong> que ser\u00e1n de 59.456 euros brutos anuales para el primer edil, 50.485 euros para los tenientes de alcalde, 47.928 euros para los portavoces de cada partido y los ediles con dedicaci\u00f3n as\u00ed como 38.000 euros para los que no tengan dedicaci\u00f3n. \u00a0Respecto a <strong>las asistencias a los plenos<\/strong> los concejales que no tengan dedicaci\u00f3n exclusiva cobrar\u00e1n 300 euros brutos mientras que percibir\u00e1n 250 euros por <strong>presencia en Juntas de Gobierno y Comisiones Informativas<\/strong>.<\/p>\n<p style=\"text-align: justify;\">Respecto a <strong>la Junta de Gobierno Local,<\/strong> la misma estar\u00e1 formada por el alcalde, <strong>Antonio Franc\u00e9s<\/strong>, los Tenientes de Alcalde\u00a0<strong>Lorena Zamorano, Jordi Mart\u00ednez, Vanessa Molt\u00f3 y Alberto Belda<\/strong>\u00a0as\u00ed como los concejales<strong>\u00a0Jorge Silvestre y Teresa Sanjuan<\/strong>. Asimismo la funci\u00f3n de portavoz de Grupo Municipal la asumir\u00e1n <strong>Jordi Mart\u00ednez<\/strong> en el PSOE, <strong>Quique Ruiz<\/strong> en el PP, <strong>M\u00e0rius Ivorra<\/strong> en Comprom\u00eds, <strong>Rosa Garc\u00eda<\/strong> en Ciudadanos, <strong>Naiara Dav\u00f3<\/strong> en Podem Alcoi, <strong>Sandra Obiol<\/strong> en Guanyar Alcoi y <strong>David Andr\u00e9s Abad<\/strong> en VOX.<\/p>\n<p style=\"text-align: justify;\">Finalmente en el pleno <strong>se ha acordado trasladar los plenos ordinarios al primer viernes de cada mes<\/strong> a las 09:30h de la ma\u00f1ana mientras que <strong>la Junta de Gobierno<\/strong> ser\u00e1 los lunes a primera hora de la ma\u00f1ana.<\/p>\n","protected":false},"excerpt":{"rendered":"<p>El pleno del Ayuntamiento de Alcoy ha ratificado este mi\u00e9rcoles el nuevo organigrama que tendr\u00e1 el Consistorio tras constituirse el&#8230;<\/p>\n","protected":false},"author":1,"featured_media":52180,"comment_status":"open","ping_status":"open","sticky":false,"template":"","format":"standard","meta":{"footnotes":""},"categories":[97,75,79,125],"tags":[1494,1286,229,8885],"class_list":["post-52300","post","type-post","status-publish","format-standard","has-post-thumbnail","hentry","category-alcoy","category-noticias","category-politicayeconomia","category-portada","tag-alcoy","tag-aprobado","tag-ayuntamiento","tag-nuevo-organigrama-municipal"],"yoast_head":"<!-- This site is optimized with the Yoast SEO plugin v27.3 - https:\/\/yoast.com\/product\/yoast-seo-wordpress\/ -->\n<title>Aprobado el nuevo organigrama municipal del Ayuntamiento de Alcoy - COPE Alcoy<\/title>\n<meta name=\"robots\" content=\"index, follow, max-snippet:-1, max-image-preview:large, max-video-preview:-1\" \/>\n<link rel=\"canonical\" href=\"https:\/\/www.copealcoy.es\/es\/aprobado-el-nuevo-organigrama-municipal-del-ayuntamiento-de-alcoy\/\" \/>\n<meta property=\"og:locale\" content=\"es_ES\" \/>\n<meta property=\"og:type\" content=\"article\" \/>\n<meta property=\"og:title\" content=\"Aprobado el nuevo organigrama municipal del Ayuntamiento de Alcoy - COPE Alcoy\" \/>\n<meta property=\"og:description\" content=\"El pleno del Ayuntamiento de Alcoy ha ratificado este mi\u00e9rcoles el nuevo organigrama que tendr\u00e1 el Consistorio tras constituirse el...\" \/>\n<meta property=\"og:url\" content=\"https:\/\/www.copealcoy.es\/es\/aprobado-el-nuevo-organigrama-municipal-del-ayuntamiento-de-alcoy\/\" \/>\n<meta property=\"og:site_name\" content=\"COPE Alcoy\" \/>\n<meta property=\"article:published_time\" content=\"2019-06-19T16:20:34+00:00\" \/>\n<meta property=\"og:image\" content=\"https:\/\/www.copealcoy.es\/wp-content\/uploads\/2019\/06\/64734779_3299494993409995_5949980609337098240_n-e1560621083773-1.jpg\" \/>\n\t<meta property=\"og:image:width\" content=\"960\" \/>\n\t<meta property=\"og:image:height\" content=\"525\" \/>\n\t<meta property=\"og:image:type\" content=\"image\/jpeg\" \/>\n<meta name=\"author\" content=\"Cope Alcoy\" \/>\n<meta name=\"twitter:label1\" content=\"Escrito por\" \/>\n\t<meta name=\"twitter:data1\" content=\"Cope Alcoy\" \/>\n\t<meta name=\"twitter:label2\" content=\"Tiempo de lectura\" \/>\n\t<meta name=\"twitter:data2\" content=\"1 minuto\" \/>\n<script type=\"application\/ld+json\" class=\"yoast-schema-graph\">{\"@context\":\"https:\\\/\\\/schema.org\",\"@graph\":[{\"@type\":\"Article\",\"@id\":\"https:\\\/\\\/www.copealcoy.es\\\/es\\\/aprobado-el-nuevo-organigrama-municipal-del-ayuntamiento-de-alcoy\\\/#article\",\"isPartOf\":{\"@id\":\"https:\\\/\\\/www.copealcoy.es\\\/es\\\/aprobado-el-nuevo-organigrama-municipal-del-ayuntamiento-de-alcoy\\\/\"},\"author\":{\"name\":\"Cope Alcoy\",\"@id\":\"https:\\\/\\\/www.copealcoy.es\\\/es\\\/#\\\/schema\\\/person\\\/e777c87fa024e57d40170af9df39882c\"},\"headline\":\"Aprobado el nuevo organigrama municipal del Ayuntamiento de Alcoy\",\"datePublished\":\"2019-06-19T16:20:34+00:00\",\"mainEntityOfPage\":{\"@id\":\"https:\\\/\\\/www.copealcoy.es\\\/es\\\/aprobado-el-nuevo-organigrama-municipal-del-ayuntamiento-de-alcoy\\\/\"},\"wordCount\":302,\"commentCount\":0,\"image\":{\"@id\":\"https:\\\/\\\/www.copealcoy.es\\\/es\\\/aprobado-el-nuevo-organigrama-municipal-del-ayuntamiento-de-alcoy\\\/#primaryimage\"},\"thumbnailUrl\":\"https:\\\/\\\/www.copealcoy.es\\\/wp-content\\\/uploads\\\/2019\\\/06\\\/64734779_3299494993409995_5949980609337098240_n-e1560621083773-1.jpg\",\"keywords\":[\"Alcoy\",\"Aprobado\",\"Ayuntamiento\",\"nuevo organigrama municipal\"],\"articleSection\":[\"Alcoy\",\"Noticias\",\"Pol\u00edtica y Econom\u00eda\",\"Portada\"],\"inLanguage\":\"es\"},{\"@type\":\"WebPage\",\"@id\":\"https:\\\/\\\/www.copealcoy.es\\\/es\\\/aprobado-el-nuevo-organigrama-municipal-del-ayuntamiento-de-alcoy\\\/\",\"url\":\"https:\\\/\\\/www.copealcoy.es\\\/es\\\/aprobado-el-nuevo-organigrama-municipal-del-ayuntamiento-de-alcoy\\\/\",\"name\":\"Aprobado el nuevo organigrama municipal del Ayuntamiento de Alcoy - COPE Alcoy\",\"isPartOf\":{\"@id\":\"https:\\\/\\\/www.copealcoy.es\\\/es\\\/#website\"},\"primaryImageOfPage\":{\"@id\":\"https:\\\/\\\/www.copealcoy.es\\\/es\\\/aprobado-el-nuevo-organigrama-municipal-del-ayuntamiento-de-alcoy\\\/#primaryimage\"},\"image\":{\"@id\":\"https:\\\/\\\/www.copealcoy.es\\\/es\\\/aprobado-el-nuevo-organigrama-municipal-del-ayuntamiento-de-alcoy\\\/#primaryimage\"},\"thumbnailUrl\":\"https:\\\/\\\/www.copealcoy.es\\\/wp-content\\\/uploads\\\/2019\\\/06\\\/64734779_3299494993409995_5949980609337098240_n-e1560621083773-1.jpg\",\"datePublished\":\"2019-06-19T16:20:34+00:00\",\"author\":{\"@id\":\"https:\\\/\\\/www.copealcoy.es\\\/es\\\/#\\\/schema\\\/person\\\/e777c87fa024e57d40170af9df39882c\"},\"breadcrumb\":{\"@id\":\"https:\\\/\\\/www.copealcoy.es\\\/es\\\/aprobado-el-nuevo-organigrama-municipal-del-ayuntamiento-de-alcoy\\\/#breadcrumb\"},\"inLanguage\":\"es\",\"potentialAction\":[{\"@type\":\"ReadAction\",\"target\":[\"https:\\\/\\\/www.copealcoy.es\\\/es\\\/aprobado-el-nuevo-organigrama-municipal-del-ayuntamiento-de-alcoy\\\/\"]}]},{\"@type\":\"ImageObject\",\"inLanguage\":\"es\",\"@id\":\"https:\\\/\\\/www.copealcoy.es\\\/es\\\/aprobado-el-nuevo-organigrama-municipal-del-ayuntamiento-de-alcoy\\\/#primaryimage\",\"url\":\"https:\\\/\\\/www.copealcoy.es\\\/wp-content\\\/uploads\\\/2019\\\/06\\\/64734779_3299494993409995_5949980609337098240_n-e1560621083773-1.jpg\",\"contentUrl\":\"https:\\\/\\\/www.copealcoy.es\\\/wp-content\\\/uploads\\\/2019\\\/06\\\/64734779_3299494993409995_5949980609337098240_n-e1560621083773-1.jpg\",\"width\":960,\"height\":525,\"caption\":\"Franc\u00e9s con todos los miembros de la Corporaci\u00f3n Municipal \\\/ Ajuntament de Alcoy\"},{\"@type\":\"BreadcrumbList\",\"@id\":\"https:\\\/\\\/www.copealcoy.es\\\/es\\\/aprobado-el-nuevo-organigrama-municipal-del-ayuntamiento-de-alcoy\\\/#breadcrumb\",\"itemListElement\":[{\"@type\":\"ListItem\",\"position\":1,\"name\":\"Portada\",\"item\":\"https:\\\/\\\/www.copealcoy.es\\\/es\\\/\"},{\"@type\":\"ListItem\",\"position\":2,\"name\":\"Aprobado el nuevo organigrama municipal del Ayuntamiento de Alcoy\"}]},{\"@type\":\"WebSite\",\"@id\":\"https:\\\/\\\/www.copealcoy.es\\\/es\\\/#website\",\"url\":\"https:\\\/\\\/www.copealcoy.es\\\/es\\\/\",\"name\":\"COPE Alcoy\",\"description\":\"Emisora COPE de radio local con emisi\u00f3n online. Pont de Sant Jordi 8-10 03803 Alcoy\",\"potentialAction\":[{\"@type\":\"SearchAction\",\"target\":{\"@type\":\"EntryPoint\",\"urlTemplate\":\"https:\\\/\\\/www.copealcoy.es\\\/es\\\/?s={search_term_string}\"},\"query-input\":{\"@type\":\"PropertyValueSpecification\",\"valueRequired\":true,\"valueName\":\"search_term_string\"}}],\"inLanguage\":\"es\"},{\"@type\":\"Person\",\"@id\":\"https:\\\/\\\/www.copealcoy.es\\\/es\\\/#\\\/schema\\\/person\\\/e777c87fa024e57d40170af9df39882c\",\"name\":\"Cope Alcoy\",\"image\":{\"@type\":\"ImageObject\",\"inLanguage\":\"es\",\"@id\":\"https:\\\/\\\/secure.gravatar.com\\\/avatar\\\/bb65d0283347e303893ba14f0692005417c1e0e690a325a4c5d8bb2b3943ee14?s=96&d=mm&r=g\",\"url\":\"https:\\\/\\\/secure.gravatar.com\\\/avatar\\\/bb65d0283347e303893ba14f0692005417c1e0e690a325a4c5d8bb2b3943ee14?s=96&d=mm&r=g\",\"contentUrl\":\"https:\\\/\\\/secure.gravatar.com\\\/avatar\\\/bb65d0283347e303893ba14f0692005417c1e0e690a325a4c5d8bb2b3943ee14?s=96&d=mm&r=g\",\"caption\":\"Cope Alcoy\"}}]}<\/script>\n<!-- \/ Yoast SEO plugin. -->","yoast_head_json":{"title":"Aprobado el nuevo organigrama municipal del Ayuntamiento de Alcoy - COPE Alcoy","robots":{"index":"index","follow":"follow","max-snippet":"max-snippet:-1","max-image-preview":"max-image-preview:large","max-video-preview":"max-video-preview:-1"},"canonical":"https:\/\/www.copealcoy.es\/es\/aprobado-el-nuevo-organigrama-municipal-del-ayuntamiento-de-alcoy\/","og_locale":"es_ES","og_type":"article","og_title":"Aprobado el nuevo organigrama municipal del Ayuntamiento de Alcoy - COPE Alcoy","og_description":"El pleno del Ayuntamiento de Alcoy ha ratificado este mi\u00e9rcoles el nuevo organigrama que tendr\u00e1 el Consistorio tras constituirse el...","og_url":"https:\/\/www.copealcoy.es\/es\/aprobado-el-nuevo-organigrama-municipal-del-ayuntamiento-de-alcoy\/","og_site_name":"COPE Alcoy","article_published_time":"2019-06-19T16:20:34+00:00","og_image":[{"width":960,"height":525,"url":"https:\/\/www.copealcoy.es\/wp-content\/uploads\/2019\/06\/64734779_3299494993409995_5949980609337098240_n-e1560621083773-1.jpg","type":"image\/jpeg"}],"author":"Cope Alcoy","twitter_misc":{"Escrito por":"Cope Alcoy","Tiempo de lectura":"1 minuto"},"schema":{"@context":"https:\/\/schema.org","@graph":[{"@type":"Article","@id":"https:\/\/www.copealcoy.es\/es\/aprobado-el-nuevo-organigrama-municipal-del-ayuntamiento-de-alcoy\/#article","isPartOf":{"@id":"https:\/\/www.copealcoy.es\/es\/aprobado-el-nuevo-organigrama-municipal-del-ayuntamiento-de-alcoy\/"},"author":{"name":"Cope Alcoy","@id":"https:\/\/www.copealcoy.es\/es\/#\/schema\/person\/e777c87fa024e57d40170af9df39882c"},"headline":"Aprobado el nuevo organigrama municipal del Ayuntamiento de Alcoy","datePublished":"2019-06-19T16:20:34+00:00","mainEntityOfPage":{"@id":"https:\/\/www.copealcoy.es\/es\/aprobado-el-nuevo-organigrama-municipal-del-ayuntamiento-de-alcoy\/"},"wordCount":302,"commentCount":0,"image":{"@id":"https:\/\/www.copealcoy.es\/es\/aprobado-el-nuevo-organigrama-municipal-del-ayuntamiento-de-alcoy\/#primaryimage"},"thumbnailUrl":"https:\/\/www.copealcoy.es\/wp-content\/uploads\/2019\/06\/64734779_3299494993409995_5949980609337098240_n-e1560621083773-1.jpg","keywords":["Alcoy","Aprobado","Ayuntamiento","nuevo organigrama municipal"],"articleSection":["Alcoy","Noticias","Pol\u00edtica y Econom\u00eda","Portada"],"inLanguage":"es"},{"@type":"WebPage","@id":"https:\/\/www.copealcoy.es\/es\/aprobado-el-nuevo-organigrama-municipal-del-ayuntamiento-de-alcoy\/","url":"https:\/\/www.copealcoy.es\/es\/aprobado-el-nuevo-organigrama-municipal-del-ayuntamiento-de-alcoy\/","name":"Aprobado el nuevo organigrama municipal del Ayuntamiento de Alcoy - COPE Alcoy","isPartOf":{"@id":"https:\/\/www.copealcoy.es\/es\/#website"},"primaryImageOfPage":{"@id":"https:\/\/www.copealcoy.es\/es\/aprobado-el-nuevo-organigrama-municipal-del-ayuntamiento-de-alcoy\/#primaryimage"},"image":{"@id":"https:\/\/www.copealcoy.es\/es\/aprobado-el-nuevo-organigrama-municipal-del-ayuntamiento-de-alcoy\/#primaryimage"},"thumbnailUrl":"https:\/\/www.copealcoy.es\/wp-content\/uploads\/2019\/06\/64734779_3299494993409995_5949980609337098240_n-e1560621083773-1.jpg","datePublished":"2019-06-19T16:20:34+00:00","author":{"@id":"https:\/\/www.copealcoy.es\/es\/#\/schema\/person\/e777c87fa024e57d40170af9df39882c"},"breadcrumb":{"@id":"https:\/\/www.copealcoy.es\/es\/aprobado-el-nuevo-organigrama-municipal-del-ayuntamiento-de-alcoy\/#breadcrumb"},"inLanguage":"es","potentialAction":[{"@type":"ReadAction","target":["https:\/\/www.copealcoy.es\/es\/aprobado-el-nuevo-organigrama-municipal-del-ayuntamiento-de-alcoy\/"]}]},{"@type":"ImageObject","inLanguage":"es","@id":"https:\/\/www.copealcoy.es\/es\/aprobado-el-nuevo-organigrama-municipal-del-ayuntamiento-de-alcoy\/#primaryimage","url":"https:\/\/www.copealcoy.es\/wp-content\/uploads\/2019\/06\/64734779_3299494993409995_5949980609337098240_n-e1560621083773-1.jpg","contentUrl":"https:\/\/www.copealcoy.es\/wp-content\/uploads\/2019\/06\/64734779_3299494993409995_5949980609337098240_n-e1560621083773-1.jpg","width":960,"height":525,"caption":"Franc\u00e9s con todos los miembros de la Corporaci\u00f3n Municipal \/ Ajuntament de Alcoy"},{"@type":"BreadcrumbList","@id":"https:\/\/www.copealcoy.es\/es\/aprobado-el-nuevo-organigrama-municipal-del-ayuntamiento-de-alcoy\/#breadcrumb","itemListElement":[{"@type":"ListItem","position":1,"name":"Portada","item":"https:\/\/www.copealcoy.es\/es\/"},{"@type":"ListItem","position":2,"name":"Aprobado el nuevo organigrama municipal del Ayuntamiento de Alcoy"}]},{"@type":"WebSite","@id":"https:\/\/www.copealcoy.es\/es\/#website","url":"https:\/\/www.copealcoy.es\/es\/","name":"COPE Alcoy","description":"Emisora COPE de radio local con emisi\u00f3n online. Pont de Sant Jordi 8-10 03803 Alcoy","potentialAction":[{"@type":"SearchAction","target":{"@type":"EntryPoint","urlTemplate":"https:\/\/www.copealcoy.es\/es\/?s={search_term_string}"},"query-input":{"@type":"PropertyValueSpecification","valueRequired":true,"valueName":"search_term_string"}}],"inLanguage":"es"},{"@type":"Person","@id":"https:\/\/www.copealcoy.es\/es\/#\/schema\/person\/e777c87fa024e57d40170af9df39882c","name":"Cope Alcoy","image":{"@type":"ImageObject","inLanguage":"es","@id":"https:\/\/secure.gravatar.com\/avatar\/bb65d0283347e303893ba14f0692005417c1e0e690a325a4c5d8bb2b3943ee14?s=96&d=mm&r=g","url":"https:\/\/secure.gravatar.com\/avatar\/bb65d0283347e303893ba14f0692005417c1e0e690a325a4c5d8bb2b3943ee14?s=96&d=mm&r=g","contentUrl":"https:\/\/secure.gravatar.com\/avatar\/bb65d0283347e303893ba14f0692005417c1e0e690a325a4c5d8bb2b3943ee14?s=96&d=mm&r=g","caption":"Cope Alcoy"}}]}},"_links":{"self":[{"href":"https:\/\/www.copealcoy.es\/es\/wp-json\/wp\/v2\/posts\/52300","targetHints":{"allow":["GET"]}}],"collection":[{"href":"https:\/\/www.copealcoy.es\/es\/wp-json\/wp\/v2\/posts"}],"about":[{"href":"https:\/\/www.copealcoy.es\/es\/wp-json\/wp\/v2\/types\/post"}],"author":[{"embeddable":true,"href":"https:\/\/www.copealcoy.es\/es\/wp-json\/wp\/v2\/users\/1"}],"replies":[{"embeddable":true,"href":"https:\/\/www.copealcoy.es\/es\/wp-json\/wp\/v2\/comments?post=52300"}],"version-history":[{"count":0,"href":"https:\/\/www.copealcoy.es\/es\/wp-json\/wp\/v2\/posts\/52300\/revisions"}],"wp:featuredmedia":[{"embeddable":true,"href":"https:\/\/www.copealcoy.es\/es\/wp-json\/wp\/v2\/media\/52180"}],"wp:attachment":[{"href":"https:\/\/www.copealcoy.es\/es\/wp-json\/wp\/v2\/media?parent=52300"}],"wp:term":[{"taxonomy":"category","embeddable":true,"href":"https:\/\/www.copealcoy.es\/es\/wp-json\/wp\/v2\/categories?post=52300"},{"taxonomy":"post_tag","embeddable":true,"href":"https:\/\/www.copealcoy.es\/es\/wp-json\/wp\/v2\/tags?post=52300"}],"curies":[{"name":"wp","href":"https:\/\/api.w.org\/{rel}","templated":true}]}}