{"id":52291,"date":"2019-06-19T15:20:33","date_gmt":"2019-06-19T15:20:33","guid":{"rendered":"https:\/\/copealcoi.es\/?p=52291"},"modified":"2019-06-19T15:20:33","modified_gmt":"2019-06-19T15:20:33","slug":"ocho-ninos-optan-a-ser-el-sant-jordiet-para-el-2020","status":"publish","type":"post","link":"https:\/\/www.copealcoy.es\/es\/ocho-ninos-optan-a-ser-el-sant-jordiet-para-el-2020\/","title":{"rendered":"Ocho ni\u00f1os optan a ser el Sant Jordiet para el 2020"},"content":{"rendered":"<p style=\"text-align: justify;\">Un total de<strong> ocho ni\u00f1os<\/strong> se han presentado para optar a ser <strong>Sant Jordiet<\/strong> en <strong>las pr\u00f3ximas Fiestas de Moros y Cristianos<\/strong> de Alcoy del 2020. Se trata de <strong>los peque\u00f1os<\/strong> Sancho Alcaraz Gisbert, de la Fil\u00e0 Llana; Juan Abad Llopis, de los Alcodianos; Fernando Rius Mestre, de los Chanos; Carlos Pastor Matarredona, de los Moz\u00e1rabes; Alonso Abell\u00e1n Bravo, de los Jud\u00edos; Bruno Cort\u00e9s Oltra, de los Labradores; Guillem Almagro Portabella, de los Cides; y Juan Ferrer Tom\u00e1s, tambi\u00e9n de los Jud\u00edos.<\/p>\n<p style=\"text-align: justify;\">La elecci\u00f3n del protagonista tendr\u00e1 lugar durante <strong>la Asamblea General de la Asociaci\u00f3n de San Jorge<\/strong> convocada para <strong>ma\u00f1ana jueves<\/strong>, a partir de las 20:15h de la tarde, en el Teatro Principal.<\/p>\n","protected":false},"excerpt":{"rendered":"<p>Un total de ocho ni\u00f1os se han presentado para optar a ser Sant Jordiet en las pr\u00f3ximas Fiestas de Moros&#8230;<\/p>\n","protected":false},"author":1,"featured_media":50546,"comment_status":"open","ping_status":"open","sticky":false,"template":"","format":"standard","meta":{"footnotes":""},"categories":[97,78,75],"tags":[6921,8882,1083],"class_list":["post-52291","post","type-post","status-publish","format-standard","has-post-thumbnail","hentry","category-alcoy","category-fiestaycultura","category-noticias","tag-6921","tag-ocho-ninos","tag-optan"],"yoast_head":"<!-- This site is optimized with the Yoast SEO plugin v27.3 - https:\/\/yoast.com\/product\/yoast-seo-wordpress\/ -->\n<title>Ocho ni\u00f1os optan a ser el Sant Jordiet para el 2020 - COPE Alcoy<\/title>\n<meta name=\"robots\" content=\"index, follow, max-snippet:-1, max-image-preview:large, max-video-preview:-1\" \/>\n<link rel=\"canonical\" href=\"https:\/\/www.copealcoy.es\/es\/ocho-ninos-optan-a-ser-el-sant-jordiet-para-el-2020\/\" \/>\n<meta property=\"og:locale\" content=\"es_ES\" \/>\n<meta property=\"og:type\" content=\"article\" \/>\n<meta property=\"og:title\" content=\"Ocho ni\u00f1os optan a ser el Sant Jordiet para el 2020 - COPE Alcoy\" \/>\n<meta property=\"og:description\" content=\"Un total de ocho ni\u00f1os se han presentado para optar a ser Sant Jordiet en las pr\u00f3ximas Fiestas de Moros...\" \/>\n<meta property=\"og:url\" content=\"https:\/\/www.copealcoy.es\/es\/ocho-ninos-optan-a-ser-el-sant-jordiet-para-el-2020\/\" \/>\n<meta property=\"og:site_name\" content=\"COPE Alcoy\" \/>\n<meta property=\"article:published_time\" content=\"2019-06-19T15:20:33+00:00\" \/>\n<meta property=\"og:image\" content=\"https:\/\/www.copealcoy.es\/wp-content\/uploads\/2019\/05\/59405738_1648273381982807_8460974982007095296_n-e1557055489212-1.jpg\" \/>\n\t<meta property=\"og:image:width\" content=\"960\" \/>\n\t<meta property=\"og:image:height\" content=\"576\" \/>\n\t<meta property=\"og:image:type\" content=\"image\/jpeg\" \/>\n<meta name=\"author\" content=\"Cope Alcoy\" \/>\n<meta name=\"twitter:label1\" content=\"Escrito por\" \/>\n\t<meta name=\"twitter:data1\" content=\"Cope Alcoy\" \/>\n\t<meta name=\"twitter:label2\" content=\"Tiempo de lectura\" \/>\n\t<meta name=\"twitter:data2\" content=\"1 minuto\" \/>\n<script type=\"application\/ld+json\" class=\"yoast-schema-graph\">{\"@context\":\"https:\\\/\\\/schema.org\",\"@graph\":[{\"@type\":\"Article\",\"@id\":\"https:\\\/\\\/www.copealcoy.es\\\/es\\\/ocho-ninos-optan-a-ser-el-sant-jordiet-para-el-2020\\\/#article\",\"isPartOf\":{\"@id\":\"https:\\\/\\\/www.copealcoy.es\\\/es\\\/ocho-ninos-optan-a-ser-el-sant-jordiet-para-el-2020\\\/\"},\"author\":{\"name\":\"Cope Alcoy\",\"@id\":\"https:\\\/\\\/www.copealcoy.es\\\/es\\\/#\\\/schema\\\/person\\\/e777c87fa024e57d40170af9df39882c\"},\"headline\":\"Ocho ni\u00f1os optan a ser el Sant Jordiet para el 2020\",\"datePublished\":\"2019-06-19T15:20:33+00:00\",\"mainEntityOfPage\":{\"@id\":\"https:\\\/\\\/www.copealcoy.es\\\/es\\\/ocho-ninos-optan-a-ser-el-sant-jordiet-para-el-2020\\\/\"},\"wordCount\":137,\"commentCount\":0,\"image\":{\"@id\":\"https:\\\/\\\/www.copealcoy.es\\\/es\\\/ocho-ninos-optan-a-ser-el-sant-jordiet-para-el-2020\\\/#primaryimage\"},\"thumbnailUrl\":\"https:\\\/\\\/www.copealcoy.es\\\/wp-content\\\/uploads\\\/2019\\\/05\\\/59405738_1648273381982807_8460974982007095296_n-e1557055489212-1.jpg\",\"keywords\":[\"2020\",\"ocho ni\u00f1os\",\"Optan\"],\"articleSection\":[\"Alcoy\",\"Fiesta y Cultura\",\"Noticias\"],\"inLanguage\":\"es\"},{\"@type\":\"WebPage\",\"@id\":\"https:\\\/\\\/www.copealcoy.es\\\/es\\\/ocho-ninos-optan-a-ser-el-sant-jordiet-para-el-2020\\\/\",\"url\":\"https:\\\/\\\/www.copealcoy.es\\\/es\\\/ocho-ninos-optan-a-ser-el-sant-jordiet-para-el-2020\\\/\",\"name\":\"Ocho ni\u00f1os optan a ser el Sant Jordiet para el 2020 - COPE Alcoy\",\"isPartOf\":{\"@id\":\"https:\\\/\\\/www.copealcoy.es\\\/es\\\/#website\"},\"primaryImageOfPage\":{\"@id\":\"https:\\\/\\\/www.copealcoy.es\\\/es\\\/ocho-ninos-optan-a-ser-el-sant-jordiet-para-el-2020\\\/#primaryimage\"},\"image\":{\"@id\":\"https:\\\/\\\/www.copealcoy.es\\\/es\\\/ocho-ninos-optan-a-ser-el-sant-jordiet-para-el-2020\\\/#primaryimage\"},\"thumbnailUrl\":\"https:\\\/\\\/www.copealcoy.es\\\/wp-content\\\/uploads\\\/2019\\\/05\\\/59405738_1648273381982807_8460974982007095296_n-e1557055489212-1.jpg\",\"datePublished\":\"2019-06-19T15:20:33+00:00\",\"author\":{\"@id\":\"https:\\\/\\\/www.copealcoy.es\\\/es\\\/#\\\/schema\\\/person\\\/e777c87fa024e57d40170af9df39882c\"},\"breadcrumb\":{\"@id\":\"https:\\\/\\\/www.copealcoy.es\\\/es\\\/ocho-ninos-optan-a-ser-el-sant-jordiet-para-el-2020\\\/#breadcrumb\"},\"inLanguage\":\"es\",\"potentialAction\":[{\"@type\":\"ReadAction\",\"target\":[\"https:\\\/\\\/www.copealcoy.es\\\/es\\\/ocho-ninos-optan-a-ser-el-sant-jordiet-para-el-2020\\\/\"]}]},{\"@type\":\"ImageObject\",\"inLanguage\":\"es\",\"@id\":\"https:\\\/\\\/www.copealcoy.es\\\/es\\\/ocho-ninos-optan-a-ser-el-sant-jordiet-para-el-2020\\\/#primaryimage\",\"url\":\"https:\\\/\\\/www.copealcoy.es\\\/wp-content\\\/uploads\\\/2019\\\/05\\\/59405738_1648273381982807_8460974982007095296_n-e1557055489212-1.jpg\",\"contentUrl\":\"https:\\\/\\\/www.copealcoy.es\\\/wp-content\\\/uploads\\\/2019\\\/05\\\/59405738_1648273381982807_8460974982007095296_n-e1557055489212-1.jpg\",\"width\":960,\"height\":576,\"caption\":\"\u00c1lvaro Santacreu Pi\u00f1ero, Sant Jordiet 2019, desfilando por el Centro de Alcoy\"},{\"@type\":\"BreadcrumbList\",\"@id\":\"https:\\\/\\\/www.copealcoy.es\\\/es\\\/ocho-ninos-optan-a-ser-el-sant-jordiet-para-el-2020\\\/#breadcrumb\",\"itemListElement\":[{\"@type\":\"ListItem\",\"position\":1,\"name\":\"Portada\",\"item\":\"https:\\\/\\\/www.copealcoy.es\\\/es\\\/\"},{\"@type\":\"ListItem\",\"position\":2,\"name\":\"Ocho ni\u00f1os optan a ser el Sant Jordiet para el 2020\"}]},{\"@type\":\"WebSite\",\"@id\":\"https:\\\/\\\/www.copealcoy.es\\\/es\\\/#website\",\"url\":\"https:\\\/\\\/www.copealcoy.es\\\/es\\\/\",\"name\":\"COPE Alcoy\",\"description\":\"Emisora COPE de radio local con emisi\u00f3n online. Pont de Sant Jordi 8-10 03803 Alcoy\",\"potentialAction\":[{\"@type\":\"SearchAction\",\"target\":{\"@type\":\"EntryPoint\",\"urlTemplate\":\"https:\\\/\\\/www.copealcoy.es\\\/es\\\/?s={search_term_string}\"},\"query-input\":{\"@type\":\"PropertyValueSpecification\",\"valueRequired\":true,\"valueName\":\"search_term_string\"}}],\"inLanguage\":\"es\"},{\"@type\":\"Person\",\"@id\":\"https:\\\/\\\/www.copealcoy.es\\\/es\\\/#\\\/schema\\\/person\\\/e777c87fa024e57d40170af9df39882c\",\"name\":\"Cope Alcoy\",\"image\":{\"@type\":\"ImageObject\",\"inLanguage\":\"es\",\"@id\":\"https:\\\/\\\/secure.gravatar.com\\\/avatar\\\/bb65d0283347e303893ba14f0692005417c1e0e690a325a4c5d8bb2b3943ee14?s=96&d=mm&r=g\",\"url\":\"https:\\\/\\\/secure.gravatar.com\\\/avatar\\\/bb65d0283347e303893ba14f0692005417c1e0e690a325a4c5d8bb2b3943ee14?s=96&d=mm&r=g\",\"contentUrl\":\"https:\\\/\\\/secure.gravatar.com\\\/avatar\\\/bb65d0283347e303893ba14f0692005417c1e0e690a325a4c5d8bb2b3943ee14?s=96&d=mm&r=g\",\"caption\":\"Cope Alcoy\"}}]}<\/script>\n<!-- \/ Yoast SEO plugin. -->","yoast_head_json":{"title":"Ocho ni\u00f1os optan a ser el Sant Jordiet para el 2020 - COPE Alcoy","robots":{"index":"index","follow":"follow","max-snippet":"max-snippet:-1","max-image-preview":"max-image-preview:large","max-video-preview":"max-video-preview:-1"},"canonical":"https:\/\/www.copealcoy.es\/es\/ocho-ninos-optan-a-ser-el-sant-jordiet-para-el-2020\/","og_locale":"es_ES","og_type":"article","og_title":"Ocho ni\u00f1os optan a ser el Sant Jordiet para el 2020 - COPE Alcoy","og_description":"Un total de ocho ni\u00f1os se han presentado para optar a ser Sant Jordiet en las pr\u00f3ximas Fiestas de Moros...","og_url":"https:\/\/www.copealcoy.es\/es\/ocho-ninos-optan-a-ser-el-sant-jordiet-para-el-2020\/","og_site_name":"COPE Alcoy","article_published_time":"2019-06-19T15:20:33+00:00","og_image":[{"width":960,"height":576,"url":"https:\/\/www.copealcoy.es\/wp-content\/uploads\/2019\/05\/59405738_1648273381982807_8460974982007095296_n-e1557055489212-1.jpg","type":"image\/jpeg"}],"author":"Cope Alcoy","twitter_misc":{"Escrito por":"Cope Alcoy","Tiempo de lectura":"1 minuto"},"schema":{"@context":"https:\/\/schema.org","@graph":[{"@type":"Article","@id":"https:\/\/www.copealcoy.es\/es\/ocho-ninos-optan-a-ser-el-sant-jordiet-para-el-2020\/#article","isPartOf":{"@id":"https:\/\/www.copealcoy.es\/es\/ocho-ninos-optan-a-ser-el-sant-jordiet-para-el-2020\/"},"author":{"name":"Cope Alcoy","@id":"https:\/\/www.copealcoy.es\/es\/#\/schema\/person\/e777c87fa024e57d40170af9df39882c"},"headline":"Ocho ni\u00f1os optan a ser el Sant Jordiet para el 2020","datePublished":"2019-06-19T15:20:33+00:00","mainEntityOfPage":{"@id":"https:\/\/www.copealcoy.es\/es\/ocho-ninos-optan-a-ser-el-sant-jordiet-para-el-2020\/"},"wordCount":137,"commentCount":0,"image":{"@id":"https:\/\/www.copealcoy.es\/es\/ocho-ninos-optan-a-ser-el-sant-jordiet-para-el-2020\/#primaryimage"},"thumbnailUrl":"https:\/\/www.copealcoy.es\/wp-content\/uploads\/2019\/05\/59405738_1648273381982807_8460974982007095296_n-e1557055489212-1.jpg","keywords":["2020","ocho ni\u00f1os","Optan"],"articleSection":["Alcoy","Fiesta y Cultura","Noticias"],"inLanguage":"es"},{"@type":"WebPage","@id":"https:\/\/www.copealcoy.es\/es\/ocho-ninos-optan-a-ser-el-sant-jordiet-para-el-2020\/","url":"https:\/\/www.copealcoy.es\/es\/ocho-ninos-optan-a-ser-el-sant-jordiet-para-el-2020\/","name":"Ocho ni\u00f1os optan a ser el Sant Jordiet para el 2020 - COPE Alcoy","isPartOf":{"@id":"https:\/\/www.copealcoy.es\/es\/#website"},"primaryImageOfPage":{"@id":"https:\/\/www.copealcoy.es\/es\/ocho-ninos-optan-a-ser-el-sant-jordiet-para-el-2020\/#primaryimage"},"image":{"@id":"https:\/\/www.copealcoy.es\/es\/ocho-ninos-optan-a-ser-el-sant-jordiet-para-el-2020\/#primaryimage"},"thumbnailUrl":"https:\/\/www.copealcoy.es\/wp-content\/uploads\/2019\/05\/59405738_1648273381982807_8460974982007095296_n-e1557055489212-1.jpg","datePublished":"2019-06-19T15:20:33+00:00","author":{"@id":"https:\/\/www.copealcoy.es\/es\/#\/schema\/person\/e777c87fa024e57d40170af9df39882c"},"breadcrumb":{"@id":"https:\/\/www.copealcoy.es\/es\/ocho-ninos-optan-a-ser-el-sant-jordiet-para-el-2020\/#breadcrumb"},"inLanguage":"es","potentialAction":[{"@type":"ReadAction","target":["https:\/\/www.copealcoy.es\/es\/ocho-ninos-optan-a-ser-el-sant-jordiet-para-el-2020\/"]}]},{"@type":"ImageObject","inLanguage":"es","@id":"https:\/\/www.copealcoy.es\/es\/ocho-ninos-optan-a-ser-el-sant-jordiet-para-el-2020\/#primaryimage","url":"https:\/\/www.copealcoy.es\/wp-content\/uploads\/2019\/05\/59405738_1648273381982807_8460974982007095296_n-e1557055489212-1.jpg","contentUrl":"https:\/\/www.copealcoy.es\/wp-content\/uploads\/2019\/05\/59405738_1648273381982807_8460974982007095296_n-e1557055489212-1.jpg","width":960,"height":576,"caption":"\u00c1lvaro Santacreu Pi\u00f1ero, Sant Jordiet 2019, desfilando por el Centro de Alcoy"},{"@type":"BreadcrumbList","@id":"https:\/\/www.copealcoy.es\/es\/ocho-ninos-optan-a-ser-el-sant-jordiet-para-el-2020\/#breadcrumb","itemListElement":[{"@type":"ListItem","position":1,"name":"Portada","item":"https:\/\/www.copealcoy.es\/es\/"},{"@type":"ListItem","position":2,"name":"Ocho ni\u00f1os optan a ser el Sant Jordiet para el 2020"}]},{"@type":"WebSite","@id":"https:\/\/www.copealcoy.es\/es\/#website","url":"https:\/\/www.copealcoy.es\/es\/","name":"COPE Alcoy","description":"Emisora COPE de radio local con emisi\u00f3n online. Pont de Sant Jordi 8-10 03803 Alcoy","potentialAction":[{"@type":"SearchAction","target":{"@type":"EntryPoint","urlTemplate":"https:\/\/www.copealcoy.es\/es\/?s={search_term_string}"},"query-input":{"@type":"PropertyValueSpecification","valueRequired":true,"valueName":"search_term_string"}}],"inLanguage":"es"},{"@type":"Person","@id":"https:\/\/www.copealcoy.es\/es\/#\/schema\/person\/e777c87fa024e57d40170af9df39882c","name":"Cope Alcoy","image":{"@type":"ImageObject","inLanguage":"es","@id":"https:\/\/secure.gravatar.com\/avatar\/bb65d0283347e303893ba14f0692005417c1e0e690a325a4c5d8bb2b3943ee14?s=96&d=mm&r=g","url":"https:\/\/secure.gravatar.com\/avatar\/bb65d0283347e303893ba14f0692005417c1e0e690a325a4c5d8bb2b3943ee14?s=96&d=mm&r=g","contentUrl":"https:\/\/secure.gravatar.com\/avatar\/bb65d0283347e303893ba14f0692005417c1e0e690a325a4c5d8bb2b3943ee14?s=96&d=mm&r=g","caption":"Cope Alcoy"}}]}},"_links":{"self":[{"href":"https:\/\/www.copealcoy.es\/es\/wp-json\/wp\/v2\/posts\/52291","targetHints":{"allow":["GET"]}}],"collection":[{"href":"https:\/\/www.copealcoy.es\/es\/wp-json\/wp\/v2\/posts"}],"about":[{"href":"https:\/\/www.copealcoy.es\/es\/wp-json\/wp\/v2\/types\/post"}],"author":[{"embeddable":true,"href":"https:\/\/www.copealcoy.es\/es\/wp-json\/wp\/v2\/users\/1"}],"replies":[{"embeddable":true,"href":"https:\/\/www.copealcoy.es\/es\/wp-json\/wp\/v2\/comments?post=52291"}],"version-history":[{"count":0,"href":"https:\/\/www.copealcoy.es\/es\/wp-json\/wp\/v2\/posts\/52291\/revisions"}],"wp:featuredmedia":[{"embeddable":true,"href":"https:\/\/www.copealcoy.es\/es\/wp-json\/wp\/v2\/media\/50546"}],"wp:attachment":[{"href":"https:\/\/www.copealcoy.es\/es\/wp-json\/wp\/v2\/media?parent=52291"}],"wp:term":[{"taxonomy":"category","embeddable":true,"href":"https:\/\/www.copealcoy.es\/es\/wp-json\/wp\/v2\/categories?post=52291"},{"taxonomy":"post_tag","embeddable":true,"href":"https:\/\/www.copealcoy.es\/es\/wp-json\/wp\/v2\/tags?post=52291"}],"curies":[{"name":"wp","href":"https:\/\/api.w.org\/{rel}","templated":true}]}}