{"id":52134,"date":"2019-06-14T15:50:33","date_gmt":"2019-06-14T15:50:33","guid":{"rendered":"https:\/\/copealcoi.es\/?p=52134"},"modified":"2019-06-14T15:50:33","modified_gmt":"2019-06-14T15:50:33","slug":"el-convento-franciscano-de-cocentaina-celebra-san-antonio-de-padua","status":"publish","type":"post","link":"https:\/\/www.copealcoy.es\/es\/el-convento-franciscano-de-cocentaina-celebra-san-antonio-de-padua\/","title":{"rendered":"El Convento Franciscano de Cocentaina celebra San Antonio de Padua"},"content":{"rendered":"<p style=\"text-align: justify;\">El <strong>Convento de los Padres Franciscanos de Cocentaina<\/strong> volvi\u00f3 a celebrar esta semana <strong>la festividad de San Antonio de Padua<\/strong>, una tradici\u00f3n que est\u00e1 <strong>profundamente arraigada<\/strong> en la Villa Condal y que anta\u00f1o <strong>estuvo organizada<\/strong> por la Juventud Antoniana. En la actualidad es <strong>la Orden Franciscana Seglar<\/strong> la encargada de <strong>preparar la programaci\u00f3n de actos<\/strong> que en esta ocasi\u00f3n ha incluido <strong>un triduo<\/strong> en los d\u00edas previos a la festividad del santo que se conmemora el 13 de junio.<\/p>\n<p style=\"text-align: justify;\">Ya en esta jornada, que tuvo lugar el pasado jueves, se llev\u00f3 a cabo a partir de las siete de la tarde <strong>una misa solemne<\/strong> en la iglesia del Convento que estuvo oficiada por los mismos Padres Franciscanos encabezados por su Guardi\u00e1n, <strong>Fray Juan Quesada Meseguer<\/strong>, y a la que asistieron numerosos fieles. Hay que indicar que en la misma <strong>cant\u00f3 el Coro del Colegio San Francisco de As\u00eds<\/strong> y no falt\u00f3 <strong>el acompa\u00f1amiento musical<\/strong> a cargo de los alumnos del Centro Educativo. Tras la eucarist\u00eda se efectu\u00f3 <strong>una peque\u00f1a procesi\u00f3n<\/strong> en la que la imagen del santo recorri\u00f3 <strong>el recinto conventual<\/strong> a los sones de <strong>la m\u00fasica tradicional<\/strong> de la Colla de Dolaines i Tabals \u2018Mal Passet\u2019. Como suele ser habitual participaron en la celebraci\u00f3n los peque\u00f1os que este a\u00f1o han tomado <strong>la Primera Comuni\u00f3n<\/strong> y a quienes <strong>se les dieron lirios<\/strong> que despu\u00e9s<strong> fueron ofrecidos<\/strong> a San Antonio de Padua.<\/p>\n<p style=\"text-align: justify;\">La procesi\u00f3n termin\u00f3 en la placita del Convento con <strong>la actuaci\u00f3n del Grup de Danses El Convent<\/strong> seguida de <strong>un volteo general de campanas<\/strong> y el disparo de una traca. Por \u00faltimo dentro de la iglesia <strong>se bendijeron los panes de San Antonio<\/strong> y estos <strong>fueron despu\u00e9s repartidos<\/strong> a todos los que aguardaban dentro de la iglesia para besar la reliquia del santo de Padua.<\/p>\n","protected":false},"excerpt":{"rendered":"<p>El Convento de los Padres Franciscanos de Cocentaina volvi\u00f3 a celebrar esta semana la festividad de San Antonio de Padua,&#8230;<\/p>\n","protected":false},"author":1,"featured_media":52135,"comment_status":"open","ping_status":"open","sticky":false,"template":"","format":"standard","meta":{"footnotes":""},"categories":[98,75],"tags":[132,8866,4300],"class_list":["post-52134","post","type-post","status-publish","format-standard","has-post-thumbnail","hentry","category-comarcas","category-noticias","tag-cocentaina","tag-convento-franciscano","tag-san-antonio-de-padua"],"yoast_head":"<!-- This site is optimized with the Yoast SEO plugin v27.3 - https:\/\/yoast.com\/product\/yoast-seo-wordpress\/ -->\n<title>El Convento Franciscano de Cocentaina celebra San Antonio de Padua - COPE Alcoy<\/title>\n<meta name=\"robots\" content=\"index, follow, max-snippet:-1, max-image-preview:large, max-video-preview:-1\" \/>\n<link rel=\"canonical\" href=\"https:\/\/www.copealcoy.es\/es\/el-convento-franciscano-de-cocentaina-celebra-san-antonio-de-padua\/\" \/>\n<meta property=\"og:locale\" content=\"es_ES\" \/>\n<meta property=\"og:type\" content=\"article\" \/>\n<meta property=\"og:title\" content=\"El Convento Franciscano de Cocentaina celebra San Antonio de Padua - COPE Alcoy\" \/>\n<meta property=\"og:description\" content=\"El Convento de los Padres Franciscanos de Cocentaina volvi\u00f3 a celebrar esta semana la festividad de San Antonio de Padua,...\" \/>\n<meta property=\"og:url\" content=\"https:\/\/www.copealcoy.es\/es\/el-convento-franciscano-de-cocentaina-celebra-san-antonio-de-padua\/\" \/>\n<meta property=\"og:site_name\" content=\"COPE Alcoy\" \/>\n<meta property=\"article:published_time\" content=\"2019-06-14T15:50:33+00:00\" \/>\n<meta property=\"og:image\" content=\"https:\/\/www.copealcoy.es\/wp-content\/uploads\/2019\/06\/6-La-imagen-de-San-Antonio-recorri\u00f3-el-recinto-del-Convento-Foto-Gabriel-Pascual-e1560527353701-1-scaled.jpg\" \/>\n\t<meta property=\"og:image:width\" content=\"2560\" \/>\n\t<meta property=\"og:image:height\" content=\"1318\" \/>\n\t<meta property=\"og:image:type\" content=\"image\/jpeg\" \/>\n<meta name=\"author\" content=\"Cope Alcoy\" \/>\n<meta name=\"twitter:label1\" content=\"Escrito por\" \/>\n\t<meta name=\"twitter:data1\" content=\"Cope Alcoy\" \/>\n\t<meta name=\"twitter:label2\" content=\"Tiempo de lectura\" \/>\n\t<meta name=\"twitter:data2\" content=\"2 minutos\" \/>\n<script type=\"application\/ld+json\" class=\"yoast-schema-graph\">{\"@context\":\"https:\\\/\\\/schema.org\",\"@graph\":[{\"@type\":\"Article\",\"@id\":\"https:\\\/\\\/www.copealcoy.es\\\/es\\\/el-convento-franciscano-de-cocentaina-celebra-san-antonio-de-padua\\\/#article\",\"isPartOf\":{\"@id\":\"https:\\\/\\\/www.copealcoy.es\\\/es\\\/el-convento-franciscano-de-cocentaina-celebra-san-antonio-de-padua\\\/\"},\"author\":{\"name\":\"Cope Alcoy\",\"@id\":\"https:\\\/\\\/www.copealcoy.es\\\/es\\\/#\\\/schema\\\/person\\\/e777c87fa024e57d40170af9df39882c\"},\"headline\":\"El Convento Franciscano de Cocentaina celebra San Antonio de Padua\",\"datePublished\":\"2019-06-14T15:50:33+00:00\",\"mainEntityOfPage\":{\"@id\":\"https:\\\/\\\/www.copealcoy.es\\\/es\\\/el-convento-franciscano-de-cocentaina-celebra-san-antonio-de-padua\\\/\"},\"wordCount\":325,\"commentCount\":0,\"image\":{\"@id\":\"https:\\\/\\\/www.copealcoy.es\\\/es\\\/el-convento-franciscano-de-cocentaina-celebra-san-antonio-de-padua\\\/#primaryimage\"},\"thumbnailUrl\":\"https:\\\/\\\/www.copealcoy.es\\\/wp-content\\\/uploads\\\/2019\\\/06\\\/6-La-imagen-de-San-Antonio-recorri\u00f3-el-recinto-del-Convento-Foto-Gabriel-Pascual-e1560527353701-1-scaled.jpg\",\"keywords\":[\"Cocentaina\",\"Convento Franciscano\",\"San Antonio de Padua\"],\"articleSection\":[\"Comarcas\",\"Noticias\"],\"inLanguage\":\"es\"},{\"@type\":\"WebPage\",\"@id\":\"https:\\\/\\\/www.copealcoy.es\\\/es\\\/el-convento-franciscano-de-cocentaina-celebra-san-antonio-de-padua\\\/\",\"url\":\"https:\\\/\\\/www.copealcoy.es\\\/es\\\/el-convento-franciscano-de-cocentaina-celebra-san-antonio-de-padua\\\/\",\"name\":\"El Convento Franciscano de Cocentaina celebra San Antonio de Padua - COPE Alcoy\",\"isPartOf\":{\"@id\":\"https:\\\/\\\/www.copealcoy.es\\\/es\\\/#website\"},\"primaryImageOfPage\":{\"@id\":\"https:\\\/\\\/www.copealcoy.es\\\/es\\\/el-convento-franciscano-de-cocentaina-celebra-san-antonio-de-padua\\\/#primaryimage\"},\"image\":{\"@id\":\"https:\\\/\\\/www.copealcoy.es\\\/es\\\/el-convento-franciscano-de-cocentaina-celebra-san-antonio-de-padua\\\/#primaryimage\"},\"thumbnailUrl\":\"https:\\\/\\\/www.copealcoy.es\\\/wp-content\\\/uploads\\\/2019\\\/06\\\/6-La-imagen-de-San-Antonio-recorri\u00f3-el-recinto-del-Convento-Foto-Gabriel-Pascual-e1560527353701-1-scaled.jpg\",\"datePublished\":\"2019-06-14T15:50:33+00:00\",\"author\":{\"@id\":\"https:\\\/\\\/www.copealcoy.es\\\/es\\\/#\\\/schema\\\/person\\\/e777c87fa024e57d40170af9df39882c\"},\"breadcrumb\":{\"@id\":\"https:\\\/\\\/www.copealcoy.es\\\/es\\\/el-convento-franciscano-de-cocentaina-celebra-san-antonio-de-padua\\\/#breadcrumb\"},\"inLanguage\":\"es\",\"potentialAction\":[{\"@type\":\"ReadAction\",\"target\":[\"https:\\\/\\\/www.copealcoy.es\\\/es\\\/el-convento-franciscano-de-cocentaina-celebra-san-antonio-de-padua\\\/\"]}]},{\"@type\":\"ImageObject\",\"inLanguage\":\"es\",\"@id\":\"https:\\\/\\\/www.copealcoy.es\\\/es\\\/el-convento-franciscano-de-cocentaina-celebra-san-antonio-de-padua\\\/#primaryimage\",\"url\":\"https:\\\/\\\/www.copealcoy.es\\\/wp-content\\\/uploads\\\/2019\\\/06\\\/6-La-imagen-de-San-Antonio-recorri\u00f3-el-recinto-del-Convento-Foto-Gabriel-Pascual-e1560527353701-1-scaled.jpg\",\"contentUrl\":\"https:\\\/\\\/www.copealcoy.es\\\/wp-content\\\/uploads\\\/2019\\\/06\\\/6-La-imagen-de-San-Antonio-recorri\u00f3-el-recinto-del-Convento-Foto-Gabriel-Pascual-e1560527353701-1-scaled.jpg\",\"width\":2560,\"height\":1318,\"caption\":\"La imagen de San Antonio recorri\u00f3 el recinto del Convento \\\/ Foto Gabriel Pascual\"},{\"@type\":\"BreadcrumbList\",\"@id\":\"https:\\\/\\\/www.copealcoy.es\\\/es\\\/el-convento-franciscano-de-cocentaina-celebra-san-antonio-de-padua\\\/#breadcrumb\",\"itemListElement\":[{\"@type\":\"ListItem\",\"position\":1,\"name\":\"Portada\",\"item\":\"https:\\\/\\\/www.copealcoy.es\\\/es\\\/\"},{\"@type\":\"ListItem\",\"position\":2,\"name\":\"El Convento Franciscano de Cocentaina celebra San Antonio de Padua\"}]},{\"@type\":\"WebSite\",\"@id\":\"https:\\\/\\\/www.copealcoy.es\\\/es\\\/#website\",\"url\":\"https:\\\/\\\/www.copealcoy.es\\\/es\\\/\",\"name\":\"COPE Alcoy\",\"description\":\"Emisora COPE de radio local con emisi\u00f3n online. Pont de Sant Jordi 8-10 03803 Alcoy\",\"potentialAction\":[{\"@type\":\"SearchAction\",\"target\":{\"@type\":\"EntryPoint\",\"urlTemplate\":\"https:\\\/\\\/www.copealcoy.es\\\/es\\\/?s={search_term_string}\"},\"query-input\":{\"@type\":\"PropertyValueSpecification\",\"valueRequired\":true,\"valueName\":\"search_term_string\"}}],\"inLanguage\":\"es\"},{\"@type\":\"Person\",\"@id\":\"https:\\\/\\\/www.copealcoy.es\\\/es\\\/#\\\/schema\\\/person\\\/e777c87fa024e57d40170af9df39882c\",\"name\":\"Cope Alcoy\",\"image\":{\"@type\":\"ImageObject\",\"inLanguage\":\"es\",\"@id\":\"https:\\\/\\\/secure.gravatar.com\\\/avatar\\\/bb65d0283347e303893ba14f0692005417c1e0e690a325a4c5d8bb2b3943ee14?s=96&d=mm&r=g\",\"url\":\"https:\\\/\\\/secure.gravatar.com\\\/avatar\\\/bb65d0283347e303893ba14f0692005417c1e0e690a325a4c5d8bb2b3943ee14?s=96&d=mm&r=g\",\"contentUrl\":\"https:\\\/\\\/secure.gravatar.com\\\/avatar\\\/bb65d0283347e303893ba14f0692005417c1e0e690a325a4c5d8bb2b3943ee14?s=96&d=mm&r=g\",\"caption\":\"Cope Alcoy\"}}]}<\/script>\n<!-- \/ Yoast SEO plugin. -->","yoast_head_json":{"title":"El Convento Franciscano de Cocentaina celebra San Antonio de Padua - COPE Alcoy","robots":{"index":"index","follow":"follow","max-snippet":"max-snippet:-1","max-image-preview":"max-image-preview:large","max-video-preview":"max-video-preview:-1"},"canonical":"https:\/\/www.copealcoy.es\/es\/el-convento-franciscano-de-cocentaina-celebra-san-antonio-de-padua\/","og_locale":"es_ES","og_type":"article","og_title":"El Convento Franciscano de Cocentaina celebra San Antonio de Padua - COPE Alcoy","og_description":"El Convento de los Padres Franciscanos de Cocentaina volvi\u00f3 a celebrar esta semana la festividad de San Antonio de Padua,...","og_url":"https:\/\/www.copealcoy.es\/es\/el-convento-franciscano-de-cocentaina-celebra-san-antonio-de-padua\/","og_site_name":"COPE Alcoy","article_published_time":"2019-06-14T15:50:33+00:00","og_image":[{"width":2560,"height":1318,"url":"https:\/\/www.copealcoy.es\/wp-content\/uploads\/2019\/06\/6-La-imagen-de-San-Antonio-recorri\u00f3-el-recinto-del-Convento-Foto-Gabriel-Pascual-e1560527353701-1-scaled.jpg","type":"image\/jpeg"}],"author":"Cope Alcoy","twitter_misc":{"Escrito por":"Cope Alcoy","Tiempo de lectura":"2 minutos"},"schema":{"@context":"https:\/\/schema.org","@graph":[{"@type":"Article","@id":"https:\/\/www.copealcoy.es\/es\/el-convento-franciscano-de-cocentaina-celebra-san-antonio-de-padua\/#article","isPartOf":{"@id":"https:\/\/www.copealcoy.es\/es\/el-convento-franciscano-de-cocentaina-celebra-san-antonio-de-padua\/"},"author":{"name":"Cope Alcoy","@id":"https:\/\/www.copealcoy.es\/es\/#\/schema\/person\/e777c87fa024e57d40170af9df39882c"},"headline":"El Convento Franciscano de Cocentaina celebra San Antonio de Padua","datePublished":"2019-06-14T15:50:33+00:00","mainEntityOfPage":{"@id":"https:\/\/www.copealcoy.es\/es\/el-convento-franciscano-de-cocentaina-celebra-san-antonio-de-padua\/"},"wordCount":325,"commentCount":0,"image":{"@id":"https:\/\/www.copealcoy.es\/es\/el-convento-franciscano-de-cocentaina-celebra-san-antonio-de-padua\/#primaryimage"},"thumbnailUrl":"https:\/\/www.copealcoy.es\/wp-content\/uploads\/2019\/06\/6-La-imagen-de-San-Antonio-recorri\u00f3-el-recinto-del-Convento-Foto-Gabriel-Pascual-e1560527353701-1-scaled.jpg","keywords":["Cocentaina","Convento Franciscano","San Antonio de Padua"],"articleSection":["Comarcas","Noticias"],"inLanguage":"es"},{"@type":"WebPage","@id":"https:\/\/www.copealcoy.es\/es\/el-convento-franciscano-de-cocentaina-celebra-san-antonio-de-padua\/","url":"https:\/\/www.copealcoy.es\/es\/el-convento-franciscano-de-cocentaina-celebra-san-antonio-de-padua\/","name":"El Convento Franciscano de Cocentaina celebra San Antonio de Padua - COPE Alcoy","isPartOf":{"@id":"https:\/\/www.copealcoy.es\/es\/#website"},"primaryImageOfPage":{"@id":"https:\/\/www.copealcoy.es\/es\/el-convento-franciscano-de-cocentaina-celebra-san-antonio-de-padua\/#primaryimage"},"image":{"@id":"https:\/\/www.copealcoy.es\/es\/el-convento-franciscano-de-cocentaina-celebra-san-antonio-de-padua\/#primaryimage"},"thumbnailUrl":"https:\/\/www.copealcoy.es\/wp-content\/uploads\/2019\/06\/6-La-imagen-de-San-Antonio-recorri\u00f3-el-recinto-del-Convento-Foto-Gabriel-Pascual-e1560527353701-1-scaled.jpg","datePublished":"2019-06-14T15:50:33+00:00","author":{"@id":"https:\/\/www.copealcoy.es\/es\/#\/schema\/person\/e777c87fa024e57d40170af9df39882c"},"breadcrumb":{"@id":"https:\/\/www.copealcoy.es\/es\/el-convento-franciscano-de-cocentaina-celebra-san-antonio-de-padua\/#breadcrumb"},"inLanguage":"es","potentialAction":[{"@type":"ReadAction","target":["https:\/\/www.copealcoy.es\/es\/el-convento-franciscano-de-cocentaina-celebra-san-antonio-de-padua\/"]}]},{"@type":"ImageObject","inLanguage":"es","@id":"https:\/\/www.copealcoy.es\/es\/el-convento-franciscano-de-cocentaina-celebra-san-antonio-de-padua\/#primaryimage","url":"https:\/\/www.copealcoy.es\/wp-content\/uploads\/2019\/06\/6-La-imagen-de-San-Antonio-recorri\u00f3-el-recinto-del-Convento-Foto-Gabriel-Pascual-e1560527353701-1-scaled.jpg","contentUrl":"https:\/\/www.copealcoy.es\/wp-content\/uploads\/2019\/06\/6-La-imagen-de-San-Antonio-recorri\u00f3-el-recinto-del-Convento-Foto-Gabriel-Pascual-e1560527353701-1-scaled.jpg","width":2560,"height":1318,"caption":"La imagen de San Antonio recorri\u00f3 el recinto del Convento \/ Foto Gabriel Pascual"},{"@type":"BreadcrumbList","@id":"https:\/\/www.copealcoy.es\/es\/el-convento-franciscano-de-cocentaina-celebra-san-antonio-de-padua\/#breadcrumb","itemListElement":[{"@type":"ListItem","position":1,"name":"Portada","item":"https:\/\/www.copealcoy.es\/es\/"},{"@type":"ListItem","position":2,"name":"El Convento Franciscano de Cocentaina celebra San Antonio de Padua"}]},{"@type":"WebSite","@id":"https:\/\/www.copealcoy.es\/es\/#website","url":"https:\/\/www.copealcoy.es\/es\/","name":"COPE Alcoy","description":"Emisora COPE de radio local con emisi\u00f3n online. Pont de Sant Jordi 8-10 03803 Alcoy","potentialAction":[{"@type":"SearchAction","target":{"@type":"EntryPoint","urlTemplate":"https:\/\/www.copealcoy.es\/es\/?s={search_term_string}"},"query-input":{"@type":"PropertyValueSpecification","valueRequired":true,"valueName":"search_term_string"}}],"inLanguage":"es"},{"@type":"Person","@id":"https:\/\/www.copealcoy.es\/es\/#\/schema\/person\/e777c87fa024e57d40170af9df39882c","name":"Cope Alcoy","image":{"@type":"ImageObject","inLanguage":"es","@id":"https:\/\/secure.gravatar.com\/avatar\/bb65d0283347e303893ba14f0692005417c1e0e690a325a4c5d8bb2b3943ee14?s=96&d=mm&r=g","url":"https:\/\/secure.gravatar.com\/avatar\/bb65d0283347e303893ba14f0692005417c1e0e690a325a4c5d8bb2b3943ee14?s=96&d=mm&r=g","contentUrl":"https:\/\/secure.gravatar.com\/avatar\/bb65d0283347e303893ba14f0692005417c1e0e690a325a4c5d8bb2b3943ee14?s=96&d=mm&r=g","caption":"Cope Alcoy"}}]}},"_links":{"self":[{"href":"https:\/\/www.copealcoy.es\/es\/wp-json\/wp\/v2\/posts\/52134","targetHints":{"allow":["GET"]}}],"collection":[{"href":"https:\/\/www.copealcoy.es\/es\/wp-json\/wp\/v2\/posts"}],"about":[{"href":"https:\/\/www.copealcoy.es\/es\/wp-json\/wp\/v2\/types\/post"}],"author":[{"embeddable":true,"href":"https:\/\/www.copealcoy.es\/es\/wp-json\/wp\/v2\/users\/1"}],"replies":[{"embeddable":true,"href":"https:\/\/www.copealcoy.es\/es\/wp-json\/wp\/v2\/comments?post=52134"}],"version-history":[{"count":0,"href":"https:\/\/www.copealcoy.es\/es\/wp-json\/wp\/v2\/posts\/52134\/revisions"}],"wp:featuredmedia":[{"embeddable":true,"href":"https:\/\/www.copealcoy.es\/es\/wp-json\/wp\/v2\/media\/52135"}],"wp:attachment":[{"href":"https:\/\/www.copealcoy.es\/es\/wp-json\/wp\/v2\/media?parent=52134"}],"wp:term":[{"taxonomy":"category","embeddable":true,"href":"https:\/\/www.copealcoy.es\/es\/wp-json\/wp\/v2\/categories?post=52134"},{"taxonomy":"post_tag","embeddable":true,"href":"https:\/\/www.copealcoy.es\/es\/wp-json\/wp\/v2\/tags?post=52134"}],"curies":[{"name":"wp","href":"https:\/\/api.w.org\/{rel}","templated":true}]}}