{"id":52098,"date":"2019-06-13T15:23:10","date_gmt":"2019-06-13T15:23:10","guid":{"rendered":"https:\/\/copealcoi.es\/?p=52098"},"modified":"2019-06-13T15:23:10","modified_gmt":"2019-06-13T15:23:10","slug":"gran-respaldo-a-la-edicion-2019-de-la-festa-del-llibre-de-muro","status":"publish","type":"post","link":"https:\/\/www.copealcoy.es\/es\/gran-respaldo-a-la-edicion-2019-de-la-festa-del-llibre-de-muro\/","title":{"rendered":"Gran respaldo a la edici\u00f3n 2019 de la &#8216;Festa del Llibre&#8217; de Muro"},"content":{"rendered":"<p style=\"text-align: justify;\">Muro puso el colof\u00f3n a <strong>la Festa del Llibre<\/strong> el pasado fin de semana, un evento que ha alcanzado en este 2019 <strong>la edici\u00f3n n\u00famero XXIV<\/strong> y que ha destacado por <strong>la gran participaci\u00f3n<\/strong> registrada en <strong>la gran mayor\u00eda<\/strong> de las actividades llevadas a cabo.<\/p>\n<p style=\"text-align: justify;\">El certamen ha ofrecido <strong>numerosas iniciativas l\u00fadicas y de animaci\u00f3n lectora<\/strong> para los escolares de la poblaci\u00f3n al mismo tiempo que<strong> no han faltado<\/strong> las proyecciones de pel\u00edculas, las rutas literarias y las propuestas culturales como las actuaciones musicales, el teatro de la mano de Escudella Somnis Teatre y el montaje \u2018H\u00f2mens de Palla, D\u00edes de Vent\u2019 o el Jazz en la Pla\u00e7a Palacio, a cargo \u2018Swing 26 &amp; Aitana L\u00f3pez\u2019; dentro de la propuesta \u2018Jazz amb La Manco\u2019.<\/p>\n<p style=\"text-align: justify;\">La Festa del Llibre ha vuelto a tener como plato fuerte<strong> un calendario de conferencias<\/strong> que han permitido que por la Biblioteca Municipal de Muro <strong>pasara un destacado elenco de escritores<\/strong>. La primera ponencia fue el jueves 30 de mayo y en la misma se cont\u00f3 con la presencia de <strong>Merc\u00e8 Climent<\/strong> para disertar sobre diferentes aspectos bajo el lema \u2018La passi\u00f3 per la paraula\u2019. A ella le siguieron las intervenciones de <strong>Anna Moner<\/strong> con \u2018L\u2019atracci\u00f3 de l\u2019abisme\u2019 el viernes 31,<strong> Juan Eslava i Gal\u00e1n<\/strong> con \u2018Els camins de Colom\u2019 el lunes 3 de junio, <strong>Eloy Moreno<\/strong> con \u2018Des de la invisibilitat fins hui\u2019 el martes 4 y<strong> Lu\u00eds Landero<\/strong> con \u2018Viure i Narrar\u2019 el jueves d\u00eda 6.<\/p>\n<p style=\"text-align: justify;\">El edil de Cultura en el Ayuntamiento de Muro, <strong>Sergi Silvestre<\/strong>, agradece <strong>la participaci\u00f3n<\/strong> de todos ellos <strong>en este evento literario<\/strong> y se muestra satisfecho por <strong>la tan buena acogida que ha tenido la Festa del Llibre<\/strong> \u201c<em>hemos detectado que el p\u00fablico en general, y tambi\u00e9n los escolares, han disfrutado mucho de todas las actividades realizadas. Esto nos anima, tanto a la Biblioteca Municipal como al Ayuntamiento, a seguir trabajando por\u00a0 afianzar este proyecto como un referente cultural en todo el territorio valenciano<\/em>\u201d, asevera.<\/p>\n<p style=\"text-align: justify;\">La \u2018Festa del Llibre\u2019 del 2019, <strong>enmarcada bajo el lema \u2018Trama a Trama\u2019<\/strong>, ha ofrecido tambi\u00e9n <strong>iniciativas para los m\u00e1s peque\u00f1os<\/strong> sin dejar de lado <strong>la Muestra Local de Librer\u00edas<\/strong> que se desarroll\u00f3 en la tarde del pasado viernes.<\/p>\n","protected":false},"excerpt":{"rendered":"<p>Muro puso el colof\u00f3n a la Festa del Llibre el pasado fin de semana, un evento que ha alcanzado en&#8230;<\/p>\n","protected":false},"author":1,"featured_media":52099,"comment_status":"open","ping_status":"open","sticky":false,"template":"","format":"standard","meta":{"footnotes":""},"categories":[98,75],"tags":[5994,1052,8858,135],"class_list":["post-52098","post","type-post","status-publish","format-standard","has-post-thumbnail","hentry","category-comarcas","category-noticias","tag-5994","tag-festa-del-llibre","tag-gran-respaldo","tag-muro"],"yoast_head":"<!-- This site is optimized with the Yoast SEO plugin v27.3 - https:\/\/yoast.com\/product\/yoast-seo-wordpress\/ -->\n<title>Gran respaldo a la edici\u00f3n 2019 de la &#039;Festa del Llibre&#039; de Muro - COPE Alcoy<\/title>\n<meta name=\"robots\" content=\"index, follow, max-snippet:-1, max-image-preview:large, max-video-preview:-1\" \/>\n<link rel=\"canonical\" href=\"https:\/\/www.copealcoy.es\/es\/gran-respaldo-a-la-edicion-2019-de-la-festa-del-llibre-de-muro\/\" \/>\n<meta property=\"og:locale\" content=\"es_ES\" \/>\n<meta property=\"og:type\" content=\"article\" \/>\n<meta property=\"og:title\" content=\"Gran respaldo a la edici\u00f3n 2019 de la &#039;Festa del Llibre&#039; de Muro - COPE Alcoy\" \/>\n<meta property=\"og:description\" content=\"Muro puso el colof\u00f3n a la Festa del Llibre el pasado fin de semana, un evento que ha alcanzado en...\" \/>\n<meta property=\"og:url\" content=\"https:\/\/www.copealcoy.es\/es\/gran-respaldo-a-la-edicion-2019-de-la-festa-del-llibre-de-muro\/\" \/>\n<meta property=\"og:site_name\" content=\"COPE Alcoy\" \/>\n<meta property=\"article:published_time\" content=\"2019-06-13T15:23:10+00:00\" \/>\n<meta property=\"og:image\" content=\"https:\/\/www.copealcoy.es\/wp-content\/uploads\/2019\/06\/62224434_1244783505679973_1108031240868462592_n-1.jpg\" \/>\n\t<meta property=\"og:image:width\" content=\"960\" \/>\n\t<meta property=\"og:image:height\" content=\"466\" \/>\n\t<meta property=\"og:image:type\" content=\"image\/jpeg\" \/>\n<meta name=\"author\" content=\"Cope Alcoy\" \/>\n<meta name=\"twitter:label1\" content=\"Escrito por\" \/>\n\t<meta name=\"twitter:data1\" content=\"Cope Alcoy\" \/>\n\t<meta name=\"twitter:label2\" content=\"Tiempo de lectura\" \/>\n\t<meta name=\"twitter:data2\" content=\"2 minutos\" \/>\n<script type=\"application\/ld+json\" class=\"yoast-schema-graph\">{\"@context\":\"https:\\\/\\\/schema.org\",\"@graph\":[{\"@type\":\"Article\",\"@id\":\"https:\\\/\\\/www.copealcoy.es\\\/es\\\/gran-respaldo-a-la-edicion-2019-de-la-festa-del-llibre-de-muro\\\/#article\",\"isPartOf\":{\"@id\":\"https:\\\/\\\/www.copealcoy.es\\\/es\\\/gran-respaldo-a-la-edicion-2019-de-la-festa-del-llibre-de-muro\\\/\"},\"author\":{\"name\":\"Cope Alcoy\",\"@id\":\"https:\\\/\\\/www.copealcoy.es\\\/es\\\/#\\\/schema\\\/person\\\/e777c87fa024e57d40170af9df39882c\"},\"headline\":\"Gran respaldo a la edici\u00f3n 2019 de la &#8216;Festa del Llibre&#8217; de Muro\",\"datePublished\":\"2019-06-13T15:23:10+00:00\",\"mainEntityOfPage\":{\"@id\":\"https:\\\/\\\/www.copealcoy.es\\\/es\\\/gran-respaldo-a-la-edicion-2019-de-la-festa-del-llibre-de-muro\\\/\"},\"wordCount\":395,\"commentCount\":0,\"image\":{\"@id\":\"https:\\\/\\\/www.copealcoy.es\\\/es\\\/gran-respaldo-a-la-edicion-2019-de-la-festa-del-llibre-de-muro\\\/#primaryimage\"},\"thumbnailUrl\":\"https:\\\/\\\/www.copealcoy.es\\\/wp-content\\\/uploads\\\/2019\\\/06\\\/62224434_1244783505679973_1108031240868462592_n-1.jpg\",\"keywords\":[\"2019\",\"Festa del Llibre\",\"Gran Respaldo\",\"Muro\"],\"articleSection\":[\"Comarcas\",\"Noticias\"],\"inLanguage\":\"es\"},{\"@type\":\"WebPage\",\"@id\":\"https:\\\/\\\/www.copealcoy.es\\\/es\\\/gran-respaldo-a-la-edicion-2019-de-la-festa-del-llibre-de-muro\\\/\",\"url\":\"https:\\\/\\\/www.copealcoy.es\\\/es\\\/gran-respaldo-a-la-edicion-2019-de-la-festa-del-llibre-de-muro\\\/\",\"name\":\"Gran respaldo a la edici\u00f3n 2019 de la 'Festa del Llibre' de Muro - COPE Alcoy\",\"isPartOf\":{\"@id\":\"https:\\\/\\\/www.copealcoy.es\\\/es\\\/#website\"},\"primaryImageOfPage\":{\"@id\":\"https:\\\/\\\/www.copealcoy.es\\\/es\\\/gran-respaldo-a-la-edicion-2019-de-la-festa-del-llibre-de-muro\\\/#primaryimage\"},\"image\":{\"@id\":\"https:\\\/\\\/www.copealcoy.es\\\/es\\\/gran-respaldo-a-la-edicion-2019-de-la-festa-del-llibre-de-muro\\\/#primaryimage\"},\"thumbnailUrl\":\"https:\\\/\\\/www.copealcoy.es\\\/wp-content\\\/uploads\\\/2019\\\/06\\\/62224434_1244783505679973_1108031240868462592_n-1.jpg\",\"datePublished\":\"2019-06-13T15:23:10+00:00\",\"author\":{\"@id\":\"https:\\\/\\\/www.copealcoy.es\\\/es\\\/#\\\/schema\\\/person\\\/e777c87fa024e57d40170af9df39882c\"},\"breadcrumb\":{\"@id\":\"https:\\\/\\\/www.copealcoy.es\\\/es\\\/gran-respaldo-a-la-edicion-2019-de-la-festa-del-llibre-de-muro\\\/#breadcrumb\"},\"inLanguage\":\"es\",\"potentialAction\":[{\"@type\":\"ReadAction\",\"target\":[\"https:\\\/\\\/www.copealcoy.es\\\/es\\\/gran-respaldo-a-la-edicion-2019-de-la-festa-del-llibre-de-muro\\\/\"]}]},{\"@type\":\"ImageObject\",\"inLanguage\":\"es\",\"@id\":\"https:\\\/\\\/www.copealcoy.es\\\/es\\\/gran-respaldo-a-la-edicion-2019-de-la-festa-del-llibre-de-muro\\\/#primaryimage\",\"url\":\"https:\\\/\\\/www.copealcoy.es\\\/wp-content\\\/uploads\\\/2019\\\/06\\\/62224434_1244783505679973_1108031240868462592_n-1.jpg\",\"contentUrl\":\"https:\\\/\\\/www.copealcoy.es\\\/wp-content\\\/uploads\\\/2019\\\/06\\\/62224434_1244783505679973_1108031240868462592_n-1.jpg\",\"width\":960,\"height\":466,\"caption\":\"Aspecto que presentaba la Biblioteca Municipal en una de las conferencias \\\/ Foto: Ajuntament de Muro\"},{\"@type\":\"BreadcrumbList\",\"@id\":\"https:\\\/\\\/www.copealcoy.es\\\/es\\\/gran-respaldo-a-la-edicion-2019-de-la-festa-del-llibre-de-muro\\\/#breadcrumb\",\"itemListElement\":[{\"@type\":\"ListItem\",\"position\":1,\"name\":\"Portada\",\"item\":\"https:\\\/\\\/www.copealcoy.es\\\/es\\\/\"},{\"@type\":\"ListItem\",\"position\":2,\"name\":\"Gran respaldo a la edici\u00f3n 2019 de la &#8216;Festa del Llibre&#8217; de Muro\"}]},{\"@type\":\"WebSite\",\"@id\":\"https:\\\/\\\/www.copealcoy.es\\\/es\\\/#website\",\"url\":\"https:\\\/\\\/www.copealcoy.es\\\/es\\\/\",\"name\":\"COPE Alcoy\",\"description\":\"Emisora COPE de radio local con emisi\u00f3n online. Pont de Sant Jordi 8-10 03803 Alcoy\",\"potentialAction\":[{\"@type\":\"SearchAction\",\"target\":{\"@type\":\"EntryPoint\",\"urlTemplate\":\"https:\\\/\\\/www.copealcoy.es\\\/es\\\/?s={search_term_string}\"},\"query-input\":{\"@type\":\"PropertyValueSpecification\",\"valueRequired\":true,\"valueName\":\"search_term_string\"}}],\"inLanguage\":\"es\"},{\"@type\":\"Person\",\"@id\":\"https:\\\/\\\/www.copealcoy.es\\\/es\\\/#\\\/schema\\\/person\\\/e777c87fa024e57d40170af9df39882c\",\"name\":\"Cope Alcoy\",\"image\":{\"@type\":\"ImageObject\",\"inLanguage\":\"es\",\"@id\":\"https:\\\/\\\/secure.gravatar.com\\\/avatar\\\/bb65d0283347e303893ba14f0692005417c1e0e690a325a4c5d8bb2b3943ee14?s=96&d=mm&r=g\",\"url\":\"https:\\\/\\\/secure.gravatar.com\\\/avatar\\\/bb65d0283347e303893ba14f0692005417c1e0e690a325a4c5d8bb2b3943ee14?s=96&d=mm&r=g\",\"contentUrl\":\"https:\\\/\\\/secure.gravatar.com\\\/avatar\\\/bb65d0283347e303893ba14f0692005417c1e0e690a325a4c5d8bb2b3943ee14?s=96&d=mm&r=g\",\"caption\":\"Cope Alcoy\"}}]}<\/script>\n<!-- \/ Yoast SEO plugin. -->","yoast_head_json":{"title":"Gran respaldo a la edici\u00f3n 2019 de la 'Festa del Llibre' de Muro - COPE Alcoy","robots":{"index":"index","follow":"follow","max-snippet":"max-snippet:-1","max-image-preview":"max-image-preview:large","max-video-preview":"max-video-preview:-1"},"canonical":"https:\/\/www.copealcoy.es\/es\/gran-respaldo-a-la-edicion-2019-de-la-festa-del-llibre-de-muro\/","og_locale":"es_ES","og_type":"article","og_title":"Gran respaldo a la edici\u00f3n 2019 de la 'Festa del Llibre' de Muro - COPE Alcoy","og_description":"Muro puso el colof\u00f3n a la Festa del Llibre el pasado fin de semana, un evento que ha alcanzado en...","og_url":"https:\/\/www.copealcoy.es\/es\/gran-respaldo-a-la-edicion-2019-de-la-festa-del-llibre-de-muro\/","og_site_name":"COPE Alcoy","article_published_time":"2019-06-13T15:23:10+00:00","og_image":[{"width":960,"height":466,"url":"https:\/\/www.copealcoy.es\/wp-content\/uploads\/2019\/06\/62224434_1244783505679973_1108031240868462592_n-1.jpg","type":"image\/jpeg"}],"author":"Cope Alcoy","twitter_misc":{"Escrito por":"Cope Alcoy","Tiempo de lectura":"2 minutos"},"schema":{"@context":"https:\/\/schema.org","@graph":[{"@type":"Article","@id":"https:\/\/www.copealcoy.es\/es\/gran-respaldo-a-la-edicion-2019-de-la-festa-del-llibre-de-muro\/#article","isPartOf":{"@id":"https:\/\/www.copealcoy.es\/es\/gran-respaldo-a-la-edicion-2019-de-la-festa-del-llibre-de-muro\/"},"author":{"name":"Cope Alcoy","@id":"https:\/\/www.copealcoy.es\/es\/#\/schema\/person\/e777c87fa024e57d40170af9df39882c"},"headline":"Gran respaldo a la edici\u00f3n 2019 de la &#8216;Festa del Llibre&#8217; de Muro","datePublished":"2019-06-13T15:23:10+00:00","mainEntityOfPage":{"@id":"https:\/\/www.copealcoy.es\/es\/gran-respaldo-a-la-edicion-2019-de-la-festa-del-llibre-de-muro\/"},"wordCount":395,"commentCount":0,"image":{"@id":"https:\/\/www.copealcoy.es\/es\/gran-respaldo-a-la-edicion-2019-de-la-festa-del-llibre-de-muro\/#primaryimage"},"thumbnailUrl":"https:\/\/www.copealcoy.es\/wp-content\/uploads\/2019\/06\/62224434_1244783505679973_1108031240868462592_n-1.jpg","keywords":["2019","Festa del Llibre","Gran Respaldo","Muro"],"articleSection":["Comarcas","Noticias"],"inLanguage":"es"},{"@type":"WebPage","@id":"https:\/\/www.copealcoy.es\/es\/gran-respaldo-a-la-edicion-2019-de-la-festa-del-llibre-de-muro\/","url":"https:\/\/www.copealcoy.es\/es\/gran-respaldo-a-la-edicion-2019-de-la-festa-del-llibre-de-muro\/","name":"Gran respaldo a la edici\u00f3n 2019 de la 'Festa del Llibre' de Muro - COPE Alcoy","isPartOf":{"@id":"https:\/\/www.copealcoy.es\/es\/#website"},"primaryImageOfPage":{"@id":"https:\/\/www.copealcoy.es\/es\/gran-respaldo-a-la-edicion-2019-de-la-festa-del-llibre-de-muro\/#primaryimage"},"image":{"@id":"https:\/\/www.copealcoy.es\/es\/gran-respaldo-a-la-edicion-2019-de-la-festa-del-llibre-de-muro\/#primaryimage"},"thumbnailUrl":"https:\/\/www.copealcoy.es\/wp-content\/uploads\/2019\/06\/62224434_1244783505679973_1108031240868462592_n-1.jpg","datePublished":"2019-06-13T15:23:10+00:00","author":{"@id":"https:\/\/www.copealcoy.es\/es\/#\/schema\/person\/e777c87fa024e57d40170af9df39882c"},"breadcrumb":{"@id":"https:\/\/www.copealcoy.es\/es\/gran-respaldo-a-la-edicion-2019-de-la-festa-del-llibre-de-muro\/#breadcrumb"},"inLanguage":"es","potentialAction":[{"@type":"ReadAction","target":["https:\/\/www.copealcoy.es\/es\/gran-respaldo-a-la-edicion-2019-de-la-festa-del-llibre-de-muro\/"]}]},{"@type":"ImageObject","inLanguage":"es","@id":"https:\/\/www.copealcoy.es\/es\/gran-respaldo-a-la-edicion-2019-de-la-festa-del-llibre-de-muro\/#primaryimage","url":"https:\/\/www.copealcoy.es\/wp-content\/uploads\/2019\/06\/62224434_1244783505679973_1108031240868462592_n-1.jpg","contentUrl":"https:\/\/www.copealcoy.es\/wp-content\/uploads\/2019\/06\/62224434_1244783505679973_1108031240868462592_n-1.jpg","width":960,"height":466,"caption":"Aspecto que presentaba la Biblioteca Municipal en una de las conferencias \/ Foto: Ajuntament de Muro"},{"@type":"BreadcrumbList","@id":"https:\/\/www.copealcoy.es\/es\/gran-respaldo-a-la-edicion-2019-de-la-festa-del-llibre-de-muro\/#breadcrumb","itemListElement":[{"@type":"ListItem","position":1,"name":"Portada","item":"https:\/\/www.copealcoy.es\/es\/"},{"@type":"ListItem","position":2,"name":"Gran respaldo a la edici\u00f3n 2019 de la &#8216;Festa del Llibre&#8217; de Muro"}]},{"@type":"WebSite","@id":"https:\/\/www.copealcoy.es\/es\/#website","url":"https:\/\/www.copealcoy.es\/es\/","name":"COPE Alcoy","description":"Emisora COPE de radio local con emisi\u00f3n online. Pont de Sant Jordi 8-10 03803 Alcoy","potentialAction":[{"@type":"SearchAction","target":{"@type":"EntryPoint","urlTemplate":"https:\/\/www.copealcoy.es\/es\/?s={search_term_string}"},"query-input":{"@type":"PropertyValueSpecification","valueRequired":true,"valueName":"search_term_string"}}],"inLanguage":"es"},{"@type":"Person","@id":"https:\/\/www.copealcoy.es\/es\/#\/schema\/person\/e777c87fa024e57d40170af9df39882c","name":"Cope Alcoy","image":{"@type":"ImageObject","inLanguage":"es","@id":"https:\/\/secure.gravatar.com\/avatar\/bb65d0283347e303893ba14f0692005417c1e0e690a325a4c5d8bb2b3943ee14?s=96&d=mm&r=g","url":"https:\/\/secure.gravatar.com\/avatar\/bb65d0283347e303893ba14f0692005417c1e0e690a325a4c5d8bb2b3943ee14?s=96&d=mm&r=g","contentUrl":"https:\/\/secure.gravatar.com\/avatar\/bb65d0283347e303893ba14f0692005417c1e0e690a325a4c5d8bb2b3943ee14?s=96&d=mm&r=g","caption":"Cope Alcoy"}}]}},"_links":{"self":[{"href":"https:\/\/www.copealcoy.es\/es\/wp-json\/wp\/v2\/posts\/52098","targetHints":{"allow":["GET"]}}],"collection":[{"href":"https:\/\/www.copealcoy.es\/es\/wp-json\/wp\/v2\/posts"}],"about":[{"href":"https:\/\/www.copealcoy.es\/es\/wp-json\/wp\/v2\/types\/post"}],"author":[{"embeddable":true,"href":"https:\/\/www.copealcoy.es\/es\/wp-json\/wp\/v2\/users\/1"}],"replies":[{"embeddable":true,"href":"https:\/\/www.copealcoy.es\/es\/wp-json\/wp\/v2\/comments?post=52098"}],"version-history":[{"count":0,"href":"https:\/\/www.copealcoy.es\/es\/wp-json\/wp\/v2\/posts\/52098\/revisions"}],"wp:featuredmedia":[{"embeddable":true,"href":"https:\/\/www.copealcoy.es\/es\/wp-json\/wp\/v2\/media\/52099"}],"wp:attachment":[{"href":"https:\/\/www.copealcoy.es\/es\/wp-json\/wp\/v2\/media?parent=52098"}],"wp:term":[{"taxonomy":"category","embeddable":true,"href":"https:\/\/www.copealcoy.es\/es\/wp-json\/wp\/v2\/categories?post=52098"},{"taxonomy":"post_tag","embeddable":true,"href":"https:\/\/www.copealcoy.es\/es\/wp-json\/wp\/v2\/tags?post=52098"}],"curies":[{"name":"wp","href":"https:\/\/api.w.org\/{rel}","templated":true}]}}