{"id":52034,"date":"2019-06-12T11:18:42","date_gmt":"2019-06-12T11:18:42","guid":{"rendered":"https:\/\/copealcoi.es\/?p=52034"},"modified":"2019-06-12T11:18:42","modified_gmt":"2019-06-12T11:18:42","slug":"compromis-y-psoe-llegan-a-un-acuerdo-para-gobernar-beniarres","status":"publish","type":"post","link":"https:\/\/www.copealcoy.es\/es\/compromis-y-psoe-llegan-a-un-acuerdo-para-gobernar-beniarres\/","title":{"rendered":"Comprom\u00eds y PSOE llegan a un acuerdo para gobernar Beniarr\u00e9s"},"content":{"rendered":"<p style=\"text-align: justify;\">Comprom\u00eds y el Partido Socialista <strong>han alcanzado un acuerdo en Beniarr\u00e9s<\/strong> que <strong>les permitir\u00e1 gobernar en conjunto<\/strong> durante la pr\u00f3xima legislatura en esta localidad del Comtat. El Pacto de Gobierno, <strong>denominado del Ginestar<\/strong>, har\u00e1 que el PP no est\u00e9 al frente de un nuevo Ejecutivo Local despu\u00e9s de que esta formaci\u00f3n pol\u00edtica <strong>haya gobernado en el municipio desde el 2004<\/strong>, a\u00f1o en el que <strong>lleg\u00f3 al poder<\/strong> tras <strong>una moci\u00f3n de censura<\/strong> que desbanc\u00f3 al alcalde socialista de entonces Jos\u00e9 Vicente Sanjuan. Recordar que los populares <strong>perdieron la mayor\u00eda absoluta<\/strong> en los \u00faltimos comicios municipales y se quedaron con tan solo cuatro concejales.<\/p>\n<p style=\"text-align: justify;\">El pr\u00f3ximo primer edil de Beniarr\u00e9s, <strong>Miguel \u00c1ngel Sanchis<\/strong>, explicaba este mi\u00e9rcoles en el Informativo Comarcal de COPE ALCOY que <strong>Comprom\u00eds ser\u00e1 quien lidere la alcald\u00eda<\/strong> al haber sido la fuerza m\u00e1s votada despu\u00e9s del PP en las Elecciones Municipales del pasado 26 de mayo y tras conseguir <strong>tres concejales<\/strong>. Sanchis ha indicado que el acuerdo entre las dos formaciones pol\u00edtica de progreso <strong>era m\u00e1s que necesario<\/strong> para <strong>darle un nuevo impulso a Beniarr\u00e9s<\/strong> &#8220;<em>nuestro principal objetivo es trabajar por el pueblo y tanto Comprom\u00eds como el PSOE hemos sido muy generosos para hacer posible el acuerdo. Lo primero que queremos llevar a cabo es una auditoria para conocer el estado real de la situaci\u00f3n financiera del Ayuntamiento y nuestras pol\u00edticas, entre otras medidas importantes, se van a centrar en hacer frente a la despoblaci\u00f3n y al reto demogr\u00e1fico<\/em>&#8220;, detall\u00f3. Por su parte <strong>Juanjo Tom\u00e1s<\/strong>, alcaldable del PSOE y futuro Teniente de Alcalde, ha asegurado tambi\u00e9n en COPE ALCOY que <strong>ha habido muy buen entendimiento entre los dos partidos pol\u00edticos<\/strong> para hacer posible el cambio &#8220;<em>tenemos muchas ganas de hacer cosas en \u00e1mbitos como por ejemplo la Cultura o los Deportes ya que hasta ahora Beniarr\u00e9s ha estado en una situaci\u00f3n de abandono. Desde la oposici\u00f3n hac\u00edamos muchas propuestas pero al tener mayor\u00eda el PP era muy dif\u00edcil que las mismas llegaran a buen puerto<\/em>&#8220;, manifest\u00f3.&nbsp;<\/p>\n<p style=\"text-align: justify;\">El nuevo Ayuntamiento de Beniarr\u00e9s, al igual que los Consistorios de los diferentes municipios de la comarca, <strong>quedar\u00e1 constituido el pr\u00f3ximo s\u00e1bado<\/strong> 15 de junio.<\/p>\n\n\n<p><br><\/p>\n","protected":false},"excerpt":{"rendered":"<p>Comprom\u00eds y el Partido Socialista han alcanzado un acuerdo en Beniarr\u00e9s que les permitir\u00e1 gobernar en conjunto durante la pr\u00f3xima&#8230;<\/p>\n","protected":false},"author":1,"featured_media":20292,"comment_status":"open","ping_status":"open","sticky":false,"template":"","format":"standard","meta":{"footnotes":""},"categories":[98,744,75],"tags":[244,851,152,8850,371],"class_list":["post-52034","post","type-post","status-publish","format-standard","has-post-thumbnail","hentry","category-comarcas","category-elecciones","category-noticias","tag-acuerdo","tag-beniarres","tag-compromis","tag-gobernar","tag-psoe"],"yoast_head":"<!-- This site is optimized with the Yoast SEO plugin v27.3 - https:\/\/yoast.com\/product\/yoast-seo-wordpress\/ -->\n<title>Comprom\u00eds y PSOE llegan a un acuerdo para gobernar Beniarr\u00e9s - COPE Alcoy<\/title>\n<meta name=\"robots\" content=\"index, follow, max-snippet:-1, max-image-preview:large, max-video-preview:-1\" \/>\n<link rel=\"canonical\" href=\"https:\/\/www.copealcoy.es\/es\/compromis-y-psoe-llegan-a-un-acuerdo-para-gobernar-beniarres\/\" \/>\n<meta property=\"og:locale\" content=\"es_ES\" \/>\n<meta property=\"og:type\" content=\"article\" \/>\n<meta property=\"og:title\" content=\"Comprom\u00eds y PSOE llegan a un acuerdo para gobernar Beniarr\u00e9s - COPE Alcoy\" \/>\n<meta property=\"og:description\" content=\"Comprom\u00eds y el Partido Socialista han alcanzado un acuerdo en Beniarr\u00e9s que les permitir\u00e1 gobernar en conjunto durante la pr\u00f3xima...\" \/>\n<meta property=\"og:url\" content=\"https:\/\/www.copealcoy.es\/es\/compromis-y-psoe-llegan-a-un-acuerdo-para-gobernar-beniarres\/\" \/>\n<meta property=\"og:site_name\" content=\"COPE Alcoy\" \/>\n<meta property=\"article:published_time\" content=\"2019-06-12T11:18:42+00:00\" \/>\n<meta property=\"og:image\" content=\"https:\/\/www.copealcoy.es\/wp-content\/uploads\/2016\/03\/DSC03231b.jpg\" \/>\n\t<meta property=\"og:image:width\" content=\"709\" \/>\n\t<meta property=\"og:image:height\" content=\"361\" \/>\n\t<meta property=\"og:image:type\" content=\"image\/jpeg\" \/>\n<meta name=\"author\" content=\"Cope Alcoy\" \/>\n<meta name=\"twitter:label1\" content=\"Escrito por\" \/>\n\t<meta name=\"twitter:data1\" content=\"Cope Alcoy\" \/>\n\t<meta name=\"twitter:label2\" content=\"Tiempo de lectura\" \/>\n\t<meta name=\"twitter:data2\" content=\"2 minutos\" \/>\n<script type=\"application\/ld+json\" class=\"yoast-schema-graph\">{\"@context\":\"https:\\\/\\\/schema.org\",\"@graph\":[{\"@type\":\"Article\",\"@id\":\"https:\\\/\\\/www.copealcoy.es\\\/es\\\/compromis-y-psoe-llegan-a-un-acuerdo-para-gobernar-beniarres\\\/#article\",\"isPartOf\":{\"@id\":\"https:\\\/\\\/www.copealcoy.es\\\/es\\\/compromis-y-psoe-llegan-a-un-acuerdo-para-gobernar-beniarres\\\/\"},\"author\":{\"name\":\"Cope Alcoy\",\"@id\":\"https:\\\/\\\/www.copealcoy.es\\\/es\\\/#\\\/schema\\\/person\\\/e777c87fa024e57d40170af9df39882c\"},\"headline\":\"Comprom\u00eds y PSOE llegan a un acuerdo para gobernar Beniarr\u00e9s\",\"datePublished\":\"2019-06-12T11:18:42+00:00\",\"mainEntityOfPage\":{\"@id\":\"https:\\\/\\\/www.copealcoy.es\\\/es\\\/compromis-y-psoe-llegan-a-un-acuerdo-para-gobernar-beniarres\\\/\"},\"wordCount\":400,\"commentCount\":0,\"image\":{\"@id\":\"https:\\\/\\\/www.copealcoy.es\\\/es\\\/compromis-y-psoe-llegan-a-un-acuerdo-para-gobernar-beniarres\\\/#primaryimage\"},\"thumbnailUrl\":\"https:\\\/\\\/www.copealcoy.es\\\/wp-content\\\/uploads\\\/2016\\\/03\\\/DSC03231b.jpg\",\"keywords\":[\"Acuerdo\",\"Beniarres\",\"Comprom\u00eds\",\"gobernar\",\"PSOE\"],\"articleSection\":[\"Comarcas\",\"Elecciones\",\"Noticias\"],\"inLanguage\":\"es\"},{\"@type\":\"WebPage\",\"@id\":\"https:\\\/\\\/www.copealcoy.es\\\/es\\\/compromis-y-psoe-llegan-a-un-acuerdo-para-gobernar-beniarres\\\/\",\"url\":\"https:\\\/\\\/www.copealcoy.es\\\/es\\\/compromis-y-psoe-llegan-a-un-acuerdo-para-gobernar-beniarres\\\/\",\"name\":\"Comprom\u00eds y PSOE llegan a un acuerdo para gobernar Beniarr\u00e9s - COPE Alcoy\",\"isPartOf\":{\"@id\":\"https:\\\/\\\/www.copealcoy.es\\\/es\\\/#website\"},\"primaryImageOfPage\":{\"@id\":\"https:\\\/\\\/www.copealcoy.es\\\/es\\\/compromis-y-psoe-llegan-a-un-acuerdo-para-gobernar-beniarres\\\/#primaryimage\"},\"image\":{\"@id\":\"https:\\\/\\\/www.copealcoy.es\\\/es\\\/compromis-y-psoe-llegan-a-un-acuerdo-para-gobernar-beniarres\\\/#primaryimage\"},\"thumbnailUrl\":\"https:\\\/\\\/www.copealcoy.es\\\/wp-content\\\/uploads\\\/2016\\\/03\\\/DSC03231b.jpg\",\"datePublished\":\"2019-06-12T11:18:42+00:00\",\"author\":{\"@id\":\"https:\\\/\\\/www.copealcoy.es\\\/es\\\/#\\\/schema\\\/person\\\/e777c87fa024e57d40170af9df39882c\"},\"breadcrumb\":{\"@id\":\"https:\\\/\\\/www.copealcoy.es\\\/es\\\/compromis-y-psoe-llegan-a-un-acuerdo-para-gobernar-beniarres\\\/#breadcrumb\"},\"inLanguage\":\"es\",\"potentialAction\":[{\"@type\":\"ReadAction\",\"target\":[\"https:\\\/\\\/www.copealcoy.es\\\/es\\\/compromis-y-psoe-llegan-a-un-acuerdo-para-gobernar-beniarres\\\/\"]}]},{\"@type\":\"ImageObject\",\"inLanguage\":\"es\",\"@id\":\"https:\\\/\\\/www.copealcoy.es\\\/es\\\/compromis-y-psoe-llegan-a-un-acuerdo-para-gobernar-beniarres\\\/#primaryimage\",\"url\":\"https:\\\/\\\/www.copealcoy.es\\\/wp-content\\\/uploads\\\/2016\\\/03\\\/DSC03231b.jpg\",\"contentUrl\":\"https:\\\/\\\/www.copealcoy.es\\\/wp-content\\\/uploads\\\/2016\\\/03\\\/DSC03231b.jpg\",\"width\":709,\"height\":361,\"caption\":\"Beniarr\u00e9s es una de las localidades beneficiarias de las ayudas\"},{\"@type\":\"BreadcrumbList\",\"@id\":\"https:\\\/\\\/www.copealcoy.es\\\/es\\\/compromis-y-psoe-llegan-a-un-acuerdo-para-gobernar-beniarres\\\/#breadcrumb\",\"itemListElement\":[{\"@type\":\"ListItem\",\"position\":1,\"name\":\"Portada\",\"item\":\"https:\\\/\\\/www.copealcoy.es\\\/es\\\/\"},{\"@type\":\"ListItem\",\"position\":2,\"name\":\"Comprom\u00eds y PSOE llegan a un acuerdo para gobernar Beniarr\u00e9s\"}]},{\"@type\":\"WebSite\",\"@id\":\"https:\\\/\\\/www.copealcoy.es\\\/es\\\/#website\",\"url\":\"https:\\\/\\\/www.copealcoy.es\\\/es\\\/\",\"name\":\"COPE Alcoy\",\"description\":\"Emisora COPE de radio local con emisi\u00f3n online. Pont de Sant Jordi 8-10 03803 Alcoy\",\"potentialAction\":[{\"@type\":\"SearchAction\",\"target\":{\"@type\":\"EntryPoint\",\"urlTemplate\":\"https:\\\/\\\/www.copealcoy.es\\\/es\\\/?s={search_term_string}\"},\"query-input\":{\"@type\":\"PropertyValueSpecification\",\"valueRequired\":true,\"valueName\":\"search_term_string\"}}],\"inLanguage\":\"es\"},{\"@type\":\"Person\",\"@id\":\"https:\\\/\\\/www.copealcoy.es\\\/es\\\/#\\\/schema\\\/person\\\/e777c87fa024e57d40170af9df39882c\",\"name\":\"Cope Alcoy\",\"image\":{\"@type\":\"ImageObject\",\"inLanguage\":\"es\",\"@id\":\"https:\\\/\\\/secure.gravatar.com\\\/avatar\\\/bb65d0283347e303893ba14f0692005417c1e0e690a325a4c5d8bb2b3943ee14?s=96&d=mm&r=g\",\"url\":\"https:\\\/\\\/secure.gravatar.com\\\/avatar\\\/bb65d0283347e303893ba14f0692005417c1e0e690a325a4c5d8bb2b3943ee14?s=96&d=mm&r=g\",\"contentUrl\":\"https:\\\/\\\/secure.gravatar.com\\\/avatar\\\/bb65d0283347e303893ba14f0692005417c1e0e690a325a4c5d8bb2b3943ee14?s=96&d=mm&r=g\",\"caption\":\"Cope Alcoy\"}}]}<\/script>\n<!-- \/ Yoast SEO plugin. -->","yoast_head_json":{"title":"Comprom\u00eds y PSOE llegan a un acuerdo para gobernar Beniarr\u00e9s - COPE Alcoy","robots":{"index":"index","follow":"follow","max-snippet":"max-snippet:-1","max-image-preview":"max-image-preview:large","max-video-preview":"max-video-preview:-1"},"canonical":"https:\/\/www.copealcoy.es\/es\/compromis-y-psoe-llegan-a-un-acuerdo-para-gobernar-beniarres\/","og_locale":"es_ES","og_type":"article","og_title":"Comprom\u00eds y PSOE llegan a un acuerdo para gobernar Beniarr\u00e9s - COPE Alcoy","og_description":"Comprom\u00eds y el Partido Socialista han alcanzado un acuerdo en Beniarr\u00e9s que les permitir\u00e1 gobernar en conjunto durante la pr\u00f3xima...","og_url":"https:\/\/www.copealcoy.es\/es\/compromis-y-psoe-llegan-a-un-acuerdo-para-gobernar-beniarres\/","og_site_name":"COPE Alcoy","article_published_time":"2019-06-12T11:18:42+00:00","og_image":[{"width":709,"height":361,"url":"https:\/\/www.copealcoy.es\/wp-content\/uploads\/2016\/03\/DSC03231b.jpg","type":"image\/jpeg"}],"author":"Cope Alcoy","twitter_misc":{"Escrito por":"Cope Alcoy","Tiempo de lectura":"2 minutos"},"schema":{"@context":"https:\/\/schema.org","@graph":[{"@type":"Article","@id":"https:\/\/www.copealcoy.es\/es\/compromis-y-psoe-llegan-a-un-acuerdo-para-gobernar-beniarres\/#article","isPartOf":{"@id":"https:\/\/www.copealcoy.es\/es\/compromis-y-psoe-llegan-a-un-acuerdo-para-gobernar-beniarres\/"},"author":{"name":"Cope Alcoy","@id":"https:\/\/www.copealcoy.es\/es\/#\/schema\/person\/e777c87fa024e57d40170af9df39882c"},"headline":"Comprom\u00eds y PSOE llegan a un acuerdo para gobernar Beniarr\u00e9s","datePublished":"2019-06-12T11:18:42+00:00","mainEntityOfPage":{"@id":"https:\/\/www.copealcoy.es\/es\/compromis-y-psoe-llegan-a-un-acuerdo-para-gobernar-beniarres\/"},"wordCount":400,"commentCount":0,"image":{"@id":"https:\/\/www.copealcoy.es\/es\/compromis-y-psoe-llegan-a-un-acuerdo-para-gobernar-beniarres\/#primaryimage"},"thumbnailUrl":"https:\/\/www.copealcoy.es\/wp-content\/uploads\/2016\/03\/DSC03231b.jpg","keywords":["Acuerdo","Beniarres","Comprom\u00eds","gobernar","PSOE"],"articleSection":["Comarcas","Elecciones","Noticias"],"inLanguage":"es"},{"@type":"WebPage","@id":"https:\/\/www.copealcoy.es\/es\/compromis-y-psoe-llegan-a-un-acuerdo-para-gobernar-beniarres\/","url":"https:\/\/www.copealcoy.es\/es\/compromis-y-psoe-llegan-a-un-acuerdo-para-gobernar-beniarres\/","name":"Comprom\u00eds y PSOE llegan a un acuerdo para gobernar Beniarr\u00e9s - COPE Alcoy","isPartOf":{"@id":"https:\/\/www.copealcoy.es\/es\/#website"},"primaryImageOfPage":{"@id":"https:\/\/www.copealcoy.es\/es\/compromis-y-psoe-llegan-a-un-acuerdo-para-gobernar-beniarres\/#primaryimage"},"image":{"@id":"https:\/\/www.copealcoy.es\/es\/compromis-y-psoe-llegan-a-un-acuerdo-para-gobernar-beniarres\/#primaryimage"},"thumbnailUrl":"https:\/\/www.copealcoy.es\/wp-content\/uploads\/2016\/03\/DSC03231b.jpg","datePublished":"2019-06-12T11:18:42+00:00","author":{"@id":"https:\/\/www.copealcoy.es\/es\/#\/schema\/person\/e777c87fa024e57d40170af9df39882c"},"breadcrumb":{"@id":"https:\/\/www.copealcoy.es\/es\/compromis-y-psoe-llegan-a-un-acuerdo-para-gobernar-beniarres\/#breadcrumb"},"inLanguage":"es","potentialAction":[{"@type":"ReadAction","target":["https:\/\/www.copealcoy.es\/es\/compromis-y-psoe-llegan-a-un-acuerdo-para-gobernar-beniarres\/"]}]},{"@type":"ImageObject","inLanguage":"es","@id":"https:\/\/www.copealcoy.es\/es\/compromis-y-psoe-llegan-a-un-acuerdo-para-gobernar-beniarres\/#primaryimage","url":"https:\/\/www.copealcoy.es\/wp-content\/uploads\/2016\/03\/DSC03231b.jpg","contentUrl":"https:\/\/www.copealcoy.es\/wp-content\/uploads\/2016\/03\/DSC03231b.jpg","width":709,"height":361,"caption":"Beniarr\u00e9s es una de las localidades beneficiarias de las ayudas"},{"@type":"BreadcrumbList","@id":"https:\/\/www.copealcoy.es\/es\/compromis-y-psoe-llegan-a-un-acuerdo-para-gobernar-beniarres\/#breadcrumb","itemListElement":[{"@type":"ListItem","position":1,"name":"Portada","item":"https:\/\/www.copealcoy.es\/es\/"},{"@type":"ListItem","position":2,"name":"Comprom\u00eds y PSOE llegan a un acuerdo para gobernar Beniarr\u00e9s"}]},{"@type":"WebSite","@id":"https:\/\/www.copealcoy.es\/es\/#website","url":"https:\/\/www.copealcoy.es\/es\/","name":"COPE Alcoy","description":"Emisora COPE de radio local con emisi\u00f3n online. Pont de Sant Jordi 8-10 03803 Alcoy","potentialAction":[{"@type":"SearchAction","target":{"@type":"EntryPoint","urlTemplate":"https:\/\/www.copealcoy.es\/es\/?s={search_term_string}"},"query-input":{"@type":"PropertyValueSpecification","valueRequired":true,"valueName":"search_term_string"}}],"inLanguage":"es"},{"@type":"Person","@id":"https:\/\/www.copealcoy.es\/es\/#\/schema\/person\/e777c87fa024e57d40170af9df39882c","name":"Cope Alcoy","image":{"@type":"ImageObject","inLanguage":"es","@id":"https:\/\/secure.gravatar.com\/avatar\/bb65d0283347e303893ba14f0692005417c1e0e690a325a4c5d8bb2b3943ee14?s=96&d=mm&r=g","url":"https:\/\/secure.gravatar.com\/avatar\/bb65d0283347e303893ba14f0692005417c1e0e690a325a4c5d8bb2b3943ee14?s=96&d=mm&r=g","contentUrl":"https:\/\/secure.gravatar.com\/avatar\/bb65d0283347e303893ba14f0692005417c1e0e690a325a4c5d8bb2b3943ee14?s=96&d=mm&r=g","caption":"Cope Alcoy"}}]}},"_links":{"self":[{"href":"https:\/\/www.copealcoy.es\/es\/wp-json\/wp\/v2\/posts\/52034","targetHints":{"allow":["GET"]}}],"collection":[{"href":"https:\/\/www.copealcoy.es\/es\/wp-json\/wp\/v2\/posts"}],"about":[{"href":"https:\/\/www.copealcoy.es\/es\/wp-json\/wp\/v2\/types\/post"}],"author":[{"embeddable":true,"href":"https:\/\/www.copealcoy.es\/es\/wp-json\/wp\/v2\/users\/1"}],"replies":[{"embeddable":true,"href":"https:\/\/www.copealcoy.es\/es\/wp-json\/wp\/v2\/comments?post=52034"}],"version-history":[{"count":0,"href":"https:\/\/www.copealcoy.es\/es\/wp-json\/wp\/v2\/posts\/52034\/revisions"}],"wp:featuredmedia":[{"embeddable":true,"href":"https:\/\/www.copealcoy.es\/es\/wp-json\/wp\/v2\/media\/20292"}],"wp:attachment":[{"href":"https:\/\/www.copealcoy.es\/es\/wp-json\/wp\/v2\/media?parent=52034"}],"wp:term":[{"taxonomy":"category","embeddable":true,"href":"https:\/\/www.copealcoy.es\/es\/wp-json\/wp\/v2\/categories?post=52034"},{"taxonomy":"post_tag","embeddable":true,"href":"https:\/\/www.copealcoy.es\/es\/wp-json\/wp\/v2\/tags?post=52034"}],"curies":[{"name":"wp","href":"https:\/\/api.w.org\/{rel}","templated":true}]}}