{"id":52014,"date":"2019-06-11T15:19:50","date_gmt":"2019-06-11T15:19:50","guid":{"rendered":"https:\/\/copealcoi.es\/?p=52014"},"modified":"2019-06-11T15:19:50","modified_gmt":"2019-06-11T15:19:50","slug":"cocentaina-de-tapes-culmina-con-muy-buen-sabor-de-boca","status":"publish","type":"post","link":"https:\/\/www.copealcoy.es\/es\/cocentaina-de-tapes-culmina-con-muy-buen-sabor-de-boca\/","title":{"rendered":"Cocentaina de Tapes culmina con muy buen sabor de boca"},"content":{"rendered":"<p style=\"text-align: justify;\">Las <strong>XIV Jornadas Gastron\u00f3micas de la Fira de Tots Sants<\/strong> de Cocentaina llegaron a su fin <strong>el pasado 1 de junio<\/strong> despu\u00e9s de que en <strong>las \u00faltimas semanas<\/strong> se realizaran <strong>numerosas actividades<\/strong> que han registrado una <strong>gran participaci\u00f3n<\/strong>, especialmente <strong>las rutas del \u2018Quinto y Tapa\u2019<\/strong> desarrolladas en cada fin de semana.<\/p>\n<p style=\"text-align: justify;\">Hay que destacar que estas \u00faltimas recorrieron <strong>los diecis\u00e9is establecimientos<\/strong> <strong>participantes<\/strong> en esta edici\u00f3n y que forman parte de <strong>la secci\u00f3n de hosteler\u00eda<\/strong> de la Asociaci\u00f3n de Comercio El Comtat. Al margen de esto, \u2018Cocentaina de Tapes\u2019 <strong>ha ofertado men\u00fas diarios a mediod\u00eda<\/strong> en varios restaurantes y bares para recuperar el esp\u00edritu con el que nacieron estas Jornadas Gastron\u00f3micas hace ahora catorce a\u00f1os. A esto se le han sumado <strong>propuestas nocturnas en los pubs de la Villa Condal<\/strong> al mismo tiempo que no ha faltado <strong>la m\u00fasica en directo<\/strong> en los bares mientras el p\u00fablico disfrutada de sus tapas as\u00ed como la cerveza o el refresco.<\/p>\n<p style=\"text-align: justify;\">El representante del sector de la hosteler\u00eda en la citada Asociaci\u00f3n de Comercio El Comtat, <strong>Andr\u00e9s Pascual<\/strong>, expresa su satisfacci\u00f3n por<strong> el buen desarrollo de \u2018Cocentaina de Tapes\u2019<\/strong> al igual que hace <strong>un balance positivo<\/strong> del certamen \u201c<em>la gente ha respondido muy bien, un a\u00f1o m\u00e1s, a pesar de que algunas rutas han coincidido con varios eventos, fiestas de poblaciones vecinas e incluso con las Elecciones Municipales y Europeas.\u00a0 Se ha generado muy bien ambiente en cada zona del pueblo y, a la espera de hacer una evaluaci\u00f3n final, podemos decir que ha habido una gran participaci\u00f3n con el buen incentivo que esto supone para la econom\u00eda local<\/em>\u201d, asevera.<\/p>\n<p style=\"text-align: justify;\">Indicar que en los \u00faltimos d\u00edas <strong>se han repartido los numerosos premios<\/strong> que se han sorteado en<strong> los concursos de estas Jornadas Gastron\u00f3micas<\/strong> de la Fira de Tots Sants, muchos de ellos consistentes en <strong>cheques regalo<\/strong> con una cuant\u00eda econ\u00f3mica <strong>para ser canjeados<\/strong> en los comercios locales.<\/p>\n","protected":false},"excerpt":{"rendered":"<p>Las XIV Jornadas Gastron\u00f3micas de la Fira de Tots Sants de Cocentaina llegaron a su fin el pasado 1 de&#8230;<\/p>\n","protected":false},"author":1,"featured_media":52015,"comment_status":"open","ping_status":"open","sticky":false,"template":"","format":"standard","meta":{"footnotes":""},"categories":[98,75],"tags":[5994,635,4070,2248],"class_list":["post-52014","post","type-post","status-publish","format-standard","has-post-thumbnail","hentry","category-comarcas","category-noticias","tag-5994","tag-fira-de-tots-sants","tag-jornadas-gastronomicas","tag-tapes"],"yoast_head":"<!-- This site is optimized with the Yoast SEO plugin v27.3 - https:\/\/yoast.com\/product\/yoast-seo-wordpress\/ -->\n<title>Cocentaina de Tapes culmina con muy buen sabor de boca - COPE Alcoy<\/title>\n<meta name=\"robots\" content=\"index, follow, max-snippet:-1, max-image-preview:large, max-video-preview:-1\" \/>\n<link rel=\"canonical\" href=\"https:\/\/www.copealcoy.es\/es\/cocentaina-de-tapes-culmina-con-muy-buen-sabor-de-boca\/\" \/>\n<meta property=\"og:locale\" content=\"es_ES\" \/>\n<meta property=\"og:type\" content=\"article\" \/>\n<meta property=\"og:title\" content=\"Cocentaina de Tapes culmina con muy buen sabor de boca - COPE Alcoy\" \/>\n<meta property=\"og:description\" content=\"Las XIV Jornadas Gastron\u00f3micas de la Fira de Tots Sants de Cocentaina llegaron a su fin el pasado 1 de...\" \/>\n<meta property=\"og:url\" content=\"https:\/\/www.copealcoy.es\/es\/cocentaina-de-tapes-culmina-con-muy-buen-sabor-de-boca\/\" \/>\n<meta property=\"og:site_name\" content=\"COPE Alcoy\" \/>\n<meta property=\"article:published_time\" content=\"2019-06-11T15:19:50+00:00\" \/>\n<meta property=\"og:image\" content=\"https:\/\/www.copealcoy.es\/wp-content\/uploads\/2019\/06\/16-Aspecto-que-presentaba-Cocentaina-en-una-de-las-rutas-1.jpg\" \/>\n\t<meta property=\"og:image:width\" content=\"750\" \/>\n\t<meta property=\"og:image:height\" content=\"488\" \/>\n\t<meta property=\"og:image:type\" content=\"image\/jpeg\" \/>\n<meta name=\"author\" content=\"Cope Alcoy\" \/>\n<meta name=\"twitter:label1\" content=\"Escrito por\" \/>\n\t<meta name=\"twitter:data1\" content=\"Cope Alcoy\" \/>\n\t<meta name=\"twitter:label2\" content=\"Tiempo de lectura\" \/>\n\t<meta name=\"twitter:data2\" content=\"2 minutos\" \/>\n<script type=\"application\/ld+json\" class=\"yoast-schema-graph\">{\"@context\":\"https:\\\/\\\/schema.org\",\"@graph\":[{\"@type\":\"Article\",\"@id\":\"https:\\\/\\\/www.copealcoy.es\\\/es\\\/cocentaina-de-tapes-culmina-con-muy-buen-sabor-de-boca\\\/#article\",\"isPartOf\":{\"@id\":\"https:\\\/\\\/www.copealcoy.es\\\/es\\\/cocentaina-de-tapes-culmina-con-muy-buen-sabor-de-boca\\\/\"},\"author\":{\"name\":\"Cope Alcoy\",\"@id\":\"https:\\\/\\\/www.copealcoy.es\\\/es\\\/#\\\/schema\\\/person\\\/e777c87fa024e57d40170af9df39882c\"},\"headline\":\"Cocentaina de Tapes culmina con muy buen sabor de boca\",\"datePublished\":\"2019-06-11T15:19:50+00:00\",\"mainEntityOfPage\":{\"@id\":\"https:\\\/\\\/www.copealcoy.es\\\/es\\\/cocentaina-de-tapes-culmina-con-muy-buen-sabor-de-boca\\\/\"},\"wordCount\":350,\"commentCount\":0,\"image\":{\"@id\":\"https:\\\/\\\/www.copealcoy.es\\\/es\\\/cocentaina-de-tapes-culmina-con-muy-buen-sabor-de-boca\\\/#primaryimage\"},\"thumbnailUrl\":\"https:\\\/\\\/www.copealcoy.es\\\/wp-content\\\/uploads\\\/2019\\\/06\\\/16-Aspecto-que-presentaba-Cocentaina-en-una-de-las-rutas-1.jpg\",\"keywords\":[\"2019\",\"Fira de Tots Sants\",\"Jornadas Gastron\u00f3micas\",\"Tapes\"],\"articleSection\":[\"Comarcas\",\"Noticias\"],\"inLanguage\":\"es\"},{\"@type\":\"WebPage\",\"@id\":\"https:\\\/\\\/www.copealcoy.es\\\/es\\\/cocentaina-de-tapes-culmina-con-muy-buen-sabor-de-boca\\\/\",\"url\":\"https:\\\/\\\/www.copealcoy.es\\\/es\\\/cocentaina-de-tapes-culmina-con-muy-buen-sabor-de-boca\\\/\",\"name\":\"Cocentaina de Tapes culmina con muy buen sabor de boca - COPE Alcoy\",\"isPartOf\":{\"@id\":\"https:\\\/\\\/www.copealcoy.es\\\/es\\\/#website\"},\"primaryImageOfPage\":{\"@id\":\"https:\\\/\\\/www.copealcoy.es\\\/es\\\/cocentaina-de-tapes-culmina-con-muy-buen-sabor-de-boca\\\/#primaryimage\"},\"image\":{\"@id\":\"https:\\\/\\\/www.copealcoy.es\\\/es\\\/cocentaina-de-tapes-culmina-con-muy-buen-sabor-de-boca\\\/#primaryimage\"},\"thumbnailUrl\":\"https:\\\/\\\/www.copealcoy.es\\\/wp-content\\\/uploads\\\/2019\\\/06\\\/16-Aspecto-que-presentaba-Cocentaina-en-una-de-las-rutas-1.jpg\",\"datePublished\":\"2019-06-11T15:19:50+00:00\",\"author\":{\"@id\":\"https:\\\/\\\/www.copealcoy.es\\\/es\\\/#\\\/schema\\\/person\\\/e777c87fa024e57d40170af9df39882c\"},\"breadcrumb\":{\"@id\":\"https:\\\/\\\/www.copealcoy.es\\\/es\\\/cocentaina-de-tapes-culmina-con-muy-buen-sabor-de-boca\\\/#breadcrumb\"},\"inLanguage\":\"es\",\"potentialAction\":[{\"@type\":\"ReadAction\",\"target\":[\"https:\\\/\\\/www.copealcoy.es\\\/es\\\/cocentaina-de-tapes-culmina-con-muy-buen-sabor-de-boca\\\/\"]}]},{\"@type\":\"ImageObject\",\"inLanguage\":\"es\",\"@id\":\"https:\\\/\\\/www.copealcoy.es\\\/es\\\/cocentaina-de-tapes-culmina-con-muy-buen-sabor-de-boca\\\/#primaryimage\",\"url\":\"https:\\\/\\\/www.copealcoy.es\\\/wp-content\\\/uploads\\\/2019\\\/06\\\/16-Aspecto-que-presentaba-Cocentaina-en-una-de-las-rutas-1.jpg\",\"contentUrl\":\"https:\\\/\\\/www.copealcoy.es\\\/wp-content\\\/uploads\\\/2019\\\/06\\\/16-Aspecto-que-presentaba-Cocentaina-en-una-de-las-rutas-1.jpg\",\"width\":750,\"height\":488,\"caption\":\"Aspecto que presentaba Cocentaina en una de las rutas\"},{\"@type\":\"BreadcrumbList\",\"@id\":\"https:\\\/\\\/www.copealcoy.es\\\/es\\\/cocentaina-de-tapes-culmina-con-muy-buen-sabor-de-boca\\\/#breadcrumb\",\"itemListElement\":[{\"@type\":\"ListItem\",\"position\":1,\"name\":\"Portada\",\"item\":\"https:\\\/\\\/www.copealcoy.es\\\/es\\\/\"},{\"@type\":\"ListItem\",\"position\":2,\"name\":\"Cocentaina de Tapes culmina con muy buen sabor de boca\"}]},{\"@type\":\"WebSite\",\"@id\":\"https:\\\/\\\/www.copealcoy.es\\\/es\\\/#website\",\"url\":\"https:\\\/\\\/www.copealcoy.es\\\/es\\\/\",\"name\":\"COPE Alcoy\",\"description\":\"Emisora COPE de radio local con emisi\u00f3n online. Pont de Sant Jordi 8-10 03803 Alcoy\",\"potentialAction\":[{\"@type\":\"SearchAction\",\"target\":{\"@type\":\"EntryPoint\",\"urlTemplate\":\"https:\\\/\\\/www.copealcoy.es\\\/es\\\/?s={search_term_string}\"},\"query-input\":{\"@type\":\"PropertyValueSpecification\",\"valueRequired\":true,\"valueName\":\"search_term_string\"}}],\"inLanguage\":\"es\"},{\"@type\":\"Person\",\"@id\":\"https:\\\/\\\/www.copealcoy.es\\\/es\\\/#\\\/schema\\\/person\\\/e777c87fa024e57d40170af9df39882c\",\"name\":\"Cope Alcoy\",\"image\":{\"@type\":\"ImageObject\",\"inLanguage\":\"es\",\"@id\":\"https:\\\/\\\/secure.gravatar.com\\\/avatar\\\/bb65d0283347e303893ba14f0692005417c1e0e690a325a4c5d8bb2b3943ee14?s=96&d=mm&r=g\",\"url\":\"https:\\\/\\\/secure.gravatar.com\\\/avatar\\\/bb65d0283347e303893ba14f0692005417c1e0e690a325a4c5d8bb2b3943ee14?s=96&d=mm&r=g\",\"contentUrl\":\"https:\\\/\\\/secure.gravatar.com\\\/avatar\\\/bb65d0283347e303893ba14f0692005417c1e0e690a325a4c5d8bb2b3943ee14?s=96&d=mm&r=g\",\"caption\":\"Cope Alcoy\"}}]}<\/script>\n<!-- \/ Yoast SEO plugin. -->","yoast_head_json":{"title":"Cocentaina de Tapes culmina con muy buen sabor de boca - COPE Alcoy","robots":{"index":"index","follow":"follow","max-snippet":"max-snippet:-1","max-image-preview":"max-image-preview:large","max-video-preview":"max-video-preview:-1"},"canonical":"https:\/\/www.copealcoy.es\/es\/cocentaina-de-tapes-culmina-con-muy-buen-sabor-de-boca\/","og_locale":"es_ES","og_type":"article","og_title":"Cocentaina de Tapes culmina con muy buen sabor de boca - COPE Alcoy","og_description":"Las XIV Jornadas Gastron\u00f3micas de la Fira de Tots Sants de Cocentaina llegaron a su fin el pasado 1 de...","og_url":"https:\/\/www.copealcoy.es\/es\/cocentaina-de-tapes-culmina-con-muy-buen-sabor-de-boca\/","og_site_name":"COPE Alcoy","article_published_time":"2019-06-11T15:19:50+00:00","og_image":[{"width":750,"height":488,"url":"https:\/\/www.copealcoy.es\/wp-content\/uploads\/2019\/06\/16-Aspecto-que-presentaba-Cocentaina-en-una-de-las-rutas-1.jpg","type":"image\/jpeg"}],"author":"Cope Alcoy","twitter_misc":{"Escrito por":"Cope Alcoy","Tiempo de lectura":"2 minutos"},"schema":{"@context":"https:\/\/schema.org","@graph":[{"@type":"Article","@id":"https:\/\/www.copealcoy.es\/es\/cocentaina-de-tapes-culmina-con-muy-buen-sabor-de-boca\/#article","isPartOf":{"@id":"https:\/\/www.copealcoy.es\/es\/cocentaina-de-tapes-culmina-con-muy-buen-sabor-de-boca\/"},"author":{"name":"Cope Alcoy","@id":"https:\/\/www.copealcoy.es\/es\/#\/schema\/person\/e777c87fa024e57d40170af9df39882c"},"headline":"Cocentaina de Tapes culmina con muy buen sabor de boca","datePublished":"2019-06-11T15:19:50+00:00","mainEntityOfPage":{"@id":"https:\/\/www.copealcoy.es\/es\/cocentaina-de-tapes-culmina-con-muy-buen-sabor-de-boca\/"},"wordCount":350,"commentCount":0,"image":{"@id":"https:\/\/www.copealcoy.es\/es\/cocentaina-de-tapes-culmina-con-muy-buen-sabor-de-boca\/#primaryimage"},"thumbnailUrl":"https:\/\/www.copealcoy.es\/wp-content\/uploads\/2019\/06\/16-Aspecto-que-presentaba-Cocentaina-en-una-de-las-rutas-1.jpg","keywords":["2019","Fira de Tots Sants","Jornadas Gastron\u00f3micas","Tapes"],"articleSection":["Comarcas","Noticias"],"inLanguage":"es"},{"@type":"WebPage","@id":"https:\/\/www.copealcoy.es\/es\/cocentaina-de-tapes-culmina-con-muy-buen-sabor-de-boca\/","url":"https:\/\/www.copealcoy.es\/es\/cocentaina-de-tapes-culmina-con-muy-buen-sabor-de-boca\/","name":"Cocentaina de Tapes culmina con muy buen sabor de boca - COPE Alcoy","isPartOf":{"@id":"https:\/\/www.copealcoy.es\/es\/#website"},"primaryImageOfPage":{"@id":"https:\/\/www.copealcoy.es\/es\/cocentaina-de-tapes-culmina-con-muy-buen-sabor-de-boca\/#primaryimage"},"image":{"@id":"https:\/\/www.copealcoy.es\/es\/cocentaina-de-tapes-culmina-con-muy-buen-sabor-de-boca\/#primaryimage"},"thumbnailUrl":"https:\/\/www.copealcoy.es\/wp-content\/uploads\/2019\/06\/16-Aspecto-que-presentaba-Cocentaina-en-una-de-las-rutas-1.jpg","datePublished":"2019-06-11T15:19:50+00:00","author":{"@id":"https:\/\/www.copealcoy.es\/es\/#\/schema\/person\/e777c87fa024e57d40170af9df39882c"},"breadcrumb":{"@id":"https:\/\/www.copealcoy.es\/es\/cocentaina-de-tapes-culmina-con-muy-buen-sabor-de-boca\/#breadcrumb"},"inLanguage":"es","potentialAction":[{"@type":"ReadAction","target":["https:\/\/www.copealcoy.es\/es\/cocentaina-de-tapes-culmina-con-muy-buen-sabor-de-boca\/"]}]},{"@type":"ImageObject","inLanguage":"es","@id":"https:\/\/www.copealcoy.es\/es\/cocentaina-de-tapes-culmina-con-muy-buen-sabor-de-boca\/#primaryimage","url":"https:\/\/www.copealcoy.es\/wp-content\/uploads\/2019\/06\/16-Aspecto-que-presentaba-Cocentaina-en-una-de-las-rutas-1.jpg","contentUrl":"https:\/\/www.copealcoy.es\/wp-content\/uploads\/2019\/06\/16-Aspecto-que-presentaba-Cocentaina-en-una-de-las-rutas-1.jpg","width":750,"height":488,"caption":"Aspecto que presentaba Cocentaina en una de las rutas"},{"@type":"BreadcrumbList","@id":"https:\/\/www.copealcoy.es\/es\/cocentaina-de-tapes-culmina-con-muy-buen-sabor-de-boca\/#breadcrumb","itemListElement":[{"@type":"ListItem","position":1,"name":"Portada","item":"https:\/\/www.copealcoy.es\/es\/"},{"@type":"ListItem","position":2,"name":"Cocentaina de Tapes culmina con muy buen sabor de boca"}]},{"@type":"WebSite","@id":"https:\/\/www.copealcoy.es\/es\/#website","url":"https:\/\/www.copealcoy.es\/es\/","name":"COPE Alcoy","description":"Emisora COPE de radio local con emisi\u00f3n online. Pont de Sant Jordi 8-10 03803 Alcoy","potentialAction":[{"@type":"SearchAction","target":{"@type":"EntryPoint","urlTemplate":"https:\/\/www.copealcoy.es\/es\/?s={search_term_string}"},"query-input":{"@type":"PropertyValueSpecification","valueRequired":true,"valueName":"search_term_string"}}],"inLanguage":"es"},{"@type":"Person","@id":"https:\/\/www.copealcoy.es\/es\/#\/schema\/person\/e777c87fa024e57d40170af9df39882c","name":"Cope Alcoy","image":{"@type":"ImageObject","inLanguage":"es","@id":"https:\/\/secure.gravatar.com\/avatar\/bb65d0283347e303893ba14f0692005417c1e0e690a325a4c5d8bb2b3943ee14?s=96&d=mm&r=g","url":"https:\/\/secure.gravatar.com\/avatar\/bb65d0283347e303893ba14f0692005417c1e0e690a325a4c5d8bb2b3943ee14?s=96&d=mm&r=g","contentUrl":"https:\/\/secure.gravatar.com\/avatar\/bb65d0283347e303893ba14f0692005417c1e0e690a325a4c5d8bb2b3943ee14?s=96&d=mm&r=g","caption":"Cope Alcoy"}}]}},"_links":{"self":[{"href":"https:\/\/www.copealcoy.es\/es\/wp-json\/wp\/v2\/posts\/52014","targetHints":{"allow":["GET"]}}],"collection":[{"href":"https:\/\/www.copealcoy.es\/es\/wp-json\/wp\/v2\/posts"}],"about":[{"href":"https:\/\/www.copealcoy.es\/es\/wp-json\/wp\/v2\/types\/post"}],"author":[{"embeddable":true,"href":"https:\/\/www.copealcoy.es\/es\/wp-json\/wp\/v2\/users\/1"}],"replies":[{"embeddable":true,"href":"https:\/\/www.copealcoy.es\/es\/wp-json\/wp\/v2\/comments?post=52014"}],"version-history":[{"count":0,"href":"https:\/\/www.copealcoy.es\/es\/wp-json\/wp\/v2\/posts\/52014\/revisions"}],"wp:featuredmedia":[{"embeddable":true,"href":"https:\/\/www.copealcoy.es\/es\/wp-json\/wp\/v2\/media\/52015"}],"wp:attachment":[{"href":"https:\/\/www.copealcoy.es\/es\/wp-json\/wp\/v2\/media?parent=52014"}],"wp:term":[{"taxonomy":"category","embeddable":true,"href":"https:\/\/www.copealcoy.es\/es\/wp-json\/wp\/v2\/categories?post=52014"},{"taxonomy":"post_tag","embeddable":true,"href":"https:\/\/www.copealcoy.es\/es\/wp-json\/wp\/v2\/tags?post=52014"}],"curies":[{"name":"wp","href":"https:\/\/api.w.org\/{rel}","templated":true}]}}