{"id":51901,"date":"2019-06-07T16:07:18","date_gmt":"2019-06-07T16:07:18","guid":{"rendered":"https:\/\/copealcoi.es\/?p=51901"},"modified":"2019-06-07T16:07:18","modified_gmt":"2019-06-07T16:07:18","slug":"alcoy-baja-con-exito-el-telon-de-la-mostra-2019","status":"publish","type":"post","link":"https:\/\/www.copealcoy.es\/es\/alcoy-baja-con-exito-el-telon-de-la-mostra-2019\/","title":{"rendered":"Alcoy baja con \u00e9xito el tel\u00f3n de la Mostra 2019"},"content":{"rendered":"<p style=\"text-align: justify;\">Alcoy puso ayer <strong>el broche de oro<\/strong> a la <strong>Mostra de Teatre del 2019<\/strong>. Un total de\u00a0<strong>veinte compa\u00f1\u00edas<\/strong>\u00a0han participado en el Certamen de las que trece pertenec\u00edan a la Comunidad Valenciana, cuatro eran de Catalu\u00f1a, dos de Andaluc\u00eda y una de Galicia. Asimismo <strong>m\u00e1s de 400 profesionales<\/strong> del sector han asistido \u00a0a la Feria de las Artes Esc\u00e9nicas. La Mostra ha ofrecido <strong>hasta veintisiete espect\u00e1culos<\/strong>\u00a0que combinaban teatro, danza, t\u00edteres, propuestas infantiles e incluso circo. Todas ellas <strong>se han podido ver en los espacios esc\u00e9nicos alcoyanos<\/strong> y, como novedad, en el<strong> IVAM-CADA<\/strong>. No ha faltado <strong>una variada oferta de propuestas de calle<\/strong>\u00a0en el Paseo de Cervantes y en la Pla\u00e7a de Dins.<\/p>\n<p style=\"text-align: justify;\">El director de la Mostra, <strong>Miquel Santamar\u00eda<\/strong>, ha calificado de<strong> \u00e9xito rotundo<\/strong> esta edici\u00f3n y <strong>da por v\u00e1lido<\/strong> el <strong>esquema compacto<\/strong> de programaci\u00f3n y actividades profesionales, reunidas en cuatro d\u00edas, y dejando fuera el fin de semana. Para Santamar\u00eda, &#8220;<em>ha sido una f\u00f3rmula que ha gustado a todos. Por un lado, el p\u00fablico en general ha podido ver las funciones con mayor tranquilidad, y por otro lado, los productores, gestores y responsables de compa\u00f1\u00edas tambi\u00e9n han combinado a la perfecci\u00f3n la visualizaci\u00f3n de espect\u00e1culos y las mismas actividades profesionales. As\u00ed, podemos decir que muchos de ellos han prolongado su presencia a pesar de no tenerlo previsto, porque han podido trabajar palabra a gusto, y no de manera tan concentrada. Hoy por hoy, es el sistema m\u00e1s \u00fatil<\/em>&#8220;, asevera.<\/p>\n<p style=\"text-align: justify;\">Santamar\u00eda, a la espera de confirmar las cifras de los \u00faltimos espect\u00e1culos del jueves, <strong>eleva a cerca de 5.000 las personas que han participado de la Mostra<\/strong>, bien como espectadores o bien como profesionales. Un dato important\u00edsimo, superior a la de a\u00f1os anteriores, y que <strong>confirma la idoneidad<\/strong> de este nuevo sistema.\u00a0En cuanto a la actividad profesional, asegura que esta <strong>ha sido muy interesante y productiva<\/strong> para los gestores de las artes esc\u00e9nicas. En palabras de Santamaria &#8220;<em>la rueda de negocios ha funcionado. Algunas compa\u00f1\u00edas han cerrado muchas funciones para el pr\u00f3ximo a\u00f1o, y eso es importante. Hay muy buena percepci\u00f3n. Esto en cuanto a las obras consolidadas, en cuanto a los estrenos, hay tiempo suficiente para ir incorporarlas a las programaciones. Los contactos profesionales se han hecho&#8221;, <\/em>concluye.<\/p>\n<p>Tras esta edici\u00f3n la organizaci\u00f3n de la Mostra <strong>ya trabaja en la de 2020<\/strong>, a\u00f1o en el que el Certamen cumplir\u00e1<strong> su treinta aniversario<\/strong>.<\/p>\n","protected":false},"excerpt":{"rendered":"<p>Alcoy puso ayer el broche de oro a la Mostra de Teatre del 2019. Un total de\u00a0veinte compa\u00f1\u00edas\u00a0han participado en&#8230;<\/p>\n","protected":false},"author":1,"featured_media":51902,"comment_status":"open","ping_status":"open","sticky":false,"template":"","format":"standard","meta":{"footnotes":""},"categories":[97,78,75],"tags":[2650,8841,3182],"class_list":["post-51901","post","type-post","status-publish","format-standard","has-post-thumbnail","hentry","category-alcoy","category-fiestaycultura","category-noticias","tag-exito","tag-mostra-2019","tag-telon"],"yoast_head":"<!-- This site is optimized with the Yoast SEO plugin v27.3 - https:\/\/yoast.com\/product\/yoast-seo-wordpress\/ -->\n<title>Alcoy baja con \u00e9xito el tel\u00f3n de la Mostra 2019 - COPE Alcoy<\/title>\n<meta name=\"robots\" content=\"index, follow, max-snippet:-1, max-image-preview:large, max-video-preview:-1\" \/>\n<link rel=\"canonical\" href=\"https:\/\/www.copealcoy.es\/es\/alcoy-baja-con-exito-el-telon-de-la-mostra-2019\/\" \/>\n<meta property=\"og:locale\" content=\"es_ES\" \/>\n<meta property=\"og:type\" content=\"article\" \/>\n<meta property=\"og:title\" content=\"Alcoy baja con \u00e9xito el tel\u00f3n de la Mostra 2019 - COPE Alcoy\" \/>\n<meta property=\"og:description\" content=\"Alcoy puso ayer el broche de oro a la Mostra de Teatre del 2019. Un total de\u00a0veinte compa\u00f1\u00edas\u00a0han participado en...\" \/>\n<meta property=\"og:url\" content=\"https:\/\/www.copealcoy.es\/es\/alcoy-baja-con-exito-el-telon-de-la-mostra-2019\/\" \/>\n<meta property=\"og:site_name\" content=\"COPE Alcoy\" \/>\n<meta property=\"article:published_time\" content=\"2019-06-07T16:07:18+00:00\" \/>\n<meta property=\"og:image\" content=\"https:\/\/www.copealcoy.es\/wp-content\/uploads\/2019\/06\/62409393_1248487245312817_7217176698175881216_n-1.jpg\" \/>\n\t<meta property=\"og:image:width\" content=\"960\" \/>\n\t<meta property=\"og:image:height\" content=\"640\" \/>\n\t<meta property=\"og:image:type\" content=\"image\/jpeg\" \/>\n<meta name=\"author\" content=\"Cope Alcoy\" \/>\n<meta name=\"twitter:label1\" content=\"Escrito por\" \/>\n\t<meta name=\"twitter:data1\" content=\"Cope Alcoy\" \/>\n\t<meta name=\"twitter:label2\" content=\"Tiempo de lectura\" \/>\n\t<meta name=\"twitter:data2\" content=\"2 minutos\" \/>\n<script type=\"application\/ld+json\" class=\"yoast-schema-graph\">{\"@context\":\"https:\\\/\\\/schema.org\",\"@graph\":[{\"@type\":\"Article\",\"@id\":\"https:\\\/\\\/www.copealcoy.es\\\/es\\\/alcoy-baja-con-exito-el-telon-de-la-mostra-2019\\\/#article\",\"isPartOf\":{\"@id\":\"https:\\\/\\\/www.copealcoy.es\\\/es\\\/alcoy-baja-con-exito-el-telon-de-la-mostra-2019\\\/\"},\"author\":{\"name\":\"Cope Alcoy\",\"@id\":\"https:\\\/\\\/www.copealcoy.es\\\/es\\\/#\\\/schema\\\/person\\\/e777c87fa024e57d40170af9df39882c\"},\"headline\":\"Alcoy baja con \u00e9xito el tel\u00f3n de la Mostra 2019\",\"datePublished\":\"2019-06-07T16:07:18+00:00\",\"mainEntityOfPage\":{\"@id\":\"https:\\\/\\\/www.copealcoy.es\\\/es\\\/alcoy-baja-con-exito-el-telon-de-la-mostra-2019\\\/\"},\"wordCount\":439,\"commentCount\":0,\"image\":{\"@id\":\"https:\\\/\\\/www.copealcoy.es\\\/es\\\/alcoy-baja-con-exito-el-telon-de-la-mostra-2019\\\/#primaryimage\"},\"thumbnailUrl\":\"https:\\\/\\\/www.copealcoy.es\\\/wp-content\\\/uploads\\\/2019\\\/06\\\/62409393_1248487245312817_7217176698175881216_n-1.jpg\",\"keywords\":[\"\u00c9xito\",\"Mostra 2019\",\"Tel\u00f3n\"],\"articleSection\":[\"Alcoy\",\"Fiesta y Cultura\",\"Noticias\"],\"inLanguage\":\"es\"},{\"@type\":\"WebPage\",\"@id\":\"https:\\\/\\\/www.copealcoy.es\\\/es\\\/alcoy-baja-con-exito-el-telon-de-la-mostra-2019\\\/\",\"url\":\"https:\\\/\\\/www.copealcoy.es\\\/es\\\/alcoy-baja-con-exito-el-telon-de-la-mostra-2019\\\/\",\"name\":\"Alcoy baja con \u00e9xito el tel\u00f3n de la Mostra 2019 - COPE Alcoy\",\"isPartOf\":{\"@id\":\"https:\\\/\\\/www.copealcoy.es\\\/es\\\/#website\"},\"primaryImageOfPage\":{\"@id\":\"https:\\\/\\\/www.copealcoy.es\\\/es\\\/alcoy-baja-con-exito-el-telon-de-la-mostra-2019\\\/#primaryimage\"},\"image\":{\"@id\":\"https:\\\/\\\/www.copealcoy.es\\\/es\\\/alcoy-baja-con-exito-el-telon-de-la-mostra-2019\\\/#primaryimage\"},\"thumbnailUrl\":\"https:\\\/\\\/www.copealcoy.es\\\/wp-content\\\/uploads\\\/2019\\\/06\\\/62409393_1248487245312817_7217176698175881216_n-1.jpg\",\"datePublished\":\"2019-06-07T16:07:18+00:00\",\"author\":{\"@id\":\"https:\\\/\\\/www.copealcoy.es\\\/es\\\/#\\\/schema\\\/person\\\/e777c87fa024e57d40170af9df39882c\"},\"breadcrumb\":{\"@id\":\"https:\\\/\\\/www.copealcoy.es\\\/es\\\/alcoy-baja-con-exito-el-telon-de-la-mostra-2019\\\/#breadcrumb\"},\"inLanguage\":\"es\",\"potentialAction\":[{\"@type\":\"ReadAction\",\"target\":[\"https:\\\/\\\/www.copealcoy.es\\\/es\\\/alcoy-baja-con-exito-el-telon-de-la-mostra-2019\\\/\"]}]},{\"@type\":\"ImageObject\",\"inLanguage\":\"es\",\"@id\":\"https:\\\/\\\/www.copealcoy.es\\\/es\\\/alcoy-baja-con-exito-el-telon-de-la-mostra-2019\\\/#primaryimage\",\"url\":\"https:\\\/\\\/www.copealcoy.es\\\/wp-content\\\/uploads\\\/2019\\\/06\\\/62409393_1248487245312817_7217176698175881216_n-1.jpg\",\"contentUrl\":\"https:\\\/\\\/www.copealcoy.es\\\/wp-content\\\/uploads\\\/2019\\\/06\\\/62409393_1248487245312817_7217176698175881216_n-1.jpg\",\"width\":960,\"height\":640,\"caption\":\"Una de las actuaciones realizadas ayer en la pla\u00e7a de Dins \\\/ Foto: Mostra Teatre Alcoi\"},{\"@type\":\"BreadcrumbList\",\"@id\":\"https:\\\/\\\/www.copealcoy.es\\\/es\\\/alcoy-baja-con-exito-el-telon-de-la-mostra-2019\\\/#breadcrumb\",\"itemListElement\":[{\"@type\":\"ListItem\",\"position\":1,\"name\":\"Portada\",\"item\":\"https:\\\/\\\/www.copealcoy.es\\\/es\\\/\"},{\"@type\":\"ListItem\",\"position\":2,\"name\":\"Alcoy baja con \u00e9xito el tel\u00f3n de la Mostra 2019\"}]},{\"@type\":\"WebSite\",\"@id\":\"https:\\\/\\\/www.copealcoy.es\\\/es\\\/#website\",\"url\":\"https:\\\/\\\/www.copealcoy.es\\\/es\\\/\",\"name\":\"COPE Alcoy\",\"description\":\"Emisora COPE de radio local con emisi\u00f3n online. Pont de Sant Jordi 8-10 03803 Alcoy\",\"potentialAction\":[{\"@type\":\"SearchAction\",\"target\":{\"@type\":\"EntryPoint\",\"urlTemplate\":\"https:\\\/\\\/www.copealcoy.es\\\/es\\\/?s={search_term_string}\"},\"query-input\":{\"@type\":\"PropertyValueSpecification\",\"valueRequired\":true,\"valueName\":\"search_term_string\"}}],\"inLanguage\":\"es\"},{\"@type\":\"Person\",\"@id\":\"https:\\\/\\\/www.copealcoy.es\\\/es\\\/#\\\/schema\\\/person\\\/e777c87fa024e57d40170af9df39882c\",\"name\":\"Cope Alcoy\",\"image\":{\"@type\":\"ImageObject\",\"inLanguage\":\"es\",\"@id\":\"https:\\\/\\\/secure.gravatar.com\\\/avatar\\\/bb65d0283347e303893ba14f0692005417c1e0e690a325a4c5d8bb2b3943ee14?s=96&d=mm&r=g\",\"url\":\"https:\\\/\\\/secure.gravatar.com\\\/avatar\\\/bb65d0283347e303893ba14f0692005417c1e0e690a325a4c5d8bb2b3943ee14?s=96&d=mm&r=g\",\"contentUrl\":\"https:\\\/\\\/secure.gravatar.com\\\/avatar\\\/bb65d0283347e303893ba14f0692005417c1e0e690a325a4c5d8bb2b3943ee14?s=96&d=mm&r=g\",\"caption\":\"Cope Alcoy\"}}]}<\/script>\n<!-- \/ Yoast SEO plugin. -->","yoast_head_json":{"title":"Alcoy baja con \u00e9xito el tel\u00f3n de la Mostra 2019 - COPE Alcoy","robots":{"index":"index","follow":"follow","max-snippet":"max-snippet:-1","max-image-preview":"max-image-preview:large","max-video-preview":"max-video-preview:-1"},"canonical":"https:\/\/www.copealcoy.es\/es\/alcoy-baja-con-exito-el-telon-de-la-mostra-2019\/","og_locale":"es_ES","og_type":"article","og_title":"Alcoy baja con \u00e9xito el tel\u00f3n de la Mostra 2019 - COPE Alcoy","og_description":"Alcoy puso ayer el broche de oro a la Mostra de Teatre del 2019. Un total de\u00a0veinte compa\u00f1\u00edas\u00a0han participado en...","og_url":"https:\/\/www.copealcoy.es\/es\/alcoy-baja-con-exito-el-telon-de-la-mostra-2019\/","og_site_name":"COPE Alcoy","article_published_time":"2019-06-07T16:07:18+00:00","og_image":[{"width":960,"height":640,"url":"https:\/\/www.copealcoy.es\/wp-content\/uploads\/2019\/06\/62409393_1248487245312817_7217176698175881216_n-1.jpg","type":"image\/jpeg"}],"author":"Cope Alcoy","twitter_misc":{"Escrito por":"Cope Alcoy","Tiempo de lectura":"2 minutos"},"schema":{"@context":"https:\/\/schema.org","@graph":[{"@type":"Article","@id":"https:\/\/www.copealcoy.es\/es\/alcoy-baja-con-exito-el-telon-de-la-mostra-2019\/#article","isPartOf":{"@id":"https:\/\/www.copealcoy.es\/es\/alcoy-baja-con-exito-el-telon-de-la-mostra-2019\/"},"author":{"name":"Cope Alcoy","@id":"https:\/\/www.copealcoy.es\/es\/#\/schema\/person\/e777c87fa024e57d40170af9df39882c"},"headline":"Alcoy baja con \u00e9xito el tel\u00f3n de la Mostra 2019","datePublished":"2019-06-07T16:07:18+00:00","mainEntityOfPage":{"@id":"https:\/\/www.copealcoy.es\/es\/alcoy-baja-con-exito-el-telon-de-la-mostra-2019\/"},"wordCount":439,"commentCount":0,"image":{"@id":"https:\/\/www.copealcoy.es\/es\/alcoy-baja-con-exito-el-telon-de-la-mostra-2019\/#primaryimage"},"thumbnailUrl":"https:\/\/www.copealcoy.es\/wp-content\/uploads\/2019\/06\/62409393_1248487245312817_7217176698175881216_n-1.jpg","keywords":["\u00c9xito","Mostra 2019","Tel\u00f3n"],"articleSection":["Alcoy","Fiesta y Cultura","Noticias"],"inLanguage":"es"},{"@type":"WebPage","@id":"https:\/\/www.copealcoy.es\/es\/alcoy-baja-con-exito-el-telon-de-la-mostra-2019\/","url":"https:\/\/www.copealcoy.es\/es\/alcoy-baja-con-exito-el-telon-de-la-mostra-2019\/","name":"Alcoy baja con \u00e9xito el tel\u00f3n de la Mostra 2019 - COPE Alcoy","isPartOf":{"@id":"https:\/\/www.copealcoy.es\/es\/#website"},"primaryImageOfPage":{"@id":"https:\/\/www.copealcoy.es\/es\/alcoy-baja-con-exito-el-telon-de-la-mostra-2019\/#primaryimage"},"image":{"@id":"https:\/\/www.copealcoy.es\/es\/alcoy-baja-con-exito-el-telon-de-la-mostra-2019\/#primaryimage"},"thumbnailUrl":"https:\/\/www.copealcoy.es\/wp-content\/uploads\/2019\/06\/62409393_1248487245312817_7217176698175881216_n-1.jpg","datePublished":"2019-06-07T16:07:18+00:00","author":{"@id":"https:\/\/www.copealcoy.es\/es\/#\/schema\/person\/e777c87fa024e57d40170af9df39882c"},"breadcrumb":{"@id":"https:\/\/www.copealcoy.es\/es\/alcoy-baja-con-exito-el-telon-de-la-mostra-2019\/#breadcrumb"},"inLanguage":"es","potentialAction":[{"@type":"ReadAction","target":["https:\/\/www.copealcoy.es\/es\/alcoy-baja-con-exito-el-telon-de-la-mostra-2019\/"]}]},{"@type":"ImageObject","inLanguage":"es","@id":"https:\/\/www.copealcoy.es\/es\/alcoy-baja-con-exito-el-telon-de-la-mostra-2019\/#primaryimage","url":"https:\/\/www.copealcoy.es\/wp-content\/uploads\/2019\/06\/62409393_1248487245312817_7217176698175881216_n-1.jpg","contentUrl":"https:\/\/www.copealcoy.es\/wp-content\/uploads\/2019\/06\/62409393_1248487245312817_7217176698175881216_n-1.jpg","width":960,"height":640,"caption":"Una de las actuaciones realizadas ayer en la pla\u00e7a de Dins \/ Foto: Mostra Teatre Alcoi"},{"@type":"BreadcrumbList","@id":"https:\/\/www.copealcoy.es\/es\/alcoy-baja-con-exito-el-telon-de-la-mostra-2019\/#breadcrumb","itemListElement":[{"@type":"ListItem","position":1,"name":"Portada","item":"https:\/\/www.copealcoy.es\/es\/"},{"@type":"ListItem","position":2,"name":"Alcoy baja con \u00e9xito el tel\u00f3n de la Mostra 2019"}]},{"@type":"WebSite","@id":"https:\/\/www.copealcoy.es\/es\/#website","url":"https:\/\/www.copealcoy.es\/es\/","name":"COPE Alcoy","description":"Emisora COPE de radio local con emisi\u00f3n online. Pont de Sant Jordi 8-10 03803 Alcoy","potentialAction":[{"@type":"SearchAction","target":{"@type":"EntryPoint","urlTemplate":"https:\/\/www.copealcoy.es\/es\/?s={search_term_string}"},"query-input":{"@type":"PropertyValueSpecification","valueRequired":true,"valueName":"search_term_string"}}],"inLanguage":"es"},{"@type":"Person","@id":"https:\/\/www.copealcoy.es\/es\/#\/schema\/person\/e777c87fa024e57d40170af9df39882c","name":"Cope Alcoy","image":{"@type":"ImageObject","inLanguage":"es","@id":"https:\/\/secure.gravatar.com\/avatar\/bb65d0283347e303893ba14f0692005417c1e0e690a325a4c5d8bb2b3943ee14?s=96&d=mm&r=g","url":"https:\/\/secure.gravatar.com\/avatar\/bb65d0283347e303893ba14f0692005417c1e0e690a325a4c5d8bb2b3943ee14?s=96&d=mm&r=g","contentUrl":"https:\/\/secure.gravatar.com\/avatar\/bb65d0283347e303893ba14f0692005417c1e0e690a325a4c5d8bb2b3943ee14?s=96&d=mm&r=g","caption":"Cope Alcoy"}}]}},"_links":{"self":[{"href":"https:\/\/www.copealcoy.es\/es\/wp-json\/wp\/v2\/posts\/51901","targetHints":{"allow":["GET"]}}],"collection":[{"href":"https:\/\/www.copealcoy.es\/es\/wp-json\/wp\/v2\/posts"}],"about":[{"href":"https:\/\/www.copealcoy.es\/es\/wp-json\/wp\/v2\/types\/post"}],"author":[{"embeddable":true,"href":"https:\/\/www.copealcoy.es\/es\/wp-json\/wp\/v2\/users\/1"}],"replies":[{"embeddable":true,"href":"https:\/\/www.copealcoy.es\/es\/wp-json\/wp\/v2\/comments?post=51901"}],"version-history":[{"count":0,"href":"https:\/\/www.copealcoy.es\/es\/wp-json\/wp\/v2\/posts\/51901\/revisions"}],"wp:featuredmedia":[{"embeddable":true,"href":"https:\/\/www.copealcoy.es\/es\/wp-json\/wp\/v2\/media\/51902"}],"wp:attachment":[{"href":"https:\/\/www.copealcoy.es\/es\/wp-json\/wp\/v2\/media?parent=51901"}],"wp:term":[{"taxonomy":"category","embeddable":true,"href":"https:\/\/www.copealcoy.es\/es\/wp-json\/wp\/v2\/categories?post=51901"},{"taxonomy":"post_tag","embeddable":true,"href":"https:\/\/www.copealcoy.es\/es\/wp-json\/wp\/v2\/tags?post=51901"}],"curies":[{"name":"wp","href":"https:\/\/api.w.org\/{rel}","templated":true}]}}