{"id":51897,"date":"2019-06-07T15:57:10","date_gmt":"2019-06-07T15:57:10","guid":{"rendered":"https:\/\/copealcoi.es\/?p=51897"},"modified":"2019-06-07T15:57:10","modified_gmt":"2019-06-07T15:57:10","slug":"cuatro-visitas-turisticas-permiten-conocer-el-patrimonio-de-cocentaina","status":"publish","type":"post","link":"https:\/\/www.copealcoy.es\/es\/cuatro-visitas-turisticas-permiten-conocer-el-patrimonio-de-cocentaina\/","title":{"rendered":"Cuatro visitas tur\u00edsticas permiten conocer el patrimonio de Cocentaina"},"content":{"rendered":"<p style=\"text-align: justify;\">El <strong>Ayuntamiento de Cocentaina<\/strong>, a trav\u00e9s del \u00e1rea de Turismo, ha vuelto a programar<strong> unas rutas tur\u00edsticas<\/strong> que permitir\u00e1n a <strong>contestanos y visitantes<\/strong> conocer el <strong>patrimonio hist\u00f3rico, festivo y natural<\/strong> del municipio. En esta ocasi\u00f3n se han organizado <strong>cuatro rutas guiadas<\/strong> que comenzaron el pasado mes de abril y que <strong>se llevar\u00e1n a cabo durante todos los fines de semana<\/strong> hasta el pr\u00f3ximo mes de octubre.<\/p>\n<p style=\"text-align: justify;\">La primera de las propuestas se titula<strong> \u2018Del Medievo al Arte Dec\u00f3\u2019<\/strong> y ofrece <strong>un recorrido<\/strong> por siete siglos de historia de la poblaci\u00f3n partiendo a las diez de la ma\u00f1ana <strong>desde la Oficina de Turismo<\/strong> ubicada en la Plaza del Pla. Por otra parte se proponen<strong> rutas cicloturistas en BTT el\u00e9ctrica<\/strong> que, partiendo desde el mismo Palau Comtal, acercar\u00e1n a los participantes <strong>a diferentes puntos de la Villa Condal<\/strong> como por ejemplo el Castillo de Penella o la ermita existente en esta pedan\u00eda contestana. La tercera de la rutas se centra en el <strong>senderismo bot\u00e1nico<\/strong> con <strong>una sencilla excursi\u00f3n por la Serra de Mariola<\/strong> que sale desde el paraje de Sant Crist\u00f2fol y en la que los asistentes tienen tambi\u00e9n oportunidad de <strong>interpretar las diferentes especies arb\u00f3reas<\/strong> que se van encontrando por el camino.<\/p>\n<p style=\"text-align: justify;\">Finalmente se ha preparado <strong>una visita centrada en las Fiestas de Moros y Cristianos<\/strong> que recorre <strong>lugares representativos de los festejos en honor a San Hip\u00f3lito M\u00e1rtir<\/strong> \u201c<em>y en la que tambi\u00e9n nos adentramos en la Casa del Fester para conocer todo lo que all\u00ed se exhibe como por ejemplo la partitura original del pasodoble Paquito El Chocolatero y la guitarra con la que Gustavo Pascual Falc\u00f3 compuso en nuestro pueblo esta pieza tan universal. Es una propuesta que est\u00e1 enfocada a dar a conocer la Festa dentro del proceso para que sea declarada Fiesta de Inter\u00e9s Tur\u00edstico Nacional<\/em>\u201d, detalla el edil de Turismo; <strong>Antonio Hern\u00e1ndez<\/strong>.<\/p>\n<p style=\"text-align: justify;\">Toda la informaci\u00f3n sobre <strong>cada ruta, los horarios y las opciones de inscripci\u00f3n<\/strong> se <strong>pueden consultar<\/strong> en la Tourist Info de Cocentaina, en el tel\u00e9fono 96 559 01 59 y en el portal web de turismo de la poblaci\u00f3n al que se accede a trav\u00e9s de la direcci\u00f3n <a href=\"http:\/\/www.turismococentaina.com\/\">www.turismococentaina.com<\/a>.<\/p>\n","protected":false},"excerpt":{"rendered":"<p>El Ayuntamiento de Cocentaina, a trav\u00e9s del \u00e1rea de Turismo, ha vuelto a programar unas rutas tur\u00edsticas que permitir\u00e1n a&#8230;<\/p>\n","protected":false},"author":1,"featured_media":51898,"comment_status":"open","ping_status":"open","sticky":false,"template":"","format":"standard","meta":{"footnotes":""},"categories":[98,75],"tags":[132,8840,176,5418],"class_list":["post-51897","post","type-post","status-publish","format-standard","has-post-thumbnail","hentry","category-comarcas","category-noticias","tag-cocentaina","tag-conocer","tag-patrimonio","tag-visitas-turisticas"],"yoast_head":"<!-- This site is optimized with the Yoast SEO plugin v27.3 - https:\/\/yoast.com\/product\/yoast-seo-wordpress\/ -->\n<title>Cuatro visitas tur\u00edsticas permiten conocer el patrimonio de Cocentaina - COPE Alcoy<\/title>\n<meta name=\"robots\" content=\"index, follow, max-snippet:-1, max-image-preview:large, max-video-preview:-1\" \/>\n<link rel=\"canonical\" href=\"https:\/\/www.copealcoy.es\/es\/cuatro-visitas-turisticas-permiten-conocer-el-patrimonio-de-cocentaina\/\" \/>\n<meta property=\"og:locale\" content=\"es_ES\" \/>\n<meta property=\"og:type\" content=\"article\" \/>\n<meta property=\"og:title\" content=\"Cuatro visitas tur\u00edsticas permiten conocer el patrimonio de Cocentaina - COPE Alcoy\" \/>\n<meta property=\"og:description\" content=\"El Ayuntamiento de Cocentaina, a trav\u00e9s del \u00e1rea de Turismo, ha vuelto a programar unas rutas tur\u00edsticas que permitir\u00e1n a...\" \/>\n<meta property=\"og:url\" content=\"https:\/\/www.copealcoy.es\/es\/cuatro-visitas-turisticas-permiten-conocer-el-patrimonio-de-cocentaina\/\" \/>\n<meta property=\"og:site_name\" content=\"COPE Alcoy\" \/>\n<meta property=\"article:published_time\" content=\"2019-06-07T15:57:10+00:00\" \/>\n<meta property=\"og:image\" content=\"https:\/\/www.copealcoy.es\/wp-content\/uploads\/2019\/06\/4-La-Casa-del-Fester-es-uno-de-los-destinos-de-las-rutas-e1559922410974-1.jpg\" \/>\n\t<meta property=\"og:image:width\" content=\"957\" \/>\n\t<meta property=\"og:image:height\" content=\"566\" \/>\n\t<meta property=\"og:image:type\" content=\"image\/jpeg\" \/>\n<meta name=\"author\" content=\"Cope Alcoy\" \/>\n<meta name=\"twitter:label1\" content=\"Escrito por\" \/>\n\t<meta name=\"twitter:data1\" content=\"Cope Alcoy\" \/>\n\t<meta name=\"twitter:label2\" content=\"Tiempo de lectura\" \/>\n\t<meta name=\"twitter:data2\" content=\"2 minutos\" \/>\n<script type=\"application\/ld+json\" class=\"yoast-schema-graph\">{\"@context\":\"https:\\\/\\\/schema.org\",\"@graph\":[{\"@type\":\"Article\",\"@id\":\"https:\\\/\\\/www.copealcoy.es\\\/es\\\/cuatro-visitas-turisticas-permiten-conocer-el-patrimonio-de-cocentaina\\\/#article\",\"isPartOf\":{\"@id\":\"https:\\\/\\\/www.copealcoy.es\\\/es\\\/cuatro-visitas-turisticas-permiten-conocer-el-patrimonio-de-cocentaina\\\/\"},\"author\":{\"name\":\"Cope Alcoy\",\"@id\":\"https:\\\/\\\/www.copealcoy.es\\\/es\\\/#\\\/schema\\\/person\\\/e777c87fa024e57d40170af9df39882c\"},\"headline\":\"Cuatro visitas tur\u00edsticas permiten conocer el patrimonio de Cocentaina\",\"datePublished\":\"2019-06-07T15:57:10+00:00\",\"mainEntityOfPage\":{\"@id\":\"https:\\\/\\\/www.copealcoy.es\\\/es\\\/cuatro-visitas-turisticas-permiten-conocer-el-patrimonio-de-cocentaina\\\/\"},\"wordCount\":393,\"commentCount\":0,\"image\":{\"@id\":\"https:\\\/\\\/www.copealcoy.es\\\/es\\\/cuatro-visitas-turisticas-permiten-conocer-el-patrimonio-de-cocentaina\\\/#primaryimage\"},\"thumbnailUrl\":\"https:\\\/\\\/www.copealcoy.es\\\/wp-content\\\/uploads\\\/2019\\\/06\\\/4-La-Casa-del-Fester-es-uno-de-los-destinos-de-las-rutas-e1559922410974-1.jpg\",\"keywords\":[\"Cocentaina\",\"conocer\",\"Patrimonio\",\"visitas tur\u00edsticas\"],\"articleSection\":[\"Comarcas\",\"Noticias\"],\"inLanguage\":\"es\"},{\"@type\":\"WebPage\",\"@id\":\"https:\\\/\\\/www.copealcoy.es\\\/es\\\/cuatro-visitas-turisticas-permiten-conocer-el-patrimonio-de-cocentaina\\\/\",\"url\":\"https:\\\/\\\/www.copealcoy.es\\\/es\\\/cuatro-visitas-turisticas-permiten-conocer-el-patrimonio-de-cocentaina\\\/\",\"name\":\"Cuatro visitas tur\u00edsticas permiten conocer el patrimonio de Cocentaina - COPE Alcoy\",\"isPartOf\":{\"@id\":\"https:\\\/\\\/www.copealcoy.es\\\/es\\\/#website\"},\"primaryImageOfPage\":{\"@id\":\"https:\\\/\\\/www.copealcoy.es\\\/es\\\/cuatro-visitas-turisticas-permiten-conocer-el-patrimonio-de-cocentaina\\\/#primaryimage\"},\"image\":{\"@id\":\"https:\\\/\\\/www.copealcoy.es\\\/es\\\/cuatro-visitas-turisticas-permiten-conocer-el-patrimonio-de-cocentaina\\\/#primaryimage\"},\"thumbnailUrl\":\"https:\\\/\\\/www.copealcoy.es\\\/wp-content\\\/uploads\\\/2019\\\/06\\\/4-La-Casa-del-Fester-es-uno-de-los-destinos-de-las-rutas-e1559922410974-1.jpg\",\"datePublished\":\"2019-06-07T15:57:10+00:00\",\"author\":{\"@id\":\"https:\\\/\\\/www.copealcoy.es\\\/es\\\/#\\\/schema\\\/person\\\/e777c87fa024e57d40170af9df39882c\"},\"breadcrumb\":{\"@id\":\"https:\\\/\\\/www.copealcoy.es\\\/es\\\/cuatro-visitas-turisticas-permiten-conocer-el-patrimonio-de-cocentaina\\\/#breadcrumb\"},\"inLanguage\":\"es\",\"potentialAction\":[{\"@type\":\"ReadAction\",\"target\":[\"https:\\\/\\\/www.copealcoy.es\\\/es\\\/cuatro-visitas-turisticas-permiten-conocer-el-patrimonio-de-cocentaina\\\/\"]}]},{\"@type\":\"ImageObject\",\"inLanguage\":\"es\",\"@id\":\"https:\\\/\\\/www.copealcoy.es\\\/es\\\/cuatro-visitas-turisticas-permiten-conocer-el-patrimonio-de-cocentaina\\\/#primaryimage\",\"url\":\"https:\\\/\\\/www.copealcoy.es\\\/wp-content\\\/uploads\\\/2019\\\/06\\\/4-La-Casa-del-Fester-es-uno-de-los-destinos-de-las-rutas-e1559922410974-1.jpg\",\"contentUrl\":\"https:\\\/\\\/www.copealcoy.es\\\/wp-content\\\/uploads\\\/2019\\\/06\\\/4-La-Casa-del-Fester-es-uno-de-los-destinos-de-las-rutas-e1559922410974-1.jpg\",\"width\":957,\"height\":566,\"caption\":\"La Casa del Fester es uno de los destinos de las rutas\\\/ Foto: G. Pascual\"},{\"@type\":\"BreadcrumbList\",\"@id\":\"https:\\\/\\\/www.copealcoy.es\\\/es\\\/cuatro-visitas-turisticas-permiten-conocer-el-patrimonio-de-cocentaina\\\/#breadcrumb\",\"itemListElement\":[{\"@type\":\"ListItem\",\"position\":1,\"name\":\"Portada\",\"item\":\"https:\\\/\\\/www.copealcoy.es\\\/es\\\/\"},{\"@type\":\"ListItem\",\"position\":2,\"name\":\"Cuatro visitas tur\u00edsticas permiten conocer el patrimonio de Cocentaina\"}]},{\"@type\":\"WebSite\",\"@id\":\"https:\\\/\\\/www.copealcoy.es\\\/es\\\/#website\",\"url\":\"https:\\\/\\\/www.copealcoy.es\\\/es\\\/\",\"name\":\"COPE Alcoy\",\"description\":\"Emisora COPE de radio local con emisi\u00f3n online. Pont de Sant Jordi 8-10 03803 Alcoy\",\"potentialAction\":[{\"@type\":\"SearchAction\",\"target\":{\"@type\":\"EntryPoint\",\"urlTemplate\":\"https:\\\/\\\/www.copealcoy.es\\\/es\\\/?s={search_term_string}\"},\"query-input\":{\"@type\":\"PropertyValueSpecification\",\"valueRequired\":true,\"valueName\":\"search_term_string\"}}],\"inLanguage\":\"es\"},{\"@type\":\"Person\",\"@id\":\"https:\\\/\\\/www.copealcoy.es\\\/es\\\/#\\\/schema\\\/person\\\/e777c87fa024e57d40170af9df39882c\",\"name\":\"Cope Alcoy\",\"image\":{\"@type\":\"ImageObject\",\"inLanguage\":\"es\",\"@id\":\"https:\\\/\\\/secure.gravatar.com\\\/avatar\\\/bb65d0283347e303893ba14f0692005417c1e0e690a325a4c5d8bb2b3943ee14?s=96&d=mm&r=g\",\"url\":\"https:\\\/\\\/secure.gravatar.com\\\/avatar\\\/bb65d0283347e303893ba14f0692005417c1e0e690a325a4c5d8bb2b3943ee14?s=96&d=mm&r=g\",\"contentUrl\":\"https:\\\/\\\/secure.gravatar.com\\\/avatar\\\/bb65d0283347e303893ba14f0692005417c1e0e690a325a4c5d8bb2b3943ee14?s=96&d=mm&r=g\",\"caption\":\"Cope Alcoy\"}}]}<\/script>\n<!-- \/ Yoast SEO plugin. -->","yoast_head_json":{"title":"Cuatro visitas tur\u00edsticas permiten conocer el patrimonio de Cocentaina - COPE Alcoy","robots":{"index":"index","follow":"follow","max-snippet":"max-snippet:-1","max-image-preview":"max-image-preview:large","max-video-preview":"max-video-preview:-1"},"canonical":"https:\/\/www.copealcoy.es\/es\/cuatro-visitas-turisticas-permiten-conocer-el-patrimonio-de-cocentaina\/","og_locale":"es_ES","og_type":"article","og_title":"Cuatro visitas tur\u00edsticas permiten conocer el patrimonio de Cocentaina - COPE Alcoy","og_description":"El Ayuntamiento de Cocentaina, a trav\u00e9s del \u00e1rea de Turismo, ha vuelto a programar unas rutas tur\u00edsticas que permitir\u00e1n a...","og_url":"https:\/\/www.copealcoy.es\/es\/cuatro-visitas-turisticas-permiten-conocer-el-patrimonio-de-cocentaina\/","og_site_name":"COPE Alcoy","article_published_time":"2019-06-07T15:57:10+00:00","og_image":[{"width":957,"height":566,"url":"https:\/\/www.copealcoy.es\/wp-content\/uploads\/2019\/06\/4-La-Casa-del-Fester-es-uno-de-los-destinos-de-las-rutas-e1559922410974-1.jpg","type":"image\/jpeg"}],"author":"Cope Alcoy","twitter_misc":{"Escrito por":"Cope Alcoy","Tiempo de lectura":"2 minutos"},"schema":{"@context":"https:\/\/schema.org","@graph":[{"@type":"Article","@id":"https:\/\/www.copealcoy.es\/es\/cuatro-visitas-turisticas-permiten-conocer-el-patrimonio-de-cocentaina\/#article","isPartOf":{"@id":"https:\/\/www.copealcoy.es\/es\/cuatro-visitas-turisticas-permiten-conocer-el-patrimonio-de-cocentaina\/"},"author":{"name":"Cope Alcoy","@id":"https:\/\/www.copealcoy.es\/es\/#\/schema\/person\/e777c87fa024e57d40170af9df39882c"},"headline":"Cuatro visitas tur\u00edsticas permiten conocer el patrimonio de Cocentaina","datePublished":"2019-06-07T15:57:10+00:00","mainEntityOfPage":{"@id":"https:\/\/www.copealcoy.es\/es\/cuatro-visitas-turisticas-permiten-conocer-el-patrimonio-de-cocentaina\/"},"wordCount":393,"commentCount":0,"image":{"@id":"https:\/\/www.copealcoy.es\/es\/cuatro-visitas-turisticas-permiten-conocer-el-patrimonio-de-cocentaina\/#primaryimage"},"thumbnailUrl":"https:\/\/www.copealcoy.es\/wp-content\/uploads\/2019\/06\/4-La-Casa-del-Fester-es-uno-de-los-destinos-de-las-rutas-e1559922410974-1.jpg","keywords":["Cocentaina","conocer","Patrimonio","visitas tur\u00edsticas"],"articleSection":["Comarcas","Noticias"],"inLanguage":"es"},{"@type":"WebPage","@id":"https:\/\/www.copealcoy.es\/es\/cuatro-visitas-turisticas-permiten-conocer-el-patrimonio-de-cocentaina\/","url":"https:\/\/www.copealcoy.es\/es\/cuatro-visitas-turisticas-permiten-conocer-el-patrimonio-de-cocentaina\/","name":"Cuatro visitas tur\u00edsticas permiten conocer el patrimonio de Cocentaina - COPE Alcoy","isPartOf":{"@id":"https:\/\/www.copealcoy.es\/es\/#website"},"primaryImageOfPage":{"@id":"https:\/\/www.copealcoy.es\/es\/cuatro-visitas-turisticas-permiten-conocer-el-patrimonio-de-cocentaina\/#primaryimage"},"image":{"@id":"https:\/\/www.copealcoy.es\/es\/cuatro-visitas-turisticas-permiten-conocer-el-patrimonio-de-cocentaina\/#primaryimage"},"thumbnailUrl":"https:\/\/www.copealcoy.es\/wp-content\/uploads\/2019\/06\/4-La-Casa-del-Fester-es-uno-de-los-destinos-de-las-rutas-e1559922410974-1.jpg","datePublished":"2019-06-07T15:57:10+00:00","author":{"@id":"https:\/\/www.copealcoy.es\/es\/#\/schema\/person\/e777c87fa024e57d40170af9df39882c"},"breadcrumb":{"@id":"https:\/\/www.copealcoy.es\/es\/cuatro-visitas-turisticas-permiten-conocer-el-patrimonio-de-cocentaina\/#breadcrumb"},"inLanguage":"es","potentialAction":[{"@type":"ReadAction","target":["https:\/\/www.copealcoy.es\/es\/cuatro-visitas-turisticas-permiten-conocer-el-patrimonio-de-cocentaina\/"]}]},{"@type":"ImageObject","inLanguage":"es","@id":"https:\/\/www.copealcoy.es\/es\/cuatro-visitas-turisticas-permiten-conocer-el-patrimonio-de-cocentaina\/#primaryimage","url":"https:\/\/www.copealcoy.es\/wp-content\/uploads\/2019\/06\/4-La-Casa-del-Fester-es-uno-de-los-destinos-de-las-rutas-e1559922410974-1.jpg","contentUrl":"https:\/\/www.copealcoy.es\/wp-content\/uploads\/2019\/06\/4-La-Casa-del-Fester-es-uno-de-los-destinos-de-las-rutas-e1559922410974-1.jpg","width":957,"height":566,"caption":"La Casa del Fester es uno de los destinos de las rutas\/ Foto: G. Pascual"},{"@type":"BreadcrumbList","@id":"https:\/\/www.copealcoy.es\/es\/cuatro-visitas-turisticas-permiten-conocer-el-patrimonio-de-cocentaina\/#breadcrumb","itemListElement":[{"@type":"ListItem","position":1,"name":"Portada","item":"https:\/\/www.copealcoy.es\/es\/"},{"@type":"ListItem","position":2,"name":"Cuatro visitas tur\u00edsticas permiten conocer el patrimonio de Cocentaina"}]},{"@type":"WebSite","@id":"https:\/\/www.copealcoy.es\/es\/#website","url":"https:\/\/www.copealcoy.es\/es\/","name":"COPE Alcoy","description":"Emisora COPE de radio local con emisi\u00f3n online. Pont de Sant Jordi 8-10 03803 Alcoy","potentialAction":[{"@type":"SearchAction","target":{"@type":"EntryPoint","urlTemplate":"https:\/\/www.copealcoy.es\/es\/?s={search_term_string}"},"query-input":{"@type":"PropertyValueSpecification","valueRequired":true,"valueName":"search_term_string"}}],"inLanguage":"es"},{"@type":"Person","@id":"https:\/\/www.copealcoy.es\/es\/#\/schema\/person\/e777c87fa024e57d40170af9df39882c","name":"Cope Alcoy","image":{"@type":"ImageObject","inLanguage":"es","@id":"https:\/\/secure.gravatar.com\/avatar\/bb65d0283347e303893ba14f0692005417c1e0e690a325a4c5d8bb2b3943ee14?s=96&d=mm&r=g","url":"https:\/\/secure.gravatar.com\/avatar\/bb65d0283347e303893ba14f0692005417c1e0e690a325a4c5d8bb2b3943ee14?s=96&d=mm&r=g","contentUrl":"https:\/\/secure.gravatar.com\/avatar\/bb65d0283347e303893ba14f0692005417c1e0e690a325a4c5d8bb2b3943ee14?s=96&d=mm&r=g","caption":"Cope Alcoy"}}]}},"_links":{"self":[{"href":"https:\/\/www.copealcoy.es\/es\/wp-json\/wp\/v2\/posts\/51897","targetHints":{"allow":["GET"]}}],"collection":[{"href":"https:\/\/www.copealcoy.es\/es\/wp-json\/wp\/v2\/posts"}],"about":[{"href":"https:\/\/www.copealcoy.es\/es\/wp-json\/wp\/v2\/types\/post"}],"author":[{"embeddable":true,"href":"https:\/\/www.copealcoy.es\/es\/wp-json\/wp\/v2\/users\/1"}],"replies":[{"embeddable":true,"href":"https:\/\/www.copealcoy.es\/es\/wp-json\/wp\/v2\/comments?post=51897"}],"version-history":[{"count":0,"href":"https:\/\/www.copealcoy.es\/es\/wp-json\/wp\/v2\/posts\/51897\/revisions"}],"wp:featuredmedia":[{"embeddable":true,"href":"https:\/\/www.copealcoy.es\/es\/wp-json\/wp\/v2\/media\/51898"}],"wp:attachment":[{"href":"https:\/\/www.copealcoy.es\/es\/wp-json\/wp\/v2\/media?parent=51897"}],"wp:term":[{"taxonomy":"category","embeddable":true,"href":"https:\/\/www.copealcoy.es\/es\/wp-json\/wp\/v2\/categories?post=51897"},{"taxonomy":"post_tag","embeddable":true,"href":"https:\/\/www.copealcoy.es\/es\/wp-json\/wp\/v2\/tags?post=51897"}],"curies":[{"name":"wp","href":"https:\/\/api.w.org\/{rel}","templated":true}]}}