{"id":51690,"date":"2019-05-31T13:17:29","date_gmt":"2019-05-31T13:17:29","guid":{"rendered":"https:\/\/copealcoi.es\/?p=51690"},"modified":"2019-05-31T13:17:29","modified_gmt":"2019-05-31T13:17:29","slug":"cocentaina-celebra-que-la-fira-es-de-interes-turistico-internacional","status":"publish","type":"post","link":"https:\/\/www.copealcoy.es\/es\/cocentaina-celebra-que-la-fira-es-de-interes-turistico-internacional\/","title":{"rendered":"Cocentaina celebra que la Fira es de Inter\u00e9s Tur\u00edstico Internacional"},"content":{"rendered":"<p style=\"text-align: justify;\">El <strong>Ayuntamiento de Cocentaina<\/strong>, a trav\u00e9s de la concejal\u00eda de Fira, ha organizado para este domingo <strong>un gran evento abierto a toda la poblaci\u00f3n<\/strong> con el fin de <strong>celebrar<\/strong> con los contestanos y las contestanas <strong>la reciente declaraci\u00f3n de la Fira de Tots Sants<\/strong> como Fiesta de <strong>Inter\u00e9s Tur\u00edstico Internacional<\/strong>.<\/p>\n<p style=\"text-align: justify;\">La actividad se desarrollar\u00e1 <strong>en el Pla de la Font<\/strong> a partir de las nueve de la ma\u00f1ana con el t\u00edpico<strong> \u2018Esmorzar de Fira\u2019<\/strong>, imitando al que tiene lugar cada 1 de noviembre, y que contar\u00e1 con la inestimable colaboraci\u00f3n de la Asociaci\u00f3n de Amas de Casa.\u00a0Posteriormente, a las 10:00h,\u00a0<strong>habr\u00e1 bailes populares y m\u00fasica tradicional<\/strong> a cargo del Grup de Danses Cocentaina as\u00ed como de la Colla Mal Passet mientras que <strong>el Club local de Pilota realizar\u00e1 una Partida de Raspall<\/strong> junto al lavadero recientemente restaurado.\u00a0 A las once de la ma\u00f1ana <strong>la periodista Carolina Ferre presentar\u00e1 un espect\u00e1culo<\/strong> en el que se dar\u00e1n a conocer aspectos curiosos de la Fira sin dejar de lado el humor, las an\u00e9cdotas, la historia o los reconocimientos a todos aquellos que han hecho posible que la consolidaci\u00f3n del Certamen en su pasado m\u00e1s reciente. Por \u00faltimo, a partir de la una, <strong>habr\u00e1 actuaciones musicales<\/strong> con la participaci\u00f3n de artistas de representativos de la Villa Condal \u201c<em>ser\u00e1 muy curioso ver el Pla de la Font engalanado de Fira en pleno mes de junio y queremos que vengan todos, con familia o amigos, porque ser\u00e1 una magn\u00edfica oportunidad para sentirnos orgullosos de esta tradici\u00f3n tan nuestra. La Fira de Tots Sants es el \u00e9xito colectivo de todo un pueblo y la fiesta de ma\u00f1ana es un agradecimiento a todos los vecinos por haberla engrandecido hasta llegar a ser de Inter\u00e9s Tur\u00edstico Internacional<\/em>\u201d, afirma la alcaldesa; <strong>Mireia Estepa<\/strong>.<\/p>\n<p style=\"text-align: justify;\">Indicar que todas estas propuestas ir\u00e1n acompa\u00f1adas de<strong> la recreaci\u00f3n de la Fira Caballar<\/strong>, <strong>una zona para atracciones e iniciativas infantiles<\/strong>, la instalaci\u00f3n de <strong>paradas t\u00edpicas de la Feria<\/strong> e incluso la edici\u00f3n n\u00famero 19 del <strong>Encuentro de Bolilleres<\/strong>.\u00a0 Recordar que la citada fiesta estaba programada para <strong>el 12 de mayo<\/strong> pero no se pudo llevar a cabo <strong>al denunciarlo los partidos pol\u00edticos de la oposici\u00f3n<\/strong> ante la Junta Electoral por considerar que <strong>pod\u00eda influir en la campa\u00f1a<\/strong> para las Elecciones Municipales.<\/p>\n","protected":false},"excerpt":{"rendered":"<p>El Ayuntamiento de Cocentaina, a trav\u00e9s de la concejal\u00eda de Fira, ha organizado para este domingo un gran evento abierto&#8230;<\/p>\n","protected":false},"author":1,"featured_media":36362,"comment_status":"open","ping_status":"open","sticky":false,"template":"","format":"standard","meta":{"footnotes":""},"categories":[98,75],"tags":[543,676,8808],"class_list":["post-51690","post","type-post","status-publish","format-standard","has-post-thumbnail","hentry","category-comarcas","category-noticias","tag-fiesta","tag-fira","tag-interes-turistico-internacional"],"yoast_head":"<!-- This site is optimized with the Yoast SEO plugin v27.3 - https:\/\/yoast.com\/product\/yoast-seo-wordpress\/ -->\n<title>Cocentaina celebra que la Fira es de Inter\u00e9s Tur\u00edstico Internacional - COPE Alcoy<\/title>\n<meta name=\"robots\" content=\"index, follow, max-snippet:-1, max-image-preview:large, max-video-preview:-1\" \/>\n<link rel=\"canonical\" href=\"https:\/\/www.copealcoy.es\/es\/cocentaina-celebra-que-la-fira-es-de-interes-turistico-internacional\/\" \/>\n<meta property=\"og:locale\" content=\"es_ES\" \/>\n<meta property=\"og:type\" content=\"article\" \/>\n<meta property=\"og:title\" content=\"Cocentaina celebra que la Fira es de Inter\u00e9s Tur\u00edstico Internacional - COPE Alcoy\" \/>\n<meta property=\"og:description\" content=\"El Ayuntamiento de Cocentaina, a trav\u00e9s de la concejal\u00eda de Fira, ha organizado para este domingo un gran evento abierto...\" \/>\n<meta property=\"og:url\" content=\"https:\/\/www.copealcoy.es\/es\/cocentaina-celebra-que-la-fira-es-de-interes-turistico-internacional\/\" \/>\n<meta property=\"og:site_name\" content=\"COPE Alcoy\" \/>\n<meta property=\"article:published_time\" content=\"2019-05-31T13:17:29+00:00\" \/>\n<meta property=\"og:image\" content=\"https:\/\/www.copealcoy.es\/wp-content\/uploads\/2017\/10\/23032773_1808785225821900_4362444522413860622_n-e1509755036757.jpg\" \/>\n\t<meta property=\"og:image:width\" content=\"960\" \/>\n\t<meta property=\"og:image:height\" content=\"513\" \/>\n\t<meta property=\"og:image:type\" content=\"image\/jpeg\" \/>\n<meta name=\"author\" content=\"Cope Alcoy\" \/>\n<meta name=\"twitter:label1\" content=\"Escrito por\" \/>\n\t<meta name=\"twitter:data1\" content=\"Cope Alcoy\" \/>\n\t<meta name=\"twitter:label2\" content=\"Tiempo de lectura\" \/>\n\t<meta name=\"twitter:data2\" content=\"2 minutos\" \/>\n<script type=\"application\/ld+json\" class=\"yoast-schema-graph\">{\"@context\":\"https:\\\/\\\/schema.org\",\"@graph\":[{\"@type\":\"Article\",\"@id\":\"https:\\\/\\\/www.copealcoy.es\\\/es\\\/cocentaina-celebra-que-la-fira-es-de-interes-turistico-internacional\\\/#article\",\"isPartOf\":{\"@id\":\"https:\\\/\\\/www.copealcoy.es\\\/es\\\/cocentaina-celebra-que-la-fira-es-de-interes-turistico-internacional\\\/\"},\"author\":{\"name\":\"Cope Alcoy\",\"@id\":\"https:\\\/\\\/www.copealcoy.es\\\/es\\\/#\\\/schema\\\/person\\\/e777c87fa024e57d40170af9df39882c\"},\"headline\":\"Cocentaina celebra que la Fira es de Inter\u00e9s Tur\u00edstico Internacional\",\"datePublished\":\"2019-05-31T13:17:29+00:00\",\"mainEntityOfPage\":{\"@id\":\"https:\\\/\\\/www.copealcoy.es\\\/es\\\/cocentaina-celebra-que-la-fira-es-de-interes-turistico-internacional\\\/\"},\"wordCount\":419,\"commentCount\":0,\"image\":{\"@id\":\"https:\\\/\\\/www.copealcoy.es\\\/es\\\/cocentaina-celebra-que-la-fira-es-de-interes-turistico-internacional\\\/#primaryimage\"},\"thumbnailUrl\":\"https:\\\/\\\/www.copealcoy.es\\\/wp-content\\\/uploads\\\/2017\\\/10\\\/23032773_1808785225821900_4362444522413860622_n-e1509755036757.jpg\",\"keywords\":[\"Fiesta\",\"Fira\",\"Inter\u00e9s Tur\u00edstico Internacional\"],\"articleSection\":[\"Comarcas\",\"Noticias\"],\"inLanguage\":\"es\"},{\"@type\":\"WebPage\",\"@id\":\"https:\\\/\\\/www.copealcoy.es\\\/es\\\/cocentaina-celebra-que-la-fira-es-de-interes-turistico-internacional\\\/\",\"url\":\"https:\\\/\\\/www.copealcoy.es\\\/es\\\/cocentaina-celebra-que-la-fira-es-de-interes-turistico-internacional\\\/\",\"name\":\"Cocentaina celebra que la Fira es de Inter\u00e9s Tur\u00edstico Internacional - COPE Alcoy\",\"isPartOf\":{\"@id\":\"https:\\\/\\\/www.copealcoy.es\\\/es\\\/#website\"},\"primaryImageOfPage\":{\"@id\":\"https:\\\/\\\/www.copealcoy.es\\\/es\\\/cocentaina-celebra-que-la-fira-es-de-interes-turistico-internacional\\\/#primaryimage\"},\"image\":{\"@id\":\"https:\\\/\\\/www.copealcoy.es\\\/es\\\/cocentaina-celebra-que-la-fira-es-de-interes-turistico-internacional\\\/#primaryimage\"},\"thumbnailUrl\":\"https:\\\/\\\/www.copealcoy.es\\\/wp-content\\\/uploads\\\/2017\\\/10\\\/23032773_1808785225821900_4362444522413860622_n-e1509755036757.jpg\",\"datePublished\":\"2019-05-31T13:17:29+00:00\",\"author\":{\"@id\":\"https:\\\/\\\/www.copealcoy.es\\\/es\\\/#\\\/schema\\\/person\\\/e777c87fa024e57d40170af9df39882c\"},\"breadcrumb\":{\"@id\":\"https:\\\/\\\/www.copealcoy.es\\\/es\\\/cocentaina-celebra-que-la-fira-es-de-interes-turistico-internacional\\\/#breadcrumb\"},\"inLanguage\":\"es\",\"potentialAction\":[{\"@type\":\"ReadAction\",\"target\":[\"https:\\\/\\\/www.copealcoy.es\\\/es\\\/cocentaina-celebra-que-la-fira-es-de-interes-turistico-internacional\\\/\"]}]},{\"@type\":\"ImageObject\",\"inLanguage\":\"es\",\"@id\":\"https:\\\/\\\/www.copealcoy.es\\\/es\\\/cocentaina-celebra-que-la-fira-es-de-interes-turistico-internacional\\\/#primaryimage\",\"url\":\"https:\\\/\\\/www.copealcoy.es\\\/wp-content\\\/uploads\\\/2017\\\/10\\\/23032773_1808785225821900_4362444522413860622_n-e1509755036757.jpg\",\"contentUrl\":\"https:\\\/\\\/www.copealcoy.es\\\/wp-content\\\/uploads\\\/2017\\\/10\\\/23032773_1808785225821900_4362444522413860622_n-e1509755036757.jpg\",\"width\":960,\"height\":513,\"caption\":\"La Fira inunda cada rinc\u00f3n de Cocentaina \\\/ Foto: G. Pascual\"},{\"@type\":\"BreadcrumbList\",\"@id\":\"https:\\\/\\\/www.copealcoy.es\\\/es\\\/cocentaina-celebra-que-la-fira-es-de-interes-turistico-internacional\\\/#breadcrumb\",\"itemListElement\":[{\"@type\":\"ListItem\",\"position\":1,\"name\":\"Portada\",\"item\":\"https:\\\/\\\/www.copealcoy.es\\\/es\\\/\"},{\"@type\":\"ListItem\",\"position\":2,\"name\":\"Cocentaina celebra que la Fira es de Inter\u00e9s Tur\u00edstico Internacional\"}]},{\"@type\":\"WebSite\",\"@id\":\"https:\\\/\\\/www.copealcoy.es\\\/es\\\/#website\",\"url\":\"https:\\\/\\\/www.copealcoy.es\\\/es\\\/\",\"name\":\"COPE Alcoy\",\"description\":\"Emisora COPE de radio local con emisi\u00f3n online. Pont de Sant Jordi 8-10 03803 Alcoy\",\"potentialAction\":[{\"@type\":\"SearchAction\",\"target\":{\"@type\":\"EntryPoint\",\"urlTemplate\":\"https:\\\/\\\/www.copealcoy.es\\\/es\\\/?s={search_term_string}\"},\"query-input\":{\"@type\":\"PropertyValueSpecification\",\"valueRequired\":true,\"valueName\":\"search_term_string\"}}],\"inLanguage\":\"es\"},{\"@type\":\"Person\",\"@id\":\"https:\\\/\\\/www.copealcoy.es\\\/es\\\/#\\\/schema\\\/person\\\/e777c87fa024e57d40170af9df39882c\",\"name\":\"Cope Alcoy\",\"image\":{\"@type\":\"ImageObject\",\"inLanguage\":\"es\",\"@id\":\"https:\\\/\\\/secure.gravatar.com\\\/avatar\\\/bb65d0283347e303893ba14f0692005417c1e0e690a325a4c5d8bb2b3943ee14?s=96&d=mm&r=g\",\"url\":\"https:\\\/\\\/secure.gravatar.com\\\/avatar\\\/bb65d0283347e303893ba14f0692005417c1e0e690a325a4c5d8bb2b3943ee14?s=96&d=mm&r=g\",\"contentUrl\":\"https:\\\/\\\/secure.gravatar.com\\\/avatar\\\/bb65d0283347e303893ba14f0692005417c1e0e690a325a4c5d8bb2b3943ee14?s=96&d=mm&r=g\",\"caption\":\"Cope Alcoy\"}}]}<\/script>\n<!-- \/ Yoast SEO plugin. -->","yoast_head_json":{"title":"Cocentaina celebra que la Fira es de Inter\u00e9s Tur\u00edstico Internacional - COPE Alcoy","robots":{"index":"index","follow":"follow","max-snippet":"max-snippet:-1","max-image-preview":"max-image-preview:large","max-video-preview":"max-video-preview:-1"},"canonical":"https:\/\/www.copealcoy.es\/es\/cocentaina-celebra-que-la-fira-es-de-interes-turistico-internacional\/","og_locale":"es_ES","og_type":"article","og_title":"Cocentaina celebra que la Fira es de Inter\u00e9s Tur\u00edstico Internacional - COPE Alcoy","og_description":"El Ayuntamiento de Cocentaina, a trav\u00e9s de la concejal\u00eda de Fira, ha organizado para este domingo un gran evento abierto...","og_url":"https:\/\/www.copealcoy.es\/es\/cocentaina-celebra-que-la-fira-es-de-interes-turistico-internacional\/","og_site_name":"COPE Alcoy","article_published_time":"2019-05-31T13:17:29+00:00","og_image":[{"width":960,"height":513,"url":"https:\/\/www.copealcoy.es\/wp-content\/uploads\/2017\/10\/23032773_1808785225821900_4362444522413860622_n-e1509755036757.jpg","type":"image\/jpeg"}],"author":"Cope Alcoy","twitter_misc":{"Escrito por":"Cope Alcoy","Tiempo de lectura":"2 minutos"},"schema":{"@context":"https:\/\/schema.org","@graph":[{"@type":"Article","@id":"https:\/\/www.copealcoy.es\/es\/cocentaina-celebra-que-la-fira-es-de-interes-turistico-internacional\/#article","isPartOf":{"@id":"https:\/\/www.copealcoy.es\/es\/cocentaina-celebra-que-la-fira-es-de-interes-turistico-internacional\/"},"author":{"name":"Cope Alcoy","@id":"https:\/\/www.copealcoy.es\/es\/#\/schema\/person\/e777c87fa024e57d40170af9df39882c"},"headline":"Cocentaina celebra que la Fira es de Inter\u00e9s Tur\u00edstico Internacional","datePublished":"2019-05-31T13:17:29+00:00","mainEntityOfPage":{"@id":"https:\/\/www.copealcoy.es\/es\/cocentaina-celebra-que-la-fira-es-de-interes-turistico-internacional\/"},"wordCount":419,"commentCount":0,"image":{"@id":"https:\/\/www.copealcoy.es\/es\/cocentaina-celebra-que-la-fira-es-de-interes-turistico-internacional\/#primaryimage"},"thumbnailUrl":"https:\/\/www.copealcoy.es\/wp-content\/uploads\/2017\/10\/23032773_1808785225821900_4362444522413860622_n-e1509755036757.jpg","keywords":["Fiesta","Fira","Inter\u00e9s Tur\u00edstico Internacional"],"articleSection":["Comarcas","Noticias"],"inLanguage":"es"},{"@type":"WebPage","@id":"https:\/\/www.copealcoy.es\/es\/cocentaina-celebra-que-la-fira-es-de-interes-turistico-internacional\/","url":"https:\/\/www.copealcoy.es\/es\/cocentaina-celebra-que-la-fira-es-de-interes-turistico-internacional\/","name":"Cocentaina celebra que la Fira es de Inter\u00e9s Tur\u00edstico Internacional - COPE Alcoy","isPartOf":{"@id":"https:\/\/www.copealcoy.es\/es\/#website"},"primaryImageOfPage":{"@id":"https:\/\/www.copealcoy.es\/es\/cocentaina-celebra-que-la-fira-es-de-interes-turistico-internacional\/#primaryimage"},"image":{"@id":"https:\/\/www.copealcoy.es\/es\/cocentaina-celebra-que-la-fira-es-de-interes-turistico-internacional\/#primaryimage"},"thumbnailUrl":"https:\/\/www.copealcoy.es\/wp-content\/uploads\/2017\/10\/23032773_1808785225821900_4362444522413860622_n-e1509755036757.jpg","datePublished":"2019-05-31T13:17:29+00:00","author":{"@id":"https:\/\/www.copealcoy.es\/es\/#\/schema\/person\/e777c87fa024e57d40170af9df39882c"},"breadcrumb":{"@id":"https:\/\/www.copealcoy.es\/es\/cocentaina-celebra-que-la-fira-es-de-interes-turistico-internacional\/#breadcrumb"},"inLanguage":"es","potentialAction":[{"@type":"ReadAction","target":["https:\/\/www.copealcoy.es\/es\/cocentaina-celebra-que-la-fira-es-de-interes-turistico-internacional\/"]}]},{"@type":"ImageObject","inLanguage":"es","@id":"https:\/\/www.copealcoy.es\/es\/cocentaina-celebra-que-la-fira-es-de-interes-turistico-internacional\/#primaryimage","url":"https:\/\/www.copealcoy.es\/wp-content\/uploads\/2017\/10\/23032773_1808785225821900_4362444522413860622_n-e1509755036757.jpg","contentUrl":"https:\/\/www.copealcoy.es\/wp-content\/uploads\/2017\/10\/23032773_1808785225821900_4362444522413860622_n-e1509755036757.jpg","width":960,"height":513,"caption":"La Fira inunda cada rinc\u00f3n de Cocentaina \/ Foto: G. Pascual"},{"@type":"BreadcrumbList","@id":"https:\/\/www.copealcoy.es\/es\/cocentaina-celebra-que-la-fira-es-de-interes-turistico-internacional\/#breadcrumb","itemListElement":[{"@type":"ListItem","position":1,"name":"Portada","item":"https:\/\/www.copealcoy.es\/es\/"},{"@type":"ListItem","position":2,"name":"Cocentaina celebra que la Fira es de Inter\u00e9s Tur\u00edstico Internacional"}]},{"@type":"WebSite","@id":"https:\/\/www.copealcoy.es\/es\/#website","url":"https:\/\/www.copealcoy.es\/es\/","name":"COPE Alcoy","description":"Emisora COPE de radio local con emisi\u00f3n online. Pont de Sant Jordi 8-10 03803 Alcoy","potentialAction":[{"@type":"SearchAction","target":{"@type":"EntryPoint","urlTemplate":"https:\/\/www.copealcoy.es\/es\/?s={search_term_string}"},"query-input":{"@type":"PropertyValueSpecification","valueRequired":true,"valueName":"search_term_string"}}],"inLanguage":"es"},{"@type":"Person","@id":"https:\/\/www.copealcoy.es\/es\/#\/schema\/person\/e777c87fa024e57d40170af9df39882c","name":"Cope Alcoy","image":{"@type":"ImageObject","inLanguage":"es","@id":"https:\/\/secure.gravatar.com\/avatar\/bb65d0283347e303893ba14f0692005417c1e0e690a325a4c5d8bb2b3943ee14?s=96&d=mm&r=g","url":"https:\/\/secure.gravatar.com\/avatar\/bb65d0283347e303893ba14f0692005417c1e0e690a325a4c5d8bb2b3943ee14?s=96&d=mm&r=g","contentUrl":"https:\/\/secure.gravatar.com\/avatar\/bb65d0283347e303893ba14f0692005417c1e0e690a325a4c5d8bb2b3943ee14?s=96&d=mm&r=g","caption":"Cope Alcoy"}}]}},"_links":{"self":[{"href":"https:\/\/www.copealcoy.es\/es\/wp-json\/wp\/v2\/posts\/51690","targetHints":{"allow":["GET"]}}],"collection":[{"href":"https:\/\/www.copealcoy.es\/es\/wp-json\/wp\/v2\/posts"}],"about":[{"href":"https:\/\/www.copealcoy.es\/es\/wp-json\/wp\/v2\/types\/post"}],"author":[{"embeddable":true,"href":"https:\/\/www.copealcoy.es\/es\/wp-json\/wp\/v2\/users\/1"}],"replies":[{"embeddable":true,"href":"https:\/\/www.copealcoy.es\/es\/wp-json\/wp\/v2\/comments?post=51690"}],"version-history":[{"count":0,"href":"https:\/\/www.copealcoy.es\/es\/wp-json\/wp\/v2\/posts\/51690\/revisions"}],"wp:featuredmedia":[{"embeddable":true,"href":"https:\/\/www.copealcoy.es\/es\/wp-json\/wp\/v2\/media\/36362"}],"wp:attachment":[{"href":"https:\/\/www.copealcoy.es\/es\/wp-json\/wp\/v2\/media?parent=51690"}],"wp:term":[{"taxonomy":"category","embeddable":true,"href":"https:\/\/www.copealcoy.es\/es\/wp-json\/wp\/v2\/categories?post=51690"},{"taxonomy":"post_tag","embeddable":true,"href":"https:\/\/www.copealcoy.es\/es\/wp-json\/wp\/v2\/tags?post=51690"}],"curies":[{"name":"wp","href":"https:\/\/api.w.org\/{rel}","templated":true}]}}