{"id":51397,"date":"2019-05-24T16:01:02","date_gmt":"2019-05-24T16:01:02","guid":{"rendered":"https:\/\/copealcoi.es\/?p=51397"},"modified":"2019-05-24T16:01:02","modified_gmt":"2019-05-24T16:01:02","slug":"compromis-muro-tiene-a-vicent-molina-como-candidato-a-la-alcaldia","status":"publish","type":"post","link":"https:\/\/www.copealcoy.es\/es\/compromis-muro-tiene-a-vicent-molina-como-candidato-a-la-alcaldia\/","title":{"rendered":"Comprom\u00eds Muro tiene a Vicent Molina como candidato a la alcald\u00eda"},"content":{"rendered":"<p style=\"text-align: justify;\">Comprom\u00eds Muro <strong>ha apostado por la renovaci\u00f3n<\/strong> en estas Elecciones Municipales y ha confiado <strong>la tarea de encabezar<\/strong> <strong>el proyecto<\/strong>, como alcaldable, en <strong>Vicent Molina<\/strong>.<\/p>\n<p style=\"text-align: justify;\">El candidato ha estado este viernes en #LaMa\u00f1anaDeCopeAlcoy y ha recordado <strong>las razones por las que ha decidido ser el cabeza de lista de su partido<\/strong> en estas Elecciones Municipales &#8220;<em>estuve doce a\u00f1os trabajando para Muro en el Ayuntamiento y tras una etapa en otras vertientes de la pol\u00edtica he dado el paso porque creo que puedo aportar mucho a mi pueblo para gobernar por y para las personas<\/em>&#8220;, afirm\u00f3. Adem\u00e1s Molina ha recordado que el nuevo proyecto de Comprom\u00eds <strong>combina juventud y experiencia en la pol\u00edtica local<\/strong> &#8220;<em>tenemos con nosotros a la actual alcaldesa, Jacquel\u00edn Cerd\u00e0, como n\u00famero dos y los ediles del actual Ejecutivo tambi\u00e9n se han sumado a la candidatura para aportar esa experiencia que aporta el estar gestionando el d\u00eda a d\u00eda desde el Ayuntamient<\/em>o&#8221;, indica. Asimismo el alcaldable ha destacado que <strong>la legislatura que termina en Muro ha sido complicada<\/strong> &#8220;<em>ha estado marcada por la crispaci\u00f3n porque todos los partidos de la oposici\u00f3n han ido contra Comprom\u00eds, un hecho que nos llev\u00f3 a romper el pacto con Esquerra Unida el a\u00f1o pasado. Adem\u00e1s esta situaci\u00f3n ha complicado tambi\u00e9n que avanzase la gesti\u00f3n ya que todas estas formaciones han bloqueado muchas de las propuestas que se debat\u00edan en el pleno<\/em>&#8220;, asever\u00f3.<\/p>\n<p style=\"text-align: justify;\">Respecto al programa electoral Vicent Molina record\u00f3 <strong>las principales l\u00edneas del proyecto que quiere Comprom\u00eds para Muro<\/strong> &#8220;<em>apostamos por las energ\u00edas renovables, las pol\u00edticas sociales, la defensa del entorno rural, la promoci\u00f3n del deporte base local, la mejora de las infraestructuras del municipio, el fomento de la participaci\u00f3n ciudadana y del comercio local, la promoci\u00f3n de los atractivos tur\u00edsticos de la poblaci\u00f3n, la creaci\u00f3n de empleo o la generaci\u00f3n de nuevas oportunidades para dar cabida a la instalaci\u00f3n de empresas innovadoras en las \u00e1reas industriales de Muro. Damos apoyo tambi\u00e9n al Pol\u00edgono Mancomunado y estaremos al lado de la comarca porque remando todos juntos podemos conseguir mucho<\/em>&#8220;, sentenci\u00f3.<\/p>\n<p style=\"text-align: justify;\">Por \u00faltimo Vicent Molina coment\u00f3 que Comprom\u00eds Muro llevar\u00e1 a cabo <strong>su fiesta final de campa\u00f1a en la Fil\u00e0 Templaris<\/strong> esta tarde con<strong> la actuaci\u00f3n musical<\/strong> del DJ Santi Mataix.<\/p>\n<p>Aqu\u00ed <strong>puedes escuchar<\/strong> la entrevista a Vicent Molina:<\/p>\n<p><iframe loading=\"lazy\" title=\"La Ma\u00f1ana En Alcoy Viernes 24 De Mayo 2019\" width=\"100%\" height=\"120\" src=\"https:\/\/www.mixcloud.com\/widget\/iframe\/?feed=https%3A%2F%2Fwww.mixcloud.com%2FCOPEAlcoy%2Fla-ma%25C3%25B1ana-en-alcoy-viernes-24-de-mayo-2019%2F&amp;hide_cover=1\" frameborder=\"0\"><\/iframe><\/p>\n","protected":false},"excerpt":{"rendered":"<p>Comprom\u00eds Muro ha apostado por la renovaci\u00f3n en estas Elecciones Municipales y ha confiado la tarea de encabezar el proyecto,&#8230;<\/p>\n","protected":false},"author":1,"featured_media":51398,"comment_status":"open","ping_status":"open","sticky":false,"template":"","format":"standard","meta":{"footnotes":""},"categories":[744,75],"tags":[804,6817,8771,2424],"class_list":["post-51397","post","type-post","status-publish","format-standard","has-post-thumbnail","hentry","category-elecciones","category-noticias","tag-alcaldia","tag-candidato","tag-compromis-muro","tag-vicent-molina"],"yoast_head":"<!-- This site is optimized with the Yoast SEO plugin v27.3 - https:\/\/yoast.com\/product\/yoast-seo-wordpress\/ -->\n<title>Comprom\u00eds Muro tiene a Vicent Molina como candidato a la alcald\u00eda - COPE Alcoy<\/title>\n<meta name=\"robots\" content=\"index, follow, max-snippet:-1, max-image-preview:large, max-video-preview:-1\" \/>\n<link rel=\"canonical\" href=\"https:\/\/www.copealcoy.es\/es\/compromis-muro-tiene-a-vicent-molina-como-candidato-a-la-alcaldia\/\" \/>\n<meta property=\"og:locale\" content=\"es_ES\" \/>\n<meta property=\"og:type\" content=\"article\" \/>\n<meta property=\"og:title\" content=\"Comprom\u00eds Muro tiene a Vicent Molina como candidato a la alcald\u00eda - COPE Alcoy\" \/>\n<meta property=\"og:description\" content=\"Comprom\u00eds Muro ha apostado por la renovaci\u00f3n en estas Elecciones Municipales y ha confiado la tarea de encabezar el proyecto,...\" \/>\n<meta property=\"og:url\" content=\"https:\/\/www.copealcoy.es\/es\/compromis-muro-tiene-a-vicent-molina-como-candidato-a-la-alcaldia\/\" \/>\n<meta property=\"og:site_name\" content=\"COPE Alcoy\" \/>\n<meta property=\"article:published_time\" content=\"2019-05-24T16:01:02+00:00\" \/>\n<meta property=\"og:image\" content=\"https:\/\/www.copealcoy.es\/wp-content\/uploads\/2019\/05\/IMG_8376-e1558713249853-1-scaled.jpg\" \/>\n\t<meta property=\"og:image:width\" content=\"2560\" \/>\n\t<meta property=\"og:image:height\" content=\"1503\" \/>\n\t<meta property=\"og:image:type\" content=\"image\/jpeg\" \/>\n<meta name=\"author\" content=\"Cope Alcoy\" \/>\n<meta name=\"twitter:label1\" content=\"Escrito por\" \/>\n\t<meta name=\"twitter:data1\" content=\"Cope Alcoy\" \/>\n\t<meta name=\"twitter:label2\" content=\"Tiempo de lectura\" \/>\n\t<meta name=\"twitter:data2\" content=\"2 minutos\" \/>\n<script type=\"application\/ld+json\" class=\"yoast-schema-graph\">{\"@context\":\"https:\\\/\\\/schema.org\",\"@graph\":[{\"@type\":\"Article\",\"@id\":\"https:\\\/\\\/www.copealcoy.es\\\/es\\\/compromis-muro-tiene-a-vicent-molina-como-candidato-a-la-alcaldia\\\/#article\",\"isPartOf\":{\"@id\":\"https:\\\/\\\/www.copealcoy.es\\\/es\\\/compromis-muro-tiene-a-vicent-molina-como-candidato-a-la-alcaldia\\\/\"},\"author\":{\"name\":\"Cope Alcoy\",\"@id\":\"https:\\\/\\\/www.copealcoy.es\\\/es\\\/#\\\/schema\\\/person\\\/e777c87fa024e57d40170af9df39882c\"},\"headline\":\"Comprom\u00eds Muro tiene a Vicent Molina como candidato a la alcald\u00eda\",\"datePublished\":\"2019-05-24T16:01:02+00:00\",\"mainEntityOfPage\":{\"@id\":\"https:\\\/\\\/www.copealcoy.es\\\/es\\\/compromis-muro-tiene-a-vicent-molina-como-candidato-a-la-alcaldia\\\/\"},\"wordCount\":436,\"commentCount\":0,\"image\":{\"@id\":\"https:\\\/\\\/www.copealcoy.es\\\/es\\\/compromis-muro-tiene-a-vicent-molina-como-candidato-a-la-alcaldia\\\/#primaryimage\"},\"thumbnailUrl\":\"https:\\\/\\\/www.copealcoy.es\\\/wp-content\\\/uploads\\\/2019\\\/05\\\/IMG_8376-e1558713249853-1-scaled.jpg\",\"keywords\":[\"alcald\u00eda\",\"candidato\",\"Comprom\u00eds Muro\",\"Vicent Molina\"],\"articleSection\":[\"Elecciones\",\"Noticias\"],\"inLanguage\":\"es\"},{\"@type\":\"WebPage\",\"@id\":\"https:\\\/\\\/www.copealcoy.es\\\/es\\\/compromis-muro-tiene-a-vicent-molina-como-candidato-a-la-alcaldia\\\/\",\"url\":\"https:\\\/\\\/www.copealcoy.es\\\/es\\\/compromis-muro-tiene-a-vicent-molina-como-candidato-a-la-alcaldia\\\/\",\"name\":\"Comprom\u00eds Muro tiene a Vicent Molina como candidato a la alcald\u00eda - COPE Alcoy\",\"isPartOf\":{\"@id\":\"https:\\\/\\\/www.copealcoy.es\\\/es\\\/#website\"},\"primaryImageOfPage\":{\"@id\":\"https:\\\/\\\/www.copealcoy.es\\\/es\\\/compromis-muro-tiene-a-vicent-molina-como-candidato-a-la-alcaldia\\\/#primaryimage\"},\"image\":{\"@id\":\"https:\\\/\\\/www.copealcoy.es\\\/es\\\/compromis-muro-tiene-a-vicent-molina-como-candidato-a-la-alcaldia\\\/#primaryimage\"},\"thumbnailUrl\":\"https:\\\/\\\/www.copealcoy.es\\\/wp-content\\\/uploads\\\/2019\\\/05\\\/IMG_8376-e1558713249853-1-scaled.jpg\",\"datePublished\":\"2019-05-24T16:01:02+00:00\",\"author\":{\"@id\":\"https:\\\/\\\/www.copealcoy.es\\\/es\\\/#\\\/schema\\\/person\\\/e777c87fa024e57d40170af9df39882c\"},\"breadcrumb\":{\"@id\":\"https:\\\/\\\/www.copealcoy.es\\\/es\\\/compromis-muro-tiene-a-vicent-molina-como-candidato-a-la-alcaldia\\\/#breadcrumb\"},\"inLanguage\":\"es\",\"potentialAction\":[{\"@type\":\"ReadAction\",\"target\":[\"https:\\\/\\\/www.copealcoy.es\\\/es\\\/compromis-muro-tiene-a-vicent-molina-como-candidato-a-la-alcaldia\\\/\"]}]},{\"@type\":\"ImageObject\",\"inLanguage\":\"es\",\"@id\":\"https:\\\/\\\/www.copealcoy.es\\\/es\\\/compromis-muro-tiene-a-vicent-molina-como-candidato-a-la-alcaldia\\\/#primaryimage\",\"url\":\"https:\\\/\\\/www.copealcoy.es\\\/wp-content\\\/uploads\\\/2019\\\/05\\\/IMG_8376-e1558713249853-1-scaled.jpg\",\"contentUrl\":\"https:\\\/\\\/www.copealcoy.es\\\/wp-content\\\/uploads\\\/2019\\\/05\\\/IMG_8376-e1558713249853-1-scaled.jpg\",\"width\":2560,\"height\":1503,\"caption\":\"Vicent Molina en su entrevista en Cope Alcoy este viernes \\\/ Foto: G.Pascual\"},{\"@type\":\"BreadcrumbList\",\"@id\":\"https:\\\/\\\/www.copealcoy.es\\\/es\\\/compromis-muro-tiene-a-vicent-molina-como-candidato-a-la-alcaldia\\\/#breadcrumb\",\"itemListElement\":[{\"@type\":\"ListItem\",\"position\":1,\"name\":\"Portada\",\"item\":\"https:\\\/\\\/www.copealcoy.es\\\/es\\\/\"},{\"@type\":\"ListItem\",\"position\":2,\"name\":\"Comprom\u00eds Muro tiene a Vicent Molina como candidato a la alcald\u00eda\"}]},{\"@type\":\"WebSite\",\"@id\":\"https:\\\/\\\/www.copealcoy.es\\\/es\\\/#website\",\"url\":\"https:\\\/\\\/www.copealcoy.es\\\/es\\\/\",\"name\":\"COPE Alcoy\",\"description\":\"Emisora COPE de radio local con emisi\u00f3n online. Pont de Sant Jordi 8-10 03803 Alcoy\",\"potentialAction\":[{\"@type\":\"SearchAction\",\"target\":{\"@type\":\"EntryPoint\",\"urlTemplate\":\"https:\\\/\\\/www.copealcoy.es\\\/es\\\/?s={search_term_string}\"},\"query-input\":{\"@type\":\"PropertyValueSpecification\",\"valueRequired\":true,\"valueName\":\"search_term_string\"}}],\"inLanguage\":\"es\"},{\"@type\":\"Person\",\"@id\":\"https:\\\/\\\/www.copealcoy.es\\\/es\\\/#\\\/schema\\\/person\\\/e777c87fa024e57d40170af9df39882c\",\"name\":\"Cope Alcoy\",\"image\":{\"@type\":\"ImageObject\",\"inLanguage\":\"es\",\"@id\":\"https:\\\/\\\/secure.gravatar.com\\\/avatar\\\/bb65d0283347e303893ba14f0692005417c1e0e690a325a4c5d8bb2b3943ee14?s=96&d=mm&r=g\",\"url\":\"https:\\\/\\\/secure.gravatar.com\\\/avatar\\\/bb65d0283347e303893ba14f0692005417c1e0e690a325a4c5d8bb2b3943ee14?s=96&d=mm&r=g\",\"contentUrl\":\"https:\\\/\\\/secure.gravatar.com\\\/avatar\\\/bb65d0283347e303893ba14f0692005417c1e0e690a325a4c5d8bb2b3943ee14?s=96&d=mm&r=g\",\"caption\":\"Cope Alcoy\"}}]}<\/script>\n<!-- \/ Yoast SEO plugin. -->","yoast_head_json":{"title":"Comprom\u00eds Muro tiene a Vicent Molina como candidato a la alcald\u00eda - COPE Alcoy","robots":{"index":"index","follow":"follow","max-snippet":"max-snippet:-1","max-image-preview":"max-image-preview:large","max-video-preview":"max-video-preview:-1"},"canonical":"https:\/\/www.copealcoy.es\/es\/compromis-muro-tiene-a-vicent-molina-como-candidato-a-la-alcaldia\/","og_locale":"es_ES","og_type":"article","og_title":"Comprom\u00eds Muro tiene a Vicent Molina como candidato a la alcald\u00eda - COPE Alcoy","og_description":"Comprom\u00eds Muro ha apostado por la renovaci\u00f3n en estas Elecciones Municipales y ha confiado la tarea de encabezar el proyecto,...","og_url":"https:\/\/www.copealcoy.es\/es\/compromis-muro-tiene-a-vicent-molina-como-candidato-a-la-alcaldia\/","og_site_name":"COPE Alcoy","article_published_time":"2019-05-24T16:01:02+00:00","og_image":[{"width":2560,"height":1503,"url":"https:\/\/www.copealcoy.es\/wp-content\/uploads\/2019\/05\/IMG_8376-e1558713249853-1-scaled.jpg","type":"image\/jpeg"}],"author":"Cope Alcoy","twitter_misc":{"Escrito por":"Cope Alcoy","Tiempo de lectura":"2 minutos"},"schema":{"@context":"https:\/\/schema.org","@graph":[{"@type":"Article","@id":"https:\/\/www.copealcoy.es\/es\/compromis-muro-tiene-a-vicent-molina-como-candidato-a-la-alcaldia\/#article","isPartOf":{"@id":"https:\/\/www.copealcoy.es\/es\/compromis-muro-tiene-a-vicent-molina-como-candidato-a-la-alcaldia\/"},"author":{"name":"Cope Alcoy","@id":"https:\/\/www.copealcoy.es\/es\/#\/schema\/person\/e777c87fa024e57d40170af9df39882c"},"headline":"Comprom\u00eds Muro tiene a Vicent Molina como candidato a la alcald\u00eda","datePublished":"2019-05-24T16:01:02+00:00","mainEntityOfPage":{"@id":"https:\/\/www.copealcoy.es\/es\/compromis-muro-tiene-a-vicent-molina-como-candidato-a-la-alcaldia\/"},"wordCount":436,"commentCount":0,"image":{"@id":"https:\/\/www.copealcoy.es\/es\/compromis-muro-tiene-a-vicent-molina-como-candidato-a-la-alcaldia\/#primaryimage"},"thumbnailUrl":"https:\/\/www.copealcoy.es\/wp-content\/uploads\/2019\/05\/IMG_8376-e1558713249853-1-scaled.jpg","keywords":["alcald\u00eda","candidato","Comprom\u00eds Muro","Vicent Molina"],"articleSection":["Elecciones","Noticias"],"inLanguage":"es"},{"@type":"WebPage","@id":"https:\/\/www.copealcoy.es\/es\/compromis-muro-tiene-a-vicent-molina-como-candidato-a-la-alcaldia\/","url":"https:\/\/www.copealcoy.es\/es\/compromis-muro-tiene-a-vicent-molina-como-candidato-a-la-alcaldia\/","name":"Comprom\u00eds Muro tiene a Vicent Molina como candidato a la alcald\u00eda - COPE Alcoy","isPartOf":{"@id":"https:\/\/www.copealcoy.es\/es\/#website"},"primaryImageOfPage":{"@id":"https:\/\/www.copealcoy.es\/es\/compromis-muro-tiene-a-vicent-molina-como-candidato-a-la-alcaldia\/#primaryimage"},"image":{"@id":"https:\/\/www.copealcoy.es\/es\/compromis-muro-tiene-a-vicent-molina-como-candidato-a-la-alcaldia\/#primaryimage"},"thumbnailUrl":"https:\/\/www.copealcoy.es\/wp-content\/uploads\/2019\/05\/IMG_8376-e1558713249853-1-scaled.jpg","datePublished":"2019-05-24T16:01:02+00:00","author":{"@id":"https:\/\/www.copealcoy.es\/es\/#\/schema\/person\/e777c87fa024e57d40170af9df39882c"},"breadcrumb":{"@id":"https:\/\/www.copealcoy.es\/es\/compromis-muro-tiene-a-vicent-molina-como-candidato-a-la-alcaldia\/#breadcrumb"},"inLanguage":"es","potentialAction":[{"@type":"ReadAction","target":["https:\/\/www.copealcoy.es\/es\/compromis-muro-tiene-a-vicent-molina-como-candidato-a-la-alcaldia\/"]}]},{"@type":"ImageObject","inLanguage":"es","@id":"https:\/\/www.copealcoy.es\/es\/compromis-muro-tiene-a-vicent-molina-como-candidato-a-la-alcaldia\/#primaryimage","url":"https:\/\/www.copealcoy.es\/wp-content\/uploads\/2019\/05\/IMG_8376-e1558713249853-1-scaled.jpg","contentUrl":"https:\/\/www.copealcoy.es\/wp-content\/uploads\/2019\/05\/IMG_8376-e1558713249853-1-scaled.jpg","width":2560,"height":1503,"caption":"Vicent Molina en su entrevista en Cope Alcoy este viernes \/ Foto: G.Pascual"},{"@type":"BreadcrumbList","@id":"https:\/\/www.copealcoy.es\/es\/compromis-muro-tiene-a-vicent-molina-como-candidato-a-la-alcaldia\/#breadcrumb","itemListElement":[{"@type":"ListItem","position":1,"name":"Portada","item":"https:\/\/www.copealcoy.es\/es\/"},{"@type":"ListItem","position":2,"name":"Comprom\u00eds Muro tiene a Vicent Molina como candidato a la alcald\u00eda"}]},{"@type":"WebSite","@id":"https:\/\/www.copealcoy.es\/es\/#website","url":"https:\/\/www.copealcoy.es\/es\/","name":"COPE Alcoy","description":"Emisora COPE de radio local con emisi\u00f3n online. Pont de Sant Jordi 8-10 03803 Alcoy","potentialAction":[{"@type":"SearchAction","target":{"@type":"EntryPoint","urlTemplate":"https:\/\/www.copealcoy.es\/es\/?s={search_term_string}"},"query-input":{"@type":"PropertyValueSpecification","valueRequired":true,"valueName":"search_term_string"}}],"inLanguage":"es"},{"@type":"Person","@id":"https:\/\/www.copealcoy.es\/es\/#\/schema\/person\/e777c87fa024e57d40170af9df39882c","name":"Cope Alcoy","image":{"@type":"ImageObject","inLanguage":"es","@id":"https:\/\/secure.gravatar.com\/avatar\/bb65d0283347e303893ba14f0692005417c1e0e690a325a4c5d8bb2b3943ee14?s=96&d=mm&r=g","url":"https:\/\/secure.gravatar.com\/avatar\/bb65d0283347e303893ba14f0692005417c1e0e690a325a4c5d8bb2b3943ee14?s=96&d=mm&r=g","contentUrl":"https:\/\/secure.gravatar.com\/avatar\/bb65d0283347e303893ba14f0692005417c1e0e690a325a4c5d8bb2b3943ee14?s=96&d=mm&r=g","caption":"Cope Alcoy"}}]}},"_links":{"self":[{"href":"https:\/\/www.copealcoy.es\/es\/wp-json\/wp\/v2\/posts\/51397","targetHints":{"allow":["GET"]}}],"collection":[{"href":"https:\/\/www.copealcoy.es\/es\/wp-json\/wp\/v2\/posts"}],"about":[{"href":"https:\/\/www.copealcoy.es\/es\/wp-json\/wp\/v2\/types\/post"}],"author":[{"embeddable":true,"href":"https:\/\/www.copealcoy.es\/es\/wp-json\/wp\/v2\/users\/1"}],"replies":[{"embeddable":true,"href":"https:\/\/www.copealcoy.es\/es\/wp-json\/wp\/v2\/comments?post=51397"}],"version-history":[{"count":0,"href":"https:\/\/www.copealcoy.es\/es\/wp-json\/wp\/v2\/posts\/51397\/revisions"}],"wp:featuredmedia":[{"embeddable":true,"href":"https:\/\/www.copealcoy.es\/es\/wp-json\/wp\/v2\/media\/51398"}],"wp:attachment":[{"href":"https:\/\/www.copealcoy.es\/es\/wp-json\/wp\/v2\/media?parent=51397"}],"wp:term":[{"taxonomy":"category","embeddable":true,"href":"https:\/\/www.copealcoy.es\/es\/wp-json\/wp\/v2\/categories?post=51397"},{"taxonomy":"post_tag","embeddable":true,"href":"https:\/\/www.copealcoy.es\/es\/wp-json\/wp\/v2\/tags?post=51397"}],"curies":[{"name":"wp","href":"https:\/\/api.w.org\/{rel}","templated":true}]}}