{"id":51338,"date":"2019-05-23T16:31:55","date_gmt":"2019-05-23T16:31:55","guid":{"rendered":"https:\/\/copealcoi.es\/?p=51338"},"modified":"2019-05-23T16:31:55","modified_gmt":"2019-05-23T16:31:55","slug":"el-psoe-proyecta-un-sendero-entre-la-carretera-del-molinar-y-el-viaducto","status":"publish","type":"post","link":"https:\/\/www.copealcoy.es\/es\/el-psoe-proyecta-un-sendero-entre-la-carretera-del-molinar-y-el-viaducto\/","title":{"rendered":"El PSOE proyecta un sendero entre la Carretera del Molinar y El Viaducto"},"content":{"rendered":"<p style=\"text-align: justify;\">El <strong>Partido Socialuista de Alcoy<\/strong> propone la creaci\u00f3n de <strong>un sendero<\/strong> entre <strong>la Carretera del Molinar y el Viaducto<\/strong>.<\/p>\n<p style=\"text-align: justify;\">La formaci\u00f3n pol\u00edtica explica que el proyecto <strong>discurrir\u00e1 por el lecho del r\u00edo<\/strong>, a espaldas de la calle San Nicol\u00e1s, y se\u00f1alan que este sendero s<strong>e incluir\u00eda en el cat\u00e1logo de caminos locales<\/strong> y conectar\u00eda la Zona Alta, Centro y Viaducte con el Molinar, un espacio que est\u00e1 previsto <strong>experimente un impulso a nivel tur\u00edstico<\/strong> &#8220;<em>en el cauce del r\u00edo Molinar ha habido, tradicionalmente, muchos caminos que han conectado la ciudad por esa zona. Pero el paso del tiempo, y una serie de deslizamientos del terreno, han comportado que no se pueda seguir el curso del r\u00edo para uso de los peatones<\/em>&#8220;, asevera el n\u00famero 5 de la candidatura socialista; <strong>Jordi Silvestre<\/strong>.<\/p>\n<p style=\"text-align: justify;\">Respecto al proyecto del Molinar explican desde el PSOE <strong>que est\u00e1 en proceso de licitaci\u00f3n<\/strong>, tanto la rehabilitaci\u00f3n de la f\u00e1brica Els Solers y la consolidaci\u00f3n de restos de antiguas industrias, como<strong> la recreaci\u00f3n hist\u00f3rica digital<\/strong> \u00a0que permitir\u00e1 a los visitantes <strong>vivir una experiencia de inmersi\u00f3n de 360 grados<\/strong>. En ambas actuaciones se invertir\u00e1n alrededor de un mill\u00f3n de euros, contando con <strong>una subvenci\u00f3n de la Direcci\u00f3n General de Administraci\u00f3n Local de la Generalitat Valenciana<\/strong> de cerca de <strong>450.000 euros<\/strong>.<\/p>\n","protected":false},"excerpt":{"rendered":"<p>El Partido Socialuista de Alcoy propone la creaci\u00f3n de un sendero entre la Carretera del Molinar y el Viaducto. La&#8230;<\/p>\n","protected":false},"author":1,"featured_media":51339,"comment_status":"open","ping_status":"open","sticky":false,"template":"","format":"standard","meta":{"footnotes":""},"categories":[97,744,75],"tags":[8757,8758,371,8759,2277],"class_list":["post-51338","post","type-post","status-publish","format-standard","has-post-thumbnail","hentry","category-alcoy","category-elecciones","category-noticias","tag-carretera-del-molinar","tag-proyecta","tag-psoe","tag-sendero","tag-viaducto"],"yoast_head":"<!-- This site is optimized with the Yoast SEO plugin v27.3 - https:\/\/yoast.com\/product\/yoast-seo-wordpress\/ -->\n<title>El PSOE proyecta un sendero entre la Carretera del Molinar y El Viaducto - COPE Alcoy<\/title>\n<meta name=\"robots\" content=\"index, follow, max-snippet:-1, max-image-preview:large, max-video-preview:-1\" \/>\n<link rel=\"canonical\" href=\"https:\/\/www.copealcoy.es\/es\/el-psoe-proyecta-un-sendero-entre-la-carretera-del-molinar-y-el-viaducto\/\" \/>\n<meta property=\"og:locale\" content=\"es_ES\" \/>\n<meta property=\"og:type\" content=\"article\" \/>\n<meta property=\"og:title\" content=\"El PSOE proyecta un sendero entre la Carretera del Molinar y El Viaducto - COPE Alcoy\" \/>\n<meta property=\"og:description\" content=\"El Partido Socialuista de Alcoy propone la creaci\u00f3n de un sendero entre la Carretera del Molinar y el Viaducto. La...\" \/>\n<meta property=\"og:url\" content=\"https:\/\/www.copealcoy.es\/es\/el-psoe-proyecta-un-sendero-entre-la-carretera-del-molinar-y-el-viaducto\/\" \/>\n<meta property=\"og:site_name\" content=\"COPE Alcoy\" \/>\n<meta property=\"article:published_time\" content=\"2019-05-23T16:31:55+00:00\" \/>\n<meta property=\"og:image\" content=\"https:\/\/www.copealcoy.es\/wp-content\/uploads\/2019\/05\/60627137_1343610942469817_8366360559032991744_n-e1558629084137-1.jpg\" \/>\n\t<meta property=\"og:image:width\" content=\"756\" \/>\n\t<meta property=\"og:image:height\" content=\"472\" \/>\n\t<meta property=\"og:image:type\" content=\"image\/jpeg\" \/>\n<meta name=\"author\" content=\"Cope Alcoy\" \/>\n<meta name=\"twitter:label1\" content=\"Escrito por\" \/>\n\t<meta name=\"twitter:data1\" content=\"Cope Alcoy\" \/>\n\t<meta name=\"twitter:label2\" content=\"Tiempo de lectura\" \/>\n\t<meta name=\"twitter:data2\" content=\"1 minuto\" \/>\n<script type=\"application\/ld+json\" class=\"yoast-schema-graph\">{\"@context\":\"https:\\\/\\\/schema.org\",\"@graph\":[{\"@type\":\"Article\",\"@id\":\"https:\\\/\\\/www.copealcoy.es\\\/es\\\/el-psoe-proyecta-un-sendero-entre-la-carretera-del-molinar-y-el-viaducto\\\/#article\",\"isPartOf\":{\"@id\":\"https:\\\/\\\/www.copealcoy.es\\\/es\\\/el-psoe-proyecta-un-sendero-entre-la-carretera-del-molinar-y-el-viaducto\\\/\"},\"author\":{\"name\":\"Cope Alcoy\",\"@id\":\"https:\\\/\\\/www.copealcoy.es\\\/es\\\/#\\\/schema\\\/person\\\/e777c87fa024e57d40170af9df39882c\"},\"headline\":\"El PSOE proyecta un sendero entre la Carretera del Molinar y El Viaducto\",\"datePublished\":\"2019-05-23T16:31:55+00:00\",\"mainEntityOfPage\":{\"@id\":\"https:\\\/\\\/www.copealcoy.es\\\/es\\\/el-psoe-proyecta-un-sendero-entre-la-carretera-del-molinar-y-el-viaducto\\\/\"},\"wordCount\":246,\"commentCount\":0,\"image\":{\"@id\":\"https:\\\/\\\/www.copealcoy.es\\\/es\\\/el-psoe-proyecta-un-sendero-entre-la-carretera-del-molinar-y-el-viaducto\\\/#primaryimage\"},\"thumbnailUrl\":\"https:\\\/\\\/www.copealcoy.es\\\/wp-content\\\/uploads\\\/2019\\\/05\\\/60627137_1343610942469817_8366360559032991744_n-e1558629084137-1.jpg\",\"keywords\":[\"Carretera del Molinar\",\"proyecta\",\"PSOE\",\"sendero\",\"viaducto\"],\"articleSection\":[\"Alcoy\",\"Elecciones\",\"Noticias\"],\"inLanguage\":\"es\"},{\"@type\":\"WebPage\",\"@id\":\"https:\\\/\\\/www.copealcoy.es\\\/es\\\/el-psoe-proyecta-un-sendero-entre-la-carretera-del-molinar-y-el-viaducto\\\/\",\"url\":\"https:\\\/\\\/www.copealcoy.es\\\/es\\\/el-psoe-proyecta-un-sendero-entre-la-carretera-del-molinar-y-el-viaducto\\\/\",\"name\":\"El PSOE proyecta un sendero entre la Carretera del Molinar y El Viaducto - COPE Alcoy\",\"isPartOf\":{\"@id\":\"https:\\\/\\\/www.copealcoy.es\\\/es\\\/#website\"},\"primaryImageOfPage\":{\"@id\":\"https:\\\/\\\/www.copealcoy.es\\\/es\\\/el-psoe-proyecta-un-sendero-entre-la-carretera-del-molinar-y-el-viaducto\\\/#primaryimage\"},\"image\":{\"@id\":\"https:\\\/\\\/www.copealcoy.es\\\/es\\\/el-psoe-proyecta-un-sendero-entre-la-carretera-del-molinar-y-el-viaducto\\\/#primaryimage\"},\"thumbnailUrl\":\"https:\\\/\\\/www.copealcoy.es\\\/wp-content\\\/uploads\\\/2019\\\/05\\\/60627137_1343610942469817_8366360559032991744_n-e1558629084137-1.jpg\",\"datePublished\":\"2019-05-23T16:31:55+00:00\",\"author\":{\"@id\":\"https:\\\/\\\/www.copealcoy.es\\\/es\\\/#\\\/schema\\\/person\\\/e777c87fa024e57d40170af9df39882c\"},\"breadcrumb\":{\"@id\":\"https:\\\/\\\/www.copealcoy.es\\\/es\\\/el-psoe-proyecta-un-sendero-entre-la-carretera-del-molinar-y-el-viaducto\\\/#breadcrumb\"},\"inLanguage\":\"es\",\"potentialAction\":[{\"@type\":\"ReadAction\",\"target\":[\"https:\\\/\\\/www.copealcoy.es\\\/es\\\/el-psoe-proyecta-un-sendero-entre-la-carretera-del-molinar-y-el-viaducto\\\/\"]}]},{\"@type\":\"ImageObject\",\"inLanguage\":\"es\",\"@id\":\"https:\\\/\\\/www.copealcoy.es\\\/es\\\/el-psoe-proyecta-un-sendero-entre-la-carretera-del-molinar-y-el-viaducto\\\/#primaryimage\",\"url\":\"https:\\\/\\\/www.copealcoy.es\\\/wp-content\\\/uploads\\\/2019\\\/05\\\/60627137_1343610942469817_8366360559032991744_n-e1558629084137-1.jpg\",\"contentUrl\":\"https:\\\/\\\/www.copealcoy.es\\\/wp-content\\\/uploads\\\/2019\\\/05\\\/60627137_1343610942469817_8366360559032991744_n-e1558629084137-1.jpg\",\"width\":756,\"height\":472},{\"@type\":\"BreadcrumbList\",\"@id\":\"https:\\\/\\\/www.copealcoy.es\\\/es\\\/el-psoe-proyecta-un-sendero-entre-la-carretera-del-molinar-y-el-viaducto\\\/#breadcrumb\",\"itemListElement\":[{\"@type\":\"ListItem\",\"position\":1,\"name\":\"Portada\",\"item\":\"https:\\\/\\\/www.copealcoy.es\\\/es\\\/\"},{\"@type\":\"ListItem\",\"position\":2,\"name\":\"El PSOE proyecta un sendero entre la Carretera del Molinar y El Viaducto\"}]},{\"@type\":\"WebSite\",\"@id\":\"https:\\\/\\\/www.copealcoy.es\\\/es\\\/#website\",\"url\":\"https:\\\/\\\/www.copealcoy.es\\\/es\\\/\",\"name\":\"COPE Alcoy\",\"description\":\"Emisora COPE de radio local con emisi\u00f3n online. Pont de Sant Jordi 8-10 03803 Alcoy\",\"potentialAction\":[{\"@type\":\"SearchAction\",\"target\":{\"@type\":\"EntryPoint\",\"urlTemplate\":\"https:\\\/\\\/www.copealcoy.es\\\/es\\\/?s={search_term_string}\"},\"query-input\":{\"@type\":\"PropertyValueSpecification\",\"valueRequired\":true,\"valueName\":\"search_term_string\"}}],\"inLanguage\":\"es\"},{\"@type\":\"Person\",\"@id\":\"https:\\\/\\\/www.copealcoy.es\\\/es\\\/#\\\/schema\\\/person\\\/e777c87fa024e57d40170af9df39882c\",\"name\":\"Cope Alcoy\",\"image\":{\"@type\":\"ImageObject\",\"inLanguage\":\"es\",\"@id\":\"https:\\\/\\\/secure.gravatar.com\\\/avatar\\\/bb65d0283347e303893ba14f0692005417c1e0e690a325a4c5d8bb2b3943ee14?s=96&d=mm&r=g\",\"url\":\"https:\\\/\\\/secure.gravatar.com\\\/avatar\\\/bb65d0283347e303893ba14f0692005417c1e0e690a325a4c5d8bb2b3943ee14?s=96&d=mm&r=g\",\"contentUrl\":\"https:\\\/\\\/secure.gravatar.com\\\/avatar\\\/bb65d0283347e303893ba14f0692005417c1e0e690a325a4c5d8bb2b3943ee14?s=96&d=mm&r=g\",\"caption\":\"Cope Alcoy\"}}]}<\/script>\n<!-- \/ Yoast SEO plugin. -->","yoast_head_json":{"title":"El PSOE proyecta un sendero entre la Carretera del Molinar y El Viaducto - COPE Alcoy","robots":{"index":"index","follow":"follow","max-snippet":"max-snippet:-1","max-image-preview":"max-image-preview:large","max-video-preview":"max-video-preview:-1"},"canonical":"https:\/\/www.copealcoy.es\/es\/el-psoe-proyecta-un-sendero-entre-la-carretera-del-molinar-y-el-viaducto\/","og_locale":"es_ES","og_type":"article","og_title":"El PSOE proyecta un sendero entre la Carretera del Molinar y El Viaducto - COPE Alcoy","og_description":"El Partido Socialuista de Alcoy propone la creaci\u00f3n de un sendero entre la Carretera del Molinar y el Viaducto. La...","og_url":"https:\/\/www.copealcoy.es\/es\/el-psoe-proyecta-un-sendero-entre-la-carretera-del-molinar-y-el-viaducto\/","og_site_name":"COPE Alcoy","article_published_time":"2019-05-23T16:31:55+00:00","og_image":[{"width":756,"height":472,"url":"https:\/\/www.copealcoy.es\/wp-content\/uploads\/2019\/05\/60627137_1343610942469817_8366360559032991744_n-e1558629084137-1.jpg","type":"image\/jpeg"}],"author":"Cope Alcoy","twitter_misc":{"Escrito por":"Cope Alcoy","Tiempo de lectura":"1 minuto"},"schema":{"@context":"https:\/\/schema.org","@graph":[{"@type":"Article","@id":"https:\/\/www.copealcoy.es\/es\/el-psoe-proyecta-un-sendero-entre-la-carretera-del-molinar-y-el-viaducto\/#article","isPartOf":{"@id":"https:\/\/www.copealcoy.es\/es\/el-psoe-proyecta-un-sendero-entre-la-carretera-del-molinar-y-el-viaducto\/"},"author":{"name":"Cope Alcoy","@id":"https:\/\/www.copealcoy.es\/es\/#\/schema\/person\/e777c87fa024e57d40170af9df39882c"},"headline":"El PSOE proyecta un sendero entre la Carretera del Molinar y El Viaducto","datePublished":"2019-05-23T16:31:55+00:00","mainEntityOfPage":{"@id":"https:\/\/www.copealcoy.es\/es\/el-psoe-proyecta-un-sendero-entre-la-carretera-del-molinar-y-el-viaducto\/"},"wordCount":246,"commentCount":0,"image":{"@id":"https:\/\/www.copealcoy.es\/es\/el-psoe-proyecta-un-sendero-entre-la-carretera-del-molinar-y-el-viaducto\/#primaryimage"},"thumbnailUrl":"https:\/\/www.copealcoy.es\/wp-content\/uploads\/2019\/05\/60627137_1343610942469817_8366360559032991744_n-e1558629084137-1.jpg","keywords":["Carretera del Molinar","proyecta","PSOE","sendero","viaducto"],"articleSection":["Alcoy","Elecciones","Noticias"],"inLanguage":"es"},{"@type":"WebPage","@id":"https:\/\/www.copealcoy.es\/es\/el-psoe-proyecta-un-sendero-entre-la-carretera-del-molinar-y-el-viaducto\/","url":"https:\/\/www.copealcoy.es\/es\/el-psoe-proyecta-un-sendero-entre-la-carretera-del-molinar-y-el-viaducto\/","name":"El PSOE proyecta un sendero entre la Carretera del Molinar y El Viaducto - COPE Alcoy","isPartOf":{"@id":"https:\/\/www.copealcoy.es\/es\/#website"},"primaryImageOfPage":{"@id":"https:\/\/www.copealcoy.es\/es\/el-psoe-proyecta-un-sendero-entre-la-carretera-del-molinar-y-el-viaducto\/#primaryimage"},"image":{"@id":"https:\/\/www.copealcoy.es\/es\/el-psoe-proyecta-un-sendero-entre-la-carretera-del-molinar-y-el-viaducto\/#primaryimage"},"thumbnailUrl":"https:\/\/www.copealcoy.es\/wp-content\/uploads\/2019\/05\/60627137_1343610942469817_8366360559032991744_n-e1558629084137-1.jpg","datePublished":"2019-05-23T16:31:55+00:00","author":{"@id":"https:\/\/www.copealcoy.es\/es\/#\/schema\/person\/e777c87fa024e57d40170af9df39882c"},"breadcrumb":{"@id":"https:\/\/www.copealcoy.es\/es\/el-psoe-proyecta-un-sendero-entre-la-carretera-del-molinar-y-el-viaducto\/#breadcrumb"},"inLanguage":"es","potentialAction":[{"@type":"ReadAction","target":["https:\/\/www.copealcoy.es\/es\/el-psoe-proyecta-un-sendero-entre-la-carretera-del-molinar-y-el-viaducto\/"]}]},{"@type":"ImageObject","inLanguage":"es","@id":"https:\/\/www.copealcoy.es\/es\/el-psoe-proyecta-un-sendero-entre-la-carretera-del-molinar-y-el-viaducto\/#primaryimage","url":"https:\/\/www.copealcoy.es\/wp-content\/uploads\/2019\/05\/60627137_1343610942469817_8366360559032991744_n-e1558629084137-1.jpg","contentUrl":"https:\/\/www.copealcoy.es\/wp-content\/uploads\/2019\/05\/60627137_1343610942469817_8366360559032991744_n-e1558629084137-1.jpg","width":756,"height":472},{"@type":"BreadcrumbList","@id":"https:\/\/www.copealcoy.es\/es\/el-psoe-proyecta-un-sendero-entre-la-carretera-del-molinar-y-el-viaducto\/#breadcrumb","itemListElement":[{"@type":"ListItem","position":1,"name":"Portada","item":"https:\/\/www.copealcoy.es\/es\/"},{"@type":"ListItem","position":2,"name":"El PSOE proyecta un sendero entre la Carretera del Molinar y El Viaducto"}]},{"@type":"WebSite","@id":"https:\/\/www.copealcoy.es\/es\/#website","url":"https:\/\/www.copealcoy.es\/es\/","name":"COPE Alcoy","description":"Emisora COPE de radio local con emisi\u00f3n online. Pont de Sant Jordi 8-10 03803 Alcoy","potentialAction":[{"@type":"SearchAction","target":{"@type":"EntryPoint","urlTemplate":"https:\/\/www.copealcoy.es\/es\/?s={search_term_string}"},"query-input":{"@type":"PropertyValueSpecification","valueRequired":true,"valueName":"search_term_string"}}],"inLanguage":"es"},{"@type":"Person","@id":"https:\/\/www.copealcoy.es\/es\/#\/schema\/person\/e777c87fa024e57d40170af9df39882c","name":"Cope Alcoy","image":{"@type":"ImageObject","inLanguage":"es","@id":"https:\/\/secure.gravatar.com\/avatar\/bb65d0283347e303893ba14f0692005417c1e0e690a325a4c5d8bb2b3943ee14?s=96&d=mm&r=g","url":"https:\/\/secure.gravatar.com\/avatar\/bb65d0283347e303893ba14f0692005417c1e0e690a325a4c5d8bb2b3943ee14?s=96&d=mm&r=g","contentUrl":"https:\/\/secure.gravatar.com\/avatar\/bb65d0283347e303893ba14f0692005417c1e0e690a325a4c5d8bb2b3943ee14?s=96&d=mm&r=g","caption":"Cope Alcoy"}}]}},"_links":{"self":[{"href":"https:\/\/www.copealcoy.es\/es\/wp-json\/wp\/v2\/posts\/51338","targetHints":{"allow":["GET"]}}],"collection":[{"href":"https:\/\/www.copealcoy.es\/es\/wp-json\/wp\/v2\/posts"}],"about":[{"href":"https:\/\/www.copealcoy.es\/es\/wp-json\/wp\/v2\/types\/post"}],"author":[{"embeddable":true,"href":"https:\/\/www.copealcoy.es\/es\/wp-json\/wp\/v2\/users\/1"}],"replies":[{"embeddable":true,"href":"https:\/\/www.copealcoy.es\/es\/wp-json\/wp\/v2\/comments?post=51338"}],"version-history":[{"count":0,"href":"https:\/\/www.copealcoy.es\/es\/wp-json\/wp\/v2\/posts\/51338\/revisions"}],"wp:featuredmedia":[{"embeddable":true,"href":"https:\/\/www.copealcoy.es\/es\/wp-json\/wp\/v2\/media\/51339"}],"wp:attachment":[{"href":"https:\/\/www.copealcoy.es\/es\/wp-json\/wp\/v2\/media?parent=51338"}],"wp:term":[{"taxonomy":"category","embeddable":true,"href":"https:\/\/www.copealcoy.es\/es\/wp-json\/wp\/v2\/categories?post=51338"},{"taxonomy":"post_tag","embeddable":true,"href":"https:\/\/www.copealcoy.es\/es\/wp-json\/wp\/v2\/tags?post=51338"}],"curies":[{"name":"wp","href":"https:\/\/api.w.org\/{rel}","templated":true}]}}