{"id":51331,"date":"2019-05-23T16:06:35","date_gmt":"2019-05-23T16:06:35","guid":{"rendered":"https:\/\/copealcoi.es\/?p=51331"},"modified":"2019-05-23T16:06:35","modified_gmt":"2019-05-23T16:06:35","slug":"la-licitacion-del-puente-de-serelles-agita-el-final-de-la-campana-electoral","status":"publish","type":"post","link":"https:\/\/www.copealcoy.es\/es\/la-licitacion-del-puente-de-serelles-agita-el-final-de-la-campana-electoral\/","title":{"rendered":"La licitaci\u00f3n del puente de Serelles agita el final de la Campa\u00f1a Electoral"},"content":{"rendered":"<p style=\"text-align: justify;\">El <strong>Ayuntamiento de Alcoy<\/strong> mantendr\u00e1 el procedimiento de <strong>la\u00a0licitaci\u00f3n de las obras\u00a0del Puente de Serelles<\/strong> a pesar de que <strong>una sentencia<\/strong>\u00a0del Juzgado de lo Contencioso Administrativo n\u00famero Dos de Alicante, fechada en noviembre de 2018, <strong>obligara al Consistorio<\/strong> a &#8220;<em>declarar la baja temeraria de la proposici\u00f3n econ\u00f3mica presentada por la UTE adjudicataria&#8221;<\/em>\u00a0 as\u00ed como a <strong>adjudicar el contrato a la empresa demandante<\/strong>, la cual tambi\u00e9n se present\u00f3 al concurso para tal fin.<\/p>\n<p style=\"text-align: justify;\">La edil de R\u00e9gimen Jur\u00eddico, <strong>Lorena Zamorano<\/strong>, ha asegurado al respecto que licitar el puente de Serelles <strong>era la obligaci\u00f3n del Gobierno Municipal del PSOE<\/strong> para terminar la urbanizaci\u00f3n y restablecer la legalidad de un proyecto heredado del Partido Popular &#8220;<em>e<span lang=\"ES\">n primer t\u00e9rmino, hay que recordar que a pesar de que la empresa ganara su recurso, cosa que los t\u00e9cnicos jur\u00eddicos municipales consideran muy improbable, a esta empresa se la indemnizar\u00eda con 5.000 o 6.000 euros, esto es todo. Paralizar la licitaci\u00f3n del puente por eso seria, en todo caso, una irresponsabilidad. Nosotros siempre hemos valorado la resoluci\u00f3n de los problemas con criterios de responsabilidad e intentando racionalizar los costes y repercusiones para evitar males mayores y as\u00ed se ha hecho tambi\u00e9n en este caso, confiando en la postura sobre la viabilidad jur\u00eddica del recurso planteado por el<\/span><\/em><span lang=\"ES\"> Consistorio&#8221;, asegura.\u00a0<\/span><\/p>\n<p style=\"text-align: justify;\">Zamorano ha lamentado por \u00faltimo <strong>las afirmaciones echas en las \u00faltimas horas de esta Campa\u00f1a Electoral<\/strong> por partidos pol\u00edticos como PP y Guanyar al igual que ha recordado la obra <strong>no supondr\u00e1 coste alguno a las arcas municipales<\/strong> porque se realizar\u00e1 con <strong>el aval incautado a Luxender<\/strong>;\u00a0una cuant\u00eda econ\u00f3mica\u00a0que tan solo se puede usar en la urbanizaci\u00f3n de la zona.<\/p>\n<p><strong>Cr\u00edticas de la oposici\u00f3n<\/strong><\/p>\n<p style=\"text-align: justify;\">Indicar que <strong>el Partido Popular ha pedido frenar la construcci\u00f3n del Puente de Serelles hasta que los tribunales validen el proyecto<\/strong> y ha propuesto <strong>aplicar el principio de precauci\u00f3n<\/strong> para evitar perjuicios en la econom\u00eda municipal &#8220;<em>c<span lang=\"ES\">on esta sentencia sobre la mesa, el Ayuntamiento debe esperar a que se resuelvan los recursos para no da\u00f1ar la econom\u00eda municipal. E<\/span><\/em><span lang=\"ES\"><em>s una irresponsabilidad adjudicar y ejecutar la obra. El Ayuntamiento debe aplicar el principio de precauci\u00f3n porque ejecutar la obra puede perjudicar econ\u00f3micamente a Alcoy<\/em>&#8220;, afirma el concejal y n\u00famero 5 de la candidatura del PP; <strong>Edu Tormo<\/strong>.\u00a0<\/span><\/p>\n<p style=\"text-align: justify;\">Desde <strong>Guanyar<\/strong>, por su parte, <strong>ven fines electoralistas en la licitaci\u00f3n de las obras de Serelles<\/strong> por parte del Gobierno Municipal y han lamentado que el Consistorio <strong>acabe asumiendo los costes<\/strong> derivados de las consecuencias de las posibles irregularidades detectadas en la misma &#8220;<em>el Gobierno Local \u00a0ha presentado recurso, vale. Pero ha hecho caso omiso de la sentencia y, sin esperar el recurso, ha licitado las obras en plena campa\u00f1a y haciendo uso del electoralismo m\u00e1s irresponsable y sucio. Y lo hace en base a un proyecto que el juzgado califica como baja temeraria. Si ahora el recurso no se acepta, \u00bfQuien asumir\u00e1 responsabilidades? Volvemos al bucle de impunidad pol\u00edtica que pens\u00e1bamos que hab\u00eda quedado atr\u00e1s, los casos como la Rosaleda, o la propia urbanizaci\u00f3n de Serelles<\/em>&#8220;, detalla<strong> Pablo Gonz\u00e1lez<\/strong>; n\u00famero 2 de la candidatura de la plataforma.<\/p>\n<p style=\"text-align: justify;\">Finalmente <strong>Ciudadanos tambi\u00e9n ha reclamado la paralizaci\u00f3n de la adjudicaci\u00f3n del proyecto<\/strong> al entender que esto <strong>podr\u00eda suponer un perjuicio econ\u00f3mico grave<\/strong> para el Ayuntamiento de la ciudad &#8220;<em>en el fallo de la sentencia se deja claro que se debe de adjudicar el contrato de redacci\u00f3n del proyecto a la empresa que qued\u00f3 segunda. Este proyecto ha sido uno de los grandes pufos del PP pero ahora el PSOE lo ha acabado de complicar todo m\u00e1s<\/em>&#8220;, asevera la candidata a la alcald\u00eda de Alcoy; <strong>Rosa Garc\u00eda<\/strong>.<\/p>\n","protected":false},"excerpt":{"rendered":"<p>El Ayuntamiento de Alcoy mantendr\u00e1 el procedimiento de la\u00a0licitaci\u00f3n de las obras\u00a0del Puente de Serelles a pesar de que una&#8230;<\/p>\n","protected":false},"author":1,"featured_media":50871,"comment_status":"open","ping_status":"open","sticky":false,"template":"","format":"standard","meta":{"footnotes":""},"categories":[97,75,125],"tags":[8755,996,4702,257,8756],"class_list":["post-51331","post","type-post","status-publish","format-standard","has-post-thumbnail","hentry","category-alcoy","category-noticias","category-portada","tag-agita","tag-campana-electoral","tag-final","tag-licitacion","tag-puente-de-serrelles"],"yoast_head":"<!-- This site is optimized with the Yoast SEO plugin v27.3 - https:\/\/yoast.com\/product\/yoast-seo-wordpress\/ -->\n<title>La licitaci\u00f3n del puente de Serelles agita el final de la Campa\u00f1a Electoral - COPE Alcoy<\/title>\n<meta name=\"robots\" content=\"index, follow, max-snippet:-1, max-image-preview:large, max-video-preview:-1\" \/>\n<link rel=\"canonical\" href=\"https:\/\/www.copealcoy.es\/es\/la-licitacion-del-puente-de-serelles-agita-el-final-de-la-campana-electoral\/\" \/>\n<meta property=\"og:locale\" content=\"es_ES\" \/>\n<meta property=\"og:type\" content=\"article\" \/>\n<meta property=\"og:title\" content=\"La licitaci\u00f3n del puente de Serelles agita el final de la Campa\u00f1a Electoral - COPE Alcoy\" \/>\n<meta property=\"og:description\" content=\"El Ayuntamiento de Alcoy mantendr\u00e1 el procedimiento de la\u00a0licitaci\u00f3n de las obras\u00a0del Puente de Serelles a pesar de que una...\" \/>\n<meta property=\"og:url\" content=\"https:\/\/www.copealcoy.es\/es\/la-licitacion-del-puente-de-serelles-agita-el-final-de-la-campana-electoral\/\" \/>\n<meta property=\"og:site_name\" content=\"COPE Alcoy\" \/>\n<meta property=\"article:published_time\" content=\"2019-05-23T16:06:35+00:00\" \/>\n<meta property=\"og:image\" content=\"https:\/\/www.copealcoy.es\/wp-content\/uploads\/2019\/05\/6880_serelles-1.jpg\" \/>\n\t<meta property=\"og:image:width\" content=\"980\" \/>\n\t<meta property=\"og:image:height\" content=\"551\" \/>\n\t<meta property=\"og:image:type\" content=\"image\/jpeg\" \/>\n<meta name=\"author\" content=\"Cope Alcoy\" \/>\n<meta name=\"twitter:label1\" content=\"Escrito por\" \/>\n\t<meta name=\"twitter:data1\" content=\"Cope Alcoy\" \/>\n\t<meta name=\"twitter:label2\" content=\"Tiempo de lectura\" \/>\n\t<meta name=\"twitter:data2\" content=\"3 minutos\" \/>\n<script type=\"application\/ld+json\" class=\"yoast-schema-graph\">{\"@context\":\"https:\\\/\\\/schema.org\",\"@graph\":[{\"@type\":\"Article\",\"@id\":\"https:\\\/\\\/www.copealcoy.es\\\/es\\\/la-licitacion-del-puente-de-serelles-agita-el-final-de-la-campana-electoral\\\/#article\",\"isPartOf\":{\"@id\":\"https:\\\/\\\/www.copealcoy.es\\\/es\\\/la-licitacion-del-puente-de-serelles-agita-el-final-de-la-campana-electoral\\\/\"},\"author\":{\"name\":\"Cope Alcoy\",\"@id\":\"https:\\\/\\\/www.copealcoy.es\\\/es\\\/#\\\/schema\\\/person\\\/e777c87fa024e57d40170af9df39882c\"},\"headline\":\"La licitaci\u00f3n del puente de Serelles agita el final de la Campa\u00f1a Electoral\",\"datePublished\":\"2019-05-23T16:06:35+00:00\",\"mainEntityOfPage\":{\"@id\":\"https:\\\/\\\/www.copealcoy.es\\\/es\\\/la-licitacion-del-puente-de-serelles-agita-el-final-de-la-campana-electoral\\\/\"},\"wordCount\":663,\"commentCount\":0,\"image\":{\"@id\":\"https:\\\/\\\/www.copealcoy.es\\\/es\\\/la-licitacion-del-puente-de-serelles-agita-el-final-de-la-campana-electoral\\\/#primaryimage\"},\"thumbnailUrl\":\"https:\\\/\\\/www.copealcoy.es\\\/wp-content\\\/uploads\\\/2019\\\/05\\\/6880_serelles-1.jpg\",\"keywords\":[\"agita\",\"Campa\u00f1a Electoral\",\"final\",\"Licitaci\u00f3n\",\"Puente de Serrelles\"],\"articleSection\":[\"Alcoy\",\"Noticias\",\"Portada\"],\"inLanguage\":\"es\"},{\"@type\":\"WebPage\",\"@id\":\"https:\\\/\\\/www.copealcoy.es\\\/es\\\/la-licitacion-del-puente-de-serelles-agita-el-final-de-la-campana-electoral\\\/\",\"url\":\"https:\\\/\\\/www.copealcoy.es\\\/es\\\/la-licitacion-del-puente-de-serelles-agita-el-final-de-la-campana-electoral\\\/\",\"name\":\"La licitaci\u00f3n del puente de Serelles agita el final de la Campa\u00f1a Electoral - COPE Alcoy\",\"isPartOf\":{\"@id\":\"https:\\\/\\\/www.copealcoy.es\\\/es\\\/#website\"},\"primaryImageOfPage\":{\"@id\":\"https:\\\/\\\/www.copealcoy.es\\\/es\\\/la-licitacion-del-puente-de-serelles-agita-el-final-de-la-campana-electoral\\\/#primaryimage\"},\"image\":{\"@id\":\"https:\\\/\\\/www.copealcoy.es\\\/es\\\/la-licitacion-del-puente-de-serelles-agita-el-final-de-la-campana-electoral\\\/#primaryimage\"},\"thumbnailUrl\":\"https:\\\/\\\/www.copealcoy.es\\\/wp-content\\\/uploads\\\/2019\\\/05\\\/6880_serelles-1.jpg\",\"datePublished\":\"2019-05-23T16:06:35+00:00\",\"author\":{\"@id\":\"https:\\\/\\\/www.copealcoy.es\\\/es\\\/#\\\/schema\\\/person\\\/e777c87fa024e57d40170af9df39882c\"},\"breadcrumb\":{\"@id\":\"https:\\\/\\\/www.copealcoy.es\\\/es\\\/la-licitacion-del-puente-de-serelles-agita-el-final-de-la-campana-electoral\\\/#breadcrumb\"},\"inLanguage\":\"es\",\"potentialAction\":[{\"@type\":\"ReadAction\",\"target\":[\"https:\\\/\\\/www.copealcoy.es\\\/es\\\/la-licitacion-del-puente-de-serelles-agita-el-final-de-la-campana-electoral\\\/\"]}]},{\"@type\":\"ImageObject\",\"inLanguage\":\"es\",\"@id\":\"https:\\\/\\\/www.copealcoy.es\\\/es\\\/la-licitacion-del-puente-de-serelles-agita-el-final-de-la-campana-electoral\\\/#primaryimage\",\"url\":\"https:\\\/\\\/www.copealcoy.es\\\/wp-content\\\/uploads\\\/2019\\\/05\\\/6880_serelles-1.jpg\",\"contentUrl\":\"https:\\\/\\\/www.copealcoy.es\\\/wp-content\\\/uploads\\\/2019\\\/05\\\/6880_serelles-1.jpg\",\"width\":980,\"height\":551},{\"@type\":\"BreadcrumbList\",\"@id\":\"https:\\\/\\\/www.copealcoy.es\\\/es\\\/la-licitacion-del-puente-de-serelles-agita-el-final-de-la-campana-electoral\\\/#breadcrumb\",\"itemListElement\":[{\"@type\":\"ListItem\",\"position\":1,\"name\":\"Portada\",\"item\":\"https:\\\/\\\/www.copealcoy.es\\\/es\\\/\"},{\"@type\":\"ListItem\",\"position\":2,\"name\":\"La licitaci\u00f3n del puente de Serelles agita el final de la Campa\u00f1a Electoral\"}]},{\"@type\":\"WebSite\",\"@id\":\"https:\\\/\\\/www.copealcoy.es\\\/es\\\/#website\",\"url\":\"https:\\\/\\\/www.copealcoy.es\\\/es\\\/\",\"name\":\"COPE Alcoy\",\"description\":\"Emisora COPE de radio local con emisi\u00f3n online. Pont de Sant Jordi 8-10 03803 Alcoy\",\"potentialAction\":[{\"@type\":\"SearchAction\",\"target\":{\"@type\":\"EntryPoint\",\"urlTemplate\":\"https:\\\/\\\/www.copealcoy.es\\\/es\\\/?s={search_term_string}\"},\"query-input\":{\"@type\":\"PropertyValueSpecification\",\"valueRequired\":true,\"valueName\":\"search_term_string\"}}],\"inLanguage\":\"es\"},{\"@type\":\"Person\",\"@id\":\"https:\\\/\\\/www.copealcoy.es\\\/es\\\/#\\\/schema\\\/person\\\/e777c87fa024e57d40170af9df39882c\",\"name\":\"Cope Alcoy\",\"image\":{\"@type\":\"ImageObject\",\"inLanguage\":\"es\",\"@id\":\"https:\\\/\\\/secure.gravatar.com\\\/avatar\\\/bb65d0283347e303893ba14f0692005417c1e0e690a325a4c5d8bb2b3943ee14?s=96&d=mm&r=g\",\"url\":\"https:\\\/\\\/secure.gravatar.com\\\/avatar\\\/bb65d0283347e303893ba14f0692005417c1e0e690a325a4c5d8bb2b3943ee14?s=96&d=mm&r=g\",\"contentUrl\":\"https:\\\/\\\/secure.gravatar.com\\\/avatar\\\/bb65d0283347e303893ba14f0692005417c1e0e690a325a4c5d8bb2b3943ee14?s=96&d=mm&r=g\",\"caption\":\"Cope Alcoy\"}}]}<\/script>\n<!-- \/ Yoast SEO plugin. -->","yoast_head_json":{"title":"La licitaci\u00f3n del puente de Serelles agita el final de la Campa\u00f1a Electoral - COPE Alcoy","robots":{"index":"index","follow":"follow","max-snippet":"max-snippet:-1","max-image-preview":"max-image-preview:large","max-video-preview":"max-video-preview:-1"},"canonical":"https:\/\/www.copealcoy.es\/es\/la-licitacion-del-puente-de-serelles-agita-el-final-de-la-campana-electoral\/","og_locale":"es_ES","og_type":"article","og_title":"La licitaci\u00f3n del puente de Serelles agita el final de la Campa\u00f1a Electoral - COPE Alcoy","og_description":"El Ayuntamiento de Alcoy mantendr\u00e1 el procedimiento de la\u00a0licitaci\u00f3n de las obras\u00a0del Puente de Serelles a pesar de que una...","og_url":"https:\/\/www.copealcoy.es\/es\/la-licitacion-del-puente-de-serelles-agita-el-final-de-la-campana-electoral\/","og_site_name":"COPE Alcoy","article_published_time":"2019-05-23T16:06:35+00:00","og_image":[{"width":980,"height":551,"url":"https:\/\/www.copealcoy.es\/wp-content\/uploads\/2019\/05\/6880_serelles-1.jpg","type":"image\/jpeg"}],"author":"Cope Alcoy","twitter_misc":{"Escrito por":"Cope Alcoy","Tiempo de lectura":"3 minutos"},"schema":{"@context":"https:\/\/schema.org","@graph":[{"@type":"Article","@id":"https:\/\/www.copealcoy.es\/es\/la-licitacion-del-puente-de-serelles-agita-el-final-de-la-campana-electoral\/#article","isPartOf":{"@id":"https:\/\/www.copealcoy.es\/es\/la-licitacion-del-puente-de-serelles-agita-el-final-de-la-campana-electoral\/"},"author":{"name":"Cope Alcoy","@id":"https:\/\/www.copealcoy.es\/es\/#\/schema\/person\/e777c87fa024e57d40170af9df39882c"},"headline":"La licitaci\u00f3n del puente de Serelles agita el final de la Campa\u00f1a Electoral","datePublished":"2019-05-23T16:06:35+00:00","mainEntityOfPage":{"@id":"https:\/\/www.copealcoy.es\/es\/la-licitacion-del-puente-de-serelles-agita-el-final-de-la-campana-electoral\/"},"wordCount":663,"commentCount":0,"image":{"@id":"https:\/\/www.copealcoy.es\/es\/la-licitacion-del-puente-de-serelles-agita-el-final-de-la-campana-electoral\/#primaryimage"},"thumbnailUrl":"https:\/\/www.copealcoy.es\/wp-content\/uploads\/2019\/05\/6880_serelles-1.jpg","keywords":["agita","Campa\u00f1a Electoral","final","Licitaci\u00f3n","Puente de Serrelles"],"articleSection":["Alcoy","Noticias","Portada"],"inLanguage":"es"},{"@type":"WebPage","@id":"https:\/\/www.copealcoy.es\/es\/la-licitacion-del-puente-de-serelles-agita-el-final-de-la-campana-electoral\/","url":"https:\/\/www.copealcoy.es\/es\/la-licitacion-del-puente-de-serelles-agita-el-final-de-la-campana-electoral\/","name":"La licitaci\u00f3n del puente de Serelles agita el final de la Campa\u00f1a Electoral - COPE Alcoy","isPartOf":{"@id":"https:\/\/www.copealcoy.es\/es\/#website"},"primaryImageOfPage":{"@id":"https:\/\/www.copealcoy.es\/es\/la-licitacion-del-puente-de-serelles-agita-el-final-de-la-campana-electoral\/#primaryimage"},"image":{"@id":"https:\/\/www.copealcoy.es\/es\/la-licitacion-del-puente-de-serelles-agita-el-final-de-la-campana-electoral\/#primaryimage"},"thumbnailUrl":"https:\/\/www.copealcoy.es\/wp-content\/uploads\/2019\/05\/6880_serelles-1.jpg","datePublished":"2019-05-23T16:06:35+00:00","author":{"@id":"https:\/\/www.copealcoy.es\/es\/#\/schema\/person\/e777c87fa024e57d40170af9df39882c"},"breadcrumb":{"@id":"https:\/\/www.copealcoy.es\/es\/la-licitacion-del-puente-de-serelles-agita-el-final-de-la-campana-electoral\/#breadcrumb"},"inLanguage":"es","potentialAction":[{"@type":"ReadAction","target":["https:\/\/www.copealcoy.es\/es\/la-licitacion-del-puente-de-serelles-agita-el-final-de-la-campana-electoral\/"]}]},{"@type":"ImageObject","inLanguage":"es","@id":"https:\/\/www.copealcoy.es\/es\/la-licitacion-del-puente-de-serelles-agita-el-final-de-la-campana-electoral\/#primaryimage","url":"https:\/\/www.copealcoy.es\/wp-content\/uploads\/2019\/05\/6880_serelles-1.jpg","contentUrl":"https:\/\/www.copealcoy.es\/wp-content\/uploads\/2019\/05\/6880_serelles-1.jpg","width":980,"height":551},{"@type":"BreadcrumbList","@id":"https:\/\/www.copealcoy.es\/es\/la-licitacion-del-puente-de-serelles-agita-el-final-de-la-campana-electoral\/#breadcrumb","itemListElement":[{"@type":"ListItem","position":1,"name":"Portada","item":"https:\/\/www.copealcoy.es\/es\/"},{"@type":"ListItem","position":2,"name":"La licitaci\u00f3n del puente de Serelles agita el final de la Campa\u00f1a Electoral"}]},{"@type":"WebSite","@id":"https:\/\/www.copealcoy.es\/es\/#website","url":"https:\/\/www.copealcoy.es\/es\/","name":"COPE Alcoy","description":"Emisora COPE de radio local con emisi\u00f3n online. Pont de Sant Jordi 8-10 03803 Alcoy","potentialAction":[{"@type":"SearchAction","target":{"@type":"EntryPoint","urlTemplate":"https:\/\/www.copealcoy.es\/es\/?s={search_term_string}"},"query-input":{"@type":"PropertyValueSpecification","valueRequired":true,"valueName":"search_term_string"}}],"inLanguage":"es"},{"@type":"Person","@id":"https:\/\/www.copealcoy.es\/es\/#\/schema\/person\/e777c87fa024e57d40170af9df39882c","name":"Cope Alcoy","image":{"@type":"ImageObject","inLanguage":"es","@id":"https:\/\/secure.gravatar.com\/avatar\/bb65d0283347e303893ba14f0692005417c1e0e690a325a4c5d8bb2b3943ee14?s=96&d=mm&r=g","url":"https:\/\/secure.gravatar.com\/avatar\/bb65d0283347e303893ba14f0692005417c1e0e690a325a4c5d8bb2b3943ee14?s=96&d=mm&r=g","contentUrl":"https:\/\/secure.gravatar.com\/avatar\/bb65d0283347e303893ba14f0692005417c1e0e690a325a4c5d8bb2b3943ee14?s=96&d=mm&r=g","caption":"Cope Alcoy"}}]}},"_links":{"self":[{"href":"https:\/\/www.copealcoy.es\/es\/wp-json\/wp\/v2\/posts\/51331","targetHints":{"allow":["GET"]}}],"collection":[{"href":"https:\/\/www.copealcoy.es\/es\/wp-json\/wp\/v2\/posts"}],"about":[{"href":"https:\/\/www.copealcoy.es\/es\/wp-json\/wp\/v2\/types\/post"}],"author":[{"embeddable":true,"href":"https:\/\/www.copealcoy.es\/es\/wp-json\/wp\/v2\/users\/1"}],"replies":[{"embeddable":true,"href":"https:\/\/www.copealcoy.es\/es\/wp-json\/wp\/v2\/comments?post=51331"}],"version-history":[{"count":0,"href":"https:\/\/www.copealcoy.es\/es\/wp-json\/wp\/v2\/posts\/51331\/revisions"}],"wp:featuredmedia":[{"embeddable":true,"href":"https:\/\/www.copealcoy.es\/es\/wp-json\/wp\/v2\/media\/50871"}],"wp:attachment":[{"href":"https:\/\/www.copealcoy.es\/es\/wp-json\/wp\/v2\/media?parent=51331"}],"wp:term":[{"taxonomy":"category","embeddable":true,"href":"https:\/\/www.copealcoy.es\/es\/wp-json\/wp\/v2\/categories?post=51331"},{"taxonomy":"post_tag","embeddable":true,"href":"https:\/\/www.copealcoy.es\/es\/wp-json\/wp\/v2\/tags?post=51331"}],"curies":[{"name":"wp","href":"https:\/\/api.w.org\/{rel}","templated":true}]}}