{"id":51268,"date":"2019-05-22T15:19:01","date_gmt":"2019-05-22T15:19:01","guid":{"rendered":"https:\/\/copealcoi.es\/?p=51268"},"modified":"2019-05-22T15:19:01","modified_gmt":"2019-05-22T15:19:01","slug":"la-plataforma-en-defensa-de-las-pensiones-publicas-se-desvincula-de-3a-edad-en-accion","status":"publish","type":"post","link":"https:\/\/www.copealcoy.es\/es\/la-plataforma-en-defensa-de-las-pensiones-publicas-se-desvincula-de-3a-edad-en-accion\/","title":{"rendered":"La Plataforma en Defensa de las Pensiones P\u00fablicas se desvincula de 3\u00aa Edad en Acci\u00f3n"},"content":{"rendered":"<p style=\"text-align: justify;\">La <strong>Coordinadora de Pensionistas de l\u2019Alcoi\u00e0-Comtat<\/strong> ofreci\u00f3 a principios de la pasada semana <strong>una rueda de prensa<\/strong> para <strong>desmarcarse de Tercera Edad en Acci\u00f3n<\/strong>, un partido pol\u00edtico que concurre con <strong>una candidatura propia<\/strong> a las Elecciones Municipales de este domingo 26 de mayo. El portavoz de este organismo, <strong>Antonio Matarredona<\/strong>, aclar\u00f3 en su intervenci\u00f3n que la Plataforma\u00a0<strong>no es partido pol\u00edtico<\/strong> y asegur\u00f3 que <strong>persiguen como principal objetivo<\/strong> &#8220;<em>la defensa del sistema p\u00fablico de pensiones<\/em>&#8220;, afirma. Desde la Plataforma <strong>pidieron el voto para aquellos partidos que han apoyado a la Coordinadora<\/strong> en este tiempo, es decir PSOE, Guanyar Alcoi, Podem Alcoi y Comprom\u00eds.<\/p>\n","protected":false},"excerpt":{"rendered":"<p>La Coordinadora de Pensionistas de l\u2019Alcoi\u00e0-Comtat ofreci\u00f3 a principios de la pasada semana una rueda de prensa para desmarcarse de&#8230;<\/p>\n","protected":false},"author":1,"featured_media":51269,"comment_status":"open","ping_status":"open","sticky":false,"template":"","format":"standard","meta":{"footnotes":""},"categories":[97,744,75,79],"tags":[8725,8741,8742,3771],"class_list":["post-51268","post","type-post","status-publish","format-standard","has-post-thumbnail","hentry","category-alcoy","category-elecciones","category-noticias","category-politicayeconomia","tag-3a-edad-en-accion","tag-defensa-pensiones-publicas","tag-desvincula","tag-plataforma"],"yoast_head":"<!-- This site is optimized with the Yoast SEO plugin v27.3 - https:\/\/yoast.com\/product\/yoast-seo-wordpress\/ -->\n<title>La Plataforma en Defensa de las Pensiones P\u00fablicas se desvincula de 3\u00aa Edad en Acci\u00f3n - COPE Alcoy<\/title>\n<meta name=\"robots\" content=\"index, follow, max-snippet:-1, max-image-preview:large, max-video-preview:-1\" \/>\n<link rel=\"canonical\" href=\"https:\/\/www.copealcoy.es\/es\/la-plataforma-en-defensa-de-las-pensiones-publicas-se-desvincula-de-3a-edad-en-accion\/\" \/>\n<meta property=\"og:locale\" content=\"es_ES\" \/>\n<meta property=\"og:type\" content=\"article\" \/>\n<meta property=\"og:title\" content=\"La Plataforma en Defensa de las Pensiones P\u00fablicas se desvincula de 3\u00aa Edad en Acci\u00f3n - COPE Alcoy\" \/>\n<meta property=\"og:description\" content=\"La Coordinadora de Pensionistas de l\u2019Alcoi\u00e0-Comtat ofreci\u00f3 a principios de la pasada semana una rueda de prensa para desmarcarse de...\" \/>\n<meta property=\"og:url\" content=\"https:\/\/www.copealcoy.es\/es\/la-plataforma-en-defensa-de-las-pensiones-publicas-se-desvincula-de-3a-edad-en-accion\/\" \/>\n<meta property=\"og:site_name\" content=\"COPE Alcoy\" \/>\n<meta property=\"article:published_time\" content=\"2019-05-22T15:19:01+00:00\" \/>\n<meta property=\"og:image\" content=\"https:\/\/www.copealcoy.es\/wp-content\/uploads\/2019\/05\/PHOTO-2019-05-13-11-08-12-1.jpg\" \/>\n\t<meta property=\"og:image:width\" content=\"1328\" \/>\n\t<meta property=\"og:image:height\" content=\"747\" \/>\n\t<meta property=\"og:image:type\" content=\"image\/jpeg\" \/>\n<meta name=\"author\" content=\"Cope Alcoy\" \/>\n<meta name=\"twitter:label1\" content=\"Escrito por\" \/>\n\t<meta name=\"twitter:data1\" content=\"Cope Alcoy\" \/>\n\t<meta name=\"twitter:label2\" content=\"Tiempo de lectura\" \/>\n\t<meta name=\"twitter:data2\" content=\"1 minuto\" \/>\n<script type=\"application\/ld+json\" class=\"yoast-schema-graph\">{\"@context\":\"https:\\\/\\\/schema.org\",\"@graph\":[{\"@type\":\"Article\",\"@id\":\"https:\\\/\\\/www.copealcoy.es\\\/es\\\/la-plataforma-en-defensa-de-las-pensiones-publicas-se-desvincula-de-3a-edad-en-accion\\\/#article\",\"isPartOf\":{\"@id\":\"https:\\\/\\\/www.copealcoy.es\\\/es\\\/la-plataforma-en-defensa-de-las-pensiones-publicas-se-desvincula-de-3a-edad-en-accion\\\/\"},\"author\":{\"name\":\"Cope Alcoy\",\"@id\":\"https:\\\/\\\/www.copealcoy.es\\\/es\\\/#\\\/schema\\\/person\\\/e777c87fa024e57d40170af9df39882c\"},\"headline\":\"La Plataforma en Defensa de las Pensiones P\u00fablicas se desvincula de 3\u00aa Edad en Acci\u00f3n\",\"datePublished\":\"2019-05-22T15:19:01+00:00\",\"mainEntityOfPage\":{\"@id\":\"https:\\\/\\\/www.copealcoy.es\\\/es\\\/la-plataforma-en-defensa-de-las-pensiones-publicas-se-desvincula-de-3a-edad-en-accion\\\/\"},\"wordCount\":126,\"commentCount\":0,\"image\":{\"@id\":\"https:\\\/\\\/www.copealcoy.es\\\/es\\\/la-plataforma-en-defensa-de-las-pensiones-publicas-se-desvincula-de-3a-edad-en-accion\\\/#primaryimage\"},\"thumbnailUrl\":\"https:\\\/\\\/www.copealcoy.es\\\/wp-content\\\/uploads\\\/2019\\\/05\\\/PHOTO-2019-05-13-11-08-12-1.jpg\",\"keywords\":[\"3\u00aa Edad en Acci\u00f3n\",\"Defensa Pensiones P\u00fablicas\",\"desvincula\",\"Plataforma\"],\"articleSection\":[\"Alcoy\",\"Elecciones\",\"Noticias\",\"Pol\u00edtica y Econom\u00eda\"],\"inLanguage\":\"es\"},{\"@type\":\"WebPage\",\"@id\":\"https:\\\/\\\/www.copealcoy.es\\\/es\\\/la-plataforma-en-defensa-de-las-pensiones-publicas-se-desvincula-de-3a-edad-en-accion\\\/\",\"url\":\"https:\\\/\\\/www.copealcoy.es\\\/es\\\/la-plataforma-en-defensa-de-las-pensiones-publicas-se-desvincula-de-3a-edad-en-accion\\\/\",\"name\":\"La Plataforma en Defensa de las Pensiones P\u00fablicas se desvincula de 3\u00aa Edad en Acci\u00f3n - COPE Alcoy\",\"isPartOf\":{\"@id\":\"https:\\\/\\\/www.copealcoy.es\\\/es\\\/#website\"},\"primaryImageOfPage\":{\"@id\":\"https:\\\/\\\/www.copealcoy.es\\\/es\\\/la-plataforma-en-defensa-de-las-pensiones-publicas-se-desvincula-de-3a-edad-en-accion\\\/#primaryimage\"},\"image\":{\"@id\":\"https:\\\/\\\/www.copealcoy.es\\\/es\\\/la-plataforma-en-defensa-de-las-pensiones-publicas-se-desvincula-de-3a-edad-en-accion\\\/#primaryimage\"},\"thumbnailUrl\":\"https:\\\/\\\/www.copealcoy.es\\\/wp-content\\\/uploads\\\/2019\\\/05\\\/PHOTO-2019-05-13-11-08-12-1.jpg\",\"datePublished\":\"2019-05-22T15:19:01+00:00\",\"author\":{\"@id\":\"https:\\\/\\\/www.copealcoy.es\\\/es\\\/#\\\/schema\\\/person\\\/e777c87fa024e57d40170af9df39882c\"},\"breadcrumb\":{\"@id\":\"https:\\\/\\\/www.copealcoy.es\\\/es\\\/la-plataforma-en-defensa-de-las-pensiones-publicas-se-desvincula-de-3a-edad-en-accion\\\/#breadcrumb\"},\"inLanguage\":\"es\",\"potentialAction\":[{\"@type\":\"ReadAction\",\"target\":[\"https:\\\/\\\/www.copealcoy.es\\\/es\\\/la-plataforma-en-defensa-de-las-pensiones-publicas-se-desvincula-de-3a-edad-en-accion\\\/\"]}]},{\"@type\":\"ImageObject\",\"inLanguage\":\"es\",\"@id\":\"https:\\\/\\\/www.copealcoy.es\\\/es\\\/la-plataforma-en-defensa-de-las-pensiones-publicas-se-desvincula-de-3a-edad-en-accion\\\/#primaryimage\",\"url\":\"https:\\\/\\\/www.copealcoy.es\\\/wp-content\\\/uploads\\\/2019\\\/05\\\/PHOTO-2019-05-13-11-08-12-1.jpg\",\"contentUrl\":\"https:\\\/\\\/www.copealcoy.es\\\/wp-content\\\/uploads\\\/2019\\\/05\\\/PHOTO-2019-05-13-11-08-12-1.jpg\",\"width\":1328,\"height\":747,\"caption\":\"Imagen de la comparecencia de la Plataforma de las Pensiones\"},{\"@type\":\"BreadcrumbList\",\"@id\":\"https:\\\/\\\/www.copealcoy.es\\\/es\\\/la-plataforma-en-defensa-de-las-pensiones-publicas-se-desvincula-de-3a-edad-en-accion\\\/#breadcrumb\",\"itemListElement\":[{\"@type\":\"ListItem\",\"position\":1,\"name\":\"Portada\",\"item\":\"https:\\\/\\\/www.copealcoy.es\\\/es\\\/\"},{\"@type\":\"ListItem\",\"position\":2,\"name\":\"La Plataforma en Defensa de las Pensiones P\u00fablicas se desvincula de 3\u00aa Edad en Acci\u00f3n\"}]},{\"@type\":\"WebSite\",\"@id\":\"https:\\\/\\\/www.copealcoy.es\\\/es\\\/#website\",\"url\":\"https:\\\/\\\/www.copealcoy.es\\\/es\\\/\",\"name\":\"COPE Alcoy\",\"description\":\"Emisora COPE de radio local con emisi\u00f3n online. Pont de Sant Jordi 8-10 03803 Alcoy\",\"potentialAction\":[{\"@type\":\"SearchAction\",\"target\":{\"@type\":\"EntryPoint\",\"urlTemplate\":\"https:\\\/\\\/www.copealcoy.es\\\/es\\\/?s={search_term_string}\"},\"query-input\":{\"@type\":\"PropertyValueSpecification\",\"valueRequired\":true,\"valueName\":\"search_term_string\"}}],\"inLanguage\":\"es\"},{\"@type\":\"Person\",\"@id\":\"https:\\\/\\\/www.copealcoy.es\\\/es\\\/#\\\/schema\\\/person\\\/e777c87fa024e57d40170af9df39882c\",\"name\":\"Cope Alcoy\",\"image\":{\"@type\":\"ImageObject\",\"inLanguage\":\"es\",\"@id\":\"https:\\\/\\\/secure.gravatar.com\\\/avatar\\\/bb65d0283347e303893ba14f0692005417c1e0e690a325a4c5d8bb2b3943ee14?s=96&d=mm&r=g\",\"url\":\"https:\\\/\\\/secure.gravatar.com\\\/avatar\\\/bb65d0283347e303893ba14f0692005417c1e0e690a325a4c5d8bb2b3943ee14?s=96&d=mm&r=g\",\"contentUrl\":\"https:\\\/\\\/secure.gravatar.com\\\/avatar\\\/bb65d0283347e303893ba14f0692005417c1e0e690a325a4c5d8bb2b3943ee14?s=96&d=mm&r=g\",\"caption\":\"Cope Alcoy\"}}]}<\/script>\n<!-- \/ Yoast SEO plugin. -->","yoast_head_json":{"title":"La Plataforma en Defensa de las Pensiones P\u00fablicas se desvincula de 3\u00aa Edad en Acci\u00f3n - COPE Alcoy","robots":{"index":"index","follow":"follow","max-snippet":"max-snippet:-1","max-image-preview":"max-image-preview:large","max-video-preview":"max-video-preview:-1"},"canonical":"https:\/\/www.copealcoy.es\/es\/la-plataforma-en-defensa-de-las-pensiones-publicas-se-desvincula-de-3a-edad-en-accion\/","og_locale":"es_ES","og_type":"article","og_title":"La Plataforma en Defensa de las Pensiones P\u00fablicas se desvincula de 3\u00aa Edad en Acci\u00f3n - COPE Alcoy","og_description":"La Coordinadora de Pensionistas de l\u2019Alcoi\u00e0-Comtat ofreci\u00f3 a principios de la pasada semana una rueda de prensa para desmarcarse de...","og_url":"https:\/\/www.copealcoy.es\/es\/la-plataforma-en-defensa-de-las-pensiones-publicas-se-desvincula-de-3a-edad-en-accion\/","og_site_name":"COPE Alcoy","article_published_time":"2019-05-22T15:19:01+00:00","og_image":[{"width":1328,"height":747,"url":"https:\/\/www.copealcoy.es\/wp-content\/uploads\/2019\/05\/PHOTO-2019-05-13-11-08-12-1.jpg","type":"image\/jpeg"}],"author":"Cope Alcoy","twitter_misc":{"Escrito por":"Cope Alcoy","Tiempo de lectura":"1 minuto"},"schema":{"@context":"https:\/\/schema.org","@graph":[{"@type":"Article","@id":"https:\/\/www.copealcoy.es\/es\/la-plataforma-en-defensa-de-las-pensiones-publicas-se-desvincula-de-3a-edad-en-accion\/#article","isPartOf":{"@id":"https:\/\/www.copealcoy.es\/es\/la-plataforma-en-defensa-de-las-pensiones-publicas-se-desvincula-de-3a-edad-en-accion\/"},"author":{"name":"Cope Alcoy","@id":"https:\/\/www.copealcoy.es\/es\/#\/schema\/person\/e777c87fa024e57d40170af9df39882c"},"headline":"La Plataforma en Defensa de las Pensiones P\u00fablicas se desvincula de 3\u00aa Edad en Acci\u00f3n","datePublished":"2019-05-22T15:19:01+00:00","mainEntityOfPage":{"@id":"https:\/\/www.copealcoy.es\/es\/la-plataforma-en-defensa-de-las-pensiones-publicas-se-desvincula-de-3a-edad-en-accion\/"},"wordCount":126,"commentCount":0,"image":{"@id":"https:\/\/www.copealcoy.es\/es\/la-plataforma-en-defensa-de-las-pensiones-publicas-se-desvincula-de-3a-edad-en-accion\/#primaryimage"},"thumbnailUrl":"https:\/\/www.copealcoy.es\/wp-content\/uploads\/2019\/05\/PHOTO-2019-05-13-11-08-12-1.jpg","keywords":["3\u00aa Edad en Acci\u00f3n","Defensa Pensiones P\u00fablicas","desvincula","Plataforma"],"articleSection":["Alcoy","Elecciones","Noticias","Pol\u00edtica y Econom\u00eda"],"inLanguage":"es"},{"@type":"WebPage","@id":"https:\/\/www.copealcoy.es\/es\/la-plataforma-en-defensa-de-las-pensiones-publicas-se-desvincula-de-3a-edad-en-accion\/","url":"https:\/\/www.copealcoy.es\/es\/la-plataforma-en-defensa-de-las-pensiones-publicas-se-desvincula-de-3a-edad-en-accion\/","name":"La Plataforma en Defensa de las Pensiones P\u00fablicas se desvincula de 3\u00aa Edad en Acci\u00f3n - COPE Alcoy","isPartOf":{"@id":"https:\/\/www.copealcoy.es\/es\/#website"},"primaryImageOfPage":{"@id":"https:\/\/www.copealcoy.es\/es\/la-plataforma-en-defensa-de-las-pensiones-publicas-se-desvincula-de-3a-edad-en-accion\/#primaryimage"},"image":{"@id":"https:\/\/www.copealcoy.es\/es\/la-plataforma-en-defensa-de-las-pensiones-publicas-se-desvincula-de-3a-edad-en-accion\/#primaryimage"},"thumbnailUrl":"https:\/\/www.copealcoy.es\/wp-content\/uploads\/2019\/05\/PHOTO-2019-05-13-11-08-12-1.jpg","datePublished":"2019-05-22T15:19:01+00:00","author":{"@id":"https:\/\/www.copealcoy.es\/es\/#\/schema\/person\/e777c87fa024e57d40170af9df39882c"},"breadcrumb":{"@id":"https:\/\/www.copealcoy.es\/es\/la-plataforma-en-defensa-de-las-pensiones-publicas-se-desvincula-de-3a-edad-en-accion\/#breadcrumb"},"inLanguage":"es","potentialAction":[{"@type":"ReadAction","target":["https:\/\/www.copealcoy.es\/es\/la-plataforma-en-defensa-de-las-pensiones-publicas-se-desvincula-de-3a-edad-en-accion\/"]}]},{"@type":"ImageObject","inLanguage":"es","@id":"https:\/\/www.copealcoy.es\/es\/la-plataforma-en-defensa-de-las-pensiones-publicas-se-desvincula-de-3a-edad-en-accion\/#primaryimage","url":"https:\/\/www.copealcoy.es\/wp-content\/uploads\/2019\/05\/PHOTO-2019-05-13-11-08-12-1.jpg","contentUrl":"https:\/\/www.copealcoy.es\/wp-content\/uploads\/2019\/05\/PHOTO-2019-05-13-11-08-12-1.jpg","width":1328,"height":747,"caption":"Imagen de la comparecencia de la Plataforma de las Pensiones"},{"@type":"BreadcrumbList","@id":"https:\/\/www.copealcoy.es\/es\/la-plataforma-en-defensa-de-las-pensiones-publicas-se-desvincula-de-3a-edad-en-accion\/#breadcrumb","itemListElement":[{"@type":"ListItem","position":1,"name":"Portada","item":"https:\/\/www.copealcoy.es\/es\/"},{"@type":"ListItem","position":2,"name":"La Plataforma en Defensa de las Pensiones P\u00fablicas se desvincula de 3\u00aa Edad en Acci\u00f3n"}]},{"@type":"WebSite","@id":"https:\/\/www.copealcoy.es\/es\/#website","url":"https:\/\/www.copealcoy.es\/es\/","name":"COPE Alcoy","description":"Emisora COPE de radio local con emisi\u00f3n online. Pont de Sant Jordi 8-10 03803 Alcoy","potentialAction":[{"@type":"SearchAction","target":{"@type":"EntryPoint","urlTemplate":"https:\/\/www.copealcoy.es\/es\/?s={search_term_string}"},"query-input":{"@type":"PropertyValueSpecification","valueRequired":true,"valueName":"search_term_string"}}],"inLanguage":"es"},{"@type":"Person","@id":"https:\/\/www.copealcoy.es\/es\/#\/schema\/person\/e777c87fa024e57d40170af9df39882c","name":"Cope Alcoy","image":{"@type":"ImageObject","inLanguage":"es","@id":"https:\/\/secure.gravatar.com\/avatar\/bb65d0283347e303893ba14f0692005417c1e0e690a325a4c5d8bb2b3943ee14?s=96&d=mm&r=g","url":"https:\/\/secure.gravatar.com\/avatar\/bb65d0283347e303893ba14f0692005417c1e0e690a325a4c5d8bb2b3943ee14?s=96&d=mm&r=g","contentUrl":"https:\/\/secure.gravatar.com\/avatar\/bb65d0283347e303893ba14f0692005417c1e0e690a325a4c5d8bb2b3943ee14?s=96&d=mm&r=g","caption":"Cope Alcoy"}}]}},"_links":{"self":[{"href":"https:\/\/www.copealcoy.es\/es\/wp-json\/wp\/v2\/posts\/51268","targetHints":{"allow":["GET"]}}],"collection":[{"href":"https:\/\/www.copealcoy.es\/es\/wp-json\/wp\/v2\/posts"}],"about":[{"href":"https:\/\/www.copealcoy.es\/es\/wp-json\/wp\/v2\/types\/post"}],"author":[{"embeddable":true,"href":"https:\/\/www.copealcoy.es\/es\/wp-json\/wp\/v2\/users\/1"}],"replies":[{"embeddable":true,"href":"https:\/\/www.copealcoy.es\/es\/wp-json\/wp\/v2\/comments?post=51268"}],"version-history":[{"count":0,"href":"https:\/\/www.copealcoy.es\/es\/wp-json\/wp\/v2\/posts\/51268\/revisions"}],"wp:featuredmedia":[{"embeddable":true,"href":"https:\/\/www.copealcoy.es\/es\/wp-json\/wp\/v2\/media\/51269"}],"wp:attachment":[{"href":"https:\/\/www.copealcoy.es\/es\/wp-json\/wp\/v2\/media?parent=51268"}],"wp:term":[{"taxonomy":"category","embeddable":true,"href":"https:\/\/www.copealcoy.es\/es\/wp-json\/wp\/v2\/categories?post=51268"},{"taxonomy":"post_tag","embeddable":true,"href":"https:\/\/www.copealcoy.es\/es\/wp-json\/wp\/v2\/tags?post=51268"}],"curies":[{"name":"wp","href":"https:\/\/api.w.org\/{rel}","templated":true}]}}