{"id":51211,"date":"2019-05-21T15:19:25","date_gmt":"2019-05-21T15:19:25","guid":{"rendered":"https:\/\/copealcoi.es\/?p=51211"},"modified":"2019-05-21T15:19:25","modified_gmt":"2019-05-21T15:19:25","slug":"cocentaina-ultima-el-plan-director-de-las-murallas","status":"publish","type":"post","link":"https:\/\/www.copealcoy.es\/es\/cocentaina-ultima-el-plan-director-de-las-murallas\/","title":{"rendered":"Cocentaina ultima el Plan Director de las Murallas"},"content":{"rendered":"<p style=\"text-align: justify;\">El Ayuntamiento de Cocentaina <strong>est\u00e1 ya ultimando el proyecto<\/strong> para hacer posible el <strong>Plan Director de la Muralla<\/strong>.<\/p>\n<p style=\"text-align: justify;\">Desde el Consistorio de la Villa Condal indican que este tr\u00e1mite <strong>ser\u00e1 m\u00e1s que suficiente<\/strong> para optar a <strong>las ayudas destinadas a rehabilitar el centro hist\u00f3rico<\/strong> del municipio al mismo tiempo que destacan que en el mismo <strong>ya se han invertido en los \u00faltimos a\u00f1os 2,8 millones de euros<\/strong>. <strong>Mariona Carbonell<\/strong>, edil de Urbanismo en el Ayuntamiento de Cocentaina, asegura que <strong>la coalici\u00f3n Col\u00b7lectiu 03820-Comprom\u00eds miente<\/strong> al decir que el Gobierno Municipal del PSOE ha dejado perder las ayudas ARRUS destinadas a la revitalizaci\u00f3n del casco antiguo e indica que <strong>no se pueden pedir las mismas<\/strong> mientras ese Plan Director de las murallas <strong>no est\u00e9 completo<\/strong> &#8220;<em>tenemos que ir paso a paso y no nos podemos saltar las normativas. El centro hist\u00f3rico de Cocentaina es, por suerte, un patrimonio arquitect\u00f3nico \u00fanico que requiere su protecci\u00f3n y de una normativa especial. No podemos pedir ayudas en Europa y hacer lo que nos apetezca. El centro hist\u00f3rico est\u00e1 rodeado por las murallas que hay que tener presentes y planificar urban\u00edsticamente alrededor de ellas<\/em>&#8220;, afirma.<\/p>\n<p style=\"text-align: justify;\">De igual forma Mariona Carbonell aclara que <b>las ayudas ARRUS\u00a0son subvenciones que se\u00a0<\/b><span style=\"font-weight: 600;\">acogen<\/span><b>\u00a0a planes anualmente<\/b> y con <strong>una duraci\u00f3n para ejecutar de cinco a\u00f1os<\/strong> &#8220;<em>por lo tanto nos podemos adherir a ellos cuando est\u00e9 todo preparado, con estas actuaciones hay que tenerlo todo muy claro y as\u00ed obtener el m\u00e1ximo importe subvencionable. El candidato de Col\u00b7lectiu 03820-Comprom\u00eds se preocupa m\u00e1s por todo lo que en el \u00e1mbito profesional le pueda afectar, que en la gesti\u00f3n responsable, pausada y ordenada que requiere el conjunto monumental arquitect\u00f3nico como el de Cocentaina<\/em>&#8220;, asevera.<\/p>\n<p style=\"text-align: justify;\">Por \u00faltimo Carbonell no entiende como Col\u00b7lectiu 03820-Comprom\u00eds <strong>pide una concejal\u00eda de Centro Hist\u00f3rico<\/strong> cuando en 2012, afirma, l<strong>a regentaron con un presupuesto asignado de medio mill\u00f3n de euros<\/strong>\u00a0&#8220;<em>pero con una gesti\u00f3n nula. La tuvieron y ni la iniciaron. Que l\u00e1stima que ahora todas estas promesas que hacen hoy, en la realidad han demostrado que tan s\u00f3lo son promesas, lo \u00fanico claro es que son unos grandes vendedores de humo, pero unos p\u00e9simos gestores<\/em> &#8220;, concluye.<\/p>\n","protected":false},"excerpt":{"rendered":"<p>El Ayuntamiento de Cocentaina est\u00e1 ya ultimando el proyecto para hacer posible el Plan Director de la Muralla. Desde el&#8230;<\/p>\n","protected":false},"author":1,"featured_media":51212,"comment_status":"open","ping_status":"open","sticky":false,"template":"","format":"standard","meta":{"footnotes":""},"categories":[98,75],"tags":[132,3286,2347],"class_list":["post-51211","post","type-post","status-publish","format-standard","has-post-thumbnail","hentry","category-comarcas","category-noticias","tag-cocentaina","tag-murallas","tag-plan-director"],"yoast_head":"<!-- This site is optimized with the Yoast SEO plugin v27.3 - https:\/\/yoast.com\/product\/yoast-seo-wordpress\/ -->\n<title>Cocentaina ultima el Plan Director de las Murallas - COPE Alcoy<\/title>\n<meta name=\"robots\" content=\"index, follow, max-snippet:-1, max-image-preview:large, max-video-preview:-1\" \/>\n<link rel=\"canonical\" href=\"https:\/\/www.copealcoy.es\/es\/cocentaina-ultima-el-plan-director-de-las-murallas\/\" \/>\n<meta property=\"og:locale\" content=\"es_ES\" \/>\n<meta property=\"og:type\" content=\"article\" \/>\n<meta property=\"og:title\" content=\"Cocentaina ultima el Plan Director de las Murallas - COPE Alcoy\" \/>\n<meta property=\"og:description\" content=\"El Ayuntamiento de Cocentaina est\u00e1 ya ultimando el proyecto para hacer posible el Plan Director de la Muralla. Desde el...\" \/>\n<meta property=\"og:url\" content=\"https:\/\/www.copealcoy.es\/es\/cocentaina-ultima-el-plan-director-de-las-murallas\/\" \/>\n<meta property=\"og:site_name\" content=\"COPE Alcoy\" \/>\n<meta property=\"article:published_time\" content=\"2019-05-21T15:19:25+00:00\" \/>\n<meta property=\"og:image\" content=\"https:\/\/www.copealcoy.es\/wp-content\/uploads\/2019\/05\/18275201_10209109912966699_1355871659966105765_n-e1558451101269-1.jpg\" \/>\n\t<meta property=\"og:image:width\" content=\"720\" \/>\n\t<meta property=\"og:image:height\" content=\"451\" \/>\n\t<meta property=\"og:image:type\" content=\"image\/jpeg\" \/>\n<meta name=\"author\" content=\"Cope Alcoy\" \/>\n<meta name=\"twitter:label1\" content=\"Escrito por\" \/>\n\t<meta name=\"twitter:data1\" content=\"Cope Alcoy\" \/>\n\t<meta name=\"twitter:label2\" content=\"Tiempo de lectura\" \/>\n\t<meta name=\"twitter:data2\" content=\"2 minutos\" \/>\n<script type=\"application\/ld+json\" class=\"yoast-schema-graph\">{\"@context\":\"https:\\\/\\\/schema.org\",\"@graph\":[{\"@type\":\"Article\",\"@id\":\"https:\\\/\\\/www.copealcoy.es\\\/es\\\/cocentaina-ultima-el-plan-director-de-las-murallas\\\/#article\",\"isPartOf\":{\"@id\":\"https:\\\/\\\/www.copealcoy.es\\\/es\\\/cocentaina-ultima-el-plan-director-de-las-murallas\\\/\"},\"author\":{\"name\":\"Cope Alcoy\",\"@id\":\"https:\\\/\\\/www.copealcoy.es\\\/es\\\/#\\\/schema\\\/person\\\/e777c87fa024e57d40170af9df39882c\"},\"headline\":\"Cocentaina ultima el Plan Director de las Murallas\",\"datePublished\":\"2019-05-21T15:19:25+00:00\",\"mainEntityOfPage\":{\"@id\":\"https:\\\/\\\/www.copealcoy.es\\\/es\\\/cocentaina-ultima-el-plan-director-de-las-murallas\\\/\"},\"wordCount\":395,\"commentCount\":0,\"image\":{\"@id\":\"https:\\\/\\\/www.copealcoy.es\\\/es\\\/cocentaina-ultima-el-plan-director-de-las-murallas\\\/#primaryimage\"},\"thumbnailUrl\":\"https:\\\/\\\/www.copealcoy.es\\\/wp-content\\\/uploads\\\/2019\\\/05\\\/18275201_10209109912966699_1355871659966105765_n-e1558451101269-1.jpg\",\"keywords\":[\"Cocentaina\",\"murallas\",\"Plan Director\"],\"articleSection\":[\"Comarcas\",\"Noticias\"],\"inLanguage\":\"es\"},{\"@type\":\"WebPage\",\"@id\":\"https:\\\/\\\/www.copealcoy.es\\\/es\\\/cocentaina-ultima-el-plan-director-de-las-murallas\\\/\",\"url\":\"https:\\\/\\\/www.copealcoy.es\\\/es\\\/cocentaina-ultima-el-plan-director-de-las-murallas\\\/\",\"name\":\"Cocentaina ultima el Plan Director de las Murallas - COPE Alcoy\",\"isPartOf\":{\"@id\":\"https:\\\/\\\/www.copealcoy.es\\\/es\\\/#website\"},\"primaryImageOfPage\":{\"@id\":\"https:\\\/\\\/www.copealcoy.es\\\/es\\\/cocentaina-ultima-el-plan-director-de-las-murallas\\\/#primaryimage\"},\"image\":{\"@id\":\"https:\\\/\\\/www.copealcoy.es\\\/es\\\/cocentaina-ultima-el-plan-director-de-las-murallas\\\/#primaryimage\"},\"thumbnailUrl\":\"https:\\\/\\\/www.copealcoy.es\\\/wp-content\\\/uploads\\\/2019\\\/05\\\/18275201_10209109912966699_1355871659966105765_n-e1558451101269-1.jpg\",\"datePublished\":\"2019-05-21T15:19:25+00:00\",\"author\":{\"@id\":\"https:\\\/\\\/www.copealcoy.es\\\/es\\\/#\\\/schema\\\/person\\\/e777c87fa024e57d40170af9df39882c\"},\"breadcrumb\":{\"@id\":\"https:\\\/\\\/www.copealcoy.es\\\/es\\\/cocentaina-ultima-el-plan-director-de-las-murallas\\\/#breadcrumb\"},\"inLanguage\":\"es\",\"potentialAction\":[{\"@type\":\"ReadAction\",\"target\":[\"https:\\\/\\\/www.copealcoy.es\\\/es\\\/cocentaina-ultima-el-plan-director-de-las-murallas\\\/\"]}]},{\"@type\":\"ImageObject\",\"inLanguage\":\"es\",\"@id\":\"https:\\\/\\\/www.copealcoy.es\\\/es\\\/cocentaina-ultima-el-plan-director-de-las-murallas\\\/#primaryimage\",\"url\":\"https:\\\/\\\/www.copealcoy.es\\\/wp-content\\\/uploads\\\/2019\\\/05\\\/18275201_10209109912966699_1355871659966105765_n-e1558451101269-1.jpg\",\"contentUrl\":\"https:\\\/\\\/www.copealcoy.es\\\/wp-content\\\/uploads\\\/2019\\\/05\\\/18275201_10209109912966699_1355871659966105765_n-e1558451101269-1.jpg\",\"width\":720,\"height\":451,\"caption\":\"Torreta de la Muralla de Cocentaina \\\/ Foto: X.Anduix\"},{\"@type\":\"BreadcrumbList\",\"@id\":\"https:\\\/\\\/www.copealcoy.es\\\/es\\\/cocentaina-ultima-el-plan-director-de-las-murallas\\\/#breadcrumb\",\"itemListElement\":[{\"@type\":\"ListItem\",\"position\":1,\"name\":\"Portada\",\"item\":\"https:\\\/\\\/www.copealcoy.es\\\/es\\\/\"},{\"@type\":\"ListItem\",\"position\":2,\"name\":\"Cocentaina ultima el Plan Director de las Murallas\"}]},{\"@type\":\"WebSite\",\"@id\":\"https:\\\/\\\/www.copealcoy.es\\\/es\\\/#website\",\"url\":\"https:\\\/\\\/www.copealcoy.es\\\/es\\\/\",\"name\":\"COPE Alcoy\",\"description\":\"Emisora COPE de radio local con emisi\u00f3n online. Pont de Sant Jordi 8-10 03803 Alcoy\",\"potentialAction\":[{\"@type\":\"SearchAction\",\"target\":{\"@type\":\"EntryPoint\",\"urlTemplate\":\"https:\\\/\\\/www.copealcoy.es\\\/es\\\/?s={search_term_string}\"},\"query-input\":{\"@type\":\"PropertyValueSpecification\",\"valueRequired\":true,\"valueName\":\"search_term_string\"}}],\"inLanguage\":\"es\"},{\"@type\":\"Person\",\"@id\":\"https:\\\/\\\/www.copealcoy.es\\\/es\\\/#\\\/schema\\\/person\\\/e777c87fa024e57d40170af9df39882c\",\"name\":\"Cope Alcoy\",\"image\":{\"@type\":\"ImageObject\",\"inLanguage\":\"es\",\"@id\":\"https:\\\/\\\/secure.gravatar.com\\\/avatar\\\/bb65d0283347e303893ba14f0692005417c1e0e690a325a4c5d8bb2b3943ee14?s=96&d=mm&r=g\",\"url\":\"https:\\\/\\\/secure.gravatar.com\\\/avatar\\\/bb65d0283347e303893ba14f0692005417c1e0e690a325a4c5d8bb2b3943ee14?s=96&d=mm&r=g\",\"contentUrl\":\"https:\\\/\\\/secure.gravatar.com\\\/avatar\\\/bb65d0283347e303893ba14f0692005417c1e0e690a325a4c5d8bb2b3943ee14?s=96&d=mm&r=g\",\"caption\":\"Cope Alcoy\"}}]}<\/script>\n<!-- \/ Yoast SEO plugin. -->","yoast_head_json":{"title":"Cocentaina ultima el Plan Director de las Murallas - COPE Alcoy","robots":{"index":"index","follow":"follow","max-snippet":"max-snippet:-1","max-image-preview":"max-image-preview:large","max-video-preview":"max-video-preview:-1"},"canonical":"https:\/\/www.copealcoy.es\/es\/cocentaina-ultima-el-plan-director-de-las-murallas\/","og_locale":"es_ES","og_type":"article","og_title":"Cocentaina ultima el Plan Director de las Murallas - COPE Alcoy","og_description":"El Ayuntamiento de Cocentaina est\u00e1 ya ultimando el proyecto para hacer posible el Plan Director de la Muralla. Desde el...","og_url":"https:\/\/www.copealcoy.es\/es\/cocentaina-ultima-el-plan-director-de-las-murallas\/","og_site_name":"COPE Alcoy","article_published_time":"2019-05-21T15:19:25+00:00","og_image":[{"width":720,"height":451,"url":"https:\/\/www.copealcoy.es\/wp-content\/uploads\/2019\/05\/18275201_10209109912966699_1355871659966105765_n-e1558451101269-1.jpg","type":"image\/jpeg"}],"author":"Cope Alcoy","twitter_misc":{"Escrito por":"Cope Alcoy","Tiempo de lectura":"2 minutos"},"schema":{"@context":"https:\/\/schema.org","@graph":[{"@type":"Article","@id":"https:\/\/www.copealcoy.es\/es\/cocentaina-ultima-el-plan-director-de-las-murallas\/#article","isPartOf":{"@id":"https:\/\/www.copealcoy.es\/es\/cocentaina-ultima-el-plan-director-de-las-murallas\/"},"author":{"name":"Cope Alcoy","@id":"https:\/\/www.copealcoy.es\/es\/#\/schema\/person\/e777c87fa024e57d40170af9df39882c"},"headline":"Cocentaina ultima el Plan Director de las Murallas","datePublished":"2019-05-21T15:19:25+00:00","mainEntityOfPage":{"@id":"https:\/\/www.copealcoy.es\/es\/cocentaina-ultima-el-plan-director-de-las-murallas\/"},"wordCount":395,"commentCount":0,"image":{"@id":"https:\/\/www.copealcoy.es\/es\/cocentaina-ultima-el-plan-director-de-las-murallas\/#primaryimage"},"thumbnailUrl":"https:\/\/www.copealcoy.es\/wp-content\/uploads\/2019\/05\/18275201_10209109912966699_1355871659966105765_n-e1558451101269-1.jpg","keywords":["Cocentaina","murallas","Plan Director"],"articleSection":["Comarcas","Noticias"],"inLanguage":"es"},{"@type":"WebPage","@id":"https:\/\/www.copealcoy.es\/es\/cocentaina-ultima-el-plan-director-de-las-murallas\/","url":"https:\/\/www.copealcoy.es\/es\/cocentaina-ultima-el-plan-director-de-las-murallas\/","name":"Cocentaina ultima el Plan Director de las Murallas - COPE Alcoy","isPartOf":{"@id":"https:\/\/www.copealcoy.es\/es\/#website"},"primaryImageOfPage":{"@id":"https:\/\/www.copealcoy.es\/es\/cocentaina-ultima-el-plan-director-de-las-murallas\/#primaryimage"},"image":{"@id":"https:\/\/www.copealcoy.es\/es\/cocentaina-ultima-el-plan-director-de-las-murallas\/#primaryimage"},"thumbnailUrl":"https:\/\/www.copealcoy.es\/wp-content\/uploads\/2019\/05\/18275201_10209109912966699_1355871659966105765_n-e1558451101269-1.jpg","datePublished":"2019-05-21T15:19:25+00:00","author":{"@id":"https:\/\/www.copealcoy.es\/es\/#\/schema\/person\/e777c87fa024e57d40170af9df39882c"},"breadcrumb":{"@id":"https:\/\/www.copealcoy.es\/es\/cocentaina-ultima-el-plan-director-de-las-murallas\/#breadcrumb"},"inLanguage":"es","potentialAction":[{"@type":"ReadAction","target":["https:\/\/www.copealcoy.es\/es\/cocentaina-ultima-el-plan-director-de-las-murallas\/"]}]},{"@type":"ImageObject","inLanguage":"es","@id":"https:\/\/www.copealcoy.es\/es\/cocentaina-ultima-el-plan-director-de-las-murallas\/#primaryimage","url":"https:\/\/www.copealcoy.es\/wp-content\/uploads\/2019\/05\/18275201_10209109912966699_1355871659966105765_n-e1558451101269-1.jpg","contentUrl":"https:\/\/www.copealcoy.es\/wp-content\/uploads\/2019\/05\/18275201_10209109912966699_1355871659966105765_n-e1558451101269-1.jpg","width":720,"height":451,"caption":"Torreta de la Muralla de Cocentaina \/ Foto: X.Anduix"},{"@type":"BreadcrumbList","@id":"https:\/\/www.copealcoy.es\/es\/cocentaina-ultima-el-plan-director-de-las-murallas\/#breadcrumb","itemListElement":[{"@type":"ListItem","position":1,"name":"Portada","item":"https:\/\/www.copealcoy.es\/es\/"},{"@type":"ListItem","position":2,"name":"Cocentaina ultima el Plan Director de las Murallas"}]},{"@type":"WebSite","@id":"https:\/\/www.copealcoy.es\/es\/#website","url":"https:\/\/www.copealcoy.es\/es\/","name":"COPE Alcoy","description":"Emisora COPE de radio local con emisi\u00f3n online. Pont de Sant Jordi 8-10 03803 Alcoy","potentialAction":[{"@type":"SearchAction","target":{"@type":"EntryPoint","urlTemplate":"https:\/\/www.copealcoy.es\/es\/?s={search_term_string}"},"query-input":{"@type":"PropertyValueSpecification","valueRequired":true,"valueName":"search_term_string"}}],"inLanguage":"es"},{"@type":"Person","@id":"https:\/\/www.copealcoy.es\/es\/#\/schema\/person\/e777c87fa024e57d40170af9df39882c","name":"Cope Alcoy","image":{"@type":"ImageObject","inLanguage":"es","@id":"https:\/\/secure.gravatar.com\/avatar\/bb65d0283347e303893ba14f0692005417c1e0e690a325a4c5d8bb2b3943ee14?s=96&d=mm&r=g","url":"https:\/\/secure.gravatar.com\/avatar\/bb65d0283347e303893ba14f0692005417c1e0e690a325a4c5d8bb2b3943ee14?s=96&d=mm&r=g","contentUrl":"https:\/\/secure.gravatar.com\/avatar\/bb65d0283347e303893ba14f0692005417c1e0e690a325a4c5d8bb2b3943ee14?s=96&d=mm&r=g","caption":"Cope Alcoy"}}]}},"_links":{"self":[{"href":"https:\/\/www.copealcoy.es\/es\/wp-json\/wp\/v2\/posts\/51211","targetHints":{"allow":["GET"]}}],"collection":[{"href":"https:\/\/www.copealcoy.es\/es\/wp-json\/wp\/v2\/posts"}],"about":[{"href":"https:\/\/www.copealcoy.es\/es\/wp-json\/wp\/v2\/types\/post"}],"author":[{"embeddable":true,"href":"https:\/\/www.copealcoy.es\/es\/wp-json\/wp\/v2\/users\/1"}],"replies":[{"embeddable":true,"href":"https:\/\/www.copealcoy.es\/es\/wp-json\/wp\/v2\/comments?post=51211"}],"version-history":[{"count":0,"href":"https:\/\/www.copealcoy.es\/es\/wp-json\/wp\/v2\/posts\/51211\/revisions"}],"wp:featuredmedia":[{"embeddable":true,"href":"https:\/\/www.copealcoy.es\/es\/wp-json\/wp\/v2\/media\/51212"}],"wp:attachment":[{"href":"https:\/\/www.copealcoy.es\/es\/wp-json\/wp\/v2\/media?parent=51211"}],"wp:term":[{"taxonomy":"category","embeddable":true,"href":"https:\/\/www.copealcoy.es\/es\/wp-json\/wp\/v2\/categories?post=51211"},{"taxonomy":"post_tag","embeddable":true,"href":"https:\/\/www.copealcoy.es\/es\/wp-json\/wp\/v2\/tags?post=51211"}],"curies":[{"name":"wp","href":"https:\/\/api.w.org\/{rel}","templated":true}]}}