{"id":51128,"date":"2019-05-20T18:51:57","date_gmt":"2019-05-20T18:51:57","guid":{"rendered":"https:\/\/copealcoi.es\/?p=51128"},"modified":"2019-05-20T18:51:57","modified_gmt":"2019-05-20T18:51:57","slug":"concluyen-las-obras-de-mejora-del-lavadero-del-pla-de-la-font-de-cocentaina","status":"publish","type":"post","link":"https:\/\/www.copealcoy.es\/es\/concluyen-las-obras-de-mejora-del-lavadero-del-pla-de-la-font-de-cocentaina\/","title":{"rendered":"Concluyen las obras de mejora del lavadero del Pla de la Font de Cocentaina"},"content":{"rendered":"<p style=\"text-align: justify;\">Las <strong>obras para la mejora y rehabilitaci\u00f3n del lavadero del Plan de la Font de Cocentaina<\/strong> ya han finalizado <strong>tras m\u00e1s de tres meses de trabajo<\/strong> que han permitido que la infraestructura <strong>recupere el aspecto original<\/strong> que tuvo en tiempos pasados.<\/p>\n<p style=\"text-align: justify;\">El proyecto se ha centrado en <strong>dos fases<\/strong> y en la primera se ha llevado a cabo <strong>el desv\u00edo de las aguas<\/strong> para poder facilitar <strong>las tareas de limpieza<\/strong>, un proceso que hasta ahora no se pod\u00eda hacer de forma adecuada <strong>al no contar el mencionado lavadero con las canalizaciones correspondientes<\/strong>. Por otra parte, la segunda fase se ha centrado en <strong>descubrir aquellas partes del lavadero<\/strong> que estaban ocultas as\u00ed como <strong>se han recuperado todos los elementos originales<\/strong> sin dejar de lado <strong>el embellecimiento de las fachadas exteriores e interiores<\/strong>. Por \u00faltimo se ha colocado <strong>una barandilla<\/strong> en la parte que da al Pla de la Font para <strong>garantizar la seguridad<\/strong> &#8220;<em>el proceso de restauraci\u00f3n fue propuesto por la ciudadan\u00eda a los Presupuestos Participativos y esta idea se sum\u00f3 al proyecto que ya ven\u00eda trabajando el Gobierno Municipal para recuperar al 100% un lavadero que es tan representativo para el Patrimonio Hist\u00f3rico de nuestro pueblo. Con esta intervenci\u00f3n no hemos pretendido darle otra visi\u00f3n al lavadero sino recuperarlo tal cual era anta\u00f1o pero con nuevos materiales<\/em>&#8220;, explica el concejal de Obras y Servicios; <strong>Marcos Castell\u00f3<\/strong>.<\/p>\n<p style=\"text-align: justify;\">Desde el Ayuntamiento de Cocentaina recuerdan que esta reforma del Lavadero del Plan de la Font <strong>se suma a la realizada el pasado a\u00f1o al de la pedan\u00eda de Els Algars<\/strong> y se destaca que se est\u00e1 estudiando<strong> una pr\u00f3xima intervenci\u00f3n<\/strong> de id\u00e9nticas caracter\u00edsticas para <strong>recuperar el del Poble Nou de Sant Rafel<\/strong> \u201c<em>el objetivo de estos proyectos pasa por poner en valor todos los lavaderos del t\u00e9rmino municipal, hacer que las vecinas y los vecinos de Cocentaina vuelven a disfrutar de ellos respetando las instalaciones y darles a conocer mediante rutas tur\u00edsticas<\/em>\u201d, concluye Castell\u00f3.<\/p>\n","protected":false},"excerpt":{"rendered":"<p>Las obras para la mejora y rehabilitaci\u00f3n del lavadero del Plan de la Font de Cocentaina ya han finalizado tras&#8230;<\/p>\n","protected":false},"author":1,"featured_media":51129,"comment_status":"open","ping_status":"open","sticky":false,"template":"","format":"standard","meta":{"footnotes":""},"categories":[98,75],"tags":[6594,5079,139,2286],"class_list":["post-51128","post","type-post","status-publish","format-standard","has-post-thumbnail","hentry","category-comarcas","category-noticias","tag-concluyen","tag-lavadero","tag-mejora","tag-pla-de-la-font"],"yoast_head":"<!-- This site is optimized with the Yoast SEO plugin v27.3 - https:\/\/yoast.com\/product\/yoast-seo-wordpress\/ -->\n<title>Concluyen las obras de mejora del lavadero del Pla de la Font de Cocentaina - COPE Alcoy<\/title>\n<meta name=\"robots\" content=\"index, follow, max-snippet:-1, max-image-preview:large, max-video-preview:-1\" \/>\n<link rel=\"canonical\" href=\"https:\/\/www.copealcoy.es\/es\/concluyen-las-obras-de-mejora-del-lavadero-del-pla-de-la-font-de-cocentaina\/\" \/>\n<meta property=\"og:locale\" content=\"es_ES\" \/>\n<meta property=\"og:type\" content=\"article\" \/>\n<meta property=\"og:title\" content=\"Concluyen las obras de mejora del lavadero del Pla de la Font de Cocentaina - COPE Alcoy\" \/>\n<meta property=\"og:description\" content=\"Las obras para la mejora y rehabilitaci\u00f3n del lavadero del Plan de la Font de Cocentaina ya han finalizado tras...\" \/>\n<meta property=\"og:url\" content=\"https:\/\/www.copealcoy.es\/es\/concluyen-las-obras-de-mejora-del-lavadero-del-pla-de-la-font-de-cocentaina\/\" \/>\n<meta property=\"og:site_name\" content=\"COPE Alcoy\" \/>\n<meta property=\"article:published_time\" content=\"2019-05-20T18:51:57+00:00\" \/>\n<meta property=\"og:image\" content=\"https:\/\/www.copealcoy.es\/wp-content\/uploads\/2019\/05\/11-As\u00ed-ha-quedado-el-lavadero-tras-la-restauraci\u00f3n-Foto-Ajuntament-de-Cocentaina-1.jpg\" \/>\n\t<meta property=\"og:image:width\" content=\"1024\" \/>\n\t<meta property=\"og:image:height\" content=\"768\" \/>\n\t<meta property=\"og:image:type\" content=\"image\/jpeg\" \/>\n<meta name=\"author\" content=\"Cope Alcoy\" \/>\n<meta name=\"twitter:label1\" content=\"Escrito por\" \/>\n\t<meta name=\"twitter:data1\" content=\"Cope Alcoy\" \/>\n\t<meta name=\"twitter:label2\" content=\"Tiempo de lectura\" \/>\n\t<meta name=\"twitter:data2\" content=\"2 minutos\" \/>\n<script type=\"application\/ld+json\" class=\"yoast-schema-graph\">{\"@context\":\"https:\\\/\\\/schema.org\",\"@graph\":[{\"@type\":\"Article\",\"@id\":\"https:\\\/\\\/www.copealcoy.es\\\/es\\\/concluyen-las-obras-de-mejora-del-lavadero-del-pla-de-la-font-de-cocentaina\\\/#article\",\"isPartOf\":{\"@id\":\"https:\\\/\\\/www.copealcoy.es\\\/es\\\/concluyen-las-obras-de-mejora-del-lavadero-del-pla-de-la-font-de-cocentaina\\\/\"},\"author\":{\"name\":\"Cope Alcoy\",\"@id\":\"https:\\\/\\\/www.copealcoy.es\\\/es\\\/#\\\/schema\\\/person\\\/e777c87fa024e57d40170af9df39882c\"},\"headline\":\"Concluyen las obras de mejora del lavadero del Pla de la Font de Cocentaina\",\"datePublished\":\"2019-05-20T18:51:57+00:00\",\"mainEntityOfPage\":{\"@id\":\"https:\\\/\\\/www.copealcoy.es\\\/es\\\/concluyen-las-obras-de-mejora-del-lavadero-del-pla-de-la-font-de-cocentaina\\\/\"},\"wordCount\":353,\"commentCount\":0,\"image\":{\"@id\":\"https:\\\/\\\/www.copealcoy.es\\\/es\\\/concluyen-las-obras-de-mejora-del-lavadero-del-pla-de-la-font-de-cocentaina\\\/#primaryimage\"},\"thumbnailUrl\":\"https:\\\/\\\/www.copealcoy.es\\\/wp-content\\\/uploads\\\/2019\\\/05\\\/11-As\u00ed-ha-quedado-el-lavadero-tras-la-restauraci\u00f3n-Foto-Ajuntament-de-Cocentaina-1.jpg\",\"keywords\":[\"Concluyen\",\"lavadero\",\"Mejora\",\"Pla de la Font\"],\"articleSection\":[\"Comarcas\",\"Noticias\"],\"inLanguage\":\"es\"},{\"@type\":\"WebPage\",\"@id\":\"https:\\\/\\\/www.copealcoy.es\\\/es\\\/concluyen-las-obras-de-mejora-del-lavadero-del-pla-de-la-font-de-cocentaina\\\/\",\"url\":\"https:\\\/\\\/www.copealcoy.es\\\/es\\\/concluyen-las-obras-de-mejora-del-lavadero-del-pla-de-la-font-de-cocentaina\\\/\",\"name\":\"Concluyen las obras de mejora del lavadero del Pla de la Font de Cocentaina - COPE Alcoy\",\"isPartOf\":{\"@id\":\"https:\\\/\\\/www.copealcoy.es\\\/es\\\/#website\"},\"primaryImageOfPage\":{\"@id\":\"https:\\\/\\\/www.copealcoy.es\\\/es\\\/concluyen-las-obras-de-mejora-del-lavadero-del-pla-de-la-font-de-cocentaina\\\/#primaryimage\"},\"image\":{\"@id\":\"https:\\\/\\\/www.copealcoy.es\\\/es\\\/concluyen-las-obras-de-mejora-del-lavadero-del-pla-de-la-font-de-cocentaina\\\/#primaryimage\"},\"thumbnailUrl\":\"https:\\\/\\\/www.copealcoy.es\\\/wp-content\\\/uploads\\\/2019\\\/05\\\/11-As\u00ed-ha-quedado-el-lavadero-tras-la-restauraci\u00f3n-Foto-Ajuntament-de-Cocentaina-1.jpg\",\"datePublished\":\"2019-05-20T18:51:57+00:00\",\"author\":{\"@id\":\"https:\\\/\\\/www.copealcoy.es\\\/es\\\/#\\\/schema\\\/person\\\/e777c87fa024e57d40170af9df39882c\"},\"breadcrumb\":{\"@id\":\"https:\\\/\\\/www.copealcoy.es\\\/es\\\/concluyen-las-obras-de-mejora-del-lavadero-del-pla-de-la-font-de-cocentaina\\\/#breadcrumb\"},\"inLanguage\":\"es\",\"potentialAction\":[{\"@type\":\"ReadAction\",\"target\":[\"https:\\\/\\\/www.copealcoy.es\\\/es\\\/concluyen-las-obras-de-mejora-del-lavadero-del-pla-de-la-font-de-cocentaina\\\/\"]}]},{\"@type\":\"ImageObject\",\"inLanguage\":\"es\",\"@id\":\"https:\\\/\\\/www.copealcoy.es\\\/es\\\/concluyen-las-obras-de-mejora-del-lavadero-del-pla-de-la-font-de-cocentaina\\\/#primaryimage\",\"url\":\"https:\\\/\\\/www.copealcoy.es\\\/wp-content\\\/uploads\\\/2019\\\/05\\\/11-As\u00ed-ha-quedado-el-lavadero-tras-la-restauraci\u00f3n-Foto-Ajuntament-de-Cocentaina-1.jpg\",\"contentUrl\":\"https:\\\/\\\/www.copealcoy.es\\\/wp-content\\\/uploads\\\/2019\\\/05\\\/11-As\u00ed-ha-quedado-el-lavadero-tras-la-restauraci\u00f3n-Foto-Ajuntament-de-Cocentaina-1.jpg\",\"width\":1024,\"height\":768,\"caption\":\"As\u00ed ha quedado el lavadero tras la restauraci\u00f3n \\\/ Foto Ajuntament de Cocentaina\"},{\"@type\":\"BreadcrumbList\",\"@id\":\"https:\\\/\\\/www.copealcoy.es\\\/es\\\/concluyen-las-obras-de-mejora-del-lavadero-del-pla-de-la-font-de-cocentaina\\\/#breadcrumb\",\"itemListElement\":[{\"@type\":\"ListItem\",\"position\":1,\"name\":\"Portada\",\"item\":\"https:\\\/\\\/www.copealcoy.es\\\/es\\\/\"},{\"@type\":\"ListItem\",\"position\":2,\"name\":\"Concluyen las obras de mejora del lavadero del Pla de la Font de Cocentaina\"}]},{\"@type\":\"WebSite\",\"@id\":\"https:\\\/\\\/www.copealcoy.es\\\/es\\\/#website\",\"url\":\"https:\\\/\\\/www.copealcoy.es\\\/es\\\/\",\"name\":\"COPE Alcoy\",\"description\":\"Emisora COPE de radio local con emisi\u00f3n online. Pont de Sant Jordi 8-10 03803 Alcoy\",\"potentialAction\":[{\"@type\":\"SearchAction\",\"target\":{\"@type\":\"EntryPoint\",\"urlTemplate\":\"https:\\\/\\\/www.copealcoy.es\\\/es\\\/?s={search_term_string}\"},\"query-input\":{\"@type\":\"PropertyValueSpecification\",\"valueRequired\":true,\"valueName\":\"search_term_string\"}}],\"inLanguage\":\"es\"},{\"@type\":\"Person\",\"@id\":\"https:\\\/\\\/www.copealcoy.es\\\/es\\\/#\\\/schema\\\/person\\\/e777c87fa024e57d40170af9df39882c\",\"name\":\"Cope Alcoy\",\"image\":{\"@type\":\"ImageObject\",\"inLanguage\":\"es\",\"@id\":\"https:\\\/\\\/secure.gravatar.com\\\/avatar\\\/bb65d0283347e303893ba14f0692005417c1e0e690a325a4c5d8bb2b3943ee14?s=96&d=mm&r=g\",\"url\":\"https:\\\/\\\/secure.gravatar.com\\\/avatar\\\/bb65d0283347e303893ba14f0692005417c1e0e690a325a4c5d8bb2b3943ee14?s=96&d=mm&r=g\",\"contentUrl\":\"https:\\\/\\\/secure.gravatar.com\\\/avatar\\\/bb65d0283347e303893ba14f0692005417c1e0e690a325a4c5d8bb2b3943ee14?s=96&d=mm&r=g\",\"caption\":\"Cope Alcoy\"}}]}<\/script>\n<!-- \/ Yoast SEO plugin. -->","yoast_head_json":{"title":"Concluyen las obras de mejora del lavadero del Pla de la Font de Cocentaina - COPE Alcoy","robots":{"index":"index","follow":"follow","max-snippet":"max-snippet:-1","max-image-preview":"max-image-preview:large","max-video-preview":"max-video-preview:-1"},"canonical":"https:\/\/www.copealcoy.es\/es\/concluyen-las-obras-de-mejora-del-lavadero-del-pla-de-la-font-de-cocentaina\/","og_locale":"es_ES","og_type":"article","og_title":"Concluyen las obras de mejora del lavadero del Pla de la Font de Cocentaina - COPE Alcoy","og_description":"Las obras para la mejora y rehabilitaci\u00f3n del lavadero del Plan de la Font de Cocentaina ya han finalizado tras...","og_url":"https:\/\/www.copealcoy.es\/es\/concluyen-las-obras-de-mejora-del-lavadero-del-pla-de-la-font-de-cocentaina\/","og_site_name":"COPE Alcoy","article_published_time":"2019-05-20T18:51:57+00:00","og_image":[{"width":1024,"height":768,"url":"https:\/\/www.copealcoy.es\/wp-content\/uploads\/2019\/05\/11-As\u00ed-ha-quedado-el-lavadero-tras-la-restauraci\u00f3n-Foto-Ajuntament-de-Cocentaina-1.jpg","type":"image\/jpeg"}],"author":"Cope Alcoy","twitter_misc":{"Escrito por":"Cope Alcoy","Tiempo de lectura":"2 minutos"},"schema":{"@context":"https:\/\/schema.org","@graph":[{"@type":"Article","@id":"https:\/\/www.copealcoy.es\/es\/concluyen-las-obras-de-mejora-del-lavadero-del-pla-de-la-font-de-cocentaina\/#article","isPartOf":{"@id":"https:\/\/www.copealcoy.es\/es\/concluyen-las-obras-de-mejora-del-lavadero-del-pla-de-la-font-de-cocentaina\/"},"author":{"name":"Cope Alcoy","@id":"https:\/\/www.copealcoy.es\/es\/#\/schema\/person\/e777c87fa024e57d40170af9df39882c"},"headline":"Concluyen las obras de mejora del lavadero del Pla de la Font de Cocentaina","datePublished":"2019-05-20T18:51:57+00:00","mainEntityOfPage":{"@id":"https:\/\/www.copealcoy.es\/es\/concluyen-las-obras-de-mejora-del-lavadero-del-pla-de-la-font-de-cocentaina\/"},"wordCount":353,"commentCount":0,"image":{"@id":"https:\/\/www.copealcoy.es\/es\/concluyen-las-obras-de-mejora-del-lavadero-del-pla-de-la-font-de-cocentaina\/#primaryimage"},"thumbnailUrl":"https:\/\/www.copealcoy.es\/wp-content\/uploads\/2019\/05\/11-As\u00ed-ha-quedado-el-lavadero-tras-la-restauraci\u00f3n-Foto-Ajuntament-de-Cocentaina-1.jpg","keywords":["Concluyen","lavadero","Mejora","Pla de la Font"],"articleSection":["Comarcas","Noticias"],"inLanguage":"es"},{"@type":"WebPage","@id":"https:\/\/www.copealcoy.es\/es\/concluyen-las-obras-de-mejora-del-lavadero-del-pla-de-la-font-de-cocentaina\/","url":"https:\/\/www.copealcoy.es\/es\/concluyen-las-obras-de-mejora-del-lavadero-del-pla-de-la-font-de-cocentaina\/","name":"Concluyen las obras de mejora del lavadero del Pla de la Font de Cocentaina - COPE Alcoy","isPartOf":{"@id":"https:\/\/www.copealcoy.es\/es\/#website"},"primaryImageOfPage":{"@id":"https:\/\/www.copealcoy.es\/es\/concluyen-las-obras-de-mejora-del-lavadero-del-pla-de-la-font-de-cocentaina\/#primaryimage"},"image":{"@id":"https:\/\/www.copealcoy.es\/es\/concluyen-las-obras-de-mejora-del-lavadero-del-pla-de-la-font-de-cocentaina\/#primaryimage"},"thumbnailUrl":"https:\/\/www.copealcoy.es\/wp-content\/uploads\/2019\/05\/11-As\u00ed-ha-quedado-el-lavadero-tras-la-restauraci\u00f3n-Foto-Ajuntament-de-Cocentaina-1.jpg","datePublished":"2019-05-20T18:51:57+00:00","author":{"@id":"https:\/\/www.copealcoy.es\/es\/#\/schema\/person\/e777c87fa024e57d40170af9df39882c"},"breadcrumb":{"@id":"https:\/\/www.copealcoy.es\/es\/concluyen-las-obras-de-mejora-del-lavadero-del-pla-de-la-font-de-cocentaina\/#breadcrumb"},"inLanguage":"es","potentialAction":[{"@type":"ReadAction","target":["https:\/\/www.copealcoy.es\/es\/concluyen-las-obras-de-mejora-del-lavadero-del-pla-de-la-font-de-cocentaina\/"]}]},{"@type":"ImageObject","inLanguage":"es","@id":"https:\/\/www.copealcoy.es\/es\/concluyen-las-obras-de-mejora-del-lavadero-del-pla-de-la-font-de-cocentaina\/#primaryimage","url":"https:\/\/www.copealcoy.es\/wp-content\/uploads\/2019\/05\/11-As\u00ed-ha-quedado-el-lavadero-tras-la-restauraci\u00f3n-Foto-Ajuntament-de-Cocentaina-1.jpg","contentUrl":"https:\/\/www.copealcoy.es\/wp-content\/uploads\/2019\/05\/11-As\u00ed-ha-quedado-el-lavadero-tras-la-restauraci\u00f3n-Foto-Ajuntament-de-Cocentaina-1.jpg","width":1024,"height":768,"caption":"As\u00ed ha quedado el lavadero tras la restauraci\u00f3n \/ Foto Ajuntament de Cocentaina"},{"@type":"BreadcrumbList","@id":"https:\/\/www.copealcoy.es\/es\/concluyen-las-obras-de-mejora-del-lavadero-del-pla-de-la-font-de-cocentaina\/#breadcrumb","itemListElement":[{"@type":"ListItem","position":1,"name":"Portada","item":"https:\/\/www.copealcoy.es\/es\/"},{"@type":"ListItem","position":2,"name":"Concluyen las obras de mejora del lavadero del Pla de la Font de Cocentaina"}]},{"@type":"WebSite","@id":"https:\/\/www.copealcoy.es\/es\/#website","url":"https:\/\/www.copealcoy.es\/es\/","name":"COPE Alcoy","description":"Emisora COPE de radio local con emisi\u00f3n online. Pont de Sant Jordi 8-10 03803 Alcoy","potentialAction":[{"@type":"SearchAction","target":{"@type":"EntryPoint","urlTemplate":"https:\/\/www.copealcoy.es\/es\/?s={search_term_string}"},"query-input":{"@type":"PropertyValueSpecification","valueRequired":true,"valueName":"search_term_string"}}],"inLanguage":"es"},{"@type":"Person","@id":"https:\/\/www.copealcoy.es\/es\/#\/schema\/person\/e777c87fa024e57d40170af9df39882c","name":"Cope Alcoy","image":{"@type":"ImageObject","inLanguage":"es","@id":"https:\/\/secure.gravatar.com\/avatar\/bb65d0283347e303893ba14f0692005417c1e0e690a325a4c5d8bb2b3943ee14?s=96&d=mm&r=g","url":"https:\/\/secure.gravatar.com\/avatar\/bb65d0283347e303893ba14f0692005417c1e0e690a325a4c5d8bb2b3943ee14?s=96&d=mm&r=g","contentUrl":"https:\/\/secure.gravatar.com\/avatar\/bb65d0283347e303893ba14f0692005417c1e0e690a325a4c5d8bb2b3943ee14?s=96&d=mm&r=g","caption":"Cope Alcoy"}}]}},"_links":{"self":[{"href":"https:\/\/www.copealcoy.es\/es\/wp-json\/wp\/v2\/posts\/51128","targetHints":{"allow":["GET"]}}],"collection":[{"href":"https:\/\/www.copealcoy.es\/es\/wp-json\/wp\/v2\/posts"}],"about":[{"href":"https:\/\/www.copealcoy.es\/es\/wp-json\/wp\/v2\/types\/post"}],"author":[{"embeddable":true,"href":"https:\/\/www.copealcoy.es\/es\/wp-json\/wp\/v2\/users\/1"}],"replies":[{"embeddable":true,"href":"https:\/\/www.copealcoy.es\/es\/wp-json\/wp\/v2\/comments?post=51128"}],"version-history":[{"count":0,"href":"https:\/\/www.copealcoy.es\/es\/wp-json\/wp\/v2\/posts\/51128\/revisions"}],"wp:featuredmedia":[{"embeddable":true,"href":"https:\/\/www.copealcoy.es\/es\/wp-json\/wp\/v2\/media\/51129"}],"wp:attachment":[{"href":"https:\/\/www.copealcoy.es\/es\/wp-json\/wp\/v2\/media?parent=51128"}],"wp:term":[{"taxonomy":"category","embeddable":true,"href":"https:\/\/www.copealcoy.es\/es\/wp-json\/wp\/v2\/categories?post=51128"},{"taxonomy":"post_tag","embeddable":true,"href":"https:\/\/www.copealcoy.es\/es\/wp-json\/wp\/v2\/tags?post=51128"}],"curies":[{"name":"wp","href":"https:\/\/api.w.org\/{rel}","templated":true}]}}