{"id":51000,"date":"2019-05-16T15:41:42","date_gmt":"2019-05-16T15:41:42","guid":{"rendered":"https:\/\/copealcoi.es\/?p=51000"},"modified":"2019-05-16T15:41:42","modified_gmt":"2019-05-16T15:41:42","slug":"el-bus-urbano-incremento-sus-usuarios-en-abril-en-un-13","status":"publish","type":"post","link":"https:\/\/www.copealcoy.es\/es\/el-bus-urbano-incremento-sus-usuarios-en-abril-en-un-13\/","title":{"rendered":"El bus urbano increment\u00f3 sus usuarios en abril en un 13%"},"content":{"rendered":"<p style=\"text-align: justify;\">El <strong>Ayuntamiento de Alcoy<\/strong>, a trav\u00e9s de la Concejal\u00eda de Movilidad, ha informado que <strong>durante el mes de abril<\/strong> se increment\u00f3 <strong>el n\u00famero de usuarios del autob\u00fas urbano en un 13%<\/strong> en comparaci\u00f3n con la misma mensualidad del a\u00f1o pasado. En este sentido indican que en abril de 2019, <strong>el bus tuvo un total de 142.697 viajeros<\/strong> \u00a0mientras que <strong>en el mismo mes de 2018 tuvo 126.291<\/strong>. El consistorio remarca que <strong>hay que remontarse hasta el 2008 para tener unas cifras tan buenas<\/strong> y destacan que estas <strong>habr\u00edan sido superiores<\/strong> si las Fiestas de Moros y Cristianos hubiesen sido en abril, con el\u00a0<strong>gran n\u00famero de usuarios<\/strong> que se genera esos d\u00edas gracias al autob\u00fas lanzadera y actos desplazamientos al Centro.<\/p>\n<p style=\"text-align: justify;\">El edil de Movilidad, <strong>Jordi Mart\u00ednez<\/strong>, afirma que los incentivos aplicados en los \u00faltimos a\u00f1os <strong>han favorecido<\/strong> que\u00a0el n\u00famero de usuarios <strong>subiera de 1.311.537 viajeros en 2014 a 1.651.507 en 2018<\/strong>. De igual forma el mun\u00edcipe aclara que en lo que llevamos de a\u00f1o<strong> las cifras superan al anterior con 588.182 viajeros por 554.850 en el mismo periodo<\/strong> &#8220;<em>estamos contentos con los datos de usuarios del autob\u00fas, seguimos convenciendo a m\u00e1s alcoyanos de su utilizaci\u00f3n, y aunque cuatro a\u00f1os despu\u00e9s de implantar los bonos sociales esper\u00e1bamos que la utilizaci\u00f3n aumentara pero de manera m\u00e1s reducida, contin\u00faan sumando cifras de aumento muy importante y eso siempre es una buena noticia<\/em>&#8220;, destaca.<\/p>\n<p style=\"text-align: justify;\">Desde el \u00e1rea de Movilidad destacan que\u00a0<strong>se sigue trabajando en campa\u00f1as para el fomento del transporte p\u00fablico<\/strong> en aquellos momentos y sectores donde \u00e9stas son realmente efectivas. Asimismo concluyen que se sigue trabajando tambi\u00e9n en que este transporte p\u00fablico <strong>sea lo m\u00e1s sostenible posible<\/strong> mediante la adquisici\u00f3n de veh\u00edculos h\u00edbridos.<\/p>\n","protected":false},"excerpt":{"rendered":"<p>El Ayuntamiento de Alcoy, a trav\u00e9s de la Concejal\u00eda de Movilidad, ha informado que durante el mes de abril se&#8230;<\/p>\n","protected":false},"author":1,"featured_media":8466,"comment_status":"open","ping_status":"open","sticky":false,"template":"","format":"standard","meta":{"footnotes":""},"categories":[97,75,125],"tags":[8709,2113,5072,5114],"class_list":["post-51000","post","type-post","status-publish","format-standard","has-post-thumbnail","hentry","category-alcoy","category-noticias","category-portada","tag-8709","tag-abril","tag-bus-urbano","tag-incremento"],"yoast_head":"<!-- This site is optimized with the Yoast SEO plugin v27.3 - https:\/\/yoast.com\/product\/yoast-seo-wordpress\/ -->\n<title>El bus urbano increment\u00f3 sus usuarios en abril en un 13% - COPE Alcoy<\/title>\n<meta name=\"robots\" content=\"index, follow, max-snippet:-1, max-image-preview:large, max-video-preview:-1\" \/>\n<link rel=\"canonical\" href=\"https:\/\/www.copealcoy.es\/es\/el-bus-urbano-incremento-sus-usuarios-en-abril-en-un-13\/\" \/>\n<meta property=\"og:locale\" content=\"es_ES\" \/>\n<meta property=\"og:type\" content=\"article\" \/>\n<meta property=\"og:title\" content=\"El bus urbano increment\u00f3 sus usuarios en abril en un 13% - COPE Alcoy\" \/>\n<meta property=\"og:description\" content=\"El Ayuntamiento de Alcoy, a trav\u00e9s de la Concejal\u00eda de Movilidad, ha informado que durante el mes de abril se...\" \/>\n<meta property=\"og:url\" content=\"https:\/\/www.copealcoy.es\/es\/el-bus-urbano-incremento-sus-usuarios-en-abril-en-un-13\/\" \/>\n<meta property=\"og:site_name\" content=\"COPE Alcoy\" \/>\n<meta property=\"article:published_time\" content=\"2019-05-16T15:41:42+00:00\" \/>\n<meta property=\"og:image\" content=\"https:\/\/www.copealcoy.es\/wp-content\/uploads\/2014\/11\/image32.jpg\" \/>\n\t<meta property=\"og:image:width\" content=\"500\" \/>\n\t<meta property=\"og:image:height\" content=\"333\" \/>\n\t<meta property=\"og:image:type\" content=\"image\/jpeg\" \/>\n<meta name=\"author\" content=\"Cope Alcoy\" \/>\n<meta name=\"twitter:label1\" content=\"Escrito por\" \/>\n\t<meta name=\"twitter:data1\" content=\"Cope Alcoy\" \/>\n\t<meta name=\"twitter:label2\" content=\"Tiempo de lectura\" \/>\n\t<meta name=\"twitter:data2\" content=\"2 minutos\" \/>\n<script type=\"application\/ld+json\" class=\"yoast-schema-graph\">{\"@context\":\"https:\\\/\\\/schema.org\",\"@graph\":[{\"@type\":\"Article\",\"@id\":\"https:\\\/\\\/www.copealcoy.es\\\/es\\\/el-bus-urbano-incremento-sus-usuarios-en-abril-en-un-13\\\/#article\",\"isPartOf\":{\"@id\":\"https:\\\/\\\/www.copealcoy.es\\\/es\\\/el-bus-urbano-incremento-sus-usuarios-en-abril-en-un-13\\\/\"},\"author\":{\"name\":\"Cope Alcoy\",\"@id\":\"https:\\\/\\\/www.copealcoy.es\\\/es\\\/#\\\/schema\\\/person\\\/e777c87fa024e57d40170af9df39882c\"},\"headline\":\"El bus urbano increment\u00f3 sus usuarios en abril en un 13%\",\"datePublished\":\"2019-05-16T15:41:42+00:00\",\"mainEntityOfPage\":{\"@id\":\"https:\\\/\\\/www.copealcoy.es\\\/es\\\/el-bus-urbano-incremento-sus-usuarios-en-abril-en-un-13\\\/\"},\"wordCount\":313,\"commentCount\":0,\"image\":{\"@id\":\"https:\\\/\\\/www.copealcoy.es\\\/es\\\/el-bus-urbano-incremento-sus-usuarios-en-abril-en-un-13\\\/#primaryimage\"},\"thumbnailUrl\":\"https:\\\/\\\/www.copealcoy.es\\\/wp-content\\\/uploads\\\/2014\\\/11\\\/image32.jpg\",\"keywords\":[\"13%\",\"Abril\",\"bus urbano\",\"incremento\"],\"articleSection\":[\"Alcoy\",\"Noticias\",\"Portada\"],\"inLanguage\":\"es\"},{\"@type\":\"WebPage\",\"@id\":\"https:\\\/\\\/www.copealcoy.es\\\/es\\\/el-bus-urbano-incremento-sus-usuarios-en-abril-en-un-13\\\/\",\"url\":\"https:\\\/\\\/www.copealcoy.es\\\/es\\\/el-bus-urbano-incremento-sus-usuarios-en-abril-en-un-13\\\/\",\"name\":\"El bus urbano increment\u00f3 sus usuarios en abril en un 13% - COPE Alcoy\",\"isPartOf\":{\"@id\":\"https:\\\/\\\/www.copealcoy.es\\\/es\\\/#website\"},\"primaryImageOfPage\":{\"@id\":\"https:\\\/\\\/www.copealcoy.es\\\/es\\\/el-bus-urbano-incremento-sus-usuarios-en-abril-en-un-13\\\/#primaryimage\"},\"image\":{\"@id\":\"https:\\\/\\\/www.copealcoy.es\\\/es\\\/el-bus-urbano-incremento-sus-usuarios-en-abril-en-un-13\\\/#primaryimage\"},\"thumbnailUrl\":\"https:\\\/\\\/www.copealcoy.es\\\/wp-content\\\/uploads\\\/2014\\\/11\\\/image32.jpg\",\"datePublished\":\"2019-05-16T15:41:42+00:00\",\"author\":{\"@id\":\"https:\\\/\\\/www.copealcoy.es\\\/es\\\/#\\\/schema\\\/person\\\/e777c87fa024e57d40170af9df39882c\"},\"breadcrumb\":{\"@id\":\"https:\\\/\\\/www.copealcoy.es\\\/es\\\/el-bus-urbano-incremento-sus-usuarios-en-abril-en-un-13\\\/#breadcrumb\"},\"inLanguage\":\"es\",\"potentialAction\":[{\"@type\":\"ReadAction\",\"target\":[\"https:\\\/\\\/www.copealcoy.es\\\/es\\\/el-bus-urbano-incremento-sus-usuarios-en-abril-en-un-13\\\/\"]}]},{\"@type\":\"ImageObject\",\"inLanguage\":\"es\",\"@id\":\"https:\\\/\\\/www.copealcoy.es\\\/es\\\/el-bus-urbano-incremento-sus-usuarios-en-abril-en-un-13\\\/#primaryimage\",\"url\":\"https:\\\/\\\/www.copealcoy.es\\\/wp-content\\\/uploads\\\/2014\\\/11\\\/image32.jpg\",\"contentUrl\":\"https:\\\/\\\/www.copealcoy.es\\\/wp-content\\\/uploads\\\/2014\\\/11\\\/image32.jpg\",\"width\":500,\"height\":333},{\"@type\":\"BreadcrumbList\",\"@id\":\"https:\\\/\\\/www.copealcoy.es\\\/es\\\/el-bus-urbano-incremento-sus-usuarios-en-abril-en-un-13\\\/#breadcrumb\",\"itemListElement\":[{\"@type\":\"ListItem\",\"position\":1,\"name\":\"Portada\",\"item\":\"https:\\\/\\\/www.copealcoy.es\\\/es\\\/\"},{\"@type\":\"ListItem\",\"position\":2,\"name\":\"El bus urbano increment\u00f3 sus usuarios en abril en un 13%\"}]},{\"@type\":\"WebSite\",\"@id\":\"https:\\\/\\\/www.copealcoy.es\\\/es\\\/#website\",\"url\":\"https:\\\/\\\/www.copealcoy.es\\\/es\\\/\",\"name\":\"COPE Alcoy\",\"description\":\"Emisora COPE de radio local con emisi\u00f3n online. Pont de Sant Jordi 8-10 03803 Alcoy\",\"potentialAction\":[{\"@type\":\"SearchAction\",\"target\":{\"@type\":\"EntryPoint\",\"urlTemplate\":\"https:\\\/\\\/www.copealcoy.es\\\/es\\\/?s={search_term_string}\"},\"query-input\":{\"@type\":\"PropertyValueSpecification\",\"valueRequired\":true,\"valueName\":\"search_term_string\"}}],\"inLanguage\":\"es\"},{\"@type\":\"Person\",\"@id\":\"https:\\\/\\\/www.copealcoy.es\\\/es\\\/#\\\/schema\\\/person\\\/e777c87fa024e57d40170af9df39882c\",\"name\":\"Cope Alcoy\",\"image\":{\"@type\":\"ImageObject\",\"inLanguage\":\"es\",\"@id\":\"https:\\\/\\\/secure.gravatar.com\\\/avatar\\\/bb65d0283347e303893ba14f0692005417c1e0e690a325a4c5d8bb2b3943ee14?s=96&d=mm&r=g\",\"url\":\"https:\\\/\\\/secure.gravatar.com\\\/avatar\\\/bb65d0283347e303893ba14f0692005417c1e0e690a325a4c5d8bb2b3943ee14?s=96&d=mm&r=g\",\"contentUrl\":\"https:\\\/\\\/secure.gravatar.com\\\/avatar\\\/bb65d0283347e303893ba14f0692005417c1e0e690a325a4c5d8bb2b3943ee14?s=96&d=mm&r=g\",\"caption\":\"Cope Alcoy\"}}]}<\/script>\n<!-- \/ Yoast SEO plugin. -->","yoast_head_json":{"title":"El bus urbano increment\u00f3 sus usuarios en abril en un 13% - COPE Alcoy","robots":{"index":"index","follow":"follow","max-snippet":"max-snippet:-1","max-image-preview":"max-image-preview:large","max-video-preview":"max-video-preview:-1"},"canonical":"https:\/\/www.copealcoy.es\/es\/el-bus-urbano-incremento-sus-usuarios-en-abril-en-un-13\/","og_locale":"es_ES","og_type":"article","og_title":"El bus urbano increment\u00f3 sus usuarios en abril en un 13% - COPE Alcoy","og_description":"El Ayuntamiento de Alcoy, a trav\u00e9s de la Concejal\u00eda de Movilidad, ha informado que durante el mes de abril se...","og_url":"https:\/\/www.copealcoy.es\/es\/el-bus-urbano-incremento-sus-usuarios-en-abril-en-un-13\/","og_site_name":"COPE Alcoy","article_published_time":"2019-05-16T15:41:42+00:00","og_image":[{"width":500,"height":333,"url":"https:\/\/www.copealcoy.es\/wp-content\/uploads\/2014\/11\/image32.jpg","type":"image\/jpeg"}],"author":"Cope Alcoy","twitter_misc":{"Escrito por":"Cope Alcoy","Tiempo de lectura":"2 minutos"},"schema":{"@context":"https:\/\/schema.org","@graph":[{"@type":"Article","@id":"https:\/\/www.copealcoy.es\/es\/el-bus-urbano-incremento-sus-usuarios-en-abril-en-un-13\/#article","isPartOf":{"@id":"https:\/\/www.copealcoy.es\/es\/el-bus-urbano-incremento-sus-usuarios-en-abril-en-un-13\/"},"author":{"name":"Cope Alcoy","@id":"https:\/\/www.copealcoy.es\/es\/#\/schema\/person\/e777c87fa024e57d40170af9df39882c"},"headline":"El bus urbano increment\u00f3 sus usuarios en abril en un 13%","datePublished":"2019-05-16T15:41:42+00:00","mainEntityOfPage":{"@id":"https:\/\/www.copealcoy.es\/es\/el-bus-urbano-incremento-sus-usuarios-en-abril-en-un-13\/"},"wordCount":313,"commentCount":0,"image":{"@id":"https:\/\/www.copealcoy.es\/es\/el-bus-urbano-incremento-sus-usuarios-en-abril-en-un-13\/#primaryimage"},"thumbnailUrl":"https:\/\/www.copealcoy.es\/wp-content\/uploads\/2014\/11\/image32.jpg","keywords":["13%","Abril","bus urbano","incremento"],"articleSection":["Alcoy","Noticias","Portada"],"inLanguage":"es"},{"@type":"WebPage","@id":"https:\/\/www.copealcoy.es\/es\/el-bus-urbano-incremento-sus-usuarios-en-abril-en-un-13\/","url":"https:\/\/www.copealcoy.es\/es\/el-bus-urbano-incremento-sus-usuarios-en-abril-en-un-13\/","name":"El bus urbano increment\u00f3 sus usuarios en abril en un 13% - COPE Alcoy","isPartOf":{"@id":"https:\/\/www.copealcoy.es\/es\/#website"},"primaryImageOfPage":{"@id":"https:\/\/www.copealcoy.es\/es\/el-bus-urbano-incremento-sus-usuarios-en-abril-en-un-13\/#primaryimage"},"image":{"@id":"https:\/\/www.copealcoy.es\/es\/el-bus-urbano-incremento-sus-usuarios-en-abril-en-un-13\/#primaryimage"},"thumbnailUrl":"https:\/\/www.copealcoy.es\/wp-content\/uploads\/2014\/11\/image32.jpg","datePublished":"2019-05-16T15:41:42+00:00","author":{"@id":"https:\/\/www.copealcoy.es\/es\/#\/schema\/person\/e777c87fa024e57d40170af9df39882c"},"breadcrumb":{"@id":"https:\/\/www.copealcoy.es\/es\/el-bus-urbano-incremento-sus-usuarios-en-abril-en-un-13\/#breadcrumb"},"inLanguage":"es","potentialAction":[{"@type":"ReadAction","target":["https:\/\/www.copealcoy.es\/es\/el-bus-urbano-incremento-sus-usuarios-en-abril-en-un-13\/"]}]},{"@type":"ImageObject","inLanguage":"es","@id":"https:\/\/www.copealcoy.es\/es\/el-bus-urbano-incremento-sus-usuarios-en-abril-en-un-13\/#primaryimage","url":"https:\/\/www.copealcoy.es\/wp-content\/uploads\/2014\/11\/image32.jpg","contentUrl":"https:\/\/www.copealcoy.es\/wp-content\/uploads\/2014\/11\/image32.jpg","width":500,"height":333},{"@type":"BreadcrumbList","@id":"https:\/\/www.copealcoy.es\/es\/el-bus-urbano-incremento-sus-usuarios-en-abril-en-un-13\/#breadcrumb","itemListElement":[{"@type":"ListItem","position":1,"name":"Portada","item":"https:\/\/www.copealcoy.es\/es\/"},{"@type":"ListItem","position":2,"name":"El bus urbano increment\u00f3 sus usuarios en abril en un 13%"}]},{"@type":"WebSite","@id":"https:\/\/www.copealcoy.es\/es\/#website","url":"https:\/\/www.copealcoy.es\/es\/","name":"COPE Alcoy","description":"Emisora COPE de radio local con emisi\u00f3n online. Pont de Sant Jordi 8-10 03803 Alcoy","potentialAction":[{"@type":"SearchAction","target":{"@type":"EntryPoint","urlTemplate":"https:\/\/www.copealcoy.es\/es\/?s={search_term_string}"},"query-input":{"@type":"PropertyValueSpecification","valueRequired":true,"valueName":"search_term_string"}}],"inLanguage":"es"},{"@type":"Person","@id":"https:\/\/www.copealcoy.es\/es\/#\/schema\/person\/e777c87fa024e57d40170af9df39882c","name":"Cope Alcoy","image":{"@type":"ImageObject","inLanguage":"es","@id":"https:\/\/secure.gravatar.com\/avatar\/bb65d0283347e303893ba14f0692005417c1e0e690a325a4c5d8bb2b3943ee14?s=96&d=mm&r=g","url":"https:\/\/secure.gravatar.com\/avatar\/bb65d0283347e303893ba14f0692005417c1e0e690a325a4c5d8bb2b3943ee14?s=96&d=mm&r=g","contentUrl":"https:\/\/secure.gravatar.com\/avatar\/bb65d0283347e303893ba14f0692005417c1e0e690a325a4c5d8bb2b3943ee14?s=96&d=mm&r=g","caption":"Cope Alcoy"}}]}},"_links":{"self":[{"href":"https:\/\/www.copealcoy.es\/es\/wp-json\/wp\/v2\/posts\/51000","targetHints":{"allow":["GET"]}}],"collection":[{"href":"https:\/\/www.copealcoy.es\/es\/wp-json\/wp\/v2\/posts"}],"about":[{"href":"https:\/\/www.copealcoy.es\/es\/wp-json\/wp\/v2\/types\/post"}],"author":[{"embeddable":true,"href":"https:\/\/www.copealcoy.es\/es\/wp-json\/wp\/v2\/users\/1"}],"replies":[{"embeddable":true,"href":"https:\/\/www.copealcoy.es\/es\/wp-json\/wp\/v2\/comments?post=51000"}],"version-history":[{"count":0,"href":"https:\/\/www.copealcoy.es\/es\/wp-json\/wp\/v2\/posts\/51000\/revisions"}],"wp:featuredmedia":[{"embeddable":true,"href":"https:\/\/www.copealcoy.es\/es\/wp-json\/wp\/v2\/media\/8466"}],"wp:attachment":[{"href":"https:\/\/www.copealcoy.es\/es\/wp-json\/wp\/v2\/media?parent=51000"}],"wp:term":[{"taxonomy":"category","embeddable":true,"href":"https:\/\/www.copealcoy.es\/es\/wp-json\/wp\/v2\/categories?post=51000"},{"taxonomy":"post_tag","embeddable":true,"href":"https:\/\/www.copealcoy.es\/es\/wp-json\/wp\/v2\/tags?post=51000"}],"curies":[{"name":"wp","href":"https:\/\/api.w.org\/{rel}","templated":true}]}}