{"id":50998,"date":"2019-05-16T15:27:30","date_gmt":"2019-05-16T15:27:30","guid":{"rendered":"https:\/\/copealcoi.es\/?p=50998"},"modified":"2019-05-16T15:27:30","modified_gmt":"2019-05-16T15:27:30","slug":"cocentaina-mantiene-su-apuesta-por-la-mejora-del-casco-antiguo","status":"publish","type":"post","link":"https:\/\/www.copealcoy.es\/es\/cocentaina-mantiene-su-apuesta-por-la-mejora-del-casco-antiguo\/","title":{"rendered":"Cocentaina mantiene su apuesta por la mejora del casco antiguo"},"content":{"rendered":"<p style=\"text-align: justify;\">El <strong>Ayuntamiento de Cocentaina<\/strong> contin\u00faa realizando actuaciones para la mejora del casco antiguo y ha convocado<strong> una nueva edici\u00f3n de las ayudas para la rehabilitaci\u00f3n de fachadas<\/strong>.&nbsp;En esta ocasi\u00f3n, seg\u00fan ha informado el Consistorio contestano,&nbsp;<strong>se han reservado un total de 25.000 euros del Presupuesto Municipal<\/strong> para subvencionar todas las actuaciones que solicitan los vecinos del municipio.<\/p>\n<p style=\"text-align: justify;\">Desde el Ayuntamiento indican que <strong>esta partida se podr\u00eda ver incrementada<\/strong> en el caso de que <strong>haya una elevada demanda de peticiones<\/strong> y destacan que esta l\u00ednea de subvenciones <strong>se complementa con la destinada a la reparaci\u00f3n de cubiertas<\/strong> en el centro hist\u00f3rico, de la que pr\u00f3ximamente saldr\u00e1 convocatoria. El Concejal de Hacienda, <strong>Marcos Castell\u00f3<\/strong>,&nbsp;recuerda que las ayudas para adecuar las fachadas del centro hist\u00f3rico <strong>comenzaron a materializarse a partir del a\u00f1o 2008<\/strong>&nbsp;al mismo tiempo que remarca que hasta el momento <strong>se han invertido m\u00e1s de 1&#8217;5 millones de euros en este proyecto<\/strong> &#8220;<em>una cifra que se traduce en actuaciones en m\u00e1s de 140 viviendas de nuestra poblaci\u00f3n. Adem\u00e1s, en las \u00faltimas anualidades hemos ampliado las convocatorias a aquellos inmuebles con una antig\u00fcedad superior a cuarenta a\u00f1os e incluso se han realizado intervenciones en las pedan\u00edas. Son unas ayudas que, adem\u00e1s de contribuir a embellecer el casco antiguo, apuestan por la promoci\u00f3n econ\u00f3mica, ya que revierten en el sector de la construcci\u00f3n local. Estos son datos y hechos reales y no palabras<\/em> &#8220;, se\u00f1ala.<\/p>\n<p style=\"text-align: justify;\">Indicar que el plazo para presentar las solicitudes <strong>se ha ampliado hasta el 14 de junio<\/strong> y &nbsp;todos <strong>aquellos interesados<\/strong> \u200b\u200ben adherirse a las subvenciones, unas ayudas que pueden llegar hasta el 95 % dependiendo de la capacidad econ\u00f3mica familiar, o en obtener m\u00e1s informaci\u00f3n de estas; pueden pasar por <strong>el SIC<\/strong> (Servicio de informaci\u00f3n al Ciudadano), <strong>el Departamento de Urbanismo<\/strong> o <strong>la oficina de la t\u00e9cnica de patrimonio<\/strong>. Todos los detalles de esta nueva convocatoria de ayudas tambi\u00e9n se pueden consultar <strong>en el portal web del Ayuntamiento de Cocentaina<\/strong>.<\/p>\n","protected":false},"excerpt":{"rendered":"<p>El Ayuntamiento de Cocentaina contin\u00faa realizando actuaciones para la mejora del casco antiguo y ha convocado una nueva edici\u00f3n de&#8230;<\/p>\n","protected":false},"author":1,"featured_media":51003,"comment_status":"open","ping_status":"open","sticky":false,"template":"","format":"standard","meta":{"footnotes":""},"categories":[98,75],"tags":[181,5455,132,139],"class_list":["post-50998","post","type-post","status-publish","format-standard","has-post-thumbnail","hentry","category-comarcas","category-noticias","tag-apuesta","tag-casco-antiguo","tag-cocentaina","tag-mejora"],"yoast_head":"<!-- This site is optimized with the Yoast SEO plugin v27.3 - https:\/\/yoast.com\/product\/yoast-seo-wordpress\/ -->\n<title>Cocentaina mantiene su apuesta por la mejora del casco antiguo - COPE Alcoy<\/title>\n<meta name=\"robots\" content=\"index, follow, max-snippet:-1, max-image-preview:large, max-video-preview:-1\" \/>\n<link rel=\"canonical\" href=\"https:\/\/www.copealcoy.es\/es\/cocentaina-mantiene-su-apuesta-por-la-mejora-del-casco-antiguo\/\" \/>\n<meta property=\"og:locale\" content=\"es_ES\" \/>\n<meta property=\"og:type\" content=\"article\" \/>\n<meta property=\"og:title\" content=\"Cocentaina mantiene su apuesta por la mejora del casco antiguo - COPE Alcoy\" \/>\n<meta property=\"og:description\" content=\"El Ayuntamiento de Cocentaina contin\u00faa realizando actuaciones para la mejora del casco antiguo y ha convocado una nueva edici\u00f3n de...\" \/>\n<meta property=\"og:url\" content=\"https:\/\/www.copealcoy.es\/es\/cocentaina-mantiene-su-apuesta-por-la-mejora-del-casco-antiguo\/\" \/>\n<meta property=\"og:site_name\" content=\"COPE Alcoy\" \/>\n<meta property=\"article:published_time\" content=\"2019-05-16T15:27:30+00:00\" \/>\n<meta property=\"og:image\" content=\"https:\/\/www.copealcoy.es\/wp-content\/uploads\/2019\/05\/bbc839bef6ab980fa0836d61e7b121e4-1.jpg\" \/>\n\t<meta property=\"og:image:width\" content=\"2048\" \/>\n\t<meta property=\"og:image:height\" content=\"1536\" \/>\n\t<meta property=\"og:image:type\" content=\"image\/jpeg\" \/>\n<meta name=\"author\" content=\"Cope Alcoy\" \/>\n<meta name=\"twitter:label1\" content=\"Escrito por\" \/>\n\t<meta name=\"twitter:data1\" content=\"Cope Alcoy\" \/>\n\t<meta name=\"twitter:label2\" content=\"Tiempo de lectura\" \/>\n\t<meta name=\"twitter:data2\" content=\"2 minutos\" \/>\n<script type=\"application\/ld+json\" class=\"yoast-schema-graph\">{\"@context\":\"https:\\\/\\\/schema.org\",\"@graph\":[{\"@type\":\"Article\",\"@id\":\"https:\\\/\\\/www.copealcoy.es\\\/es\\\/cocentaina-mantiene-su-apuesta-por-la-mejora-del-casco-antiguo\\\/#article\",\"isPartOf\":{\"@id\":\"https:\\\/\\\/www.copealcoy.es\\\/es\\\/cocentaina-mantiene-su-apuesta-por-la-mejora-del-casco-antiguo\\\/\"},\"author\":{\"name\":\"Cope Alcoy\",\"@id\":\"https:\\\/\\\/www.copealcoy.es\\\/es\\\/#\\\/schema\\\/person\\\/e777c87fa024e57d40170af9df39882c\"},\"headline\":\"Cocentaina mantiene su apuesta por la mejora del casco antiguo\",\"datePublished\":\"2019-05-16T15:27:30+00:00\",\"mainEntityOfPage\":{\"@id\":\"https:\\\/\\\/www.copealcoy.es\\\/es\\\/cocentaina-mantiene-su-apuesta-por-la-mejora-del-casco-antiguo\\\/\"},\"wordCount\":361,\"commentCount\":0,\"image\":{\"@id\":\"https:\\\/\\\/www.copealcoy.es\\\/es\\\/cocentaina-mantiene-su-apuesta-por-la-mejora-del-casco-antiguo\\\/#primaryimage\"},\"thumbnailUrl\":\"https:\\\/\\\/www.copealcoy.es\\\/wp-content\\\/uploads\\\/2019\\\/05\\\/bbc839bef6ab980fa0836d61e7b121e4-1.jpg\",\"keywords\":[\"Apuesta\",\"casco antiguo\",\"Cocentaina\",\"Mejora\"],\"articleSection\":[\"Comarcas\",\"Noticias\"],\"inLanguage\":\"es\"},{\"@type\":\"WebPage\",\"@id\":\"https:\\\/\\\/www.copealcoy.es\\\/es\\\/cocentaina-mantiene-su-apuesta-por-la-mejora-del-casco-antiguo\\\/\",\"url\":\"https:\\\/\\\/www.copealcoy.es\\\/es\\\/cocentaina-mantiene-su-apuesta-por-la-mejora-del-casco-antiguo\\\/\",\"name\":\"Cocentaina mantiene su apuesta por la mejora del casco antiguo - COPE Alcoy\",\"isPartOf\":{\"@id\":\"https:\\\/\\\/www.copealcoy.es\\\/es\\\/#website\"},\"primaryImageOfPage\":{\"@id\":\"https:\\\/\\\/www.copealcoy.es\\\/es\\\/cocentaina-mantiene-su-apuesta-por-la-mejora-del-casco-antiguo\\\/#primaryimage\"},\"image\":{\"@id\":\"https:\\\/\\\/www.copealcoy.es\\\/es\\\/cocentaina-mantiene-su-apuesta-por-la-mejora-del-casco-antiguo\\\/#primaryimage\"},\"thumbnailUrl\":\"https:\\\/\\\/www.copealcoy.es\\\/wp-content\\\/uploads\\\/2019\\\/05\\\/bbc839bef6ab980fa0836d61e7b121e4-1.jpg\",\"datePublished\":\"2019-05-16T15:27:30+00:00\",\"author\":{\"@id\":\"https:\\\/\\\/www.copealcoy.es\\\/es\\\/#\\\/schema\\\/person\\\/e777c87fa024e57d40170af9df39882c\"},\"breadcrumb\":{\"@id\":\"https:\\\/\\\/www.copealcoy.es\\\/es\\\/cocentaina-mantiene-su-apuesta-por-la-mejora-del-casco-antiguo\\\/#breadcrumb\"},\"inLanguage\":\"es\",\"potentialAction\":[{\"@type\":\"ReadAction\",\"target\":[\"https:\\\/\\\/www.copealcoy.es\\\/es\\\/cocentaina-mantiene-su-apuesta-por-la-mejora-del-casco-antiguo\\\/\"]}]},{\"@type\":\"ImageObject\",\"inLanguage\":\"es\",\"@id\":\"https:\\\/\\\/www.copealcoy.es\\\/es\\\/cocentaina-mantiene-su-apuesta-por-la-mejora-del-casco-antiguo\\\/#primaryimage\",\"url\":\"https:\\\/\\\/www.copealcoy.es\\\/wp-content\\\/uploads\\\/2019\\\/05\\\/bbc839bef6ab980fa0836d61e7b121e4-1.jpg\",\"contentUrl\":\"https:\\\/\\\/www.copealcoy.es\\\/wp-content\\\/uploads\\\/2019\\\/05\\\/bbc839bef6ab980fa0836d61e7b121e4-1.jpg\",\"width\":2048,\"height\":1536},{\"@type\":\"BreadcrumbList\",\"@id\":\"https:\\\/\\\/www.copealcoy.es\\\/es\\\/cocentaina-mantiene-su-apuesta-por-la-mejora-del-casco-antiguo\\\/#breadcrumb\",\"itemListElement\":[{\"@type\":\"ListItem\",\"position\":1,\"name\":\"Portada\",\"item\":\"https:\\\/\\\/www.copealcoy.es\\\/es\\\/\"},{\"@type\":\"ListItem\",\"position\":2,\"name\":\"Cocentaina mantiene su apuesta por la mejora del casco antiguo\"}]},{\"@type\":\"WebSite\",\"@id\":\"https:\\\/\\\/www.copealcoy.es\\\/es\\\/#website\",\"url\":\"https:\\\/\\\/www.copealcoy.es\\\/es\\\/\",\"name\":\"COPE Alcoy\",\"description\":\"Emisora COPE de radio local con emisi\u00f3n online. Pont de Sant Jordi 8-10 03803 Alcoy\",\"potentialAction\":[{\"@type\":\"SearchAction\",\"target\":{\"@type\":\"EntryPoint\",\"urlTemplate\":\"https:\\\/\\\/www.copealcoy.es\\\/es\\\/?s={search_term_string}\"},\"query-input\":{\"@type\":\"PropertyValueSpecification\",\"valueRequired\":true,\"valueName\":\"search_term_string\"}}],\"inLanguage\":\"es\"},{\"@type\":\"Person\",\"@id\":\"https:\\\/\\\/www.copealcoy.es\\\/es\\\/#\\\/schema\\\/person\\\/e777c87fa024e57d40170af9df39882c\",\"name\":\"Cope Alcoy\",\"image\":{\"@type\":\"ImageObject\",\"inLanguage\":\"es\",\"@id\":\"https:\\\/\\\/secure.gravatar.com\\\/avatar\\\/bb65d0283347e303893ba14f0692005417c1e0e690a325a4c5d8bb2b3943ee14?s=96&d=mm&r=g\",\"url\":\"https:\\\/\\\/secure.gravatar.com\\\/avatar\\\/bb65d0283347e303893ba14f0692005417c1e0e690a325a4c5d8bb2b3943ee14?s=96&d=mm&r=g\",\"contentUrl\":\"https:\\\/\\\/secure.gravatar.com\\\/avatar\\\/bb65d0283347e303893ba14f0692005417c1e0e690a325a4c5d8bb2b3943ee14?s=96&d=mm&r=g\",\"caption\":\"Cope Alcoy\"}}]}<\/script>\n<!-- \/ Yoast SEO plugin. -->","yoast_head_json":{"title":"Cocentaina mantiene su apuesta por la mejora del casco antiguo - COPE Alcoy","robots":{"index":"index","follow":"follow","max-snippet":"max-snippet:-1","max-image-preview":"max-image-preview:large","max-video-preview":"max-video-preview:-1"},"canonical":"https:\/\/www.copealcoy.es\/es\/cocentaina-mantiene-su-apuesta-por-la-mejora-del-casco-antiguo\/","og_locale":"es_ES","og_type":"article","og_title":"Cocentaina mantiene su apuesta por la mejora del casco antiguo - COPE Alcoy","og_description":"El Ayuntamiento de Cocentaina contin\u00faa realizando actuaciones para la mejora del casco antiguo y ha convocado una nueva edici\u00f3n de...","og_url":"https:\/\/www.copealcoy.es\/es\/cocentaina-mantiene-su-apuesta-por-la-mejora-del-casco-antiguo\/","og_site_name":"COPE Alcoy","article_published_time":"2019-05-16T15:27:30+00:00","og_image":[{"width":2048,"height":1536,"url":"https:\/\/www.copealcoy.es\/wp-content\/uploads\/2019\/05\/bbc839bef6ab980fa0836d61e7b121e4-1.jpg","type":"image\/jpeg"}],"author":"Cope Alcoy","twitter_misc":{"Escrito por":"Cope Alcoy","Tiempo de lectura":"2 minutos"},"schema":{"@context":"https:\/\/schema.org","@graph":[{"@type":"Article","@id":"https:\/\/www.copealcoy.es\/es\/cocentaina-mantiene-su-apuesta-por-la-mejora-del-casco-antiguo\/#article","isPartOf":{"@id":"https:\/\/www.copealcoy.es\/es\/cocentaina-mantiene-su-apuesta-por-la-mejora-del-casco-antiguo\/"},"author":{"name":"Cope Alcoy","@id":"https:\/\/www.copealcoy.es\/es\/#\/schema\/person\/e777c87fa024e57d40170af9df39882c"},"headline":"Cocentaina mantiene su apuesta por la mejora del casco antiguo","datePublished":"2019-05-16T15:27:30+00:00","mainEntityOfPage":{"@id":"https:\/\/www.copealcoy.es\/es\/cocentaina-mantiene-su-apuesta-por-la-mejora-del-casco-antiguo\/"},"wordCount":361,"commentCount":0,"image":{"@id":"https:\/\/www.copealcoy.es\/es\/cocentaina-mantiene-su-apuesta-por-la-mejora-del-casco-antiguo\/#primaryimage"},"thumbnailUrl":"https:\/\/www.copealcoy.es\/wp-content\/uploads\/2019\/05\/bbc839bef6ab980fa0836d61e7b121e4-1.jpg","keywords":["Apuesta","casco antiguo","Cocentaina","Mejora"],"articleSection":["Comarcas","Noticias"],"inLanguage":"es"},{"@type":"WebPage","@id":"https:\/\/www.copealcoy.es\/es\/cocentaina-mantiene-su-apuesta-por-la-mejora-del-casco-antiguo\/","url":"https:\/\/www.copealcoy.es\/es\/cocentaina-mantiene-su-apuesta-por-la-mejora-del-casco-antiguo\/","name":"Cocentaina mantiene su apuesta por la mejora del casco antiguo - COPE Alcoy","isPartOf":{"@id":"https:\/\/www.copealcoy.es\/es\/#website"},"primaryImageOfPage":{"@id":"https:\/\/www.copealcoy.es\/es\/cocentaina-mantiene-su-apuesta-por-la-mejora-del-casco-antiguo\/#primaryimage"},"image":{"@id":"https:\/\/www.copealcoy.es\/es\/cocentaina-mantiene-su-apuesta-por-la-mejora-del-casco-antiguo\/#primaryimage"},"thumbnailUrl":"https:\/\/www.copealcoy.es\/wp-content\/uploads\/2019\/05\/bbc839bef6ab980fa0836d61e7b121e4-1.jpg","datePublished":"2019-05-16T15:27:30+00:00","author":{"@id":"https:\/\/www.copealcoy.es\/es\/#\/schema\/person\/e777c87fa024e57d40170af9df39882c"},"breadcrumb":{"@id":"https:\/\/www.copealcoy.es\/es\/cocentaina-mantiene-su-apuesta-por-la-mejora-del-casco-antiguo\/#breadcrumb"},"inLanguage":"es","potentialAction":[{"@type":"ReadAction","target":["https:\/\/www.copealcoy.es\/es\/cocentaina-mantiene-su-apuesta-por-la-mejora-del-casco-antiguo\/"]}]},{"@type":"ImageObject","inLanguage":"es","@id":"https:\/\/www.copealcoy.es\/es\/cocentaina-mantiene-su-apuesta-por-la-mejora-del-casco-antiguo\/#primaryimage","url":"https:\/\/www.copealcoy.es\/wp-content\/uploads\/2019\/05\/bbc839bef6ab980fa0836d61e7b121e4-1.jpg","contentUrl":"https:\/\/www.copealcoy.es\/wp-content\/uploads\/2019\/05\/bbc839bef6ab980fa0836d61e7b121e4-1.jpg","width":2048,"height":1536},{"@type":"BreadcrumbList","@id":"https:\/\/www.copealcoy.es\/es\/cocentaina-mantiene-su-apuesta-por-la-mejora-del-casco-antiguo\/#breadcrumb","itemListElement":[{"@type":"ListItem","position":1,"name":"Portada","item":"https:\/\/www.copealcoy.es\/es\/"},{"@type":"ListItem","position":2,"name":"Cocentaina mantiene su apuesta por la mejora del casco antiguo"}]},{"@type":"WebSite","@id":"https:\/\/www.copealcoy.es\/es\/#website","url":"https:\/\/www.copealcoy.es\/es\/","name":"COPE Alcoy","description":"Emisora COPE de radio local con emisi\u00f3n online. Pont de Sant Jordi 8-10 03803 Alcoy","potentialAction":[{"@type":"SearchAction","target":{"@type":"EntryPoint","urlTemplate":"https:\/\/www.copealcoy.es\/es\/?s={search_term_string}"},"query-input":{"@type":"PropertyValueSpecification","valueRequired":true,"valueName":"search_term_string"}}],"inLanguage":"es"},{"@type":"Person","@id":"https:\/\/www.copealcoy.es\/es\/#\/schema\/person\/e777c87fa024e57d40170af9df39882c","name":"Cope Alcoy","image":{"@type":"ImageObject","inLanguage":"es","@id":"https:\/\/secure.gravatar.com\/avatar\/bb65d0283347e303893ba14f0692005417c1e0e690a325a4c5d8bb2b3943ee14?s=96&d=mm&r=g","url":"https:\/\/secure.gravatar.com\/avatar\/bb65d0283347e303893ba14f0692005417c1e0e690a325a4c5d8bb2b3943ee14?s=96&d=mm&r=g","contentUrl":"https:\/\/secure.gravatar.com\/avatar\/bb65d0283347e303893ba14f0692005417c1e0e690a325a4c5d8bb2b3943ee14?s=96&d=mm&r=g","caption":"Cope Alcoy"}}]}},"_links":{"self":[{"href":"https:\/\/www.copealcoy.es\/es\/wp-json\/wp\/v2\/posts\/50998","targetHints":{"allow":["GET"]}}],"collection":[{"href":"https:\/\/www.copealcoy.es\/es\/wp-json\/wp\/v2\/posts"}],"about":[{"href":"https:\/\/www.copealcoy.es\/es\/wp-json\/wp\/v2\/types\/post"}],"author":[{"embeddable":true,"href":"https:\/\/www.copealcoy.es\/es\/wp-json\/wp\/v2\/users\/1"}],"replies":[{"embeddable":true,"href":"https:\/\/www.copealcoy.es\/es\/wp-json\/wp\/v2\/comments?post=50998"}],"version-history":[{"count":0,"href":"https:\/\/www.copealcoy.es\/es\/wp-json\/wp\/v2\/posts\/50998\/revisions"}],"wp:featuredmedia":[{"embeddable":true,"href":"https:\/\/www.copealcoy.es\/es\/wp-json\/wp\/v2\/media\/51003"}],"wp:attachment":[{"href":"https:\/\/www.copealcoy.es\/es\/wp-json\/wp\/v2\/media?parent=50998"}],"wp:term":[{"taxonomy":"category","embeddable":true,"href":"https:\/\/www.copealcoy.es\/es\/wp-json\/wp\/v2\/categories?post=50998"},{"taxonomy":"post_tag","embeddable":true,"href":"https:\/\/www.copealcoy.es\/es\/wp-json\/wp\/v2\/tags?post=50998"}],"curies":[{"name":"wp","href":"https:\/\/api.w.org\/{rel}","templated":true}]}}