{"id":50875,"date":"2019-05-14T16:43:13","date_gmt":"2019-05-14T16:43:13","guid":{"rendered":"https:\/\/copealcoi.es\/?p=50875"},"modified":"2019-05-14T16:43:13","modified_gmt":"2019-05-14T16:43:13","slug":"un-dia-del-alardo-sin-polvora-pone-punto-y-seguido-a-las-fiestas-de-muro","status":"publish","type":"post","link":"https:\/\/www.copealcoy.es\/es\/un-dia-del-alardo-sin-polvora-pone-punto-y-seguido-a-las-fiestas-de-muro\/","title":{"rendered":"Un d\u00eda del Alardo sin p\u00f3lvora pone punto y seguido a las Fiestas de Muro"},"content":{"rendered":"<p style=\"text-align: justify;\">El conocido como <strong>\u2018D\u00eda dels Trons\u2019<\/strong> puso ayer <strong>el punto y final a las Fiestas de Moros y Cristianos de Muro<\/strong> de este 2019, unos festejos que <strong>culminar\u00e1n de forma oficial el pr\u00f3ximo fin de semana<\/strong> con el retorno procesional de la Virgen de los Desamparados a su ermita.<\/p>\n<p style=\"text-align: justify;\">La jornada comenz\u00f3 pasadas las diez y media de la ma\u00f1ana con <strong>la humor\u00edstica \u2018Ambaixada del Tonell\u2019<\/strong>, que protagonizan <strong>las Filaes Llana y Mare de D\u00e9u<\/strong>, y que tuvo lugar <strong>en la Placeta Molina<\/strong> ante el Ayuntamiento. Los dos embajadores protagonizaron <strong>un jocoso di\u00e1logo<\/strong> en el que hicieron referencia a <strong>muchas singularidades de la poblaci\u00f3n<\/strong> sin dejar de lado<strong> las menciones a temas de actualidad<\/strong>. Las intervenciones finalizaron con <strong>acuerdo entre ambas formaciones<\/strong> y al final, acompa\u00f1ados de la m\u00fasica festera, las dos Filaes <strong>marcharon juntas a sellar la paz<\/strong> dando cuenta de <strong>un buen barril de vino de nuestras comarcas<\/strong> mientras degustaban <strong>un copioso almuerzo<\/strong>.<\/p>\n<p style=\"text-align: justify;\">Posteriormente, a la una del mediod\u00eda, <strong>no se llev\u00f3 a cabo el habitual disparo de arcabucer\u00eda<\/strong> ante <strong>la falta de suministro de p\u00f3lvora negra<\/strong> pero si que se pudo realizar con normalidad <strong>la Embajada Mora<\/strong> que estuvo declamada este a\u00f1o por <strong>Joan Moixino<\/strong>. Las palabras dieron paso a las armas y <strong>las tropas \u00e1rabes ganaron el castillo<\/strong> instalando en todas sus almenas y ventanas el emblema de la media luna. Por la tarde, con id\u00e9nticas caracter\u00edsticas a la ma\u00f1ana, <strong>se desarroll\u00f3 la Embajada Cristiana pronunciada por Noem\u00ed Belda<\/strong> y una vez m\u00e1s fracas\u00f3 el di\u00e1logo siendo <strong>la lucha armada entre los cargos la encargada de resolver una batalla<\/strong> que finalmente vencieron los cristianos.<\/p>\n<p style=\"text-align: justify;\">La Retreta, <strong>con los t\u00edpicos \u2018Farolets\u2019<\/strong>, y <strong>una cena de hermandad de los festeros<\/strong> de todas las Filaes en la Pla\u00e7a del Matzem pusieron <strong>el broche final<\/strong> al primer acto de unas Fiestas de Moros y Cristianos que terminar\u00e1n el domingo con <strong>la celebraci\u00f3n de \u2018La Puj\u00e0\u2019<\/strong> de la Mare de D\u00e9u.<\/p>\n","protected":false},"excerpt":{"rendered":"<p>El conocido como \u2018D\u00eda dels Trons\u2019 puso ayer el punto y final a las Fiestas de Moros y Cristianos de&#8230;<\/p>\n","protected":false},"author":1,"featured_media":50876,"comment_status":"open","ping_status":"open","sticky":false,"template":"","format":"standard","meta":{"footnotes":""},"categories":[98,75],"tags":[8682,565,135,8683,8684],"class_list":["post-50875","post","type-post","status-publish","format-standard","has-post-thumbnail","hentry","category-comarcas","category-noticias","tag-dia-del-alardo","tag-fiestas","tag-muro","tag-punto-y-seguido","tag-sin-polvora"],"yoast_head":"<!-- This site is optimized with the Yoast SEO plugin v27.3 - https:\/\/yoast.com\/product\/yoast-seo-wordpress\/ -->\n<title>Un d\u00eda del Alardo sin p\u00f3lvora pone punto y seguido a las Fiestas de Muro - COPE Alcoy<\/title>\n<meta name=\"robots\" content=\"index, follow, max-snippet:-1, max-image-preview:large, max-video-preview:-1\" \/>\n<link rel=\"canonical\" href=\"https:\/\/www.copealcoy.es\/es\/un-dia-del-alardo-sin-polvora-pone-punto-y-seguido-a-las-fiestas-de-muro\/\" \/>\n<meta property=\"og:locale\" content=\"es_ES\" \/>\n<meta property=\"og:type\" content=\"article\" \/>\n<meta property=\"og:title\" content=\"Un d\u00eda del Alardo sin p\u00f3lvora pone punto y seguido a las Fiestas de Muro - COPE Alcoy\" \/>\n<meta property=\"og:description\" content=\"El conocido como \u2018D\u00eda dels Trons\u2019 puso ayer el punto y final a las Fiestas de Moros y Cristianos de...\" \/>\n<meta property=\"og:url\" content=\"https:\/\/www.copealcoy.es\/es\/un-dia-del-alardo-sin-polvora-pone-punto-y-seguido-a-las-fiestas-de-muro\/\" \/>\n<meta property=\"og:site_name\" content=\"COPE Alcoy\" \/>\n<meta property=\"article:published_time\" content=\"2019-05-14T16:43:13+00:00\" \/>\n<meta property=\"og:image\" content=\"https:\/\/www.copealcoy.es\/wp-content\/uploads\/2019\/05\/60234024_1654705578006254_6853683161965002752_n-e1557852053495-1.jpg\" \/>\n\t<meta property=\"og:image:width\" content=\"921\" \/>\n\t<meta property=\"og:image:height\" content=\"506\" \/>\n\t<meta property=\"og:image:type\" content=\"image\/jpeg\" \/>\n<meta name=\"author\" content=\"Cope Alcoy\" \/>\n<meta name=\"twitter:label1\" content=\"Escrito por\" \/>\n\t<meta name=\"twitter:data1\" content=\"Cope Alcoy\" \/>\n\t<meta name=\"twitter:label2\" content=\"Tiempo de lectura\" \/>\n\t<meta name=\"twitter:data2\" content=\"2 minutos\" \/>\n<script type=\"application\/ld+json\" class=\"yoast-schema-graph\">{\"@context\":\"https:\\\/\\\/schema.org\",\"@graph\":[{\"@type\":\"Article\",\"@id\":\"https:\\\/\\\/www.copealcoy.es\\\/es\\\/un-dia-del-alardo-sin-polvora-pone-punto-y-seguido-a-las-fiestas-de-muro\\\/#article\",\"isPartOf\":{\"@id\":\"https:\\\/\\\/www.copealcoy.es\\\/es\\\/un-dia-del-alardo-sin-polvora-pone-punto-y-seguido-a-las-fiestas-de-muro\\\/\"},\"author\":{\"name\":\"Cope Alcoy\",\"@id\":\"https:\\\/\\\/www.copealcoy.es\\\/es\\\/#\\\/schema\\\/person\\\/e777c87fa024e57d40170af9df39882c\"},\"headline\":\"Un d\u00eda del Alardo sin p\u00f3lvora pone punto y seguido a las Fiestas de Muro\",\"datePublished\":\"2019-05-14T16:43:13+00:00\",\"mainEntityOfPage\":{\"@id\":\"https:\\\/\\\/www.copealcoy.es\\\/es\\\/un-dia-del-alardo-sin-polvora-pone-punto-y-seguido-a-las-fiestas-de-muro\\\/\"},\"wordCount\":360,\"commentCount\":0,\"image\":{\"@id\":\"https:\\\/\\\/www.copealcoy.es\\\/es\\\/un-dia-del-alardo-sin-polvora-pone-punto-y-seguido-a-las-fiestas-de-muro\\\/#primaryimage\"},\"thumbnailUrl\":\"https:\\\/\\\/www.copealcoy.es\\\/wp-content\\\/uploads\\\/2019\\\/05\\\/60234024_1654705578006254_6853683161965002752_n-e1557852053495-1.jpg\",\"keywords\":[\"D\u00eda del Alardo\",\"Fiestas\",\"Muro\",\"punto y seguido\",\"sin p\u00f3lvora\"],\"articleSection\":[\"Comarcas\",\"Noticias\"],\"inLanguage\":\"es\"},{\"@type\":\"WebPage\",\"@id\":\"https:\\\/\\\/www.copealcoy.es\\\/es\\\/un-dia-del-alardo-sin-polvora-pone-punto-y-seguido-a-las-fiestas-de-muro\\\/\",\"url\":\"https:\\\/\\\/www.copealcoy.es\\\/es\\\/un-dia-del-alardo-sin-polvora-pone-punto-y-seguido-a-las-fiestas-de-muro\\\/\",\"name\":\"Un d\u00eda del Alardo sin p\u00f3lvora pone punto y seguido a las Fiestas de Muro - COPE Alcoy\",\"isPartOf\":{\"@id\":\"https:\\\/\\\/www.copealcoy.es\\\/es\\\/#website\"},\"primaryImageOfPage\":{\"@id\":\"https:\\\/\\\/www.copealcoy.es\\\/es\\\/un-dia-del-alardo-sin-polvora-pone-punto-y-seguido-a-las-fiestas-de-muro\\\/#primaryimage\"},\"image\":{\"@id\":\"https:\\\/\\\/www.copealcoy.es\\\/es\\\/un-dia-del-alardo-sin-polvora-pone-punto-y-seguido-a-las-fiestas-de-muro\\\/#primaryimage\"},\"thumbnailUrl\":\"https:\\\/\\\/www.copealcoy.es\\\/wp-content\\\/uploads\\\/2019\\\/05\\\/60234024_1654705578006254_6853683161965002752_n-e1557852053495-1.jpg\",\"datePublished\":\"2019-05-14T16:43:13+00:00\",\"author\":{\"@id\":\"https:\\\/\\\/www.copealcoy.es\\\/es\\\/#\\\/schema\\\/person\\\/e777c87fa024e57d40170af9df39882c\"},\"breadcrumb\":{\"@id\":\"https:\\\/\\\/www.copealcoy.es\\\/es\\\/un-dia-del-alardo-sin-polvora-pone-punto-y-seguido-a-las-fiestas-de-muro\\\/#breadcrumb\"},\"inLanguage\":\"es\",\"potentialAction\":[{\"@type\":\"ReadAction\",\"target\":[\"https:\\\/\\\/www.copealcoy.es\\\/es\\\/un-dia-del-alardo-sin-polvora-pone-punto-y-seguido-a-las-fiestas-de-muro\\\/\"]}]},{\"@type\":\"ImageObject\",\"inLanguage\":\"es\",\"@id\":\"https:\\\/\\\/www.copealcoy.es\\\/es\\\/un-dia-del-alardo-sin-polvora-pone-punto-y-seguido-a-las-fiestas-de-muro\\\/#primaryimage\",\"url\":\"https:\\\/\\\/www.copealcoy.es\\\/wp-content\\\/uploads\\\/2019\\\/05\\\/60234024_1654705578006254_6853683161965002752_n-e1557852053495-1.jpg\",\"contentUrl\":\"https:\\\/\\\/www.copealcoy.es\\\/wp-content\\\/uploads\\\/2019\\\/05\\\/60234024_1654705578006254_6853683161965002752_n-e1557852053495-1.jpg\",\"width\":921,\"height\":506,\"caption\":\"L' Ambaixada del Tonell fue la protagonista de la ma\u00f1ana \\\/ Foto: G. Pascual\"},{\"@type\":\"BreadcrumbList\",\"@id\":\"https:\\\/\\\/www.copealcoy.es\\\/es\\\/un-dia-del-alardo-sin-polvora-pone-punto-y-seguido-a-las-fiestas-de-muro\\\/#breadcrumb\",\"itemListElement\":[{\"@type\":\"ListItem\",\"position\":1,\"name\":\"Portada\",\"item\":\"https:\\\/\\\/www.copealcoy.es\\\/es\\\/\"},{\"@type\":\"ListItem\",\"position\":2,\"name\":\"Un d\u00eda del Alardo sin p\u00f3lvora pone punto y seguido a las Fiestas de Muro\"}]},{\"@type\":\"WebSite\",\"@id\":\"https:\\\/\\\/www.copealcoy.es\\\/es\\\/#website\",\"url\":\"https:\\\/\\\/www.copealcoy.es\\\/es\\\/\",\"name\":\"COPE Alcoy\",\"description\":\"Emisora COPE de radio local con emisi\u00f3n online. Pont de Sant Jordi 8-10 03803 Alcoy\",\"potentialAction\":[{\"@type\":\"SearchAction\",\"target\":{\"@type\":\"EntryPoint\",\"urlTemplate\":\"https:\\\/\\\/www.copealcoy.es\\\/es\\\/?s={search_term_string}\"},\"query-input\":{\"@type\":\"PropertyValueSpecification\",\"valueRequired\":true,\"valueName\":\"search_term_string\"}}],\"inLanguage\":\"es\"},{\"@type\":\"Person\",\"@id\":\"https:\\\/\\\/www.copealcoy.es\\\/es\\\/#\\\/schema\\\/person\\\/e777c87fa024e57d40170af9df39882c\",\"name\":\"Cope Alcoy\",\"image\":{\"@type\":\"ImageObject\",\"inLanguage\":\"es\",\"@id\":\"https:\\\/\\\/secure.gravatar.com\\\/avatar\\\/bb65d0283347e303893ba14f0692005417c1e0e690a325a4c5d8bb2b3943ee14?s=96&d=mm&r=g\",\"url\":\"https:\\\/\\\/secure.gravatar.com\\\/avatar\\\/bb65d0283347e303893ba14f0692005417c1e0e690a325a4c5d8bb2b3943ee14?s=96&d=mm&r=g\",\"contentUrl\":\"https:\\\/\\\/secure.gravatar.com\\\/avatar\\\/bb65d0283347e303893ba14f0692005417c1e0e690a325a4c5d8bb2b3943ee14?s=96&d=mm&r=g\",\"caption\":\"Cope Alcoy\"}}]}<\/script>\n<!-- \/ Yoast SEO plugin. -->","yoast_head_json":{"title":"Un d\u00eda del Alardo sin p\u00f3lvora pone punto y seguido a las Fiestas de Muro - COPE Alcoy","robots":{"index":"index","follow":"follow","max-snippet":"max-snippet:-1","max-image-preview":"max-image-preview:large","max-video-preview":"max-video-preview:-1"},"canonical":"https:\/\/www.copealcoy.es\/es\/un-dia-del-alardo-sin-polvora-pone-punto-y-seguido-a-las-fiestas-de-muro\/","og_locale":"es_ES","og_type":"article","og_title":"Un d\u00eda del Alardo sin p\u00f3lvora pone punto y seguido a las Fiestas de Muro - COPE Alcoy","og_description":"El conocido como \u2018D\u00eda dels Trons\u2019 puso ayer el punto y final a las Fiestas de Moros y Cristianos de...","og_url":"https:\/\/www.copealcoy.es\/es\/un-dia-del-alardo-sin-polvora-pone-punto-y-seguido-a-las-fiestas-de-muro\/","og_site_name":"COPE Alcoy","article_published_time":"2019-05-14T16:43:13+00:00","og_image":[{"width":921,"height":506,"url":"https:\/\/www.copealcoy.es\/wp-content\/uploads\/2019\/05\/60234024_1654705578006254_6853683161965002752_n-e1557852053495-1.jpg","type":"image\/jpeg"}],"author":"Cope Alcoy","twitter_misc":{"Escrito por":"Cope Alcoy","Tiempo de lectura":"2 minutos"},"schema":{"@context":"https:\/\/schema.org","@graph":[{"@type":"Article","@id":"https:\/\/www.copealcoy.es\/es\/un-dia-del-alardo-sin-polvora-pone-punto-y-seguido-a-las-fiestas-de-muro\/#article","isPartOf":{"@id":"https:\/\/www.copealcoy.es\/es\/un-dia-del-alardo-sin-polvora-pone-punto-y-seguido-a-las-fiestas-de-muro\/"},"author":{"name":"Cope Alcoy","@id":"https:\/\/www.copealcoy.es\/es\/#\/schema\/person\/e777c87fa024e57d40170af9df39882c"},"headline":"Un d\u00eda del Alardo sin p\u00f3lvora pone punto y seguido a las Fiestas de Muro","datePublished":"2019-05-14T16:43:13+00:00","mainEntityOfPage":{"@id":"https:\/\/www.copealcoy.es\/es\/un-dia-del-alardo-sin-polvora-pone-punto-y-seguido-a-las-fiestas-de-muro\/"},"wordCount":360,"commentCount":0,"image":{"@id":"https:\/\/www.copealcoy.es\/es\/un-dia-del-alardo-sin-polvora-pone-punto-y-seguido-a-las-fiestas-de-muro\/#primaryimage"},"thumbnailUrl":"https:\/\/www.copealcoy.es\/wp-content\/uploads\/2019\/05\/60234024_1654705578006254_6853683161965002752_n-e1557852053495-1.jpg","keywords":["D\u00eda del Alardo","Fiestas","Muro","punto y seguido","sin p\u00f3lvora"],"articleSection":["Comarcas","Noticias"],"inLanguage":"es"},{"@type":"WebPage","@id":"https:\/\/www.copealcoy.es\/es\/un-dia-del-alardo-sin-polvora-pone-punto-y-seguido-a-las-fiestas-de-muro\/","url":"https:\/\/www.copealcoy.es\/es\/un-dia-del-alardo-sin-polvora-pone-punto-y-seguido-a-las-fiestas-de-muro\/","name":"Un d\u00eda del Alardo sin p\u00f3lvora pone punto y seguido a las Fiestas de Muro - COPE Alcoy","isPartOf":{"@id":"https:\/\/www.copealcoy.es\/es\/#website"},"primaryImageOfPage":{"@id":"https:\/\/www.copealcoy.es\/es\/un-dia-del-alardo-sin-polvora-pone-punto-y-seguido-a-las-fiestas-de-muro\/#primaryimage"},"image":{"@id":"https:\/\/www.copealcoy.es\/es\/un-dia-del-alardo-sin-polvora-pone-punto-y-seguido-a-las-fiestas-de-muro\/#primaryimage"},"thumbnailUrl":"https:\/\/www.copealcoy.es\/wp-content\/uploads\/2019\/05\/60234024_1654705578006254_6853683161965002752_n-e1557852053495-1.jpg","datePublished":"2019-05-14T16:43:13+00:00","author":{"@id":"https:\/\/www.copealcoy.es\/es\/#\/schema\/person\/e777c87fa024e57d40170af9df39882c"},"breadcrumb":{"@id":"https:\/\/www.copealcoy.es\/es\/un-dia-del-alardo-sin-polvora-pone-punto-y-seguido-a-las-fiestas-de-muro\/#breadcrumb"},"inLanguage":"es","potentialAction":[{"@type":"ReadAction","target":["https:\/\/www.copealcoy.es\/es\/un-dia-del-alardo-sin-polvora-pone-punto-y-seguido-a-las-fiestas-de-muro\/"]}]},{"@type":"ImageObject","inLanguage":"es","@id":"https:\/\/www.copealcoy.es\/es\/un-dia-del-alardo-sin-polvora-pone-punto-y-seguido-a-las-fiestas-de-muro\/#primaryimage","url":"https:\/\/www.copealcoy.es\/wp-content\/uploads\/2019\/05\/60234024_1654705578006254_6853683161965002752_n-e1557852053495-1.jpg","contentUrl":"https:\/\/www.copealcoy.es\/wp-content\/uploads\/2019\/05\/60234024_1654705578006254_6853683161965002752_n-e1557852053495-1.jpg","width":921,"height":506,"caption":"L' Ambaixada del Tonell fue la protagonista de la ma\u00f1ana \/ Foto: G. Pascual"},{"@type":"BreadcrumbList","@id":"https:\/\/www.copealcoy.es\/es\/un-dia-del-alardo-sin-polvora-pone-punto-y-seguido-a-las-fiestas-de-muro\/#breadcrumb","itemListElement":[{"@type":"ListItem","position":1,"name":"Portada","item":"https:\/\/www.copealcoy.es\/es\/"},{"@type":"ListItem","position":2,"name":"Un d\u00eda del Alardo sin p\u00f3lvora pone punto y seguido a las Fiestas de Muro"}]},{"@type":"WebSite","@id":"https:\/\/www.copealcoy.es\/es\/#website","url":"https:\/\/www.copealcoy.es\/es\/","name":"COPE Alcoy","description":"Emisora COPE de radio local con emisi\u00f3n online. Pont de Sant Jordi 8-10 03803 Alcoy","potentialAction":[{"@type":"SearchAction","target":{"@type":"EntryPoint","urlTemplate":"https:\/\/www.copealcoy.es\/es\/?s={search_term_string}"},"query-input":{"@type":"PropertyValueSpecification","valueRequired":true,"valueName":"search_term_string"}}],"inLanguage":"es"},{"@type":"Person","@id":"https:\/\/www.copealcoy.es\/es\/#\/schema\/person\/e777c87fa024e57d40170af9df39882c","name":"Cope Alcoy","image":{"@type":"ImageObject","inLanguage":"es","@id":"https:\/\/secure.gravatar.com\/avatar\/bb65d0283347e303893ba14f0692005417c1e0e690a325a4c5d8bb2b3943ee14?s=96&d=mm&r=g","url":"https:\/\/secure.gravatar.com\/avatar\/bb65d0283347e303893ba14f0692005417c1e0e690a325a4c5d8bb2b3943ee14?s=96&d=mm&r=g","contentUrl":"https:\/\/secure.gravatar.com\/avatar\/bb65d0283347e303893ba14f0692005417c1e0e690a325a4c5d8bb2b3943ee14?s=96&d=mm&r=g","caption":"Cope Alcoy"}}]}},"_links":{"self":[{"href":"https:\/\/www.copealcoy.es\/es\/wp-json\/wp\/v2\/posts\/50875","targetHints":{"allow":["GET"]}}],"collection":[{"href":"https:\/\/www.copealcoy.es\/es\/wp-json\/wp\/v2\/posts"}],"about":[{"href":"https:\/\/www.copealcoy.es\/es\/wp-json\/wp\/v2\/types\/post"}],"author":[{"embeddable":true,"href":"https:\/\/www.copealcoy.es\/es\/wp-json\/wp\/v2\/users\/1"}],"replies":[{"embeddable":true,"href":"https:\/\/www.copealcoy.es\/es\/wp-json\/wp\/v2\/comments?post=50875"}],"version-history":[{"count":0,"href":"https:\/\/www.copealcoy.es\/es\/wp-json\/wp\/v2\/posts\/50875\/revisions"}],"wp:featuredmedia":[{"embeddable":true,"href":"https:\/\/www.copealcoy.es\/es\/wp-json\/wp\/v2\/media\/50876"}],"wp:attachment":[{"href":"https:\/\/www.copealcoy.es\/es\/wp-json\/wp\/v2\/media?parent=50875"}],"wp:term":[{"taxonomy":"category","embeddable":true,"href":"https:\/\/www.copealcoy.es\/es\/wp-json\/wp\/v2\/categories?post=50875"},{"taxonomy":"post_tag","embeddable":true,"href":"https:\/\/www.copealcoy.es\/es\/wp-json\/wp\/v2\/tags?post=50875"}],"curies":[{"name":"wp","href":"https:\/\/api.w.org\/{rel}","templated":true}]}}