{"id":50663,"date":"2019-05-10T15:53:35","date_gmt":"2019-05-10T15:53:35","guid":{"rendered":"https:\/\/copealcoi.es\/?p=50663"},"modified":"2019-05-10T15:53:35","modified_gmt":"2019-05-10T15:53:35","slug":"la-campana-para-las-municipales-arranca-con-la-pegada-de-carteles","status":"publish","type":"post","link":"https:\/\/www.copealcoy.es\/es\/la-campana-para-las-municipales-arranca-con-la-pegada-de-carteles\/","title":{"rendered":"La Campa\u00f1a para las municipales arranca con la pegada de carteles"},"content":{"rendered":"<p style=\"text-align: justify;\">La <strong>pegada de carteles<\/strong> marc\u00f3 en la pasada madrugada <strong>el inicio de la Campa\u00f1a Electoral<\/strong> para <strong>las Municipales y Europeas<\/strong> que tendr\u00e1n lugar el pr\u00f3ximo 26 de mayo.<\/p>\n<p style=\"text-align: justify;\">En <strong>Alcoy<\/strong> la <strong>mayor\u00eda de formaciones<\/strong> peg\u00f3 los carteles en los paneles ubicados en la fachada de<strong> El Teix<\/strong>, un espacio que aprovecharon <strong>el PSOE, Guanyar Alcoy, Podemos, el PP y VOX<\/strong>. Por su parte <strong>Ciudadanos peg\u00f3 sus carteles en Cervantes<\/strong> mientras que <strong>Comprom\u00eds<\/strong> lo hizo en las carteleras ubicadas cerca de <strong>la Escuela Infantil del Jesuset del Miracle<\/strong>. Por \u00faltimo <strong>Tercera Edad en Acci\u00f3n<\/strong> peg\u00f3 los carteles <strong>enfrente del parque del Romeral<\/strong>, en el barrio de Santa Rosa.<\/p>\n<p style=\"text-align: justify;\">Recordar que en Alcoy concurren a los comicios <strong>ocho candidaturas<\/strong>. \u00a0Los cabezas de lista respectivos son <strong>Antonio Franc\u00e9s<\/strong> (PSOE), <strong>Sandra Obiol<\/strong> (Guanyar Alcoi), <strong>Rosa Garc\u00eda<\/strong> (Ciudadanos), <strong>Quique Ruiz <\/strong>(Partido Popular), <strong>M\u00e0rius Ivorra<\/strong> (Comprom\u00eds), <strong>Naiara Dav\u00f3<\/strong> (Podem), <strong>David Andr\u00e9s Abad<\/strong> (VOX) y <strong>Mar\u00eda Dolores Calero<\/strong> (Tercera Edad en Acci\u00f3n).<\/p>\n","protected":false},"excerpt":{"rendered":"<p>La pegada de carteles marc\u00f3 en la pasada madrugada el inicio de la Campa\u00f1a Electoral para las Municipales y Europeas&#8230;<\/p>\n","protected":false},"author":1,"featured_media":50664,"comment_status":"open","ping_status":"open","sticky":false,"template":"","format":"standard","meta":{"footnotes":""},"categories":[97,744,75,125],"tags":[992,8664,317,8507],"class_list":["post-50663","post","type-post","status-publish","format-standard","has-post-thumbnail","hentry","category-alcoy","category-elecciones","category-noticias","category-portada","tag-carteles","tag-la-campana","tag-municipales","tag-pegada"],"yoast_head":"<!-- This site is optimized with the Yoast SEO plugin v27.3 - https:\/\/yoast.com\/product\/yoast-seo-wordpress\/ -->\n<title>La Campa\u00f1a para las municipales arranca con la pegada de carteles - COPE Alcoy<\/title>\n<meta name=\"robots\" content=\"index, follow, max-snippet:-1, max-image-preview:large, max-video-preview:-1\" \/>\n<link rel=\"canonical\" href=\"https:\/\/www.copealcoy.es\/es\/la-campana-para-las-municipales-arranca-con-la-pegada-de-carteles\/\" \/>\n<meta property=\"og:locale\" content=\"es_ES\" \/>\n<meta property=\"og:type\" content=\"article\" \/>\n<meta property=\"og:title\" content=\"La Campa\u00f1a para las municipales arranca con la pegada de carteles - COPE Alcoy\" \/>\n<meta property=\"og:description\" content=\"La pegada de carteles marc\u00f3 en la pasada madrugada el inicio de la Campa\u00f1a Electoral para las Municipales y Europeas...\" \/>\n<meta property=\"og:url\" content=\"https:\/\/www.copealcoy.es\/es\/la-campana-para-las-municipales-arranca-con-la-pegada-de-carteles\/\" \/>\n<meta property=\"og:site_name\" content=\"COPE Alcoy\" \/>\n<meta property=\"article:published_time\" content=\"2019-05-10T15:53:35+00:00\" \/>\n<meta property=\"og:image\" content=\"https:\/\/www.copealcoy.es\/wp-content\/uploads\/2019\/05\/carteles-1.jpg\" \/>\n\t<meta property=\"og:image:width\" content=\"660\" \/>\n\t<meta property=\"og:image:height\" content=\"330\" \/>\n\t<meta property=\"og:image:type\" content=\"image\/jpeg\" \/>\n<meta name=\"author\" content=\"Cope Alcoy\" \/>\n<meta name=\"twitter:label1\" content=\"Escrito por\" \/>\n\t<meta name=\"twitter:data1\" content=\"Cope Alcoy\" \/>\n\t<meta name=\"twitter:label2\" content=\"Tiempo de lectura\" \/>\n\t<meta name=\"twitter:data2\" content=\"1 minuto\" \/>\n<script type=\"application\/ld+json\" class=\"yoast-schema-graph\">{\"@context\":\"https:\\\/\\\/schema.org\",\"@graph\":[{\"@type\":\"Article\",\"@id\":\"https:\\\/\\\/www.copealcoy.es\\\/es\\\/la-campana-para-las-municipales-arranca-con-la-pegada-de-carteles\\\/#article\",\"isPartOf\":{\"@id\":\"https:\\\/\\\/www.copealcoy.es\\\/es\\\/la-campana-para-las-municipales-arranca-con-la-pegada-de-carteles\\\/\"},\"author\":{\"name\":\"Cope Alcoy\",\"@id\":\"https:\\\/\\\/www.copealcoy.es\\\/es\\\/#\\\/schema\\\/person\\\/e777c87fa024e57d40170af9df39882c\"},\"headline\":\"La Campa\u00f1a para las municipales arranca con la pegada de carteles\",\"datePublished\":\"2019-05-10T15:53:35+00:00\",\"mainEntityOfPage\":{\"@id\":\"https:\\\/\\\/www.copealcoy.es\\\/es\\\/la-campana-para-las-municipales-arranca-con-la-pegada-de-carteles\\\/\"},\"wordCount\":179,\"commentCount\":0,\"image\":{\"@id\":\"https:\\\/\\\/www.copealcoy.es\\\/es\\\/la-campana-para-las-municipales-arranca-con-la-pegada-de-carteles\\\/#primaryimage\"},\"thumbnailUrl\":\"https:\\\/\\\/www.copealcoy.es\\\/wp-content\\\/uploads\\\/2019\\\/05\\\/carteles-1.jpg\",\"keywords\":[\"Carteles\",\"La Campa\u00f1a\",\"Municipales\",\"Pegada\"],\"articleSection\":[\"Alcoy\",\"Elecciones\",\"Noticias\",\"Portada\"],\"inLanguage\":\"es\"},{\"@type\":\"WebPage\",\"@id\":\"https:\\\/\\\/www.copealcoy.es\\\/es\\\/la-campana-para-las-municipales-arranca-con-la-pegada-de-carteles\\\/\",\"url\":\"https:\\\/\\\/www.copealcoy.es\\\/es\\\/la-campana-para-las-municipales-arranca-con-la-pegada-de-carteles\\\/\",\"name\":\"La Campa\u00f1a para las municipales arranca con la pegada de carteles - COPE Alcoy\",\"isPartOf\":{\"@id\":\"https:\\\/\\\/www.copealcoy.es\\\/es\\\/#website\"},\"primaryImageOfPage\":{\"@id\":\"https:\\\/\\\/www.copealcoy.es\\\/es\\\/la-campana-para-las-municipales-arranca-con-la-pegada-de-carteles\\\/#primaryimage\"},\"image\":{\"@id\":\"https:\\\/\\\/www.copealcoy.es\\\/es\\\/la-campana-para-las-municipales-arranca-con-la-pegada-de-carteles\\\/#primaryimage\"},\"thumbnailUrl\":\"https:\\\/\\\/www.copealcoy.es\\\/wp-content\\\/uploads\\\/2019\\\/05\\\/carteles-1.jpg\",\"datePublished\":\"2019-05-10T15:53:35+00:00\",\"author\":{\"@id\":\"https:\\\/\\\/www.copealcoy.es\\\/es\\\/#\\\/schema\\\/person\\\/e777c87fa024e57d40170af9df39882c\"},\"breadcrumb\":{\"@id\":\"https:\\\/\\\/www.copealcoy.es\\\/es\\\/la-campana-para-las-municipales-arranca-con-la-pegada-de-carteles\\\/#breadcrumb\"},\"inLanguage\":\"es\",\"potentialAction\":[{\"@type\":\"ReadAction\",\"target\":[\"https:\\\/\\\/www.copealcoy.es\\\/es\\\/la-campana-para-las-municipales-arranca-con-la-pegada-de-carteles\\\/\"]}]},{\"@type\":\"ImageObject\",\"inLanguage\":\"es\",\"@id\":\"https:\\\/\\\/www.copealcoy.es\\\/es\\\/la-campana-para-las-municipales-arranca-con-la-pegada-de-carteles\\\/#primaryimage\",\"url\":\"https:\\\/\\\/www.copealcoy.es\\\/wp-content\\\/uploads\\\/2019\\\/05\\\/carteles-1.jpg\",\"contentUrl\":\"https:\\\/\\\/www.copealcoy.es\\\/wp-content\\\/uploads\\\/2019\\\/05\\\/carteles-1.jpg\",\"width\":660,\"height\":330,\"caption\":\"Varios instantes de la pegada de carteles\"},{\"@type\":\"BreadcrumbList\",\"@id\":\"https:\\\/\\\/www.copealcoy.es\\\/es\\\/la-campana-para-las-municipales-arranca-con-la-pegada-de-carteles\\\/#breadcrumb\",\"itemListElement\":[{\"@type\":\"ListItem\",\"position\":1,\"name\":\"Portada\",\"item\":\"https:\\\/\\\/www.copealcoy.es\\\/es\\\/\"},{\"@type\":\"ListItem\",\"position\":2,\"name\":\"La Campa\u00f1a para las municipales arranca con la pegada de carteles\"}]},{\"@type\":\"WebSite\",\"@id\":\"https:\\\/\\\/www.copealcoy.es\\\/es\\\/#website\",\"url\":\"https:\\\/\\\/www.copealcoy.es\\\/es\\\/\",\"name\":\"COPE Alcoy\",\"description\":\"Emisora COPE de radio local con emisi\u00f3n online. Pont de Sant Jordi 8-10 03803 Alcoy\",\"potentialAction\":[{\"@type\":\"SearchAction\",\"target\":{\"@type\":\"EntryPoint\",\"urlTemplate\":\"https:\\\/\\\/www.copealcoy.es\\\/es\\\/?s={search_term_string}\"},\"query-input\":{\"@type\":\"PropertyValueSpecification\",\"valueRequired\":true,\"valueName\":\"search_term_string\"}}],\"inLanguage\":\"es\"},{\"@type\":\"Person\",\"@id\":\"https:\\\/\\\/www.copealcoy.es\\\/es\\\/#\\\/schema\\\/person\\\/e777c87fa024e57d40170af9df39882c\",\"name\":\"Cope Alcoy\",\"image\":{\"@type\":\"ImageObject\",\"inLanguage\":\"es\",\"@id\":\"https:\\\/\\\/secure.gravatar.com\\\/avatar\\\/bb65d0283347e303893ba14f0692005417c1e0e690a325a4c5d8bb2b3943ee14?s=96&d=mm&r=g\",\"url\":\"https:\\\/\\\/secure.gravatar.com\\\/avatar\\\/bb65d0283347e303893ba14f0692005417c1e0e690a325a4c5d8bb2b3943ee14?s=96&d=mm&r=g\",\"contentUrl\":\"https:\\\/\\\/secure.gravatar.com\\\/avatar\\\/bb65d0283347e303893ba14f0692005417c1e0e690a325a4c5d8bb2b3943ee14?s=96&d=mm&r=g\",\"caption\":\"Cope Alcoy\"}}]}<\/script>\n<!-- \/ Yoast SEO plugin. -->","yoast_head_json":{"title":"La Campa\u00f1a para las municipales arranca con la pegada de carteles - COPE Alcoy","robots":{"index":"index","follow":"follow","max-snippet":"max-snippet:-1","max-image-preview":"max-image-preview:large","max-video-preview":"max-video-preview:-1"},"canonical":"https:\/\/www.copealcoy.es\/es\/la-campana-para-las-municipales-arranca-con-la-pegada-de-carteles\/","og_locale":"es_ES","og_type":"article","og_title":"La Campa\u00f1a para las municipales arranca con la pegada de carteles - COPE Alcoy","og_description":"La pegada de carteles marc\u00f3 en la pasada madrugada el inicio de la Campa\u00f1a Electoral para las Municipales y Europeas...","og_url":"https:\/\/www.copealcoy.es\/es\/la-campana-para-las-municipales-arranca-con-la-pegada-de-carteles\/","og_site_name":"COPE Alcoy","article_published_time":"2019-05-10T15:53:35+00:00","og_image":[{"width":660,"height":330,"url":"https:\/\/www.copealcoy.es\/wp-content\/uploads\/2019\/05\/carteles-1.jpg","type":"image\/jpeg"}],"author":"Cope Alcoy","twitter_misc":{"Escrito por":"Cope Alcoy","Tiempo de lectura":"1 minuto"},"schema":{"@context":"https:\/\/schema.org","@graph":[{"@type":"Article","@id":"https:\/\/www.copealcoy.es\/es\/la-campana-para-las-municipales-arranca-con-la-pegada-de-carteles\/#article","isPartOf":{"@id":"https:\/\/www.copealcoy.es\/es\/la-campana-para-las-municipales-arranca-con-la-pegada-de-carteles\/"},"author":{"name":"Cope Alcoy","@id":"https:\/\/www.copealcoy.es\/es\/#\/schema\/person\/e777c87fa024e57d40170af9df39882c"},"headline":"La Campa\u00f1a para las municipales arranca con la pegada de carteles","datePublished":"2019-05-10T15:53:35+00:00","mainEntityOfPage":{"@id":"https:\/\/www.copealcoy.es\/es\/la-campana-para-las-municipales-arranca-con-la-pegada-de-carteles\/"},"wordCount":179,"commentCount":0,"image":{"@id":"https:\/\/www.copealcoy.es\/es\/la-campana-para-las-municipales-arranca-con-la-pegada-de-carteles\/#primaryimage"},"thumbnailUrl":"https:\/\/www.copealcoy.es\/wp-content\/uploads\/2019\/05\/carteles-1.jpg","keywords":["Carteles","La Campa\u00f1a","Municipales","Pegada"],"articleSection":["Alcoy","Elecciones","Noticias","Portada"],"inLanguage":"es"},{"@type":"WebPage","@id":"https:\/\/www.copealcoy.es\/es\/la-campana-para-las-municipales-arranca-con-la-pegada-de-carteles\/","url":"https:\/\/www.copealcoy.es\/es\/la-campana-para-las-municipales-arranca-con-la-pegada-de-carteles\/","name":"La Campa\u00f1a para las municipales arranca con la pegada de carteles - COPE Alcoy","isPartOf":{"@id":"https:\/\/www.copealcoy.es\/es\/#website"},"primaryImageOfPage":{"@id":"https:\/\/www.copealcoy.es\/es\/la-campana-para-las-municipales-arranca-con-la-pegada-de-carteles\/#primaryimage"},"image":{"@id":"https:\/\/www.copealcoy.es\/es\/la-campana-para-las-municipales-arranca-con-la-pegada-de-carteles\/#primaryimage"},"thumbnailUrl":"https:\/\/www.copealcoy.es\/wp-content\/uploads\/2019\/05\/carteles-1.jpg","datePublished":"2019-05-10T15:53:35+00:00","author":{"@id":"https:\/\/www.copealcoy.es\/es\/#\/schema\/person\/e777c87fa024e57d40170af9df39882c"},"breadcrumb":{"@id":"https:\/\/www.copealcoy.es\/es\/la-campana-para-las-municipales-arranca-con-la-pegada-de-carteles\/#breadcrumb"},"inLanguage":"es","potentialAction":[{"@type":"ReadAction","target":["https:\/\/www.copealcoy.es\/es\/la-campana-para-las-municipales-arranca-con-la-pegada-de-carteles\/"]}]},{"@type":"ImageObject","inLanguage":"es","@id":"https:\/\/www.copealcoy.es\/es\/la-campana-para-las-municipales-arranca-con-la-pegada-de-carteles\/#primaryimage","url":"https:\/\/www.copealcoy.es\/wp-content\/uploads\/2019\/05\/carteles-1.jpg","contentUrl":"https:\/\/www.copealcoy.es\/wp-content\/uploads\/2019\/05\/carteles-1.jpg","width":660,"height":330,"caption":"Varios instantes de la pegada de carteles"},{"@type":"BreadcrumbList","@id":"https:\/\/www.copealcoy.es\/es\/la-campana-para-las-municipales-arranca-con-la-pegada-de-carteles\/#breadcrumb","itemListElement":[{"@type":"ListItem","position":1,"name":"Portada","item":"https:\/\/www.copealcoy.es\/es\/"},{"@type":"ListItem","position":2,"name":"La Campa\u00f1a para las municipales arranca con la pegada de carteles"}]},{"@type":"WebSite","@id":"https:\/\/www.copealcoy.es\/es\/#website","url":"https:\/\/www.copealcoy.es\/es\/","name":"COPE Alcoy","description":"Emisora COPE de radio local con emisi\u00f3n online. Pont de Sant Jordi 8-10 03803 Alcoy","potentialAction":[{"@type":"SearchAction","target":{"@type":"EntryPoint","urlTemplate":"https:\/\/www.copealcoy.es\/es\/?s={search_term_string}"},"query-input":{"@type":"PropertyValueSpecification","valueRequired":true,"valueName":"search_term_string"}}],"inLanguage":"es"},{"@type":"Person","@id":"https:\/\/www.copealcoy.es\/es\/#\/schema\/person\/e777c87fa024e57d40170af9df39882c","name":"Cope Alcoy","image":{"@type":"ImageObject","inLanguage":"es","@id":"https:\/\/secure.gravatar.com\/avatar\/bb65d0283347e303893ba14f0692005417c1e0e690a325a4c5d8bb2b3943ee14?s=96&d=mm&r=g","url":"https:\/\/secure.gravatar.com\/avatar\/bb65d0283347e303893ba14f0692005417c1e0e690a325a4c5d8bb2b3943ee14?s=96&d=mm&r=g","contentUrl":"https:\/\/secure.gravatar.com\/avatar\/bb65d0283347e303893ba14f0692005417c1e0e690a325a4c5d8bb2b3943ee14?s=96&d=mm&r=g","caption":"Cope Alcoy"}}]}},"_links":{"self":[{"href":"https:\/\/www.copealcoy.es\/es\/wp-json\/wp\/v2\/posts\/50663","targetHints":{"allow":["GET"]}}],"collection":[{"href":"https:\/\/www.copealcoy.es\/es\/wp-json\/wp\/v2\/posts"}],"about":[{"href":"https:\/\/www.copealcoy.es\/es\/wp-json\/wp\/v2\/types\/post"}],"author":[{"embeddable":true,"href":"https:\/\/www.copealcoy.es\/es\/wp-json\/wp\/v2\/users\/1"}],"replies":[{"embeddable":true,"href":"https:\/\/www.copealcoy.es\/es\/wp-json\/wp\/v2\/comments?post=50663"}],"version-history":[{"count":0,"href":"https:\/\/www.copealcoy.es\/es\/wp-json\/wp\/v2\/posts\/50663\/revisions"}],"wp:featuredmedia":[{"embeddable":true,"href":"https:\/\/www.copealcoy.es\/es\/wp-json\/wp\/v2\/media\/50664"}],"wp:attachment":[{"href":"https:\/\/www.copealcoy.es\/es\/wp-json\/wp\/v2\/media?parent=50663"}],"wp:term":[{"taxonomy":"category","embeddable":true,"href":"https:\/\/www.copealcoy.es\/es\/wp-json\/wp\/v2\/categories?post=50663"},{"taxonomy":"post_tag","embeddable":true,"href":"https:\/\/www.copealcoy.es\/es\/wp-json\/wp\/v2\/tags?post=50663"}],"curies":[{"name":"wp","href":"https:\/\/api.w.org\/{rel}","templated":true}]}}