{"id":50590,"date":"2019-05-07T16:26:24","date_gmt":"2019-05-07T16:26:24","guid":{"rendered":"https:\/\/copealcoi.es\/?p=50590"},"modified":"2019-05-07T16:26:24","modified_gmt":"2019-05-07T16:26:24","slug":"las-fiestas-de-muro-son-declaradas-de-interes-turistico-autonomico","status":"publish","type":"post","link":"https:\/\/www.copealcoy.es\/es\/las-fiestas-de-muro-son-declaradas-de-interes-turistico-autonomico\/","title":{"rendered":"Las Fiestas de Muro son declaradas de Inter\u00e9s Tur\u00edstico Auton\u00f3mico"},"content":{"rendered":"<p style=\"text-align: justify;\">Las <strong>Fiestas de Moros y Cristianos de Muro<\/strong> ya tienen el reconocimiento de <strong>Fiesta de Inter\u00e9s Tur\u00edstico Auton\u00f3mico<\/strong> despu\u00e9s de que la Generalitat Valenciana publicase<strong> la esperada resoluci\u00f3n<\/strong> en la edici\u00f3n del pasado viernes 3 de mayo de su <strong>Diario Oficial<\/strong>.<\/p>\n<p style=\"text-align: justify;\">La alcaldesa del municipio, <strong>Jacqueline Cerd\u00e0<\/strong>, explica que el Ayuntamiento present\u00f3 el pasado mes de noviembre <strong>la correspondiente solicitud al Gobierno Auton\u00f3mico<\/strong> para conseguir este t\u00edtulo y se\u00f1ala que el mismo <strong>contribuir\u00e1 a incrementar la difusi\u00f3n tur\u00edstica de los festejos<\/strong> en honor a la Virgen de los Desamparados \u201c<em>han sido casi seis meses de espera pero estamos muy contentos por tener la declaraci\u00f3n de Fiesta de Inter\u00e9s Tur\u00edstico Auton\u00f3mico ya que gracias a ella se consolidar\u00e1n todas las tradiciones \u00fanicas que tienen los Moros y Cristianos de Muro pero tambi\u00e9n podremos disponer de m\u00e1s recursos a la hora de hacer acciones publicitarias de promoci\u00f3n de la Fiesta por toda la Comunidad Valenciana<\/em>\u201d, asegura la primera edil. En id\u00e9nticas palabras se expres\u00f3 el Presidente de la Junta de Fiestas, <strong>Paco Vicedo<\/strong>, el cual <strong>hizo extensible este reconocimiento a todo el pueblo de Muro<\/strong> as\u00ed como <strong>a las festeras y a los festeros<\/strong> de las doce filaes del municipio \u201c<em>ellos son dos pilares fundamentales de estas Fiestas. Los festeros, con su esfuerzo y dedicaci\u00f3n, las hacen posible cada a\u00f1o mientras que el p\u00fablico sale a la calle en masa para aplaudir el importante trabajo que hacen para sacar adelante cargos, boatos o escuadras<\/em>\u201d, matiza.<\/p>\n<p style=\"text-align: justify;\">Indicar que las Fiestas de Moros y Cristianos de Muro de este 2019 <strong>comenzar\u00e1n el pr\u00f3ximo viernes 10 de mayo con \u2018La Vespra\u2019<\/strong>, en la que la protagonista ser\u00e1 la m\u00fasica festera, mientras que el s\u00e1bado y el domingo tendr\u00e1n lugar<strong> unas participativas Entradas de los bandos de la cruz y de la media luna<\/strong>. Asimismo no faltar\u00e1n durante el fin de semana <strong>las celebraciones religiosas y las procesiones en honor a la patrona<\/strong>, la Virgen de los Desamparados, mientras que el lunes ser\u00e1 el turno de<strong> la humor\u00edstica \u2018Ambaixada del Tonell\u2019<\/strong> que protagonizan las filaes Mare de D\u00e9u y Llana antes de dar paso a <strong>las Embajadas<\/strong> con los correspondientes disparos en los que <strong>se quemar\u00e1n m\u00e1s de 200 kilos de p\u00f3lvora<\/strong>. Tras un breve descanso, los festejos <strong>concluir\u00e1n el fin de semana del 18 y 19 de mayo con \u2018La Puj\u00e0\u2019 de la Mare de D\u00e9u dels Desemparats<\/strong> desde el templo parroquial hasta su ermita.<\/p>\n","protected":false},"excerpt":{"rendered":"<p>Las Fiestas de Moros y Cristianos de Muro ya tienen el reconocimiento de Fiesta de Inter\u00e9s Tur\u00edstico Auton\u00f3mico despu\u00e9s de&#8230;<\/p>\n","protected":false},"author":1,"featured_media":42079,"comment_status":"open","ping_status":"open","sticky":false,"template":"","format":"standard","meta":{"footnotes":""},"categories":[98,75],"tags":[8652,5617,1766],"class_list":["post-50590","post","type-post","status-publish","format-standard","has-post-thumbnail","hentry","category-comarcas","category-noticias","tag-declaradas","tag-fiestas-de-muro","tag-interes-turistico-autonomico"],"yoast_head":"<!-- This site is optimized with the Yoast SEO plugin v27.3 - https:\/\/yoast.com\/product\/yoast-seo-wordpress\/ -->\n<title>Las Fiestas de Muro son declaradas de Inter\u00e9s Tur\u00edstico Auton\u00f3mico - COPE Alcoy<\/title>\n<meta name=\"robots\" content=\"index, follow, max-snippet:-1, max-image-preview:large, max-video-preview:-1\" \/>\n<link rel=\"canonical\" href=\"https:\/\/www.copealcoy.es\/es\/las-fiestas-de-muro-son-declaradas-de-interes-turistico-autonomico\/\" \/>\n<meta property=\"og:locale\" content=\"es_ES\" \/>\n<meta property=\"og:type\" content=\"article\" \/>\n<meta property=\"og:title\" content=\"Las Fiestas de Muro son declaradas de Inter\u00e9s Tur\u00edstico Auton\u00f3mico - COPE Alcoy\" \/>\n<meta property=\"og:description\" content=\"Las Fiestas de Moros y Cristianos de Muro ya tienen el reconocimiento de Fiesta de Inter\u00e9s Tur\u00edstico Auton\u00f3mico despu\u00e9s de...\" \/>\n<meta property=\"og:url\" content=\"https:\/\/www.copealcoy.es\/es\/las-fiestas-de-muro-son-declaradas-de-interes-turistico-autonomico\/\" \/>\n<meta property=\"og:site_name\" content=\"COPE Alcoy\" \/>\n<meta property=\"article:published_time\" content=\"2019-05-07T16:26:24+00:00\" \/>\n<meta property=\"og:image\" content=\"https:\/\/www.copealcoy.es\/wp-content\/uploads\/2018\/05\/32337199_10216086661579992_3813287688711176192_n-e1526158744944.jpg\" \/>\n\t<meta property=\"og:image:width\" content=\"926\" \/>\n\t<meta property=\"og:image:height\" content=\"513\" \/>\n\t<meta property=\"og:image:type\" content=\"image\/jpeg\" \/>\n<meta name=\"author\" content=\"Cope Alcoy\" \/>\n<meta name=\"twitter:label1\" content=\"Escrito por\" \/>\n\t<meta name=\"twitter:data1\" content=\"Cope Alcoy\" \/>\n\t<meta name=\"twitter:label2\" content=\"Tiempo de lectura\" \/>\n\t<meta name=\"twitter:data2\" content=\"2 minutos\" \/>\n<script type=\"application\/ld+json\" class=\"yoast-schema-graph\">{\"@context\":\"https:\\\/\\\/schema.org\",\"@graph\":[{\"@type\":\"Article\",\"@id\":\"https:\\\/\\\/www.copealcoy.es\\\/es\\\/las-fiestas-de-muro-son-declaradas-de-interes-turistico-autonomico\\\/#article\",\"isPartOf\":{\"@id\":\"https:\\\/\\\/www.copealcoy.es\\\/es\\\/las-fiestas-de-muro-son-declaradas-de-interes-turistico-autonomico\\\/\"},\"author\":{\"name\":\"Cope Alcoy\",\"@id\":\"https:\\\/\\\/www.copealcoy.es\\\/es\\\/#\\\/schema\\\/person\\\/e777c87fa024e57d40170af9df39882c\"},\"headline\":\"Las Fiestas de Muro son declaradas de Inter\u00e9s Tur\u00edstico Auton\u00f3mico\",\"datePublished\":\"2019-05-07T16:26:24+00:00\",\"mainEntityOfPage\":{\"@id\":\"https:\\\/\\\/www.copealcoy.es\\\/es\\\/las-fiestas-de-muro-son-declaradas-de-interes-turistico-autonomico\\\/\"},\"wordCount\":443,\"commentCount\":0,\"image\":{\"@id\":\"https:\\\/\\\/www.copealcoy.es\\\/es\\\/las-fiestas-de-muro-son-declaradas-de-interes-turistico-autonomico\\\/#primaryimage\"},\"thumbnailUrl\":\"https:\\\/\\\/www.copealcoy.es\\\/wp-content\\\/uploads\\\/2018\\\/05\\\/32337199_10216086661579992_3813287688711176192_n-e1526158744944.jpg\",\"keywords\":[\"declaradas\",\"Fiestas de Muro\",\"Inter\u00e9s Tur\u00edstico Auton\u00f3mico\"],\"articleSection\":[\"Comarcas\",\"Noticias\"],\"inLanguage\":\"es\"},{\"@type\":\"WebPage\",\"@id\":\"https:\\\/\\\/www.copealcoy.es\\\/es\\\/las-fiestas-de-muro-son-declaradas-de-interes-turistico-autonomico\\\/\",\"url\":\"https:\\\/\\\/www.copealcoy.es\\\/es\\\/las-fiestas-de-muro-son-declaradas-de-interes-turistico-autonomico\\\/\",\"name\":\"Las Fiestas de Muro son declaradas de Inter\u00e9s Tur\u00edstico Auton\u00f3mico - COPE Alcoy\",\"isPartOf\":{\"@id\":\"https:\\\/\\\/www.copealcoy.es\\\/es\\\/#website\"},\"primaryImageOfPage\":{\"@id\":\"https:\\\/\\\/www.copealcoy.es\\\/es\\\/las-fiestas-de-muro-son-declaradas-de-interes-turistico-autonomico\\\/#primaryimage\"},\"image\":{\"@id\":\"https:\\\/\\\/www.copealcoy.es\\\/es\\\/las-fiestas-de-muro-son-declaradas-de-interes-turistico-autonomico\\\/#primaryimage\"},\"thumbnailUrl\":\"https:\\\/\\\/www.copealcoy.es\\\/wp-content\\\/uploads\\\/2018\\\/05\\\/32337199_10216086661579992_3813287688711176192_n-e1526158744944.jpg\",\"datePublished\":\"2019-05-07T16:26:24+00:00\",\"author\":{\"@id\":\"https:\\\/\\\/www.copealcoy.es\\\/es\\\/#\\\/schema\\\/person\\\/e777c87fa024e57d40170af9df39882c\"},\"breadcrumb\":{\"@id\":\"https:\\\/\\\/www.copealcoy.es\\\/es\\\/las-fiestas-de-muro-son-declaradas-de-interes-turistico-autonomico\\\/#breadcrumb\"},\"inLanguage\":\"es\",\"potentialAction\":[{\"@type\":\"ReadAction\",\"target\":[\"https:\\\/\\\/www.copealcoy.es\\\/es\\\/las-fiestas-de-muro-son-declaradas-de-interes-turistico-autonomico\\\/\"]}]},{\"@type\":\"ImageObject\",\"inLanguage\":\"es\",\"@id\":\"https:\\\/\\\/www.copealcoy.es\\\/es\\\/las-fiestas-de-muro-son-declaradas-de-interes-turistico-autonomico\\\/#primaryimage\",\"url\":\"https:\\\/\\\/www.copealcoy.es\\\/wp-content\\\/uploads\\\/2018\\\/05\\\/32337199_10216086661579992_3813287688711176192_n-e1526158744944.jpg\",\"contentUrl\":\"https:\\\/\\\/www.copealcoy.es\\\/wp-content\\\/uploads\\\/2018\\\/05\\\/32337199_10216086661579992_3813287688711176192_n-e1526158744944.jpg\",\"width\":926,\"height\":513,\"caption\":\"Marcos Olcina, de los Maseros, deslumbr\u00f3 con su capitan\u00eda \\\/ Foto: G. Pascual\"},{\"@type\":\"BreadcrumbList\",\"@id\":\"https:\\\/\\\/www.copealcoy.es\\\/es\\\/las-fiestas-de-muro-son-declaradas-de-interes-turistico-autonomico\\\/#breadcrumb\",\"itemListElement\":[{\"@type\":\"ListItem\",\"position\":1,\"name\":\"Portada\",\"item\":\"https:\\\/\\\/www.copealcoy.es\\\/es\\\/\"},{\"@type\":\"ListItem\",\"position\":2,\"name\":\"Las Fiestas de Muro son declaradas de Inter\u00e9s Tur\u00edstico Auton\u00f3mico\"}]},{\"@type\":\"WebSite\",\"@id\":\"https:\\\/\\\/www.copealcoy.es\\\/es\\\/#website\",\"url\":\"https:\\\/\\\/www.copealcoy.es\\\/es\\\/\",\"name\":\"COPE Alcoy\",\"description\":\"Emisora COPE de radio local con emisi\u00f3n online. Pont de Sant Jordi 8-10 03803 Alcoy\",\"potentialAction\":[{\"@type\":\"SearchAction\",\"target\":{\"@type\":\"EntryPoint\",\"urlTemplate\":\"https:\\\/\\\/www.copealcoy.es\\\/es\\\/?s={search_term_string}\"},\"query-input\":{\"@type\":\"PropertyValueSpecification\",\"valueRequired\":true,\"valueName\":\"search_term_string\"}}],\"inLanguage\":\"es\"},{\"@type\":\"Person\",\"@id\":\"https:\\\/\\\/www.copealcoy.es\\\/es\\\/#\\\/schema\\\/person\\\/e777c87fa024e57d40170af9df39882c\",\"name\":\"Cope Alcoy\",\"image\":{\"@type\":\"ImageObject\",\"inLanguage\":\"es\",\"@id\":\"https:\\\/\\\/secure.gravatar.com\\\/avatar\\\/bb65d0283347e303893ba14f0692005417c1e0e690a325a4c5d8bb2b3943ee14?s=96&d=mm&r=g\",\"url\":\"https:\\\/\\\/secure.gravatar.com\\\/avatar\\\/bb65d0283347e303893ba14f0692005417c1e0e690a325a4c5d8bb2b3943ee14?s=96&d=mm&r=g\",\"contentUrl\":\"https:\\\/\\\/secure.gravatar.com\\\/avatar\\\/bb65d0283347e303893ba14f0692005417c1e0e690a325a4c5d8bb2b3943ee14?s=96&d=mm&r=g\",\"caption\":\"Cope Alcoy\"}}]}<\/script>\n<!-- \/ Yoast SEO plugin. -->","yoast_head_json":{"title":"Las Fiestas de Muro son declaradas de Inter\u00e9s Tur\u00edstico Auton\u00f3mico - COPE Alcoy","robots":{"index":"index","follow":"follow","max-snippet":"max-snippet:-1","max-image-preview":"max-image-preview:large","max-video-preview":"max-video-preview:-1"},"canonical":"https:\/\/www.copealcoy.es\/es\/las-fiestas-de-muro-son-declaradas-de-interes-turistico-autonomico\/","og_locale":"es_ES","og_type":"article","og_title":"Las Fiestas de Muro son declaradas de Inter\u00e9s Tur\u00edstico Auton\u00f3mico - COPE Alcoy","og_description":"Las Fiestas de Moros y Cristianos de Muro ya tienen el reconocimiento de Fiesta de Inter\u00e9s Tur\u00edstico Auton\u00f3mico despu\u00e9s de...","og_url":"https:\/\/www.copealcoy.es\/es\/las-fiestas-de-muro-son-declaradas-de-interes-turistico-autonomico\/","og_site_name":"COPE Alcoy","article_published_time":"2019-05-07T16:26:24+00:00","og_image":[{"width":926,"height":513,"url":"https:\/\/www.copealcoy.es\/wp-content\/uploads\/2018\/05\/32337199_10216086661579992_3813287688711176192_n-e1526158744944.jpg","type":"image\/jpeg"}],"author":"Cope Alcoy","twitter_misc":{"Escrito por":"Cope Alcoy","Tiempo de lectura":"2 minutos"},"schema":{"@context":"https:\/\/schema.org","@graph":[{"@type":"Article","@id":"https:\/\/www.copealcoy.es\/es\/las-fiestas-de-muro-son-declaradas-de-interes-turistico-autonomico\/#article","isPartOf":{"@id":"https:\/\/www.copealcoy.es\/es\/las-fiestas-de-muro-son-declaradas-de-interes-turistico-autonomico\/"},"author":{"name":"Cope Alcoy","@id":"https:\/\/www.copealcoy.es\/es\/#\/schema\/person\/e777c87fa024e57d40170af9df39882c"},"headline":"Las Fiestas de Muro son declaradas de Inter\u00e9s Tur\u00edstico Auton\u00f3mico","datePublished":"2019-05-07T16:26:24+00:00","mainEntityOfPage":{"@id":"https:\/\/www.copealcoy.es\/es\/las-fiestas-de-muro-son-declaradas-de-interes-turistico-autonomico\/"},"wordCount":443,"commentCount":0,"image":{"@id":"https:\/\/www.copealcoy.es\/es\/las-fiestas-de-muro-son-declaradas-de-interes-turistico-autonomico\/#primaryimage"},"thumbnailUrl":"https:\/\/www.copealcoy.es\/wp-content\/uploads\/2018\/05\/32337199_10216086661579992_3813287688711176192_n-e1526158744944.jpg","keywords":["declaradas","Fiestas de Muro","Inter\u00e9s Tur\u00edstico Auton\u00f3mico"],"articleSection":["Comarcas","Noticias"],"inLanguage":"es"},{"@type":"WebPage","@id":"https:\/\/www.copealcoy.es\/es\/las-fiestas-de-muro-son-declaradas-de-interes-turistico-autonomico\/","url":"https:\/\/www.copealcoy.es\/es\/las-fiestas-de-muro-son-declaradas-de-interes-turistico-autonomico\/","name":"Las Fiestas de Muro son declaradas de Inter\u00e9s Tur\u00edstico Auton\u00f3mico - COPE Alcoy","isPartOf":{"@id":"https:\/\/www.copealcoy.es\/es\/#website"},"primaryImageOfPage":{"@id":"https:\/\/www.copealcoy.es\/es\/las-fiestas-de-muro-son-declaradas-de-interes-turistico-autonomico\/#primaryimage"},"image":{"@id":"https:\/\/www.copealcoy.es\/es\/las-fiestas-de-muro-son-declaradas-de-interes-turistico-autonomico\/#primaryimage"},"thumbnailUrl":"https:\/\/www.copealcoy.es\/wp-content\/uploads\/2018\/05\/32337199_10216086661579992_3813287688711176192_n-e1526158744944.jpg","datePublished":"2019-05-07T16:26:24+00:00","author":{"@id":"https:\/\/www.copealcoy.es\/es\/#\/schema\/person\/e777c87fa024e57d40170af9df39882c"},"breadcrumb":{"@id":"https:\/\/www.copealcoy.es\/es\/las-fiestas-de-muro-son-declaradas-de-interes-turistico-autonomico\/#breadcrumb"},"inLanguage":"es","potentialAction":[{"@type":"ReadAction","target":["https:\/\/www.copealcoy.es\/es\/las-fiestas-de-muro-son-declaradas-de-interes-turistico-autonomico\/"]}]},{"@type":"ImageObject","inLanguage":"es","@id":"https:\/\/www.copealcoy.es\/es\/las-fiestas-de-muro-son-declaradas-de-interes-turistico-autonomico\/#primaryimage","url":"https:\/\/www.copealcoy.es\/wp-content\/uploads\/2018\/05\/32337199_10216086661579992_3813287688711176192_n-e1526158744944.jpg","contentUrl":"https:\/\/www.copealcoy.es\/wp-content\/uploads\/2018\/05\/32337199_10216086661579992_3813287688711176192_n-e1526158744944.jpg","width":926,"height":513,"caption":"Marcos Olcina, de los Maseros, deslumbr\u00f3 con su capitan\u00eda \/ Foto: G. Pascual"},{"@type":"BreadcrumbList","@id":"https:\/\/www.copealcoy.es\/es\/las-fiestas-de-muro-son-declaradas-de-interes-turistico-autonomico\/#breadcrumb","itemListElement":[{"@type":"ListItem","position":1,"name":"Portada","item":"https:\/\/www.copealcoy.es\/es\/"},{"@type":"ListItem","position":2,"name":"Las Fiestas de Muro son declaradas de Inter\u00e9s Tur\u00edstico Auton\u00f3mico"}]},{"@type":"WebSite","@id":"https:\/\/www.copealcoy.es\/es\/#website","url":"https:\/\/www.copealcoy.es\/es\/","name":"COPE Alcoy","description":"Emisora COPE de radio local con emisi\u00f3n online. Pont de Sant Jordi 8-10 03803 Alcoy","potentialAction":[{"@type":"SearchAction","target":{"@type":"EntryPoint","urlTemplate":"https:\/\/www.copealcoy.es\/es\/?s={search_term_string}"},"query-input":{"@type":"PropertyValueSpecification","valueRequired":true,"valueName":"search_term_string"}}],"inLanguage":"es"},{"@type":"Person","@id":"https:\/\/www.copealcoy.es\/es\/#\/schema\/person\/e777c87fa024e57d40170af9df39882c","name":"Cope Alcoy","image":{"@type":"ImageObject","inLanguage":"es","@id":"https:\/\/secure.gravatar.com\/avatar\/bb65d0283347e303893ba14f0692005417c1e0e690a325a4c5d8bb2b3943ee14?s=96&d=mm&r=g","url":"https:\/\/secure.gravatar.com\/avatar\/bb65d0283347e303893ba14f0692005417c1e0e690a325a4c5d8bb2b3943ee14?s=96&d=mm&r=g","contentUrl":"https:\/\/secure.gravatar.com\/avatar\/bb65d0283347e303893ba14f0692005417c1e0e690a325a4c5d8bb2b3943ee14?s=96&d=mm&r=g","caption":"Cope Alcoy"}}]}},"_links":{"self":[{"href":"https:\/\/www.copealcoy.es\/es\/wp-json\/wp\/v2\/posts\/50590","targetHints":{"allow":["GET"]}}],"collection":[{"href":"https:\/\/www.copealcoy.es\/es\/wp-json\/wp\/v2\/posts"}],"about":[{"href":"https:\/\/www.copealcoy.es\/es\/wp-json\/wp\/v2\/types\/post"}],"author":[{"embeddable":true,"href":"https:\/\/www.copealcoy.es\/es\/wp-json\/wp\/v2\/users\/1"}],"replies":[{"embeddable":true,"href":"https:\/\/www.copealcoy.es\/es\/wp-json\/wp\/v2\/comments?post=50590"}],"version-history":[{"count":0,"href":"https:\/\/www.copealcoy.es\/es\/wp-json\/wp\/v2\/posts\/50590\/revisions"}],"wp:featuredmedia":[{"embeddable":true,"href":"https:\/\/www.copealcoy.es\/es\/wp-json\/wp\/v2\/media\/42079"}],"wp:attachment":[{"href":"https:\/\/www.copealcoy.es\/es\/wp-json\/wp\/v2\/media?parent=50590"}],"wp:term":[{"taxonomy":"category","embeddable":true,"href":"https:\/\/www.copealcoy.es\/es\/wp-json\/wp\/v2\/categories?post=50590"},{"taxonomy":"post_tag","embeddable":true,"href":"https:\/\/www.copealcoy.es\/es\/wp-json\/wp\/v2\/tags?post=50590"}],"curies":[{"name":"wp","href":"https:\/\/api.w.org\/{rel}","templated":true}]}}