{"id":50472,"date":"2019-05-03T10:12:50","date_gmt":"2019-05-03T10:12:50","guid":{"rendered":"https:\/\/copealcoi.es\/?p=50472"},"modified":"2019-05-03T10:12:50","modified_gmt":"2019-05-03T10:12:50","slug":"alvaro-santacreu-sant-jordiet-2019-lanzare-23-000-flechas-desde-el-castillo","status":"publish","type":"post","link":"https:\/\/www.copealcoy.es\/es\/alvaro-santacreu-sant-jordiet-2019-lanzare-23-000-flechas-desde-el-castillo\/","title":{"rendered":"\u00c1lvaro Santacreu, Sant Jordiet 2019 &#8220;lanzar\u00e9 23.000 flechas desde el castillo&#8221;"},"content":{"rendered":"<p style=\"text-align: justify;\">El peque\u00f1o <strong>\u00c1lvaro Santacreu Pi\u00f1ero<\/strong> es el encargado de asumir este a\u00f1o el cargo de <strong>Sant Jordiet<\/strong>, una responsabilidad que <strong>empez\u00f3 a ser una realidad el 31 de mayo de 2018<\/strong>. Aquel d\u00eda, en <strong>la Asamblea General del Casal<\/strong> celebrada en el Colegio Carmelitas, el peque\u00f1o <strong>fue elegido para encarnar a nuestro patr\u00f3n<\/strong> y unos d\u00edas despu\u00e9s ya particip\u00f3 en <strong>la Procesi\u00f3n del Corpus<\/strong> antes de que en el mes de octubre <strong>fuese presentado oficialmente<\/strong> como Sant Jordiet.<\/p>\n<p style=\"text-align: justify;\">\u00c1lvaro Santacreu estuvo el mi\u00e9rcoles en La Ma\u00f1ana de COPE ALCOY y <strong>record\u00f3 con emoci\u00f3n aquel d\u00eda<\/strong> en el que supo que <strong>llevar\u00eda a cabo esta tarea<\/strong> &#8220;<em>estaba malito en casa y no pude ir al sorteo pero cuando me dijeron que hab\u00eda sido elegido me puse a saltar en la cama de alegr\u00eda<\/em>&#8220;, afirma. Al Sant Jordiet de 2019 <strong>le gusta el hockey y el f\u00fatbol<\/strong> al igual que confiesa que <strong>es seguidor del Bar\u00e7a<\/strong>. Adem\u00e1s <strong>es festero de la Fil\u00e0 Verds<\/strong>, siendo la Segunda Diana uno de sus actos favoritos, al mismo tiempo que <strong>cursa sus estudios en el Colegio Salesianos San Vicente Ferrer<\/strong> <em>&#8220;todos mis amigos est\u00e1n muy contentos de que sea Sant Jordiet y se pusieron muy contentos cuando lo supieron. Ya me acompa\u00f1aron el d\u00eda de la presentaci\u00f3n y ahora muchos estar\u00e1n en la Entrada<\/em>&#8220;, asevera. El peque\u00f1o tambi\u00e9n nos explic\u00f3 que <strong>Dani Bravo y Santiago Valor han creado su traje<\/strong> mientras que <strong>Germ\u00e1n Moll\u00e0<\/strong>, de Creaciones German\u00edsimo, <strong>ha sido el encargado de confeccionarlo<\/strong> &#8220;<em>es un traje muy bonito, de aut\u00e9ntico romano, y me gusta mucho<\/em>&#8220;, detalla. Por \u00faltimo \u00c1lvaro Santacreu nos inform\u00f3 de que <strong>tendr\u00e1 de ayudante a su hermano Jacobo<\/strong> y dijo que el acto que espera con m\u00e1s ilusi\u00f3n es<strong> la Aparici\u00f3n<\/strong> del lunes &#8220;<em>tengo preparadas 23.000 flechas para lanzar desde el Caballo<\/em>&#8220;, apostill\u00f3.<\/p>\n<p style=\"text-align: justify;\">Junto a \u00c1lvaro Santacreu Pi\u00f1ero est\u00e1n tambi\u00e9n sus padres, <strong>Ra\u00fal y Alicia<\/strong>, as\u00ed como toda su familia y compa\u00f1eros de Fil\u00e0.<\/p>\n<p><iframe loading=\"lazy\" title=\"La Ma\u00f1ana En Alcoy Mi\u00e9rcoles 1 De Mayo 2019\" width=\"100%\" height=\"120\" src=\"https:\/\/www.mixcloud.com\/widget\/iframe\/?feed=https%3A%2F%2Fwww.mixcloud.com%2FCOPEAlcoy%2Fla-ma%25C3%25B1ana-en-alcoy-mi%25C3%25A9rcoles-1-de-mayo-2019%2F&amp;hide_cover=1\" frameborder=\"0\"><\/iframe><\/p>\n","protected":false},"excerpt":{"rendered":"<p>El peque\u00f1o \u00c1lvaro Santacreu Pi\u00f1ero es el encargado de asumir este a\u00f1o el cargo de Sant Jordiet, una responsabilidad que&#8230;<\/p>\n","protected":false},"author":1,"featured_media":50473,"comment_status":"open","ping_status":"open","sticky":false,"template":"","format":"standard","meta":{"footnotes":""},"categories":[97,78,75],"tags":[6845,5431,461],"class_list":["post-50472","post","type-post","status-publish","format-standard","has-post-thumbnail","hentry","category-alcoy","category-fiestaycultura","category-noticias","tag-alvaro-santacreu","tag-flechas","tag-sant-jordiet"],"yoast_head":"<!-- This site is optimized with the Yoast SEO plugin v27.3 - https:\/\/yoast.com\/product\/yoast-seo-wordpress\/ -->\n<title>\u00c1lvaro Santacreu, Sant Jordiet 2019 &quot;lanzar\u00e9 23.000 flechas desde el castillo&quot; - COPE Alcoy<\/title>\n<meta name=\"robots\" content=\"index, follow, max-snippet:-1, max-image-preview:large, max-video-preview:-1\" \/>\n<link rel=\"canonical\" href=\"https:\/\/www.copealcoy.es\/es\/alvaro-santacreu-sant-jordiet-2019-lanzare-23-000-flechas-desde-el-castillo\/\" \/>\n<meta property=\"og:locale\" content=\"es_ES\" \/>\n<meta property=\"og:type\" content=\"article\" \/>\n<meta property=\"og:title\" content=\"\u00c1lvaro Santacreu, Sant Jordiet 2019 &quot;lanzar\u00e9 23.000 flechas desde el castillo&quot; - COPE Alcoy\" \/>\n<meta property=\"og:description\" content=\"El peque\u00f1o \u00c1lvaro Santacreu Pi\u00f1ero es el encargado de asumir este a\u00f1o el cargo de Sant Jordiet, una responsabilidad que...\" \/>\n<meta property=\"og:url\" content=\"https:\/\/www.copealcoy.es\/es\/alvaro-santacreu-sant-jordiet-2019-lanzare-23-000-flechas-desde-el-castillo\/\" \/>\n<meta property=\"og:site_name\" content=\"COPE Alcoy\" \/>\n<meta property=\"article:published_time\" content=\"2019-05-03T10:12:50+00:00\" \/>\n<meta property=\"og:image\" content=\"https:\/\/www.copealcoy.es\/wp-content\/uploads\/2019\/05\/image_6483441-e1556878416921-1-scaled.jpg\" \/>\n\t<meta property=\"og:image:width\" content=\"2560\" \/>\n\t<meta property=\"og:image:height\" content=\"1438\" \/>\n\t<meta property=\"og:image:type\" content=\"image\/jpeg\" \/>\n<meta name=\"author\" content=\"Cope Alcoy\" \/>\n<meta name=\"twitter:label1\" content=\"Escrito por\" \/>\n\t<meta name=\"twitter:data1\" content=\"Cope Alcoy\" \/>\n\t<meta name=\"twitter:label2\" content=\"Tiempo de lectura\" \/>\n\t<meta name=\"twitter:data2\" content=\"2 minutos\" \/>\n<script type=\"application\/ld+json\" class=\"yoast-schema-graph\">{\"@context\":\"https:\\\/\\\/schema.org\",\"@graph\":[{\"@type\":\"Article\",\"@id\":\"https:\\\/\\\/www.copealcoy.es\\\/es\\\/alvaro-santacreu-sant-jordiet-2019-lanzare-23-000-flechas-desde-el-castillo\\\/#article\",\"isPartOf\":{\"@id\":\"https:\\\/\\\/www.copealcoy.es\\\/es\\\/alvaro-santacreu-sant-jordiet-2019-lanzare-23-000-flechas-desde-el-castillo\\\/\"},\"author\":{\"name\":\"Cope Alcoy\",\"@id\":\"https:\\\/\\\/www.copealcoy.es\\\/es\\\/#\\\/schema\\\/person\\\/e777c87fa024e57d40170af9df39882c\"},\"headline\":\"\u00c1lvaro Santacreu, Sant Jordiet 2019 &#8220;lanzar\u00e9 23.000 flechas desde el castillo&#8221;\",\"datePublished\":\"2019-05-03T10:12:50+00:00\",\"mainEntityOfPage\":{\"@id\":\"https:\\\/\\\/www.copealcoy.es\\\/es\\\/alvaro-santacreu-sant-jordiet-2019-lanzare-23-000-flechas-desde-el-castillo\\\/\"},\"wordCount\":372,\"commentCount\":0,\"image\":{\"@id\":\"https:\\\/\\\/www.copealcoy.es\\\/es\\\/alvaro-santacreu-sant-jordiet-2019-lanzare-23-000-flechas-desde-el-castillo\\\/#primaryimage\"},\"thumbnailUrl\":\"https:\\\/\\\/www.copealcoy.es\\\/wp-content\\\/uploads\\\/2019\\\/05\\\/image_6483441-e1556878416921-1-scaled.jpg\",\"keywords\":[\"\u00c1lvaro Santacreu\",\"flechas\",\"Sant Jordiet\"],\"articleSection\":[\"Alcoy\",\"Fiesta y Cultura\",\"Noticias\"],\"inLanguage\":\"es\"},{\"@type\":\"WebPage\",\"@id\":\"https:\\\/\\\/www.copealcoy.es\\\/es\\\/alvaro-santacreu-sant-jordiet-2019-lanzare-23-000-flechas-desde-el-castillo\\\/\",\"url\":\"https:\\\/\\\/www.copealcoy.es\\\/es\\\/alvaro-santacreu-sant-jordiet-2019-lanzare-23-000-flechas-desde-el-castillo\\\/\",\"name\":\"\u00c1lvaro Santacreu, Sant Jordiet 2019 \\\"lanzar\u00e9 23.000 flechas desde el castillo\\\" - COPE Alcoy\",\"isPartOf\":{\"@id\":\"https:\\\/\\\/www.copealcoy.es\\\/es\\\/#website\"},\"primaryImageOfPage\":{\"@id\":\"https:\\\/\\\/www.copealcoy.es\\\/es\\\/alvaro-santacreu-sant-jordiet-2019-lanzare-23-000-flechas-desde-el-castillo\\\/#primaryimage\"},\"image\":{\"@id\":\"https:\\\/\\\/www.copealcoy.es\\\/es\\\/alvaro-santacreu-sant-jordiet-2019-lanzare-23-000-flechas-desde-el-castillo\\\/#primaryimage\"},\"thumbnailUrl\":\"https:\\\/\\\/www.copealcoy.es\\\/wp-content\\\/uploads\\\/2019\\\/05\\\/image_6483441-e1556878416921-1-scaled.jpg\",\"datePublished\":\"2019-05-03T10:12:50+00:00\",\"author\":{\"@id\":\"https:\\\/\\\/www.copealcoy.es\\\/es\\\/#\\\/schema\\\/person\\\/e777c87fa024e57d40170af9df39882c\"},\"breadcrumb\":{\"@id\":\"https:\\\/\\\/www.copealcoy.es\\\/es\\\/alvaro-santacreu-sant-jordiet-2019-lanzare-23-000-flechas-desde-el-castillo\\\/#breadcrumb\"},\"inLanguage\":\"es\",\"potentialAction\":[{\"@type\":\"ReadAction\",\"target\":[\"https:\\\/\\\/www.copealcoy.es\\\/es\\\/alvaro-santacreu-sant-jordiet-2019-lanzare-23-000-flechas-desde-el-castillo\\\/\"]}]},{\"@type\":\"ImageObject\",\"inLanguage\":\"es\",\"@id\":\"https:\\\/\\\/www.copealcoy.es\\\/es\\\/alvaro-santacreu-sant-jordiet-2019-lanzare-23-000-flechas-desde-el-castillo\\\/#primaryimage\",\"url\":\"https:\\\/\\\/www.copealcoy.es\\\/wp-content\\\/uploads\\\/2019\\\/05\\\/image_6483441-e1556878416921-1-scaled.jpg\",\"contentUrl\":\"https:\\\/\\\/www.copealcoy.es\\\/wp-content\\\/uploads\\\/2019\\\/05\\\/image_6483441-e1556878416921-1-scaled.jpg\",\"width\":2560,\"height\":1438,\"caption\":\"\u00c1lvaro Santacreu junto a su familia en COPE ALCOY\"},{\"@type\":\"BreadcrumbList\",\"@id\":\"https:\\\/\\\/www.copealcoy.es\\\/es\\\/alvaro-santacreu-sant-jordiet-2019-lanzare-23-000-flechas-desde-el-castillo\\\/#breadcrumb\",\"itemListElement\":[{\"@type\":\"ListItem\",\"position\":1,\"name\":\"Portada\",\"item\":\"https:\\\/\\\/www.copealcoy.es\\\/es\\\/\"},{\"@type\":\"ListItem\",\"position\":2,\"name\":\"\u00c1lvaro Santacreu, Sant Jordiet 2019 &#8220;lanzar\u00e9 23.000 flechas desde el castillo&#8221;\"}]},{\"@type\":\"WebSite\",\"@id\":\"https:\\\/\\\/www.copealcoy.es\\\/es\\\/#website\",\"url\":\"https:\\\/\\\/www.copealcoy.es\\\/es\\\/\",\"name\":\"COPE Alcoy\",\"description\":\"Emisora COPE de radio local con emisi\u00f3n online. Pont de Sant Jordi 8-10 03803 Alcoy\",\"potentialAction\":[{\"@type\":\"SearchAction\",\"target\":{\"@type\":\"EntryPoint\",\"urlTemplate\":\"https:\\\/\\\/www.copealcoy.es\\\/es\\\/?s={search_term_string}\"},\"query-input\":{\"@type\":\"PropertyValueSpecification\",\"valueRequired\":true,\"valueName\":\"search_term_string\"}}],\"inLanguage\":\"es\"},{\"@type\":\"Person\",\"@id\":\"https:\\\/\\\/www.copealcoy.es\\\/es\\\/#\\\/schema\\\/person\\\/e777c87fa024e57d40170af9df39882c\",\"name\":\"Cope Alcoy\",\"image\":{\"@type\":\"ImageObject\",\"inLanguage\":\"es\",\"@id\":\"https:\\\/\\\/secure.gravatar.com\\\/avatar\\\/bb65d0283347e303893ba14f0692005417c1e0e690a325a4c5d8bb2b3943ee14?s=96&d=mm&r=g\",\"url\":\"https:\\\/\\\/secure.gravatar.com\\\/avatar\\\/bb65d0283347e303893ba14f0692005417c1e0e690a325a4c5d8bb2b3943ee14?s=96&d=mm&r=g\",\"contentUrl\":\"https:\\\/\\\/secure.gravatar.com\\\/avatar\\\/bb65d0283347e303893ba14f0692005417c1e0e690a325a4c5d8bb2b3943ee14?s=96&d=mm&r=g\",\"caption\":\"Cope Alcoy\"}}]}<\/script>\n<!-- \/ Yoast SEO plugin. -->","yoast_head_json":{"title":"\u00c1lvaro Santacreu, Sant Jordiet 2019 \"lanzar\u00e9 23.000 flechas desde el castillo\" - COPE Alcoy","robots":{"index":"index","follow":"follow","max-snippet":"max-snippet:-1","max-image-preview":"max-image-preview:large","max-video-preview":"max-video-preview:-1"},"canonical":"https:\/\/www.copealcoy.es\/es\/alvaro-santacreu-sant-jordiet-2019-lanzare-23-000-flechas-desde-el-castillo\/","og_locale":"es_ES","og_type":"article","og_title":"\u00c1lvaro Santacreu, Sant Jordiet 2019 \"lanzar\u00e9 23.000 flechas desde el castillo\" - COPE Alcoy","og_description":"El peque\u00f1o \u00c1lvaro Santacreu Pi\u00f1ero es el encargado de asumir este a\u00f1o el cargo de Sant Jordiet, una responsabilidad que...","og_url":"https:\/\/www.copealcoy.es\/es\/alvaro-santacreu-sant-jordiet-2019-lanzare-23-000-flechas-desde-el-castillo\/","og_site_name":"COPE Alcoy","article_published_time":"2019-05-03T10:12:50+00:00","og_image":[{"width":2560,"height":1438,"url":"https:\/\/www.copealcoy.es\/wp-content\/uploads\/2019\/05\/image_6483441-e1556878416921-1-scaled.jpg","type":"image\/jpeg"}],"author":"Cope Alcoy","twitter_misc":{"Escrito por":"Cope Alcoy","Tiempo de lectura":"2 minutos"},"schema":{"@context":"https:\/\/schema.org","@graph":[{"@type":"Article","@id":"https:\/\/www.copealcoy.es\/es\/alvaro-santacreu-sant-jordiet-2019-lanzare-23-000-flechas-desde-el-castillo\/#article","isPartOf":{"@id":"https:\/\/www.copealcoy.es\/es\/alvaro-santacreu-sant-jordiet-2019-lanzare-23-000-flechas-desde-el-castillo\/"},"author":{"name":"Cope Alcoy","@id":"https:\/\/www.copealcoy.es\/es\/#\/schema\/person\/e777c87fa024e57d40170af9df39882c"},"headline":"\u00c1lvaro Santacreu, Sant Jordiet 2019 &#8220;lanzar\u00e9 23.000 flechas desde el castillo&#8221;","datePublished":"2019-05-03T10:12:50+00:00","mainEntityOfPage":{"@id":"https:\/\/www.copealcoy.es\/es\/alvaro-santacreu-sant-jordiet-2019-lanzare-23-000-flechas-desde-el-castillo\/"},"wordCount":372,"commentCount":0,"image":{"@id":"https:\/\/www.copealcoy.es\/es\/alvaro-santacreu-sant-jordiet-2019-lanzare-23-000-flechas-desde-el-castillo\/#primaryimage"},"thumbnailUrl":"https:\/\/www.copealcoy.es\/wp-content\/uploads\/2019\/05\/image_6483441-e1556878416921-1-scaled.jpg","keywords":["\u00c1lvaro Santacreu","flechas","Sant Jordiet"],"articleSection":["Alcoy","Fiesta y Cultura","Noticias"],"inLanguage":"es"},{"@type":"WebPage","@id":"https:\/\/www.copealcoy.es\/es\/alvaro-santacreu-sant-jordiet-2019-lanzare-23-000-flechas-desde-el-castillo\/","url":"https:\/\/www.copealcoy.es\/es\/alvaro-santacreu-sant-jordiet-2019-lanzare-23-000-flechas-desde-el-castillo\/","name":"\u00c1lvaro Santacreu, Sant Jordiet 2019 \"lanzar\u00e9 23.000 flechas desde el castillo\" - COPE Alcoy","isPartOf":{"@id":"https:\/\/www.copealcoy.es\/es\/#website"},"primaryImageOfPage":{"@id":"https:\/\/www.copealcoy.es\/es\/alvaro-santacreu-sant-jordiet-2019-lanzare-23-000-flechas-desde-el-castillo\/#primaryimage"},"image":{"@id":"https:\/\/www.copealcoy.es\/es\/alvaro-santacreu-sant-jordiet-2019-lanzare-23-000-flechas-desde-el-castillo\/#primaryimage"},"thumbnailUrl":"https:\/\/www.copealcoy.es\/wp-content\/uploads\/2019\/05\/image_6483441-e1556878416921-1-scaled.jpg","datePublished":"2019-05-03T10:12:50+00:00","author":{"@id":"https:\/\/www.copealcoy.es\/es\/#\/schema\/person\/e777c87fa024e57d40170af9df39882c"},"breadcrumb":{"@id":"https:\/\/www.copealcoy.es\/es\/alvaro-santacreu-sant-jordiet-2019-lanzare-23-000-flechas-desde-el-castillo\/#breadcrumb"},"inLanguage":"es","potentialAction":[{"@type":"ReadAction","target":["https:\/\/www.copealcoy.es\/es\/alvaro-santacreu-sant-jordiet-2019-lanzare-23-000-flechas-desde-el-castillo\/"]}]},{"@type":"ImageObject","inLanguage":"es","@id":"https:\/\/www.copealcoy.es\/es\/alvaro-santacreu-sant-jordiet-2019-lanzare-23-000-flechas-desde-el-castillo\/#primaryimage","url":"https:\/\/www.copealcoy.es\/wp-content\/uploads\/2019\/05\/image_6483441-e1556878416921-1-scaled.jpg","contentUrl":"https:\/\/www.copealcoy.es\/wp-content\/uploads\/2019\/05\/image_6483441-e1556878416921-1-scaled.jpg","width":2560,"height":1438,"caption":"\u00c1lvaro Santacreu junto a su familia en COPE ALCOY"},{"@type":"BreadcrumbList","@id":"https:\/\/www.copealcoy.es\/es\/alvaro-santacreu-sant-jordiet-2019-lanzare-23-000-flechas-desde-el-castillo\/#breadcrumb","itemListElement":[{"@type":"ListItem","position":1,"name":"Portada","item":"https:\/\/www.copealcoy.es\/es\/"},{"@type":"ListItem","position":2,"name":"\u00c1lvaro Santacreu, Sant Jordiet 2019 &#8220;lanzar\u00e9 23.000 flechas desde el castillo&#8221;"}]},{"@type":"WebSite","@id":"https:\/\/www.copealcoy.es\/es\/#website","url":"https:\/\/www.copealcoy.es\/es\/","name":"COPE Alcoy","description":"Emisora COPE de radio local con emisi\u00f3n online. Pont de Sant Jordi 8-10 03803 Alcoy","potentialAction":[{"@type":"SearchAction","target":{"@type":"EntryPoint","urlTemplate":"https:\/\/www.copealcoy.es\/es\/?s={search_term_string}"},"query-input":{"@type":"PropertyValueSpecification","valueRequired":true,"valueName":"search_term_string"}}],"inLanguage":"es"},{"@type":"Person","@id":"https:\/\/www.copealcoy.es\/es\/#\/schema\/person\/e777c87fa024e57d40170af9df39882c","name":"Cope Alcoy","image":{"@type":"ImageObject","inLanguage":"es","@id":"https:\/\/secure.gravatar.com\/avatar\/bb65d0283347e303893ba14f0692005417c1e0e690a325a4c5d8bb2b3943ee14?s=96&d=mm&r=g","url":"https:\/\/secure.gravatar.com\/avatar\/bb65d0283347e303893ba14f0692005417c1e0e690a325a4c5d8bb2b3943ee14?s=96&d=mm&r=g","contentUrl":"https:\/\/secure.gravatar.com\/avatar\/bb65d0283347e303893ba14f0692005417c1e0e690a325a4c5d8bb2b3943ee14?s=96&d=mm&r=g","caption":"Cope Alcoy"}}]}},"_links":{"self":[{"href":"https:\/\/www.copealcoy.es\/es\/wp-json\/wp\/v2\/posts\/50472","targetHints":{"allow":["GET"]}}],"collection":[{"href":"https:\/\/www.copealcoy.es\/es\/wp-json\/wp\/v2\/posts"}],"about":[{"href":"https:\/\/www.copealcoy.es\/es\/wp-json\/wp\/v2\/types\/post"}],"author":[{"embeddable":true,"href":"https:\/\/www.copealcoy.es\/es\/wp-json\/wp\/v2\/users\/1"}],"replies":[{"embeddable":true,"href":"https:\/\/www.copealcoy.es\/es\/wp-json\/wp\/v2\/comments?post=50472"}],"version-history":[{"count":0,"href":"https:\/\/www.copealcoy.es\/es\/wp-json\/wp\/v2\/posts\/50472\/revisions"}],"wp:featuredmedia":[{"embeddable":true,"href":"https:\/\/www.copealcoy.es\/es\/wp-json\/wp\/v2\/media\/50473"}],"wp:attachment":[{"href":"https:\/\/www.copealcoy.es\/es\/wp-json\/wp\/v2\/media?parent=50472"}],"wp:term":[{"taxonomy":"category","embeddable":true,"href":"https:\/\/www.copealcoy.es\/es\/wp-json\/wp\/v2\/categories?post=50472"},{"taxonomy":"post_tag","embeddable":true,"href":"https:\/\/www.copealcoy.es\/es\/wp-json\/wp\/v2\/tags?post=50472"}],"curies":[{"name":"wp","href":"https:\/\/api.w.org\/{rel}","templated":true}]}}