{"id":50423,"date":"2019-05-01T23:01:06","date_gmt":"2019-05-01T23:01:06","guid":{"rendered":"https:\/\/copealcoi.es\/?p=50423"},"modified":"2019-05-01T23:01:06","modified_gmt":"2019-05-01T23:01:06","slug":"la-primitiva-dalbaida-gana-el-i-certamen-de-musica-festera-de-cocentaina","status":"publish","type":"post","link":"https:\/\/www.copealcoy.es\/es\/la-primitiva-dalbaida-gana-el-i-certamen-de-musica-festera-de-cocentaina\/","title":{"rendered":"La Primitiva d\u2019Albaida gana el I Certamen de M\u00fasica Festera de Cocentaina"},"content":{"rendered":"<p style=\"text-align: justify;\">Cocentaina celebr\u00f3 ayer mi\u00e9rcoles <strong>1 de mayo<\/strong> su <strong>I Certamen de Interpretaci\u00f3n de Musica Festera<\/strong>, un evento organizado por la <strong>Federaci\u00f3n Junta de Fiestas de Moros y Cristianos<\/strong> del municipio que cont\u00f3 con el respaldo del <strong>Ayuntamiento<\/strong> de la Villa Condal as\u00ed como de la <strong>Universidad de Alicante<\/strong>. La cita musical se llev\u00f3 a cabo en el <strong>Centre Cultural El Teular<\/strong> y hasta el mismo llegaron <strong>las tres bandas<\/strong> participantes en un pasacalle que comenz\u00f3 en la plaza del Pla; lugar en el que fueron recibidas <strong>la Uni\u00f3 Musical de Bocairent<\/strong>, <strong>la Asociaci\u00f3n Musical \u2018L&#8217; Avan\u00e7\u2019 del Campello<\/strong> y el <strong>Cercle Musical Primitiva de Albaida<\/strong>.<\/p>\n<p style=\"text-align: justify;\">El propio Certamen estuvo conducido por <strong>Octavio Hern\u00e1ndez Bol\u00edn<\/strong> y <strong>la primera banda en subir al escenario fue la del Campello<\/strong> para interpretar, bajo la direcci\u00f3n de <strong>Lu\u00eds Segu\u00ed Company<\/strong>, el pasodoble <em>El Camino <\/em>de Josep Vicent Egea y la marcha mora <em>Khafaja\u00a0<\/em>de Carlos Pellicer Andr\u00e9s. Tras ellos fue el turno de <strong>la formaci\u00f3n musical de Albaida<\/strong>, dirigida en este caso por <strong>Edmundo Vidal<\/strong>, y que hizo sonar el pasodoble\u00a0<em>Guy&#8217;s Band <\/em>de Jos\u00e9 Vicente Egea as\u00ed como la marcha mora <em>Abraham de <\/em>Rafael Mullor Grau. Por \u00faltimo intervino la banda de Bocairent, con <strong>Enrique Alborch como director<\/strong>, y en esta ocasi\u00f3n los m\u00fasicos tocaron el pasodoble <em>Fernand\u00edn <\/em>de Jos\u00e9 Vicente Egea junto a la marcha mora <em>M\u00fasic i Llanero <\/em>de Rafael Mullor Grau. Se\u00f1alar que todas ellas interpretaron <strong>la marcha cristiana obligada<\/strong>, <strong>titulada <\/strong><em><strong>Millennium<\/strong>, <\/em>y que ha sido creada por <strong>Josep Robert Sell\u00e9s i Camps<\/strong> a partir <strong>del Himno del IV Centenario<\/strong> de la elecci\u00f3n de San Hip\u00f3lito como patr\u00f3n de Cocentaina; una composici\u00f3n de la cual <strong>el mismo Sell\u00e9s<\/strong> es autor de la m\u00fasica.<\/p>\n<p style=\"text-align: justify;\">Tras unas largas deliberaciones el jurado decidi\u00f3 otorgar el <strong>tercer premio de mil euros<\/strong> a <strong>la Associaci\u00f3 Musical de Bocairent<\/strong>, el <strong>segundo,<\/strong>\u00a0con <strong>una cuant\u00eda econ\u00f3mica de dos mil euros;<\/strong> a la <strong>Associaci\u00f3 Musical L\u2019Avan\u00e7 del Campello<\/strong> y el<strong> primero<\/strong>, <strong>de 3.500 euros\u00a0<\/strong>\u00a0m\u00e1s <strong>trofeo<\/strong> dise\u00f1ado por <strong>Mois\u00e9s Gil<\/strong>; al<strong> Cercle Musical Primitiva d\u2019Albaida<\/strong> \u201c<em>estamos\u00a0muy contentos por haber ganado el primer Certamen de M\u00fasica Festera y este galard\u00f3n es un reconocimiento al esfuerzo realizado por todos los m\u00fasicos de nuestra banda<\/em>\u201d, apunt\u00f3 el director de esta \u00faltima; <strong>Edmundo Vidal<\/strong> a COPE ALCOY tras concluir el acto.<\/p>\n<p style=\"text-align: justify;\">Recordar que el jurado estuvo formado por <strong>Rafael Mullor Grau, Ram\u00f3n Garc\u00eda i Soler y Josep Roper Sell\u00e9s i Camps<\/strong>; y mientras este deliberaba actu\u00f3 <strong>la Orquesta de Pulso y P\u00faa La Paloma<\/strong> ofreciendo una selecci\u00f3n de \u00a0piezas de m\u00fasica festera de autores contestanos que <strong>hicieron las delicias del numeroso p\u00fablico<\/strong> que llen\u00f3 por completo El Teular durante este Certamen.<\/p>\n","protected":false},"excerpt":{"rendered":"<p>Cocentaina celebr\u00f3 ayer mi\u00e9rcoles 1 de mayo su I Certamen de Interpretaci\u00f3n de Musica Festera, un evento organizado por la&#8230;<\/p>\n","protected":false},"author":1,"featured_media":50424,"comment_status":"open","ping_status":"open","sticky":false,"template":"","format":"standard","meta":{"footnotes":""},"categories":[97,98,75],"tags":[132,6760,700,8629],"class_list":["post-50423","post","type-post","status-publish","format-standard","has-post-thumbnail","hentry","category-alcoy","category-comarcas","category-noticias","tag-cocentaina","tag-i-certamen","tag-musica-festera","tag-primitiva-dalbaida"],"yoast_head":"<!-- This site is optimized with the Yoast SEO plugin v27.3 - https:\/\/yoast.com\/product\/yoast-seo-wordpress\/ -->\n<title>La Primitiva d\u2019Albaida gana el I Certamen de M\u00fasica Festera de Cocentaina - COPE Alcoy<\/title>\n<meta name=\"robots\" content=\"index, follow, max-snippet:-1, max-image-preview:large, max-video-preview:-1\" \/>\n<link rel=\"canonical\" href=\"https:\/\/www.copealcoy.es\/es\/la-primitiva-dalbaida-gana-el-i-certamen-de-musica-festera-de-cocentaina\/\" \/>\n<meta property=\"og:locale\" content=\"es_ES\" \/>\n<meta property=\"og:type\" content=\"article\" \/>\n<meta property=\"og:title\" content=\"La Primitiva d\u2019Albaida gana el I Certamen de M\u00fasica Festera de Cocentaina - COPE Alcoy\" \/>\n<meta property=\"og:description\" content=\"Cocentaina celebr\u00f3 ayer mi\u00e9rcoles 1 de mayo su I Certamen de Interpretaci\u00f3n de Musica Festera, un evento organizado por la...\" \/>\n<meta property=\"og:url\" content=\"https:\/\/www.copealcoy.es\/es\/la-primitiva-dalbaida-gana-el-i-certamen-de-musica-festera-de-cocentaina\/\" \/>\n<meta property=\"og:site_name\" content=\"COPE Alcoy\" \/>\n<meta property=\"article:published_time\" content=\"2019-05-01T23:01:06+00:00\" \/>\n<meta property=\"og:image\" content=\"https:\/\/www.copealcoy.es\/wp-content\/uploads\/2019\/05\/2-La-Primitiva-dAlbaida-tras-recibir-el-premio-Foto-Marc-Pasqual-Dom\u00ednguez-e1556751605292-1.jpg\" \/>\n\t<meta property=\"og:image:width\" content=\"1080\" \/>\n\t<meta property=\"og:image:height\" content=\"580\" \/>\n\t<meta property=\"og:image:type\" content=\"image\/jpeg\" \/>\n<meta name=\"author\" content=\"Cope Alcoy\" \/>\n<meta name=\"twitter:label1\" content=\"Escrito por\" \/>\n\t<meta name=\"twitter:data1\" content=\"Cope Alcoy\" \/>\n\t<meta name=\"twitter:label2\" content=\"Tiempo de lectura\" \/>\n\t<meta name=\"twitter:data2\" content=\"2 minutos\" \/>\n<script type=\"application\/ld+json\" class=\"yoast-schema-graph\">{\"@context\":\"https:\\\/\\\/schema.org\",\"@graph\":[{\"@type\":\"Article\",\"@id\":\"https:\\\/\\\/www.copealcoy.es\\\/es\\\/la-primitiva-dalbaida-gana-el-i-certamen-de-musica-festera-de-cocentaina\\\/#article\",\"isPartOf\":{\"@id\":\"https:\\\/\\\/www.copealcoy.es\\\/es\\\/la-primitiva-dalbaida-gana-el-i-certamen-de-musica-festera-de-cocentaina\\\/\"},\"author\":{\"name\":\"Cope Alcoy\",\"@id\":\"https:\\\/\\\/www.copealcoy.es\\\/es\\\/#\\\/schema\\\/person\\\/e777c87fa024e57d40170af9df39882c\"},\"headline\":\"La Primitiva d\u2019Albaida gana el I Certamen de M\u00fasica Festera de Cocentaina\",\"datePublished\":\"2019-05-01T23:01:06+00:00\",\"mainEntityOfPage\":{\"@id\":\"https:\\\/\\\/www.copealcoy.es\\\/es\\\/la-primitiva-dalbaida-gana-el-i-certamen-de-musica-festera-de-cocentaina\\\/\"},\"wordCount\":491,\"commentCount\":0,\"image\":{\"@id\":\"https:\\\/\\\/www.copealcoy.es\\\/es\\\/la-primitiva-dalbaida-gana-el-i-certamen-de-musica-festera-de-cocentaina\\\/#primaryimage\"},\"thumbnailUrl\":\"https:\\\/\\\/www.copealcoy.es\\\/wp-content\\\/uploads\\\/2019\\\/05\\\/2-La-Primitiva-dAlbaida-tras-recibir-el-premio-Foto-Marc-Pasqual-Dom\u00ednguez-e1556751605292-1.jpg\",\"keywords\":[\"Cocentaina\",\"I Certamen\",\"M\u00fasica Festera\",\"Primitiva d'Albaida\"],\"articleSection\":[\"Alcoy\",\"Comarcas\",\"Noticias\"],\"inLanguage\":\"es\"},{\"@type\":\"WebPage\",\"@id\":\"https:\\\/\\\/www.copealcoy.es\\\/es\\\/la-primitiva-dalbaida-gana-el-i-certamen-de-musica-festera-de-cocentaina\\\/\",\"url\":\"https:\\\/\\\/www.copealcoy.es\\\/es\\\/la-primitiva-dalbaida-gana-el-i-certamen-de-musica-festera-de-cocentaina\\\/\",\"name\":\"La Primitiva d\u2019Albaida gana el I Certamen de M\u00fasica Festera de Cocentaina - COPE Alcoy\",\"isPartOf\":{\"@id\":\"https:\\\/\\\/www.copealcoy.es\\\/es\\\/#website\"},\"primaryImageOfPage\":{\"@id\":\"https:\\\/\\\/www.copealcoy.es\\\/es\\\/la-primitiva-dalbaida-gana-el-i-certamen-de-musica-festera-de-cocentaina\\\/#primaryimage\"},\"image\":{\"@id\":\"https:\\\/\\\/www.copealcoy.es\\\/es\\\/la-primitiva-dalbaida-gana-el-i-certamen-de-musica-festera-de-cocentaina\\\/#primaryimage\"},\"thumbnailUrl\":\"https:\\\/\\\/www.copealcoy.es\\\/wp-content\\\/uploads\\\/2019\\\/05\\\/2-La-Primitiva-dAlbaida-tras-recibir-el-premio-Foto-Marc-Pasqual-Dom\u00ednguez-e1556751605292-1.jpg\",\"datePublished\":\"2019-05-01T23:01:06+00:00\",\"author\":{\"@id\":\"https:\\\/\\\/www.copealcoy.es\\\/es\\\/#\\\/schema\\\/person\\\/e777c87fa024e57d40170af9df39882c\"},\"breadcrumb\":{\"@id\":\"https:\\\/\\\/www.copealcoy.es\\\/es\\\/la-primitiva-dalbaida-gana-el-i-certamen-de-musica-festera-de-cocentaina\\\/#breadcrumb\"},\"inLanguage\":\"es\",\"potentialAction\":[{\"@type\":\"ReadAction\",\"target\":[\"https:\\\/\\\/www.copealcoy.es\\\/es\\\/la-primitiva-dalbaida-gana-el-i-certamen-de-musica-festera-de-cocentaina\\\/\"]}]},{\"@type\":\"ImageObject\",\"inLanguage\":\"es\",\"@id\":\"https:\\\/\\\/www.copealcoy.es\\\/es\\\/la-primitiva-dalbaida-gana-el-i-certamen-de-musica-festera-de-cocentaina\\\/#primaryimage\",\"url\":\"https:\\\/\\\/www.copealcoy.es\\\/wp-content\\\/uploads\\\/2019\\\/05\\\/2-La-Primitiva-dAlbaida-tras-recibir-el-premio-Foto-Marc-Pasqual-Dom\u00ednguez-e1556751605292-1.jpg\",\"contentUrl\":\"https:\\\/\\\/www.copealcoy.es\\\/wp-content\\\/uploads\\\/2019\\\/05\\\/2-La-Primitiva-dAlbaida-tras-recibir-el-premio-Foto-Marc-Pasqual-Dom\u00ednguez-e1556751605292-1.jpg\",\"width\":1080,\"height\":580,\"caption\":\"La Primitiva d'Albaida tras recibir el premio \\\/ Foto Marc Pascual Dom\u00ednguez\"},{\"@type\":\"BreadcrumbList\",\"@id\":\"https:\\\/\\\/www.copealcoy.es\\\/es\\\/la-primitiva-dalbaida-gana-el-i-certamen-de-musica-festera-de-cocentaina\\\/#breadcrumb\",\"itemListElement\":[{\"@type\":\"ListItem\",\"position\":1,\"name\":\"Portada\",\"item\":\"https:\\\/\\\/www.copealcoy.es\\\/es\\\/\"},{\"@type\":\"ListItem\",\"position\":2,\"name\":\"La Primitiva d\u2019Albaida gana el I Certamen de M\u00fasica Festera de Cocentaina\"}]},{\"@type\":\"WebSite\",\"@id\":\"https:\\\/\\\/www.copealcoy.es\\\/es\\\/#website\",\"url\":\"https:\\\/\\\/www.copealcoy.es\\\/es\\\/\",\"name\":\"COPE Alcoy\",\"description\":\"Emisora COPE de radio local con emisi\u00f3n online. Pont de Sant Jordi 8-10 03803 Alcoy\",\"potentialAction\":[{\"@type\":\"SearchAction\",\"target\":{\"@type\":\"EntryPoint\",\"urlTemplate\":\"https:\\\/\\\/www.copealcoy.es\\\/es\\\/?s={search_term_string}\"},\"query-input\":{\"@type\":\"PropertyValueSpecification\",\"valueRequired\":true,\"valueName\":\"search_term_string\"}}],\"inLanguage\":\"es\"},{\"@type\":\"Person\",\"@id\":\"https:\\\/\\\/www.copealcoy.es\\\/es\\\/#\\\/schema\\\/person\\\/e777c87fa024e57d40170af9df39882c\",\"name\":\"Cope Alcoy\",\"image\":{\"@type\":\"ImageObject\",\"inLanguage\":\"es\",\"@id\":\"https:\\\/\\\/secure.gravatar.com\\\/avatar\\\/bb65d0283347e303893ba14f0692005417c1e0e690a325a4c5d8bb2b3943ee14?s=96&d=mm&r=g\",\"url\":\"https:\\\/\\\/secure.gravatar.com\\\/avatar\\\/bb65d0283347e303893ba14f0692005417c1e0e690a325a4c5d8bb2b3943ee14?s=96&d=mm&r=g\",\"contentUrl\":\"https:\\\/\\\/secure.gravatar.com\\\/avatar\\\/bb65d0283347e303893ba14f0692005417c1e0e690a325a4c5d8bb2b3943ee14?s=96&d=mm&r=g\",\"caption\":\"Cope Alcoy\"}}]}<\/script>\n<!-- \/ Yoast SEO plugin. -->","yoast_head_json":{"title":"La Primitiva d\u2019Albaida gana el I Certamen de M\u00fasica Festera de Cocentaina - COPE Alcoy","robots":{"index":"index","follow":"follow","max-snippet":"max-snippet:-1","max-image-preview":"max-image-preview:large","max-video-preview":"max-video-preview:-1"},"canonical":"https:\/\/www.copealcoy.es\/es\/la-primitiva-dalbaida-gana-el-i-certamen-de-musica-festera-de-cocentaina\/","og_locale":"es_ES","og_type":"article","og_title":"La Primitiva d\u2019Albaida gana el I Certamen de M\u00fasica Festera de Cocentaina - COPE Alcoy","og_description":"Cocentaina celebr\u00f3 ayer mi\u00e9rcoles 1 de mayo su I Certamen de Interpretaci\u00f3n de Musica Festera, un evento organizado por la...","og_url":"https:\/\/www.copealcoy.es\/es\/la-primitiva-dalbaida-gana-el-i-certamen-de-musica-festera-de-cocentaina\/","og_site_name":"COPE Alcoy","article_published_time":"2019-05-01T23:01:06+00:00","og_image":[{"width":1080,"height":580,"url":"https:\/\/www.copealcoy.es\/wp-content\/uploads\/2019\/05\/2-La-Primitiva-dAlbaida-tras-recibir-el-premio-Foto-Marc-Pasqual-Dom\u00ednguez-e1556751605292-1.jpg","type":"image\/jpeg"}],"author":"Cope Alcoy","twitter_misc":{"Escrito por":"Cope Alcoy","Tiempo de lectura":"2 minutos"},"schema":{"@context":"https:\/\/schema.org","@graph":[{"@type":"Article","@id":"https:\/\/www.copealcoy.es\/es\/la-primitiva-dalbaida-gana-el-i-certamen-de-musica-festera-de-cocentaina\/#article","isPartOf":{"@id":"https:\/\/www.copealcoy.es\/es\/la-primitiva-dalbaida-gana-el-i-certamen-de-musica-festera-de-cocentaina\/"},"author":{"name":"Cope Alcoy","@id":"https:\/\/www.copealcoy.es\/es\/#\/schema\/person\/e777c87fa024e57d40170af9df39882c"},"headline":"La Primitiva d\u2019Albaida gana el I Certamen de M\u00fasica Festera de Cocentaina","datePublished":"2019-05-01T23:01:06+00:00","mainEntityOfPage":{"@id":"https:\/\/www.copealcoy.es\/es\/la-primitiva-dalbaida-gana-el-i-certamen-de-musica-festera-de-cocentaina\/"},"wordCount":491,"commentCount":0,"image":{"@id":"https:\/\/www.copealcoy.es\/es\/la-primitiva-dalbaida-gana-el-i-certamen-de-musica-festera-de-cocentaina\/#primaryimage"},"thumbnailUrl":"https:\/\/www.copealcoy.es\/wp-content\/uploads\/2019\/05\/2-La-Primitiva-dAlbaida-tras-recibir-el-premio-Foto-Marc-Pasqual-Dom\u00ednguez-e1556751605292-1.jpg","keywords":["Cocentaina","I Certamen","M\u00fasica Festera","Primitiva d'Albaida"],"articleSection":["Alcoy","Comarcas","Noticias"],"inLanguage":"es"},{"@type":"WebPage","@id":"https:\/\/www.copealcoy.es\/es\/la-primitiva-dalbaida-gana-el-i-certamen-de-musica-festera-de-cocentaina\/","url":"https:\/\/www.copealcoy.es\/es\/la-primitiva-dalbaida-gana-el-i-certamen-de-musica-festera-de-cocentaina\/","name":"La Primitiva d\u2019Albaida gana el I Certamen de M\u00fasica Festera de Cocentaina - COPE Alcoy","isPartOf":{"@id":"https:\/\/www.copealcoy.es\/es\/#website"},"primaryImageOfPage":{"@id":"https:\/\/www.copealcoy.es\/es\/la-primitiva-dalbaida-gana-el-i-certamen-de-musica-festera-de-cocentaina\/#primaryimage"},"image":{"@id":"https:\/\/www.copealcoy.es\/es\/la-primitiva-dalbaida-gana-el-i-certamen-de-musica-festera-de-cocentaina\/#primaryimage"},"thumbnailUrl":"https:\/\/www.copealcoy.es\/wp-content\/uploads\/2019\/05\/2-La-Primitiva-dAlbaida-tras-recibir-el-premio-Foto-Marc-Pasqual-Dom\u00ednguez-e1556751605292-1.jpg","datePublished":"2019-05-01T23:01:06+00:00","author":{"@id":"https:\/\/www.copealcoy.es\/es\/#\/schema\/person\/e777c87fa024e57d40170af9df39882c"},"breadcrumb":{"@id":"https:\/\/www.copealcoy.es\/es\/la-primitiva-dalbaida-gana-el-i-certamen-de-musica-festera-de-cocentaina\/#breadcrumb"},"inLanguage":"es","potentialAction":[{"@type":"ReadAction","target":["https:\/\/www.copealcoy.es\/es\/la-primitiva-dalbaida-gana-el-i-certamen-de-musica-festera-de-cocentaina\/"]}]},{"@type":"ImageObject","inLanguage":"es","@id":"https:\/\/www.copealcoy.es\/es\/la-primitiva-dalbaida-gana-el-i-certamen-de-musica-festera-de-cocentaina\/#primaryimage","url":"https:\/\/www.copealcoy.es\/wp-content\/uploads\/2019\/05\/2-La-Primitiva-dAlbaida-tras-recibir-el-premio-Foto-Marc-Pasqual-Dom\u00ednguez-e1556751605292-1.jpg","contentUrl":"https:\/\/www.copealcoy.es\/wp-content\/uploads\/2019\/05\/2-La-Primitiva-dAlbaida-tras-recibir-el-premio-Foto-Marc-Pasqual-Dom\u00ednguez-e1556751605292-1.jpg","width":1080,"height":580,"caption":"La Primitiva d'Albaida tras recibir el premio \/ Foto Marc Pascual Dom\u00ednguez"},{"@type":"BreadcrumbList","@id":"https:\/\/www.copealcoy.es\/es\/la-primitiva-dalbaida-gana-el-i-certamen-de-musica-festera-de-cocentaina\/#breadcrumb","itemListElement":[{"@type":"ListItem","position":1,"name":"Portada","item":"https:\/\/www.copealcoy.es\/es\/"},{"@type":"ListItem","position":2,"name":"La Primitiva d\u2019Albaida gana el I Certamen de M\u00fasica Festera de Cocentaina"}]},{"@type":"WebSite","@id":"https:\/\/www.copealcoy.es\/es\/#website","url":"https:\/\/www.copealcoy.es\/es\/","name":"COPE Alcoy","description":"Emisora COPE de radio local con emisi\u00f3n online. Pont de Sant Jordi 8-10 03803 Alcoy","potentialAction":[{"@type":"SearchAction","target":{"@type":"EntryPoint","urlTemplate":"https:\/\/www.copealcoy.es\/es\/?s={search_term_string}"},"query-input":{"@type":"PropertyValueSpecification","valueRequired":true,"valueName":"search_term_string"}}],"inLanguage":"es"},{"@type":"Person","@id":"https:\/\/www.copealcoy.es\/es\/#\/schema\/person\/e777c87fa024e57d40170af9df39882c","name":"Cope Alcoy","image":{"@type":"ImageObject","inLanguage":"es","@id":"https:\/\/secure.gravatar.com\/avatar\/bb65d0283347e303893ba14f0692005417c1e0e690a325a4c5d8bb2b3943ee14?s=96&d=mm&r=g","url":"https:\/\/secure.gravatar.com\/avatar\/bb65d0283347e303893ba14f0692005417c1e0e690a325a4c5d8bb2b3943ee14?s=96&d=mm&r=g","contentUrl":"https:\/\/secure.gravatar.com\/avatar\/bb65d0283347e303893ba14f0692005417c1e0e690a325a4c5d8bb2b3943ee14?s=96&d=mm&r=g","caption":"Cope Alcoy"}}]}},"_links":{"self":[{"href":"https:\/\/www.copealcoy.es\/es\/wp-json\/wp\/v2\/posts\/50423","targetHints":{"allow":["GET"]}}],"collection":[{"href":"https:\/\/www.copealcoy.es\/es\/wp-json\/wp\/v2\/posts"}],"about":[{"href":"https:\/\/www.copealcoy.es\/es\/wp-json\/wp\/v2\/types\/post"}],"author":[{"embeddable":true,"href":"https:\/\/www.copealcoy.es\/es\/wp-json\/wp\/v2\/users\/1"}],"replies":[{"embeddable":true,"href":"https:\/\/www.copealcoy.es\/es\/wp-json\/wp\/v2\/comments?post=50423"}],"version-history":[{"count":0,"href":"https:\/\/www.copealcoy.es\/es\/wp-json\/wp\/v2\/posts\/50423\/revisions"}],"wp:featuredmedia":[{"embeddable":true,"href":"https:\/\/www.copealcoy.es\/es\/wp-json\/wp\/v2\/media\/50424"}],"wp:attachment":[{"href":"https:\/\/www.copealcoy.es\/es\/wp-json\/wp\/v2\/media?parent=50423"}],"wp:term":[{"taxonomy":"category","embeddable":true,"href":"https:\/\/www.copealcoy.es\/es\/wp-json\/wp\/v2\/categories?post=50423"},{"taxonomy":"post_tag","embeddable":true,"href":"https:\/\/www.copealcoy.es\/es\/wp-json\/wp\/v2\/tags?post=50423"}],"curies":[{"name":"wp","href":"https:\/\/api.w.org\/{rel}","templated":true}]}}