{"id":50421,"date":"2019-05-06T08:00:29","date_gmt":"2019-05-06T08:00:29","guid":{"rendered":"https:\/\/copealcoi.es\/?p=50421"},"modified":"2019-05-06T08:00:29","modified_gmt":"2019-05-06T08:00:29","slug":"maseros-y-andaluces-inician-el-ultimo-dia-de-la-trilogia","status":"publish","type":"post","link":"https:\/\/www.copealcoy.es\/es\/maseros-y-andaluces-inician-el-ultimo-dia-de-la-trilogia\/","title":{"rendered":"Maseros y Andaluces inician el \u00faltimo d\u00eda de la trilog\u00eda"},"content":{"rendered":"<p style=\"text-align: justify;\">Alcoy ha iniciado el \u00faltimo d\u00eda de <strong>sus Fiestas de Moros y Cristianos<\/strong> con la humor\u00edstica <strong>Embajada del Contrabando<\/strong> que protagonizan <strong>las Filaes Andaluces y Contrabandistas<\/strong>. El acto se ha desarrollado a partir de las <strong>ocho de la ma\u00f1ana<\/strong> en la Plaza de Espa\u00f1a y una vez m\u00e1s <strong>los fieros andaluces<\/strong> han pedido ayudar a los cristianos a vencer a los moros a cambio de<strong> entrar sus mercanc\u00edas<\/strong> en estas tierras ba\u00f1adas por el Serpis. Los <strong>Maseros<\/strong>, firmes defensores de su terreno, se han negado al principio a ello pero finalmente <strong>han aceptado el ofrecimiento<\/strong> tras un jocoso di\u00e1logo lleno de referencias a la actualidad.<\/p>\n<p style=\"text-align: justify;\">Recordar que la jornada festera incluye <strong>la Estafeta y Embajada Mora<\/strong> a partir de las 10 de la ma\u00f1ana en la que las huestes de la media luna pedir\u00e1n la rendici\u00f3n de la Villa de Alcoy al Capit\u00e1n Cristiano. Tras su rechazo comenzar\u00e1 el <strong>disparo de arcabucer\u00eda<\/strong> y la batalla se dirimir\u00e1 con la lucha cuerpo a cuerpo entre los cargos festeros y los personajes de la festa. Por la tarde, desde las cuatro y media, tendr\u00e1 lugar <strong>la Estafeta y Embajada Mora<\/strong> junto con la correspondiente batalla de arcabuces que terminar\u00e1 con la victoria de las tropas de la cruz. &nbsp;En total los festeros alcoyanos <strong>quemar\u00e1n cerca &nbsp;de cuatro mil kilos de p\u00f3lvora<\/strong> para despedir la trilog\u00eda.<\/p>\n<p style=\"text-align: justify;\"><strong>Programaci\u00f3n especial en Cope Alcoy<\/strong><\/p>\n<p style=\"text-align: justify;\">Cope Alcoy tambi\u00e9n les ofrece en esta jornada <strong>una programaci\u00f3n especial sobre las Fiestas de Moros y Cristianos<\/strong> de Alcoy. A partir de las 13:00h arrancar\u00e1 <strong>el programa \u2018Alcoi, terra de conquesta\u2019<\/strong> en el que <strong>la batalla entre las tropas de la cruz y la media luna<\/strong> tendr\u00e1 un protagonismo destacado en las ondas. Escucharemos al Embajador Moro, <strong>Juan Javier Gisbert<\/strong>, en su despedida del cargo al mismo tiempo que podremos disfrutar de <strong>las Embajadas<\/strong> en las voces de este \u00faltimo junto a <strong>Ricard Sanz<\/strong>. Todo ello, como es habitual, estar\u00e1 acompa\u00f1ado de <strong>la m\u00fasica festera<\/strong>. La&nbsp;cobertura radiof\u00f3nica se suma a <strong>la difusi\u00f3n de la Festa<\/strong> a trav\u00e9s de www.copealcoy.es y nuestras redes sociales: <a href=\"https:\/\/www.facebook.com\/copealcoy\/\">Facebook<\/a>, <a href=\"https:\/\/twitter.com\/CopeAlcoy\">Twitter<\/a> e <a href=\"https:\/\/www.instagram.com\/copealcoy\/\">Instagram<\/a>.<\/p>\n","protected":false},"excerpt":{"rendered":"<p>Alcoy ha iniciado el \u00faltimo d\u00eda de sus Fiestas de Moros y Cristianos con la humor\u00edstica Embajada del Contrabando que&#8230;<\/p>\n","protected":false},"author":1,"featured_media":50560,"comment_status":"open","ping_status":"open","sticky":false,"template":"","format":"standard","meta":{"footnotes":""},"categories":[97,78,75],"tags":[2167,2166,1703,5730],"class_list":["post-50421","post","type-post","status-publish","format-standard","has-post-thumbnail","hentry","category-alcoy","category-fiestaycultura","category-noticias","tag-andaluces","tag-maseros","tag-trilogia","tag-ultimo-dia"],"yoast_head":"<!-- This site is optimized with the Yoast SEO plugin v27.3 - https:\/\/yoast.com\/product\/yoast-seo-wordpress\/ -->\n<title>Maseros y Andaluces inician el \u00faltimo d\u00eda de la trilog\u00eda - COPE Alcoy<\/title>\n<meta name=\"robots\" content=\"index, follow, max-snippet:-1, max-image-preview:large, max-video-preview:-1\" \/>\n<link rel=\"canonical\" href=\"https:\/\/www.copealcoy.es\/es\/maseros-y-andaluces-inician-el-ultimo-dia-de-la-trilogia\/\" \/>\n<meta property=\"og:locale\" content=\"es_ES\" \/>\n<meta property=\"og:type\" content=\"article\" \/>\n<meta property=\"og:title\" content=\"Maseros y Andaluces inician el \u00faltimo d\u00eda de la trilog\u00eda - COPE Alcoy\" \/>\n<meta property=\"og:description\" content=\"Alcoy ha iniciado el \u00faltimo d\u00eda de sus Fiestas de Moros y Cristianos con la humor\u00edstica Embajada del Contrabando que...\" \/>\n<meta property=\"og:url\" content=\"https:\/\/www.copealcoy.es\/es\/maseros-y-andaluces-inician-el-ultimo-dia-de-la-trilogia\/\" \/>\n<meta property=\"og:site_name\" content=\"COPE Alcoy\" \/>\n<meta property=\"article:published_time\" content=\"2019-05-06T08:00:29+00:00\" \/>\n<meta property=\"og:image\" content=\"https:\/\/www.copealcoy.es\/wp-content\/uploads\/2019\/05\/CF650177-D4BD-4BE4-9AE2-30E4A0621005-1.jpeg\" \/>\n\t<meta property=\"og:image:width\" content=\"541\" \/>\n\t<meta property=\"og:image:height\" content=\"339\" \/>\n\t<meta property=\"og:image:type\" content=\"image\/jpeg\" \/>\n<meta name=\"author\" content=\"Cope Alcoy\" \/>\n<meta name=\"twitter:label1\" content=\"Escrito por\" \/>\n\t<meta name=\"twitter:data1\" content=\"Cope Alcoy\" \/>\n\t<meta name=\"twitter:label2\" content=\"Tiempo de lectura\" \/>\n\t<meta name=\"twitter:data2\" content=\"2 minutos\" \/>\n<script type=\"application\/ld+json\" class=\"yoast-schema-graph\">{\"@context\":\"https:\\\/\\\/schema.org\",\"@graph\":[{\"@type\":\"Article\",\"@id\":\"https:\\\/\\\/www.copealcoy.es\\\/es\\\/maseros-y-andaluces-inician-el-ultimo-dia-de-la-trilogia\\\/#article\",\"isPartOf\":{\"@id\":\"https:\\\/\\\/www.copealcoy.es\\\/es\\\/maseros-y-andaluces-inician-el-ultimo-dia-de-la-trilogia\\\/\"},\"author\":{\"name\":\"Cope Alcoy\",\"@id\":\"https:\\\/\\\/www.copealcoy.es\\\/es\\\/#\\\/schema\\\/person\\\/e777c87fa024e57d40170af9df39882c\"},\"headline\":\"Maseros y Andaluces inician el \u00faltimo d\u00eda de la trilog\u00eda\",\"datePublished\":\"2019-05-06T08:00:29+00:00\",\"mainEntityOfPage\":{\"@id\":\"https:\\\/\\\/www.copealcoy.es\\\/es\\\/maseros-y-andaluces-inician-el-ultimo-dia-de-la-trilogia\\\/\"},\"wordCount\":387,\"commentCount\":0,\"image\":{\"@id\":\"https:\\\/\\\/www.copealcoy.es\\\/es\\\/maseros-y-andaluces-inician-el-ultimo-dia-de-la-trilogia\\\/#primaryimage\"},\"thumbnailUrl\":\"https:\\\/\\\/www.copealcoy.es\\\/wp-content\\\/uploads\\\/2019\\\/05\\\/CF650177-D4BD-4BE4-9AE2-30E4A0621005-1.jpeg\",\"keywords\":[\"Andaluces\",\"Maseros\",\"Trilog\u00eda\",\"\u00faltimo d\u00eda\"],\"articleSection\":[\"Alcoy\",\"Fiesta y Cultura\",\"Noticias\"],\"inLanguage\":\"es\"},{\"@type\":\"WebPage\",\"@id\":\"https:\\\/\\\/www.copealcoy.es\\\/es\\\/maseros-y-andaluces-inician-el-ultimo-dia-de-la-trilogia\\\/\",\"url\":\"https:\\\/\\\/www.copealcoy.es\\\/es\\\/maseros-y-andaluces-inician-el-ultimo-dia-de-la-trilogia\\\/\",\"name\":\"Maseros y Andaluces inician el \u00faltimo d\u00eda de la trilog\u00eda - COPE Alcoy\",\"isPartOf\":{\"@id\":\"https:\\\/\\\/www.copealcoy.es\\\/es\\\/#website\"},\"primaryImageOfPage\":{\"@id\":\"https:\\\/\\\/www.copealcoy.es\\\/es\\\/maseros-y-andaluces-inician-el-ultimo-dia-de-la-trilogia\\\/#primaryimage\"},\"image\":{\"@id\":\"https:\\\/\\\/www.copealcoy.es\\\/es\\\/maseros-y-andaluces-inician-el-ultimo-dia-de-la-trilogia\\\/#primaryimage\"},\"thumbnailUrl\":\"https:\\\/\\\/www.copealcoy.es\\\/wp-content\\\/uploads\\\/2019\\\/05\\\/CF650177-D4BD-4BE4-9AE2-30E4A0621005-1.jpeg\",\"datePublished\":\"2019-05-06T08:00:29+00:00\",\"author\":{\"@id\":\"https:\\\/\\\/www.copealcoy.es\\\/es\\\/#\\\/schema\\\/person\\\/e777c87fa024e57d40170af9df39882c\"},\"breadcrumb\":{\"@id\":\"https:\\\/\\\/www.copealcoy.es\\\/es\\\/maseros-y-andaluces-inician-el-ultimo-dia-de-la-trilogia\\\/#breadcrumb\"},\"inLanguage\":\"es\",\"potentialAction\":[{\"@type\":\"ReadAction\",\"target\":[\"https:\\\/\\\/www.copealcoy.es\\\/es\\\/maseros-y-andaluces-inician-el-ultimo-dia-de-la-trilogia\\\/\"]}]},{\"@type\":\"ImageObject\",\"inLanguage\":\"es\",\"@id\":\"https:\\\/\\\/www.copealcoy.es\\\/es\\\/maseros-y-andaluces-inician-el-ultimo-dia-de-la-trilogia\\\/#primaryimage\",\"url\":\"https:\\\/\\\/www.copealcoy.es\\\/wp-content\\\/uploads\\\/2019\\\/05\\\/CF650177-D4BD-4BE4-9AE2-30E4A0621005-1.jpeg\",\"contentUrl\":\"https:\\\/\\\/www.copealcoy.es\\\/wp-content\\\/uploads\\\/2019\\\/05\\\/CF650177-D4BD-4BE4-9AE2-30E4A0621005-1.jpeg\",\"width\":541,\"height\":339,\"caption\":\"Contrabandistas y Maseros protagonizan siempre este acto \\\/ Foto: J. Rabanal\"},{\"@type\":\"BreadcrumbList\",\"@id\":\"https:\\\/\\\/www.copealcoy.es\\\/es\\\/maseros-y-andaluces-inician-el-ultimo-dia-de-la-trilogia\\\/#breadcrumb\",\"itemListElement\":[{\"@type\":\"ListItem\",\"position\":1,\"name\":\"Portada\",\"item\":\"https:\\\/\\\/www.copealcoy.es\\\/es\\\/\"},{\"@type\":\"ListItem\",\"position\":2,\"name\":\"Maseros y Andaluces inician el \u00faltimo d\u00eda de la trilog\u00eda\"}]},{\"@type\":\"WebSite\",\"@id\":\"https:\\\/\\\/www.copealcoy.es\\\/es\\\/#website\",\"url\":\"https:\\\/\\\/www.copealcoy.es\\\/es\\\/\",\"name\":\"COPE Alcoy\",\"description\":\"Emisora COPE de radio local con emisi\u00f3n online. Pont de Sant Jordi 8-10 03803 Alcoy\",\"potentialAction\":[{\"@type\":\"SearchAction\",\"target\":{\"@type\":\"EntryPoint\",\"urlTemplate\":\"https:\\\/\\\/www.copealcoy.es\\\/es\\\/?s={search_term_string}\"},\"query-input\":{\"@type\":\"PropertyValueSpecification\",\"valueRequired\":true,\"valueName\":\"search_term_string\"}}],\"inLanguage\":\"es\"},{\"@type\":\"Person\",\"@id\":\"https:\\\/\\\/www.copealcoy.es\\\/es\\\/#\\\/schema\\\/person\\\/e777c87fa024e57d40170af9df39882c\",\"name\":\"Cope Alcoy\",\"image\":{\"@type\":\"ImageObject\",\"inLanguage\":\"es\",\"@id\":\"https:\\\/\\\/secure.gravatar.com\\\/avatar\\\/bb65d0283347e303893ba14f0692005417c1e0e690a325a4c5d8bb2b3943ee14?s=96&d=mm&r=g\",\"url\":\"https:\\\/\\\/secure.gravatar.com\\\/avatar\\\/bb65d0283347e303893ba14f0692005417c1e0e690a325a4c5d8bb2b3943ee14?s=96&d=mm&r=g\",\"contentUrl\":\"https:\\\/\\\/secure.gravatar.com\\\/avatar\\\/bb65d0283347e303893ba14f0692005417c1e0e690a325a4c5d8bb2b3943ee14?s=96&d=mm&r=g\",\"caption\":\"Cope Alcoy\"}}]}<\/script>\n<!-- \/ Yoast SEO plugin. -->","yoast_head_json":{"title":"Maseros y Andaluces inician el \u00faltimo d\u00eda de la trilog\u00eda - COPE Alcoy","robots":{"index":"index","follow":"follow","max-snippet":"max-snippet:-1","max-image-preview":"max-image-preview:large","max-video-preview":"max-video-preview:-1"},"canonical":"https:\/\/www.copealcoy.es\/es\/maseros-y-andaluces-inician-el-ultimo-dia-de-la-trilogia\/","og_locale":"es_ES","og_type":"article","og_title":"Maseros y Andaluces inician el \u00faltimo d\u00eda de la trilog\u00eda - COPE Alcoy","og_description":"Alcoy ha iniciado el \u00faltimo d\u00eda de sus Fiestas de Moros y Cristianos con la humor\u00edstica Embajada del Contrabando que...","og_url":"https:\/\/www.copealcoy.es\/es\/maseros-y-andaluces-inician-el-ultimo-dia-de-la-trilogia\/","og_site_name":"COPE Alcoy","article_published_time":"2019-05-06T08:00:29+00:00","og_image":[{"width":541,"height":339,"url":"https:\/\/www.copealcoy.es\/wp-content\/uploads\/2019\/05\/CF650177-D4BD-4BE4-9AE2-30E4A0621005-1.jpeg","type":"image\/jpeg"}],"author":"Cope Alcoy","twitter_misc":{"Escrito por":"Cope Alcoy","Tiempo de lectura":"2 minutos"},"schema":{"@context":"https:\/\/schema.org","@graph":[{"@type":"Article","@id":"https:\/\/www.copealcoy.es\/es\/maseros-y-andaluces-inician-el-ultimo-dia-de-la-trilogia\/#article","isPartOf":{"@id":"https:\/\/www.copealcoy.es\/es\/maseros-y-andaluces-inician-el-ultimo-dia-de-la-trilogia\/"},"author":{"name":"Cope Alcoy","@id":"https:\/\/www.copealcoy.es\/es\/#\/schema\/person\/e777c87fa024e57d40170af9df39882c"},"headline":"Maseros y Andaluces inician el \u00faltimo d\u00eda de la trilog\u00eda","datePublished":"2019-05-06T08:00:29+00:00","mainEntityOfPage":{"@id":"https:\/\/www.copealcoy.es\/es\/maseros-y-andaluces-inician-el-ultimo-dia-de-la-trilogia\/"},"wordCount":387,"commentCount":0,"image":{"@id":"https:\/\/www.copealcoy.es\/es\/maseros-y-andaluces-inician-el-ultimo-dia-de-la-trilogia\/#primaryimage"},"thumbnailUrl":"https:\/\/www.copealcoy.es\/wp-content\/uploads\/2019\/05\/CF650177-D4BD-4BE4-9AE2-30E4A0621005-1.jpeg","keywords":["Andaluces","Maseros","Trilog\u00eda","\u00faltimo d\u00eda"],"articleSection":["Alcoy","Fiesta y Cultura","Noticias"],"inLanguage":"es"},{"@type":"WebPage","@id":"https:\/\/www.copealcoy.es\/es\/maseros-y-andaluces-inician-el-ultimo-dia-de-la-trilogia\/","url":"https:\/\/www.copealcoy.es\/es\/maseros-y-andaluces-inician-el-ultimo-dia-de-la-trilogia\/","name":"Maseros y Andaluces inician el \u00faltimo d\u00eda de la trilog\u00eda - COPE Alcoy","isPartOf":{"@id":"https:\/\/www.copealcoy.es\/es\/#website"},"primaryImageOfPage":{"@id":"https:\/\/www.copealcoy.es\/es\/maseros-y-andaluces-inician-el-ultimo-dia-de-la-trilogia\/#primaryimage"},"image":{"@id":"https:\/\/www.copealcoy.es\/es\/maseros-y-andaluces-inician-el-ultimo-dia-de-la-trilogia\/#primaryimage"},"thumbnailUrl":"https:\/\/www.copealcoy.es\/wp-content\/uploads\/2019\/05\/CF650177-D4BD-4BE4-9AE2-30E4A0621005-1.jpeg","datePublished":"2019-05-06T08:00:29+00:00","author":{"@id":"https:\/\/www.copealcoy.es\/es\/#\/schema\/person\/e777c87fa024e57d40170af9df39882c"},"breadcrumb":{"@id":"https:\/\/www.copealcoy.es\/es\/maseros-y-andaluces-inician-el-ultimo-dia-de-la-trilogia\/#breadcrumb"},"inLanguage":"es","potentialAction":[{"@type":"ReadAction","target":["https:\/\/www.copealcoy.es\/es\/maseros-y-andaluces-inician-el-ultimo-dia-de-la-trilogia\/"]}]},{"@type":"ImageObject","inLanguage":"es","@id":"https:\/\/www.copealcoy.es\/es\/maseros-y-andaluces-inician-el-ultimo-dia-de-la-trilogia\/#primaryimage","url":"https:\/\/www.copealcoy.es\/wp-content\/uploads\/2019\/05\/CF650177-D4BD-4BE4-9AE2-30E4A0621005-1.jpeg","contentUrl":"https:\/\/www.copealcoy.es\/wp-content\/uploads\/2019\/05\/CF650177-D4BD-4BE4-9AE2-30E4A0621005-1.jpeg","width":541,"height":339,"caption":"Contrabandistas y Maseros protagonizan siempre este acto \/ Foto: J. Rabanal"},{"@type":"BreadcrumbList","@id":"https:\/\/www.copealcoy.es\/es\/maseros-y-andaluces-inician-el-ultimo-dia-de-la-trilogia\/#breadcrumb","itemListElement":[{"@type":"ListItem","position":1,"name":"Portada","item":"https:\/\/www.copealcoy.es\/es\/"},{"@type":"ListItem","position":2,"name":"Maseros y Andaluces inician el \u00faltimo d\u00eda de la trilog\u00eda"}]},{"@type":"WebSite","@id":"https:\/\/www.copealcoy.es\/es\/#website","url":"https:\/\/www.copealcoy.es\/es\/","name":"COPE Alcoy","description":"Emisora COPE de radio local con emisi\u00f3n online. Pont de Sant Jordi 8-10 03803 Alcoy","potentialAction":[{"@type":"SearchAction","target":{"@type":"EntryPoint","urlTemplate":"https:\/\/www.copealcoy.es\/es\/?s={search_term_string}"},"query-input":{"@type":"PropertyValueSpecification","valueRequired":true,"valueName":"search_term_string"}}],"inLanguage":"es"},{"@type":"Person","@id":"https:\/\/www.copealcoy.es\/es\/#\/schema\/person\/e777c87fa024e57d40170af9df39882c","name":"Cope Alcoy","image":{"@type":"ImageObject","inLanguage":"es","@id":"https:\/\/secure.gravatar.com\/avatar\/bb65d0283347e303893ba14f0692005417c1e0e690a325a4c5d8bb2b3943ee14?s=96&d=mm&r=g","url":"https:\/\/secure.gravatar.com\/avatar\/bb65d0283347e303893ba14f0692005417c1e0e690a325a4c5d8bb2b3943ee14?s=96&d=mm&r=g","contentUrl":"https:\/\/secure.gravatar.com\/avatar\/bb65d0283347e303893ba14f0692005417c1e0e690a325a4c5d8bb2b3943ee14?s=96&d=mm&r=g","caption":"Cope Alcoy"}}]}},"_links":{"self":[{"href":"https:\/\/www.copealcoy.es\/es\/wp-json\/wp\/v2\/posts\/50421","targetHints":{"allow":["GET"]}}],"collection":[{"href":"https:\/\/www.copealcoy.es\/es\/wp-json\/wp\/v2\/posts"}],"about":[{"href":"https:\/\/www.copealcoy.es\/es\/wp-json\/wp\/v2\/types\/post"}],"author":[{"embeddable":true,"href":"https:\/\/www.copealcoy.es\/es\/wp-json\/wp\/v2\/users\/1"}],"replies":[{"embeddable":true,"href":"https:\/\/www.copealcoy.es\/es\/wp-json\/wp\/v2\/comments?post=50421"}],"version-history":[{"count":0,"href":"https:\/\/www.copealcoy.es\/es\/wp-json\/wp\/v2\/posts\/50421\/revisions"}],"wp:featuredmedia":[{"embeddable":true,"href":"https:\/\/www.copealcoy.es\/es\/wp-json\/wp\/v2\/media\/50560"}],"wp:attachment":[{"href":"https:\/\/www.copealcoy.es\/es\/wp-json\/wp\/v2\/media?parent=50421"}],"wp:term":[{"taxonomy":"category","embeddable":true,"href":"https:\/\/www.copealcoy.es\/es\/wp-json\/wp\/v2\/categories?post=50421"},{"taxonomy":"post_tag","embeddable":true,"href":"https:\/\/www.copealcoy.es\/es\/wp-json\/wp\/v2\/tags?post=50421"}],"curies":[{"name":"wp","href":"https:\/\/api.w.org\/{rel}","templated":true}]}}