{"id":50416,"date":"2019-05-05T17:05:43","date_gmt":"2019-05-05T17:05:43","guid":{"rendered":"https:\/\/copealcoi.es\/?p=50416"},"modified":"2019-05-05T17:05:43","modified_gmt":"2019-05-05T17:05:43","slug":"la-diana-vespertina-del-cavallet-una-evocacion-al-pasado-de-la-festa","status":"publish","type":"post","link":"https:\/\/www.copealcoy.es\/es\/la-diana-vespertina-del-cavallet-una-evocacion-al-pasado-de-la-festa\/","title":{"rendered":"La Diana Vespertina del Cavallet, una evocaci\u00f3n al pasado de la Festa"},"content":{"rendered":"<p style=\"text-align: justify;\">La tarde del D\u00eda de San Jorge ha incluido <strong>uno de los actos m\u00e1s genuinos de la trilog\u00eda alcoyana<\/strong> y que evocan <strong>al pasado m\u00e1s reciente<\/strong> de nuestra Fiesta.<\/p>\n<p style=\"text-align: justify;\">A las seis de la tarde, y <strong>desde la Font Redona<\/strong>, ha empezado <strong>la Diana Vespertina del Cavallet<\/strong> en la que han participado l<strong>as filaes Berberiscos y Realistas<\/strong> por ser consideradas ambas como formaciones de caballer\u00eda. Los festeros que han tomado parte en el acto<strong> han recorrido la calle San Nicol\u00e1s<\/strong> al son de<strong> alegres pasodobles<\/strong> y han portado <strong>los singulares caballitos de cart\u00f3n<\/strong> que precisamente dan nombre a este desfile. El p\u00fablico<strong> les ha dado su respaldo en forma de grandes aplausos<\/strong> durante el breve <strong>trayecto existente<\/strong> entre las inmediaciones de La Glorieta y la Plaza de Espa\u00f1a.<\/p>\n<p style=\"text-align: justify;\">Una vez m\u00e1s la Diana del Cavallet se ha convertido <strong>en el complemento perfecto<\/strong> para <strong>reposar la comida del D\u00eda de San Jorge<\/strong> antes de que a las 19:30h arranque <strong>la Procesi\u00f3n General<\/strong> con la imagen ecuestre de nuestro patr\u00f3n y su Reliquia.<\/p>\n","protected":false},"excerpt":{"rendered":"<p>La tarde del D\u00eda de San Jorge ha incluido uno de los actos m\u00e1s genuinos de la trilog\u00eda alcoyana y&#8230;<\/p>\n","protected":false},"author":1,"featured_media":50551,"comment_status":"open","ping_status":"open","sticky":false,"template":"","format":"standard","meta":{"footnotes":""},"categories":[97,78,75],"tags":[5466,7771,6664,8642],"class_list":["post-50416","post","type-post","status-publish","format-standard","has-post-thumbnail","hentry","category-alcoy","category-fiestaycultura","category-noticias","tag-diana-vespertina","tag-evocacion","tag-la-festa","tag-pasado"],"yoast_head":"<!-- This site is optimized with the Yoast SEO plugin v27.3 - https:\/\/yoast.com\/product\/yoast-seo-wordpress\/ -->\n<title>La Diana Vespertina del Cavallet, una evocaci\u00f3n al pasado de la Festa - COPE Alcoy<\/title>\n<meta name=\"robots\" content=\"index, follow, max-snippet:-1, max-image-preview:large, max-video-preview:-1\" \/>\n<link rel=\"canonical\" href=\"https:\/\/www.copealcoy.es\/es\/la-diana-vespertina-del-cavallet-una-evocacion-al-pasado-de-la-festa\/\" \/>\n<meta property=\"og:locale\" content=\"es_ES\" \/>\n<meta property=\"og:type\" content=\"article\" \/>\n<meta property=\"og:title\" content=\"La Diana Vespertina del Cavallet, una evocaci\u00f3n al pasado de la Festa - COPE Alcoy\" \/>\n<meta property=\"og:description\" content=\"La tarde del D\u00eda de San Jorge ha incluido uno de los actos m\u00e1s genuinos de la trilog\u00eda alcoyana y...\" \/>\n<meta property=\"og:url\" content=\"https:\/\/www.copealcoy.es\/es\/la-diana-vespertina-del-cavallet-una-evocacion-al-pasado-de-la-festa\/\" \/>\n<meta property=\"og:site_name\" content=\"COPE Alcoy\" \/>\n<meta property=\"article:published_time\" content=\"2019-05-05T17:05:43+00:00\" \/>\n<meta property=\"og:image\" content=\"https:\/\/www.copealcoy.es\/wp-content\/uploads\/2019\/05\/43D1F60F-F836-4D63-B969-E416ED846DC6-1.jpeg\" \/>\n\t<meta property=\"og:image:width\" content=\"1184\" \/>\n\t<meta property=\"og:image:height\" content=\"668\" \/>\n\t<meta property=\"og:image:type\" content=\"image\/jpeg\" \/>\n<meta name=\"author\" content=\"Cope Alcoy\" \/>\n<meta name=\"twitter:label1\" content=\"Escrito por\" \/>\n\t<meta name=\"twitter:data1\" content=\"Cope Alcoy\" \/>\n\t<meta name=\"twitter:label2\" content=\"Tiempo de lectura\" \/>\n\t<meta name=\"twitter:data2\" content=\"1 minuto\" \/>\n<script type=\"application\/ld+json\" class=\"yoast-schema-graph\">{\"@context\":\"https:\\\/\\\/schema.org\",\"@graph\":[{\"@type\":\"Article\",\"@id\":\"https:\\\/\\\/www.copealcoy.es\\\/es\\\/la-diana-vespertina-del-cavallet-una-evocacion-al-pasado-de-la-festa\\\/#article\",\"isPartOf\":{\"@id\":\"https:\\\/\\\/www.copealcoy.es\\\/es\\\/la-diana-vespertina-del-cavallet-una-evocacion-al-pasado-de-la-festa\\\/\"},\"author\":{\"name\":\"Cope Alcoy\",\"@id\":\"https:\\\/\\\/www.copealcoy.es\\\/es\\\/#\\\/schema\\\/person\\\/e777c87fa024e57d40170af9df39882c\"},\"headline\":\"La Diana Vespertina del Cavallet, una evocaci\u00f3n al pasado de la Festa\",\"datePublished\":\"2019-05-05T17:05:43+00:00\",\"mainEntityOfPage\":{\"@id\":\"https:\\\/\\\/www.copealcoy.es\\\/es\\\/la-diana-vespertina-del-cavallet-una-evocacion-al-pasado-de-la-festa\\\/\"},\"wordCount\":197,\"commentCount\":0,\"image\":{\"@id\":\"https:\\\/\\\/www.copealcoy.es\\\/es\\\/la-diana-vespertina-del-cavallet-una-evocacion-al-pasado-de-la-festa\\\/#primaryimage\"},\"thumbnailUrl\":\"https:\\\/\\\/www.copealcoy.es\\\/wp-content\\\/uploads\\\/2019\\\/05\\\/43D1F60F-F836-4D63-B969-E416ED846DC6-1.jpeg\",\"keywords\":[\"Diana Vespertina\",\"evocaci\u00f3n\",\"La Festa\",\"pasado\"],\"articleSection\":[\"Alcoy\",\"Fiesta y Cultura\",\"Noticias\"],\"inLanguage\":\"es\"},{\"@type\":\"WebPage\",\"@id\":\"https:\\\/\\\/www.copealcoy.es\\\/es\\\/la-diana-vespertina-del-cavallet-una-evocacion-al-pasado-de-la-festa\\\/\",\"url\":\"https:\\\/\\\/www.copealcoy.es\\\/es\\\/la-diana-vespertina-del-cavallet-una-evocacion-al-pasado-de-la-festa\\\/\",\"name\":\"La Diana Vespertina del Cavallet, una evocaci\u00f3n al pasado de la Festa - COPE Alcoy\",\"isPartOf\":{\"@id\":\"https:\\\/\\\/www.copealcoy.es\\\/es\\\/#website\"},\"primaryImageOfPage\":{\"@id\":\"https:\\\/\\\/www.copealcoy.es\\\/es\\\/la-diana-vespertina-del-cavallet-una-evocacion-al-pasado-de-la-festa\\\/#primaryimage\"},\"image\":{\"@id\":\"https:\\\/\\\/www.copealcoy.es\\\/es\\\/la-diana-vespertina-del-cavallet-una-evocacion-al-pasado-de-la-festa\\\/#primaryimage\"},\"thumbnailUrl\":\"https:\\\/\\\/www.copealcoy.es\\\/wp-content\\\/uploads\\\/2019\\\/05\\\/43D1F60F-F836-4D63-B969-E416ED846DC6-1.jpeg\",\"datePublished\":\"2019-05-05T17:05:43+00:00\",\"author\":{\"@id\":\"https:\\\/\\\/www.copealcoy.es\\\/es\\\/#\\\/schema\\\/person\\\/e777c87fa024e57d40170af9df39882c\"},\"breadcrumb\":{\"@id\":\"https:\\\/\\\/www.copealcoy.es\\\/es\\\/la-diana-vespertina-del-cavallet-una-evocacion-al-pasado-de-la-festa\\\/#breadcrumb\"},\"inLanguage\":\"es\",\"potentialAction\":[{\"@type\":\"ReadAction\",\"target\":[\"https:\\\/\\\/www.copealcoy.es\\\/es\\\/la-diana-vespertina-del-cavallet-una-evocacion-al-pasado-de-la-festa\\\/\"]}]},{\"@type\":\"ImageObject\",\"inLanguage\":\"es\",\"@id\":\"https:\\\/\\\/www.copealcoy.es\\\/es\\\/la-diana-vespertina-del-cavallet-una-evocacion-al-pasado-de-la-festa\\\/#primaryimage\",\"url\":\"https:\\\/\\\/www.copealcoy.es\\\/wp-content\\\/uploads\\\/2019\\\/05\\\/43D1F60F-F836-4D63-B969-E416ED846DC6-1.jpeg\",\"contentUrl\":\"https:\\\/\\\/www.copealcoy.es\\\/wp-content\\\/uploads\\\/2019\\\/05\\\/43D1F60F-F836-4D63-B969-E416ED846DC6-1.jpeg\",\"width\":1184,\"height\":668},{\"@type\":\"BreadcrumbList\",\"@id\":\"https:\\\/\\\/www.copealcoy.es\\\/es\\\/la-diana-vespertina-del-cavallet-una-evocacion-al-pasado-de-la-festa\\\/#breadcrumb\",\"itemListElement\":[{\"@type\":\"ListItem\",\"position\":1,\"name\":\"Portada\",\"item\":\"https:\\\/\\\/www.copealcoy.es\\\/es\\\/\"},{\"@type\":\"ListItem\",\"position\":2,\"name\":\"La Diana Vespertina del Cavallet, una evocaci\u00f3n al pasado de la Festa\"}]},{\"@type\":\"WebSite\",\"@id\":\"https:\\\/\\\/www.copealcoy.es\\\/es\\\/#website\",\"url\":\"https:\\\/\\\/www.copealcoy.es\\\/es\\\/\",\"name\":\"COPE Alcoy\",\"description\":\"Emisora COPE de radio local con emisi\u00f3n online. Pont de Sant Jordi 8-10 03803 Alcoy\",\"potentialAction\":[{\"@type\":\"SearchAction\",\"target\":{\"@type\":\"EntryPoint\",\"urlTemplate\":\"https:\\\/\\\/www.copealcoy.es\\\/es\\\/?s={search_term_string}\"},\"query-input\":{\"@type\":\"PropertyValueSpecification\",\"valueRequired\":true,\"valueName\":\"search_term_string\"}}],\"inLanguage\":\"es\"},{\"@type\":\"Person\",\"@id\":\"https:\\\/\\\/www.copealcoy.es\\\/es\\\/#\\\/schema\\\/person\\\/e777c87fa024e57d40170af9df39882c\",\"name\":\"Cope Alcoy\",\"image\":{\"@type\":\"ImageObject\",\"inLanguage\":\"es\",\"@id\":\"https:\\\/\\\/secure.gravatar.com\\\/avatar\\\/bb65d0283347e303893ba14f0692005417c1e0e690a325a4c5d8bb2b3943ee14?s=96&d=mm&r=g\",\"url\":\"https:\\\/\\\/secure.gravatar.com\\\/avatar\\\/bb65d0283347e303893ba14f0692005417c1e0e690a325a4c5d8bb2b3943ee14?s=96&d=mm&r=g\",\"contentUrl\":\"https:\\\/\\\/secure.gravatar.com\\\/avatar\\\/bb65d0283347e303893ba14f0692005417c1e0e690a325a4c5d8bb2b3943ee14?s=96&d=mm&r=g\",\"caption\":\"Cope Alcoy\"}}]}<\/script>\n<!-- \/ Yoast SEO plugin. -->","yoast_head_json":{"title":"La Diana Vespertina del Cavallet, una evocaci\u00f3n al pasado de la Festa - COPE Alcoy","robots":{"index":"index","follow":"follow","max-snippet":"max-snippet:-1","max-image-preview":"max-image-preview:large","max-video-preview":"max-video-preview:-1"},"canonical":"https:\/\/www.copealcoy.es\/es\/la-diana-vespertina-del-cavallet-una-evocacion-al-pasado-de-la-festa\/","og_locale":"es_ES","og_type":"article","og_title":"La Diana Vespertina del Cavallet, una evocaci\u00f3n al pasado de la Festa - COPE Alcoy","og_description":"La tarde del D\u00eda de San Jorge ha incluido uno de los actos m\u00e1s genuinos de la trilog\u00eda alcoyana y...","og_url":"https:\/\/www.copealcoy.es\/es\/la-diana-vespertina-del-cavallet-una-evocacion-al-pasado-de-la-festa\/","og_site_name":"COPE Alcoy","article_published_time":"2019-05-05T17:05:43+00:00","og_image":[{"width":1184,"height":668,"url":"https:\/\/www.copealcoy.es\/wp-content\/uploads\/2019\/05\/43D1F60F-F836-4D63-B969-E416ED846DC6-1.jpeg","type":"image\/jpeg"}],"author":"Cope Alcoy","twitter_misc":{"Escrito por":"Cope Alcoy","Tiempo de lectura":"1 minuto"},"schema":{"@context":"https:\/\/schema.org","@graph":[{"@type":"Article","@id":"https:\/\/www.copealcoy.es\/es\/la-diana-vespertina-del-cavallet-una-evocacion-al-pasado-de-la-festa\/#article","isPartOf":{"@id":"https:\/\/www.copealcoy.es\/es\/la-diana-vespertina-del-cavallet-una-evocacion-al-pasado-de-la-festa\/"},"author":{"name":"Cope Alcoy","@id":"https:\/\/www.copealcoy.es\/es\/#\/schema\/person\/e777c87fa024e57d40170af9df39882c"},"headline":"La Diana Vespertina del Cavallet, una evocaci\u00f3n al pasado de la Festa","datePublished":"2019-05-05T17:05:43+00:00","mainEntityOfPage":{"@id":"https:\/\/www.copealcoy.es\/es\/la-diana-vespertina-del-cavallet-una-evocacion-al-pasado-de-la-festa\/"},"wordCount":197,"commentCount":0,"image":{"@id":"https:\/\/www.copealcoy.es\/es\/la-diana-vespertina-del-cavallet-una-evocacion-al-pasado-de-la-festa\/#primaryimage"},"thumbnailUrl":"https:\/\/www.copealcoy.es\/wp-content\/uploads\/2019\/05\/43D1F60F-F836-4D63-B969-E416ED846DC6-1.jpeg","keywords":["Diana Vespertina","evocaci\u00f3n","La Festa","pasado"],"articleSection":["Alcoy","Fiesta y Cultura","Noticias"],"inLanguage":"es"},{"@type":"WebPage","@id":"https:\/\/www.copealcoy.es\/es\/la-diana-vespertina-del-cavallet-una-evocacion-al-pasado-de-la-festa\/","url":"https:\/\/www.copealcoy.es\/es\/la-diana-vespertina-del-cavallet-una-evocacion-al-pasado-de-la-festa\/","name":"La Diana Vespertina del Cavallet, una evocaci\u00f3n al pasado de la Festa - COPE Alcoy","isPartOf":{"@id":"https:\/\/www.copealcoy.es\/es\/#website"},"primaryImageOfPage":{"@id":"https:\/\/www.copealcoy.es\/es\/la-diana-vespertina-del-cavallet-una-evocacion-al-pasado-de-la-festa\/#primaryimage"},"image":{"@id":"https:\/\/www.copealcoy.es\/es\/la-diana-vespertina-del-cavallet-una-evocacion-al-pasado-de-la-festa\/#primaryimage"},"thumbnailUrl":"https:\/\/www.copealcoy.es\/wp-content\/uploads\/2019\/05\/43D1F60F-F836-4D63-B969-E416ED846DC6-1.jpeg","datePublished":"2019-05-05T17:05:43+00:00","author":{"@id":"https:\/\/www.copealcoy.es\/es\/#\/schema\/person\/e777c87fa024e57d40170af9df39882c"},"breadcrumb":{"@id":"https:\/\/www.copealcoy.es\/es\/la-diana-vespertina-del-cavallet-una-evocacion-al-pasado-de-la-festa\/#breadcrumb"},"inLanguage":"es","potentialAction":[{"@type":"ReadAction","target":["https:\/\/www.copealcoy.es\/es\/la-diana-vespertina-del-cavallet-una-evocacion-al-pasado-de-la-festa\/"]}]},{"@type":"ImageObject","inLanguage":"es","@id":"https:\/\/www.copealcoy.es\/es\/la-diana-vespertina-del-cavallet-una-evocacion-al-pasado-de-la-festa\/#primaryimage","url":"https:\/\/www.copealcoy.es\/wp-content\/uploads\/2019\/05\/43D1F60F-F836-4D63-B969-E416ED846DC6-1.jpeg","contentUrl":"https:\/\/www.copealcoy.es\/wp-content\/uploads\/2019\/05\/43D1F60F-F836-4D63-B969-E416ED846DC6-1.jpeg","width":1184,"height":668},{"@type":"BreadcrumbList","@id":"https:\/\/www.copealcoy.es\/es\/la-diana-vespertina-del-cavallet-una-evocacion-al-pasado-de-la-festa\/#breadcrumb","itemListElement":[{"@type":"ListItem","position":1,"name":"Portada","item":"https:\/\/www.copealcoy.es\/es\/"},{"@type":"ListItem","position":2,"name":"La Diana Vespertina del Cavallet, una evocaci\u00f3n al pasado de la Festa"}]},{"@type":"WebSite","@id":"https:\/\/www.copealcoy.es\/es\/#website","url":"https:\/\/www.copealcoy.es\/es\/","name":"COPE Alcoy","description":"Emisora COPE de radio local con emisi\u00f3n online. Pont de Sant Jordi 8-10 03803 Alcoy","potentialAction":[{"@type":"SearchAction","target":{"@type":"EntryPoint","urlTemplate":"https:\/\/www.copealcoy.es\/es\/?s={search_term_string}"},"query-input":{"@type":"PropertyValueSpecification","valueRequired":true,"valueName":"search_term_string"}}],"inLanguage":"es"},{"@type":"Person","@id":"https:\/\/www.copealcoy.es\/es\/#\/schema\/person\/e777c87fa024e57d40170af9df39882c","name":"Cope Alcoy","image":{"@type":"ImageObject","inLanguage":"es","@id":"https:\/\/secure.gravatar.com\/avatar\/bb65d0283347e303893ba14f0692005417c1e0e690a325a4c5d8bb2b3943ee14?s=96&d=mm&r=g","url":"https:\/\/secure.gravatar.com\/avatar\/bb65d0283347e303893ba14f0692005417c1e0e690a325a4c5d8bb2b3943ee14?s=96&d=mm&r=g","contentUrl":"https:\/\/secure.gravatar.com\/avatar\/bb65d0283347e303893ba14f0692005417c1e0e690a325a4c5d8bb2b3943ee14?s=96&d=mm&r=g","caption":"Cope Alcoy"}}]}},"_links":{"self":[{"href":"https:\/\/www.copealcoy.es\/es\/wp-json\/wp\/v2\/posts\/50416","targetHints":{"allow":["GET"]}}],"collection":[{"href":"https:\/\/www.copealcoy.es\/es\/wp-json\/wp\/v2\/posts"}],"about":[{"href":"https:\/\/www.copealcoy.es\/es\/wp-json\/wp\/v2\/types\/post"}],"author":[{"embeddable":true,"href":"https:\/\/www.copealcoy.es\/es\/wp-json\/wp\/v2\/users\/1"}],"replies":[{"embeddable":true,"href":"https:\/\/www.copealcoy.es\/es\/wp-json\/wp\/v2\/comments?post=50416"}],"version-history":[{"count":0,"href":"https:\/\/www.copealcoy.es\/es\/wp-json\/wp\/v2\/posts\/50416\/revisions"}],"wp:featuredmedia":[{"embeddable":true,"href":"https:\/\/www.copealcoy.es\/es\/wp-json\/wp\/v2\/media\/50551"}],"wp:attachment":[{"href":"https:\/\/www.copealcoy.es\/es\/wp-json\/wp\/v2\/media?parent=50416"}],"wp:term":[{"taxonomy":"category","embeddable":true,"href":"https:\/\/www.copealcoy.es\/es\/wp-json\/wp\/v2\/categories?post=50416"},{"taxonomy":"post_tag","embeddable":true,"href":"https:\/\/www.copealcoy.es\/es\/wp-json\/wp\/v2\/tags?post=50416"}],"curies":[{"name":"wp","href":"https:\/\/api.w.org\/{rel}","templated":true}]}}