{"id":50390,"date":"2019-05-05T10:04:19","date_gmt":"2019-05-05T10:04:19","guid":{"rendered":"https:\/\/copealcoi.es\/?p=50390"},"modified":"2023-04-19T23:25:46","modified_gmt":"2023-04-19T22:25:46","slug":"los-herederos-de-la-festa-protagonizan-la-segunda-diana","status":"publish","type":"post","link":"https:\/\/www.copealcoy.es\/es\/los-herederos-de-la-festa-protagonizan-la-segunda-diana\/","title":{"rendered":"Los herederos de la Festa protagonizan la Segunda Diana"},"content":{"rendered":"<p style=\"text-align: justify;\">Alcoy celebra en este domingo 5 de mayo <strong>la festividad de su patr\u00f3n<\/strong>, San Jorge, y lo hace con <strong>numerosos actos religiosos<\/strong> en su honor as\u00ed como con <strong>una gran actividad festera<\/strong> en las calles de la ciudad.<\/p>\n<p style=\"text-align: justify;\">La ma\u00f1ana ha arrancado con <strong>la Segunda Diana<\/strong>, con id\u00e9nticas caracter\u00edsticas al d\u00eda anterior, pero en este ocasi\u00f3n <strong>los verdaderos protagonistas han sido los m\u00e1s peque\u00f1os<\/strong> de cada una de las Filaes alcoyanas. Ellos han demostrado que<strong> hay cantera<\/strong> y que <strong>la herencia de la Festa<\/strong> est\u00e1 m\u00e1s que asegurada de cara al futuro inmediato.<\/p>\n<p style=\"text-align: justify;\">Indicar que en esta ocasi\u00f3n <strong>el bando moro ha desfilado desde la parte baja de l&#8217; Avinguda del Pa\u00eds Valenci\u00e0<\/strong> pasando por San Lorenzo y hasta llegar a la Plaza de Espa\u00f1a mientras que <strong>los cristianos han recorrido la calle San Nicol\u00e1s<\/strong> tras efectuar la\u00a0<em>arranc\u00e0\u00a0<\/em>en la Font Redona. La m\u00fasica festera, con alegres pasodobles dianeros, ha acompa\u00f1ado a<strong> los dos bandos<\/strong> en su trayecto hasta el castillo de Fiestas <strong>ante un buen n\u00famero de espectadores<\/strong> y <strong>la mirada atenta de numerosos familiares<\/strong>. Por \u00faltimo se\u00f1alar que los dos Sargentos Infantiles, <strong>Miguel Mir\u00f3n (Moro) y Leandro Vargas (Cristiano)<\/strong>, han guiado a las Filaes Magenta y Tomasinas, respectivamente; por ostentar ambas el cargo de Capit\u00e1n.<\/p>\n<p style=\"text-align: justify;\">Recordar que el d\u00eda del patr\u00f3n tiene reservados m\u00e1s actos como <strong>la procesi\u00f3n de La Reliquia<\/strong>, que comenzar\u00e1 a las once de la ma\u00f1ana en la iglesia de San Jorge, y que finalizar\u00e1 en el templo de Santa Mar\u00eda. All\u00ed el Cardenal Arzobispo de Valencia, <strong>Don Antonio Ca\u00f1izares<\/strong>, oficiar\u00e1 <strong>la Misa Mayor<\/strong> y la ma\u00f1ana terminar\u00e1 con <strong>el disparo de una\u00a0<\/strong><em><strong>Masclet\u00e0<\/strong>\u00a0<\/em>en La Bandeja. Por la tarde <strong>las Filaes Berberiscos y Realistas<\/strong> protagonizar\u00e1n la\u00a0<strong><em>Diana Vespertina del Cavallet\u00a0<\/em><\/strong>mientras que a las 19:30h arrancar\u00e1 la <strong>Procesi\u00f3n General de San Jorge<\/strong>. La <strong>Retreta<\/strong> pondr\u00e1 fin a este d\u00eda central de nuestras Fiestas de Moros y Cristianos.<\/p>\n<p><strong>Programaci\u00f3n especial en Cope Alcoy<\/strong><\/p>\n<p style=\"text-align: justify;\">En este d\u00eda del patr\u00f3n Cope Alcoy les seguir\u00e1 ofreciendo <strong>una programaci\u00f3n especial<\/strong>. A partir de <strong>las 13:00h<\/strong> podr\u00e1n escuchar por la radio el programa especial <strong>\u2018Sant Jordi, far d\u2019un poble\u2019,\u00a0<\/strong>en el que la <strong>figura de San Jorge<\/strong> ser\u00e1 la protagonista, contando para ello con <strong>la firma alcoyana ArtVisual Producciones<\/strong> que nos presentar\u00e1 el <strong>Tour Virtual<\/strong> por el templo del santo. Asimismo <strong>Don Ram\u00f3n Mic\u00f3<\/strong>, titular de la parroquia de Santa Mar\u00eda de Banyeres de Mariola, nos descubrir\u00e1 <strong>detalles interesantes de San Jorge<\/strong> y les ofreceremos tambi\u00e9n <strong>mucha m\u00fasica festera<\/strong>. Esta difusi\u00f3n se completa con <strong>la cobertura informativa<\/strong> a trav\u00e9s de Facebook, Twitter e Instagram as\u00ed como esta misma p\u00e1gina web.<\/p>\n","protected":false},"excerpt":{"rendered":"<p>Alcoy celebra en este domingo 5 de mayo la festividad de su patr\u00f3n, San Jorge, y lo hace con numerosos&#8230;<\/p>\n","protected":false},"author":1,"featured_media":50554,"comment_status":"open","ping_status":"open","sticky":false,"template":"","format":"standard","meta":{"footnotes":""},"categories":[97,78,75],"tags":[733,8641,2783,2161],"class_list":["post-50390","post","type-post","status-publish","format-standard","has-post-thumbnail","hentry","category-alcoy","category-fiestaycultura","category-noticias","tag-festa","tag-herederos","tag-protagonizan","tag-segunda-diana"],"yoast_head":"<!-- This site is optimized with the Yoast SEO plugin v27.3 - https:\/\/yoast.com\/product\/yoast-seo-wordpress\/ -->\n<title>Los herederos de la Festa protagonizan la Segunda Diana - COPE Alcoy<\/title>\n<meta name=\"robots\" content=\"index, follow, max-snippet:-1, max-image-preview:large, max-video-preview:-1\" \/>\n<link rel=\"canonical\" href=\"https:\/\/www.copealcoy.es\/es\/los-herederos-de-la-festa-protagonizan-la-segunda-diana\/\" \/>\n<meta property=\"og:locale\" content=\"es_ES\" \/>\n<meta property=\"og:type\" content=\"article\" \/>\n<meta property=\"og:title\" content=\"Los herederos de la Festa protagonizan la Segunda Diana - COPE Alcoy\" \/>\n<meta property=\"og:description\" content=\"Alcoy celebra en este domingo 5 de mayo la festividad de su patr\u00f3n, San Jorge, y lo hace con numerosos...\" \/>\n<meta property=\"og:url\" content=\"https:\/\/www.copealcoy.es\/es\/los-herederos-de-la-festa-protagonizan-la-segunda-diana\/\" \/>\n<meta property=\"og:site_name\" content=\"COPE Alcoy\" \/>\n<meta property=\"article:published_time\" content=\"2019-05-05T10:04:19+00:00\" \/>\n<meta property=\"article:modified_time\" content=\"2023-04-19T22:25:46+00:00\" \/>\n<meta property=\"og:image\" content=\"https:\/\/www.copealcoy.es\/wp-content\/uploads\/2019\/04\/59334988_2244644215800815_6395336548627251200_n-1.jpg\" \/>\n\t<meta property=\"og:image:width\" content=\"960\" \/>\n\t<meta property=\"og:image:height\" content=\"539\" \/>\n\t<meta property=\"og:image:type\" content=\"image\/jpeg\" \/>\n<meta name=\"author\" content=\"Cope Alcoy\" \/>\n<meta name=\"twitter:label1\" content=\"Escrito por\" \/>\n\t<meta name=\"twitter:data1\" content=\"Cope Alcoy\" \/>\n\t<meta name=\"twitter:label2\" content=\"Tiempo de lectura\" \/>\n\t<meta name=\"twitter:data2\" content=\"2 minutos\" \/>\n<script type=\"application\/ld+json\" class=\"yoast-schema-graph\">{\"@context\":\"https:\\\/\\\/schema.org\",\"@graph\":[{\"@type\":\"Article\",\"@id\":\"https:\\\/\\\/www.copealcoy.es\\\/es\\\/los-herederos-de-la-festa-protagonizan-la-segunda-diana\\\/#article\",\"isPartOf\":{\"@id\":\"https:\\\/\\\/www.copealcoy.es\\\/es\\\/los-herederos-de-la-festa-protagonizan-la-segunda-diana\\\/\"},\"author\":{\"name\":\"Cope Alcoy\",\"@id\":\"https:\\\/\\\/www.copealcoy.es\\\/es\\\/#\\\/schema\\\/person\\\/e777c87fa024e57d40170af9df39882c\"},\"headline\":\"Los herederos de la Festa protagonizan la Segunda Diana\",\"datePublished\":\"2019-05-05T10:04:19+00:00\",\"dateModified\":\"2023-04-19T22:25:46+00:00\",\"mainEntityOfPage\":{\"@id\":\"https:\\\/\\\/www.copealcoy.es\\\/es\\\/los-herederos-de-la-festa-protagonizan-la-segunda-diana\\\/\"},\"wordCount\":482,\"commentCount\":0,\"image\":{\"@id\":\"https:\\\/\\\/www.copealcoy.es\\\/es\\\/los-herederos-de-la-festa-protagonizan-la-segunda-diana\\\/#primaryimage\"},\"thumbnailUrl\":\"https:\\\/\\\/www.copealcoy.es\\\/wp-content\\\/uploads\\\/2019\\\/04\\\/59334988_2244644215800815_6395336548627251200_n-1.jpg\",\"keywords\":[\"Festa\",\"herederos\",\"protagonizan\",\"Segunda Diana\"],\"articleSection\":[\"Alcoy\",\"Fiesta y Cultura\",\"Noticias\"],\"inLanguage\":\"es\"},{\"@type\":\"WebPage\",\"@id\":\"https:\\\/\\\/www.copealcoy.es\\\/es\\\/los-herederos-de-la-festa-protagonizan-la-segunda-diana\\\/\",\"url\":\"https:\\\/\\\/www.copealcoy.es\\\/es\\\/los-herederos-de-la-festa-protagonizan-la-segunda-diana\\\/\",\"name\":\"Los herederos de la Festa protagonizan la Segunda Diana - COPE Alcoy\",\"isPartOf\":{\"@id\":\"https:\\\/\\\/www.copealcoy.es\\\/es\\\/#website\"},\"primaryImageOfPage\":{\"@id\":\"https:\\\/\\\/www.copealcoy.es\\\/es\\\/los-herederos-de-la-festa-protagonizan-la-segunda-diana\\\/#primaryimage\"},\"image\":{\"@id\":\"https:\\\/\\\/www.copealcoy.es\\\/es\\\/los-herederos-de-la-festa-protagonizan-la-segunda-diana\\\/#primaryimage\"},\"thumbnailUrl\":\"https:\\\/\\\/www.copealcoy.es\\\/wp-content\\\/uploads\\\/2019\\\/04\\\/59334988_2244644215800815_6395336548627251200_n-1.jpg\",\"datePublished\":\"2019-05-05T10:04:19+00:00\",\"dateModified\":\"2023-04-19T22:25:46+00:00\",\"author\":{\"@id\":\"https:\\\/\\\/www.copealcoy.es\\\/es\\\/#\\\/schema\\\/person\\\/e777c87fa024e57d40170af9df39882c\"},\"breadcrumb\":{\"@id\":\"https:\\\/\\\/www.copealcoy.es\\\/es\\\/los-herederos-de-la-festa-protagonizan-la-segunda-diana\\\/#breadcrumb\"},\"inLanguage\":\"es\",\"potentialAction\":[{\"@type\":\"ReadAction\",\"target\":[\"https:\\\/\\\/www.copealcoy.es\\\/es\\\/los-herederos-de-la-festa-protagonizan-la-segunda-diana\\\/\"]}]},{\"@type\":\"ImageObject\",\"inLanguage\":\"es\",\"@id\":\"https:\\\/\\\/www.copealcoy.es\\\/es\\\/los-herederos-de-la-festa-protagonizan-la-segunda-diana\\\/#primaryimage\",\"url\":\"https:\\\/\\\/www.copealcoy.es\\\/wp-content\\\/uploads\\\/2019\\\/04\\\/59334988_2244644215800815_6395336548627251200_n-1.jpg\",\"contentUrl\":\"https:\\\/\\\/www.copealcoy.es\\\/wp-content\\\/uploads\\\/2019\\\/04\\\/59334988_2244644215800815_6395336548627251200_n-1.jpg\",\"width\":960,\"height\":539,\"caption\":\"Festeros de la Fil\u00e0 Vascos desfilando en la Segunda Diana \\\/ Foto: Fil\u00e0 Vascos\"},{\"@type\":\"BreadcrumbList\",\"@id\":\"https:\\\/\\\/www.copealcoy.es\\\/es\\\/los-herederos-de-la-festa-protagonizan-la-segunda-diana\\\/#breadcrumb\",\"itemListElement\":[{\"@type\":\"ListItem\",\"position\":1,\"name\":\"Portada\",\"item\":\"https:\\\/\\\/www.copealcoy.es\\\/es\\\/\"},{\"@type\":\"ListItem\",\"position\":2,\"name\":\"Los herederos de la Festa protagonizan la Segunda Diana\"}]},{\"@type\":\"WebSite\",\"@id\":\"https:\\\/\\\/www.copealcoy.es\\\/es\\\/#website\",\"url\":\"https:\\\/\\\/www.copealcoy.es\\\/es\\\/\",\"name\":\"COPE Alcoy\",\"description\":\"Emisora COPE de radio local con emisi\u00f3n online. Pont de Sant Jordi 8-10 03803 Alcoy\",\"potentialAction\":[{\"@type\":\"SearchAction\",\"target\":{\"@type\":\"EntryPoint\",\"urlTemplate\":\"https:\\\/\\\/www.copealcoy.es\\\/es\\\/?s={search_term_string}\"},\"query-input\":{\"@type\":\"PropertyValueSpecification\",\"valueRequired\":true,\"valueName\":\"search_term_string\"}}],\"inLanguage\":\"es\"},{\"@type\":\"Person\",\"@id\":\"https:\\\/\\\/www.copealcoy.es\\\/es\\\/#\\\/schema\\\/person\\\/e777c87fa024e57d40170af9df39882c\",\"name\":\"Cope Alcoy\",\"image\":{\"@type\":\"ImageObject\",\"inLanguage\":\"es\",\"@id\":\"https:\\\/\\\/secure.gravatar.com\\\/avatar\\\/bb65d0283347e303893ba14f0692005417c1e0e690a325a4c5d8bb2b3943ee14?s=96&d=mm&r=g\",\"url\":\"https:\\\/\\\/secure.gravatar.com\\\/avatar\\\/bb65d0283347e303893ba14f0692005417c1e0e690a325a4c5d8bb2b3943ee14?s=96&d=mm&r=g\",\"contentUrl\":\"https:\\\/\\\/secure.gravatar.com\\\/avatar\\\/bb65d0283347e303893ba14f0692005417c1e0e690a325a4c5d8bb2b3943ee14?s=96&d=mm&r=g\",\"caption\":\"Cope Alcoy\"}}]}<\/script>\n<!-- \/ Yoast SEO plugin. -->","yoast_head_json":{"title":"Los herederos de la Festa protagonizan la Segunda Diana - COPE Alcoy","robots":{"index":"index","follow":"follow","max-snippet":"max-snippet:-1","max-image-preview":"max-image-preview:large","max-video-preview":"max-video-preview:-1"},"canonical":"https:\/\/www.copealcoy.es\/es\/los-herederos-de-la-festa-protagonizan-la-segunda-diana\/","og_locale":"es_ES","og_type":"article","og_title":"Los herederos de la Festa protagonizan la Segunda Diana - COPE Alcoy","og_description":"Alcoy celebra en este domingo 5 de mayo la festividad de su patr\u00f3n, San Jorge, y lo hace con numerosos...","og_url":"https:\/\/www.copealcoy.es\/es\/los-herederos-de-la-festa-protagonizan-la-segunda-diana\/","og_site_name":"COPE Alcoy","article_published_time":"2019-05-05T10:04:19+00:00","article_modified_time":"2023-04-19T22:25:46+00:00","og_image":[{"width":960,"height":539,"url":"https:\/\/www.copealcoy.es\/wp-content\/uploads\/2019\/04\/59334988_2244644215800815_6395336548627251200_n-1.jpg","type":"image\/jpeg"}],"author":"Cope Alcoy","twitter_misc":{"Escrito por":"Cope Alcoy","Tiempo de lectura":"2 minutos"},"schema":{"@context":"https:\/\/schema.org","@graph":[{"@type":"Article","@id":"https:\/\/www.copealcoy.es\/es\/los-herederos-de-la-festa-protagonizan-la-segunda-diana\/#article","isPartOf":{"@id":"https:\/\/www.copealcoy.es\/es\/los-herederos-de-la-festa-protagonizan-la-segunda-diana\/"},"author":{"name":"Cope Alcoy","@id":"https:\/\/www.copealcoy.es\/es\/#\/schema\/person\/e777c87fa024e57d40170af9df39882c"},"headline":"Los herederos de la Festa protagonizan la Segunda Diana","datePublished":"2019-05-05T10:04:19+00:00","dateModified":"2023-04-19T22:25:46+00:00","mainEntityOfPage":{"@id":"https:\/\/www.copealcoy.es\/es\/los-herederos-de-la-festa-protagonizan-la-segunda-diana\/"},"wordCount":482,"commentCount":0,"image":{"@id":"https:\/\/www.copealcoy.es\/es\/los-herederos-de-la-festa-protagonizan-la-segunda-diana\/#primaryimage"},"thumbnailUrl":"https:\/\/www.copealcoy.es\/wp-content\/uploads\/2019\/04\/59334988_2244644215800815_6395336548627251200_n-1.jpg","keywords":["Festa","herederos","protagonizan","Segunda Diana"],"articleSection":["Alcoy","Fiesta y Cultura","Noticias"],"inLanguage":"es"},{"@type":"WebPage","@id":"https:\/\/www.copealcoy.es\/es\/los-herederos-de-la-festa-protagonizan-la-segunda-diana\/","url":"https:\/\/www.copealcoy.es\/es\/los-herederos-de-la-festa-protagonizan-la-segunda-diana\/","name":"Los herederos de la Festa protagonizan la Segunda Diana - COPE Alcoy","isPartOf":{"@id":"https:\/\/www.copealcoy.es\/es\/#website"},"primaryImageOfPage":{"@id":"https:\/\/www.copealcoy.es\/es\/los-herederos-de-la-festa-protagonizan-la-segunda-diana\/#primaryimage"},"image":{"@id":"https:\/\/www.copealcoy.es\/es\/los-herederos-de-la-festa-protagonizan-la-segunda-diana\/#primaryimage"},"thumbnailUrl":"https:\/\/www.copealcoy.es\/wp-content\/uploads\/2019\/04\/59334988_2244644215800815_6395336548627251200_n-1.jpg","datePublished":"2019-05-05T10:04:19+00:00","dateModified":"2023-04-19T22:25:46+00:00","author":{"@id":"https:\/\/www.copealcoy.es\/es\/#\/schema\/person\/e777c87fa024e57d40170af9df39882c"},"breadcrumb":{"@id":"https:\/\/www.copealcoy.es\/es\/los-herederos-de-la-festa-protagonizan-la-segunda-diana\/#breadcrumb"},"inLanguage":"es","potentialAction":[{"@type":"ReadAction","target":["https:\/\/www.copealcoy.es\/es\/los-herederos-de-la-festa-protagonizan-la-segunda-diana\/"]}]},{"@type":"ImageObject","inLanguage":"es","@id":"https:\/\/www.copealcoy.es\/es\/los-herederos-de-la-festa-protagonizan-la-segunda-diana\/#primaryimage","url":"https:\/\/www.copealcoy.es\/wp-content\/uploads\/2019\/04\/59334988_2244644215800815_6395336548627251200_n-1.jpg","contentUrl":"https:\/\/www.copealcoy.es\/wp-content\/uploads\/2019\/04\/59334988_2244644215800815_6395336548627251200_n-1.jpg","width":960,"height":539,"caption":"Festeros de la Fil\u00e0 Vascos desfilando en la Segunda Diana \/ Foto: Fil\u00e0 Vascos"},{"@type":"BreadcrumbList","@id":"https:\/\/www.copealcoy.es\/es\/los-herederos-de-la-festa-protagonizan-la-segunda-diana\/#breadcrumb","itemListElement":[{"@type":"ListItem","position":1,"name":"Portada","item":"https:\/\/www.copealcoy.es\/es\/"},{"@type":"ListItem","position":2,"name":"Los herederos de la Festa protagonizan la Segunda Diana"}]},{"@type":"WebSite","@id":"https:\/\/www.copealcoy.es\/es\/#website","url":"https:\/\/www.copealcoy.es\/es\/","name":"COPE Alcoy","description":"Emisora COPE de radio local con emisi\u00f3n online. Pont de Sant Jordi 8-10 03803 Alcoy","potentialAction":[{"@type":"SearchAction","target":{"@type":"EntryPoint","urlTemplate":"https:\/\/www.copealcoy.es\/es\/?s={search_term_string}"},"query-input":{"@type":"PropertyValueSpecification","valueRequired":true,"valueName":"search_term_string"}}],"inLanguage":"es"},{"@type":"Person","@id":"https:\/\/www.copealcoy.es\/es\/#\/schema\/person\/e777c87fa024e57d40170af9df39882c","name":"Cope Alcoy","image":{"@type":"ImageObject","inLanguage":"es","@id":"https:\/\/secure.gravatar.com\/avatar\/bb65d0283347e303893ba14f0692005417c1e0e690a325a4c5d8bb2b3943ee14?s=96&d=mm&r=g","url":"https:\/\/secure.gravatar.com\/avatar\/bb65d0283347e303893ba14f0692005417c1e0e690a325a4c5d8bb2b3943ee14?s=96&d=mm&r=g","contentUrl":"https:\/\/secure.gravatar.com\/avatar\/bb65d0283347e303893ba14f0692005417c1e0e690a325a4c5d8bb2b3943ee14?s=96&d=mm&r=g","caption":"Cope Alcoy"}}]}},"_links":{"self":[{"href":"https:\/\/www.copealcoy.es\/es\/wp-json\/wp\/v2\/posts\/50390","targetHints":{"allow":["GET"]}}],"collection":[{"href":"https:\/\/www.copealcoy.es\/es\/wp-json\/wp\/v2\/posts"}],"about":[{"href":"https:\/\/www.copealcoy.es\/es\/wp-json\/wp\/v2\/types\/post"}],"author":[{"embeddable":true,"href":"https:\/\/www.copealcoy.es\/es\/wp-json\/wp\/v2\/users\/1"}],"replies":[{"embeddable":true,"href":"https:\/\/www.copealcoy.es\/es\/wp-json\/wp\/v2\/comments?post=50390"}],"version-history":[{"count":0,"href":"https:\/\/www.copealcoy.es\/es\/wp-json\/wp\/v2\/posts\/50390\/revisions"}],"wp:featuredmedia":[{"embeddable":true,"href":"https:\/\/www.copealcoy.es\/es\/wp-json\/wp\/v2\/media\/50554"}],"wp:attachment":[{"href":"https:\/\/www.copealcoy.es\/es\/wp-json\/wp\/v2\/media?parent=50390"}],"wp:term":[{"taxonomy":"category","embeddable":true,"href":"https:\/\/www.copealcoy.es\/es\/wp-json\/wp\/v2\/categories?post=50390"},{"taxonomy":"post_tag","embeddable":true,"href":"https:\/\/www.copealcoy.es\/es\/wp-json\/wp\/v2\/tags?post=50390"}],"curies":[{"name":"wp","href":"https:\/\/api.w.org\/{rel}","templated":true}]}}