{"id":50384,"date":"2019-05-04T20:14:02","date_gmt":"2019-05-04T20:14:02","guid":{"rendered":"https:\/\/copealcoi.es\/?p=50384"},"modified":"2019-05-04T20:14:02","modified_gmt":"2019-05-04T20:14:02","slug":"las-tropas-cristianas-lucen-con-esplendor-durante-la-entrada-a-alcoy","status":"publish","type":"post","link":"https:\/\/www.copealcoy.es\/es\/las-tropas-cristianas-lucen-con-esplendor-durante-la-entrada-a-alcoy\/","title":{"rendered":"Las tropas cristianas lucen con esplendor durante la Entrada a Alcoy"},"content":{"rendered":"<p style=\"text-align: justify;\">A las diez en punto de la ma\u00f1ana<strong> ha comenzado la Entrada Cristiana de Alcoy del 2019<\/strong> tras la habitual orden de <strong><em>Avant l&#8217;Entr\u00e0<\/em><\/strong>\u00a0que se ha dado <strong>desde el balconet<\/strong> del Partidor. Miles de personas se agolpaban <strong>en las 22.000 sillas<\/strong> colocadas en el trayecto de un acto que, a diferencia de ayer, ha transcurrido<strong> bajo un sol primavera<\/strong>l y con las altas temperaturas como protagonistas.\u00a0<\/p>\n<p><strong>La Orden Trinitaria gu\u00eda a los guerreros de la cruz.\u00a0<\/strong><\/p>\n<p style=\"text-align: justify;\">La <strong>Fil\u00e0 Tomasinas<\/strong>, por su condici\u00f3n de <strong>Capit\u00e1n Cristiano<\/strong>, ha abierto el desfile con <strong>un boato inspirado en la Orden Trinitaria<\/strong> creada en Francia en el 1.191 y que se encarg\u00f3 de<strong> velar<\/strong> por los prisioneros moros y cristianos. La guardia de ambas tropas ha precedido a <strong>los caballeros<\/strong> del m\u00e1ximo representante de las tropas de la cruz y este ha desfilado junto a <strong>su hija Laura<\/strong> como favorita en una carroza que <strong>incorporaba un gran drag\u00f3n dorado<\/strong>. <strong>Juan Enrique Miralles<\/strong>, el Capit\u00e1n Cristiano de 2019, ha lucido<strong> un dise\u00f1o creado por Ignacio Trelis<\/strong> en el que predominaban <strong>los colores negros debajo de abundantes metales<\/strong> y junto a <strong>una capa roja<\/strong> adornada por elementos dorados. La marcha cristiana\u00a0 &#8216;<strong>Terra Trinitas&#8217; <\/strong>del compositor contestano <strong>Francisco Valor<\/strong>, e interpretada por <strong>la Uni\u00f3n Musical Contestana<\/strong>, le ha servido de banda sonora en este instante tan especial. Las <strong>damas<\/strong> y los <strong>consejeros<\/strong>, al igual que una original coreograf\u00eda en la que las vidrieras de palacio cobraban vida durante un baile de la corte en el que estaban representados numerosos pa\u00edses del mundo; han dado paso a <strong>la escuadra especial<\/strong>, creada por <strong>Juan Climent<\/strong>, y cuyos componentes <strong>portaban una vestimenta<\/strong> guerrera marcada por las pieles, los cueros y los metales. El <strong>Ateneu de Cocentaina<\/strong> con <strong>&#8216;Arcun&#8217;<\/strong>, de <strong>\u00d3scar Ch\u00e1fer<\/strong>, ha puesto <strong>la guinda musical<\/strong>\u00a0al paso de los esclavos por las calles del Centro de la ciudad. Recordar que <strong>Juan Enrique Miralles ha recibido tambi\u00e9n las llaves de la ciudad<\/strong> a su llegada a la Plaza de Espa\u00f1a, pasadas las once de la ma\u00f1ana, mientras sonaban con fuerza las campanas de Santa Mar\u00eda.\u00a0<\/p>\n<p><strong>Los Cides ponen el ecuador al marcial desfile cristiano<\/strong><\/p>\n<p style=\"text-align: justify;\">Tras el paso del Capit\u00e1n,\u00a0<strong>la Entrada Cristiana<\/strong> ha seguido con el desfile de los <strong>Navarros, Almog\u00e1vares, \u00a0Moz\u00e1rabes, Vascos, Guzmanes, Labradores y Cides<\/strong>. Estos \u00faltimos han aportado <strong>la\u00a0<em>Escuadra del Mig<\/em><\/strong>, dise\u00f1ada por <strong>Santi Carbonell y V\u00edctor Ferrer<\/strong> a partir de <strong>una idea original de J.M Pi\u00f1ero<\/strong>, y en la que los tonos marrones emulando la madera han conferido <strong>un aspecto tribal<\/strong> a todos los integrantes de la misma. El <strong>Ateneu Musical de Rafelguaraf<\/strong> con <strong>&#8216;El D\u00edv\u00ed<\/strong><em>&#8216;<\/em>, de <strong>Francisco Valor Llor\u00e9ns<\/strong>, ha acompa\u00f1ado el desfile de los Cides y a esta escuadra especial <strong>en su discurrir por el casco antiguo alcoyano<\/strong>. Despu\u00e9s de ellos han desfilado <strong>los Asturianos, Andaluces, Aragonesos, Alcodianos y Cruzados<\/strong>.\u00a0<\/p>\n<p><strong>Venidos de las monta\u00f1as del norte para reconquistar Alcoy<\/strong><\/p>\n<p style=\"text-align: justify;\">En la recta final de la Entrada Cristiana han desfilado <strong>los Monta\u00f1eses<\/strong> con <strong>su Alf\u00e9rez<\/strong>, <strong>Modesto Moi\u00f1a<\/strong>, al frente. El boato ha estado inspirado e<strong>n la reconquista de estas tierras<\/strong> por parte de<strong> los guerreros que llegan a la ciudad procedentes de Santander<\/strong>, tras cruzar oscuros bosques, y con el claro objetivo de <strong>salvar a Alcoy del ataque de las tropas moras<\/strong>. Un original ballet <strong>emulando aves<\/strong> ha precedido a las favoritas y a las damas mientras que <strong>una segunda vistosa coreograf\u00eda ha servido de antesala<\/strong> <strong>al Alf\u00e9rez<\/strong> rodeado de sus caballeros y <strong>portados en volandas<\/strong> mientras luc\u00edan unos trajes blancos combinados con el verde y los metales . A los sones &#8216;<strong>Muntany\u00e9s&#8217;<\/strong>, de Jos\u00e9 Olcina Conejero e interpretada por la Agrupaci\u00f3n Musical d&#8217;Ontinyent, hemos visto a <strong>un deslumbrante Modesto Moi\u00f1a<\/strong> portando <strong>un traje muy guerrero<\/strong> que el mismo se ha encargado de dise\u00f1ar. La <strong>Escuadra de Negro<\/strong>s, ideada por <strong>Antonio Aracil<\/strong>, ha puesto la guinda a este espect\u00e1culo y lo ha hecho con <strong>un dise\u00f1o medieval<\/strong> en el que no han faltado los colores verdes y los azules con <strong>cuernos de marfil<\/strong> junto a la cabeza. La llegada del ej\u00e9rcito de Jaume I ha finalizado con <strong>los sones de &#8216;Iurde&#8217;<\/strong> de Rogelio Mira Rico interpretados por <strong>la Societat Musical Nova d&#8217;Alcoi<\/strong>; pieza que ha servido para acompa\u00f1ar a esta \u00faltima Escuadra Especial.\u00a0<\/p>\n\n\n<p><\/p>\n","protected":false},"excerpt":{"rendered":"<p>A las diez en punto de la ma\u00f1ana ha comenzado la Entrada Cristiana de Alcoy del 2019 tras la habitual&#8230;<\/p>\n","protected":false},"author":1,"featured_media":50541,"comment_status":"open","ping_status":"open","sticky":false,"template":"","format":"standard","meta":{"footnotes":""},"categories":[97,78,75,125],"tags":[1494,1987,4951,8639,4551],"class_list":["post-50384","post","type-post","status-publish","format-standard","has-post-thumbnail","hentry","category-alcoy","category-fiestaycultura","category-noticias","category-portada","tag-alcoy","tag-entrada","tag-esplendor","tag-lucen","tag-tropas-cristianas"],"yoast_head":"<!-- This site is optimized with the Yoast SEO plugin v27.3 - https:\/\/yoast.com\/product\/yoast-seo-wordpress\/ -->\n<title>Las tropas cristianas lucen con esplendor durante la Entrada a Alcoy - COPE Alcoy<\/title>\n<meta name=\"robots\" content=\"index, follow, max-snippet:-1, max-image-preview:large, max-video-preview:-1\" \/>\n<link rel=\"canonical\" href=\"https:\/\/www.copealcoy.es\/es\/las-tropas-cristianas-lucen-con-esplendor-durante-la-entrada-a-alcoy\/\" \/>\n<meta property=\"og:locale\" content=\"es_ES\" \/>\n<meta property=\"og:type\" content=\"article\" \/>\n<meta property=\"og:title\" content=\"Las tropas cristianas lucen con esplendor durante la Entrada a Alcoy - COPE Alcoy\" \/>\n<meta property=\"og:description\" content=\"A las diez en punto de la ma\u00f1ana ha comenzado la Entrada Cristiana de Alcoy del 2019 tras la habitual...\" \/>\n<meta property=\"og:url\" content=\"https:\/\/www.copealcoy.es\/es\/las-tropas-cristianas-lucen-con-esplendor-durante-la-entrada-a-alcoy\/\" \/>\n<meta property=\"og:site_name\" content=\"COPE Alcoy\" \/>\n<meta property=\"article:published_time\" content=\"2019-05-04T20:14:02+00:00\" \/>\n<meta property=\"og:image\" content=\"https:\/\/www.copealcoy.es\/wp-content\/uploads\/2019\/05\/Entrada-Cristiana-1.jpg\" \/>\n\t<meta property=\"og:image:width\" content=\"660\" \/>\n\t<meta property=\"og:image:height\" content=\"330\" \/>\n\t<meta property=\"og:image:type\" content=\"image\/jpeg\" \/>\n<meta name=\"author\" content=\"Cope Alcoy\" \/>\n<meta name=\"twitter:label1\" content=\"Escrito por\" \/>\n\t<meta name=\"twitter:data1\" content=\"Cope Alcoy\" \/>\n\t<meta name=\"twitter:label2\" content=\"Tiempo de lectura\" \/>\n\t<meta name=\"twitter:data2\" content=\"4 minutos\" \/>\n<script type=\"application\/ld+json\" class=\"yoast-schema-graph\">{\"@context\":\"https:\\\/\\\/schema.org\",\"@graph\":[{\"@type\":\"Article\",\"@id\":\"https:\\\/\\\/www.copealcoy.es\\\/es\\\/las-tropas-cristianas-lucen-con-esplendor-durante-la-entrada-a-alcoy\\\/#article\",\"isPartOf\":{\"@id\":\"https:\\\/\\\/www.copealcoy.es\\\/es\\\/las-tropas-cristianas-lucen-con-esplendor-durante-la-entrada-a-alcoy\\\/\"},\"author\":{\"name\":\"Cope Alcoy\",\"@id\":\"https:\\\/\\\/www.copealcoy.es\\\/es\\\/#\\\/schema\\\/person\\\/e777c87fa024e57d40170af9df39882c\"},\"headline\":\"Las tropas cristianas lucen con esplendor durante la Entrada a Alcoy\",\"datePublished\":\"2019-05-04T20:14:02+00:00\",\"mainEntityOfPage\":{\"@id\":\"https:\\\/\\\/www.copealcoy.es\\\/es\\\/las-tropas-cristianas-lucen-con-esplendor-durante-la-entrada-a-alcoy\\\/\"},\"wordCount\":750,\"commentCount\":0,\"image\":{\"@id\":\"https:\\\/\\\/www.copealcoy.es\\\/es\\\/las-tropas-cristianas-lucen-con-esplendor-durante-la-entrada-a-alcoy\\\/#primaryimage\"},\"thumbnailUrl\":\"https:\\\/\\\/www.copealcoy.es\\\/wp-content\\\/uploads\\\/2019\\\/05\\\/Entrada-Cristiana-1.jpg\",\"keywords\":[\"Alcoy\",\"Entrada\",\"esplendor\",\"lucen\",\"tropas cristianas\"],\"articleSection\":[\"Alcoy\",\"Fiesta y Cultura\",\"Noticias\",\"Portada\"],\"inLanguage\":\"es\"},{\"@type\":\"WebPage\",\"@id\":\"https:\\\/\\\/www.copealcoy.es\\\/es\\\/las-tropas-cristianas-lucen-con-esplendor-durante-la-entrada-a-alcoy\\\/\",\"url\":\"https:\\\/\\\/www.copealcoy.es\\\/es\\\/las-tropas-cristianas-lucen-con-esplendor-durante-la-entrada-a-alcoy\\\/\",\"name\":\"Las tropas cristianas lucen con esplendor durante la Entrada a Alcoy - COPE Alcoy\",\"isPartOf\":{\"@id\":\"https:\\\/\\\/www.copealcoy.es\\\/es\\\/#website\"},\"primaryImageOfPage\":{\"@id\":\"https:\\\/\\\/www.copealcoy.es\\\/es\\\/las-tropas-cristianas-lucen-con-esplendor-durante-la-entrada-a-alcoy\\\/#primaryimage\"},\"image\":{\"@id\":\"https:\\\/\\\/www.copealcoy.es\\\/es\\\/las-tropas-cristianas-lucen-con-esplendor-durante-la-entrada-a-alcoy\\\/#primaryimage\"},\"thumbnailUrl\":\"https:\\\/\\\/www.copealcoy.es\\\/wp-content\\\/uploads\\\/2019\\\/05\\\/Entrada-Cristiana-1.jpg\",\"datePublished\":\"2019-05-04T20:14:02+00:00\",\"author\":{\"@id\":\"https:\\\/\\\/www.copealcoy.es\\\/es\\\/#\\\/schema\\\/person\\\/e777c87fa024e57d40170af9df39882c\"},\"breadcrumb\":{\"@id\":\"https:\\\/\\\/www.copealcoy.es\\\/es\\\/las-tropas-cristianas-lucen-con-esplendor-durante-la-entrada-a-alcoy\\\/#breadcrumb\"},\"inLanguage\":\"es\",\"potentialAction\":[{\"@type\":\"ReadAction\",\"target\":[\"https:\\\/\\\/www.copealcoy.es\\\/es\\\/las-tropas-cristianas-lucen-con-esplendor-durante-la-entrada-a-alcoy\\\/\"]}]},{\"@type\":\"ImageObject\",\"inLanguage\":\"es\",\"@id\":\"https:\\\/\\\/www.copealcoy.es\\\/es\\\/las-tropas-cristianas-lucen-con-esplendor-durante-la-entrada-a-alcoy\\\/#primaryimage\",\"url\":\"https:\\\/\\\/www.copealcoy.es\\\/wp-content\\\/uploads\\\/2019\\\/05\\\/Entrada-Cristiana-1.jpg\",\"contentUrl\":\"https:\\\/\\\/www.copealcoy.es\\\/wp-content\\\/uploads\\\/2019\\\/05\\\/Entrada-Cristiana-1.jpg\",\"width\":660,\"height\":330,\"caption\":\"Juan Enrique Miralles (Capit\u00e1n y Modesto Moi\u00f1a (Alf\u00e9rez) han sido los protagonistas de la Entrada Cristiana\"},{\"@type\":\"BreadcrumbList\",\"@id\":\"https:\\\/\\\/www.copealcoy.es\\\/es\\\/las-tropas-cristianas-lucen-con-esplendor-durante-la-entrada-a-alcoy\\\/#breadcrumb\",\"itemListElement\":[{\"@type\":\"ListItem\",\"position\":1,\"name\":\"Portada\",\"item\":\"https:\\\/\\\/www.copealcoy.es\\\/es\\\/\"},{\"@type\":\"ListItem\",\"position\":2,\"name\":\"Las tropas cristianas lucen con esplendor durante la Entrada a Alcoy\"}]},{\"@type\":\"WebSite\",\"@id\":\"https:\\\/\\\/www.copealcoy.es\\\/es\\\/#website\",\"url\":\"https:\\\/\\\/www.copealcoy.es\\\/es\\\/\",\"name\":\"COPE Alcoy\",\"description\":\"Emisora COPE de radio local con emisi\u00f3n online. Pont de Sant Jordi 8-10 03803 Alcoy\",\"potentialAction\":[{\"@type\":\"SearchAction\",\"target\":{\"@type\":\"EntryPoint\",\"urlTemplate\":\"https:\\\/\\\/www.copealcoy.es\\\/es\\\/?s={search_term_string}\"},\"query-input\":{\"@type\":\"PropertyValueSpecification\",\"valueRequired\":true,\"valueName\":\"search_term_string\"}}],\"inLanguage\":\"es\"},{\"@type\":\"Person\",\"@id\":\"https:\\\/\\\/www.copealcoy.es\\\/es\\\/#\\\/schema\\\/person\\\/e777c87fa024e57d40170af9df39882c\",\"name\":\"Cope Alcoy\",\"image\":{\"@type\":\"ImageObject\",\"inLanguage\":\"es\",\"@id\":\"https:\\\/\\\/secure.gravatar.com\\\/avatar\\\/bb65d0283347e303893ba14f0692005417c1e0e690a325a4c5d8bb2b3943ee14?s=96&d=mm&r=g\",\"url\":\"https:\\\/\\\/secure.gravatar.com\\\/avatar\\\/bb65d0283347e303893ba14f0692005417c1e0e690a325a4c5d8bb2b3943ee14?s=96&d=mm&r=g\",\"contentUrl\":\"https:\\\/\\\/secure.gravatar.com\\\/avatar\\\/bb65d0283347e303893ba14f0692005417c1e0e690a325a4c5d8bb2b3943ee14?s=96&d=mm&r=g\",\"caption\":\"Cope Alcoy\"}}]}<\/script>\n<!-- \/ Yoast SEO plugin. -->","yoast_head_json":{"title":"Las tropas cristianas lucen con esplendor durante la Entrada a Alcoy - COPE Alcoy","robots":{"index":"index","follow":"follow","max-snippet":"max-snippet:-1","max-image-preview":"max-image-preview:large","max-video-preview":"max-video-preview:-1"},"canonical":"https:\/\/www.copealcoy.es\/es\/las-tropas-cristianas-lucen-con-esplendor-durante-la-entrada-a-alcoy\/","og_locale":"es_ES","og_type":"article","og_title":"Las tropas cristianas lucen con esplendor durante la Entrada a Alcoy - COPE Alcoy","og_description":"A las diez en punto de la ma\u00f1ana ha comenzado la Entrada Cristiana de Alcoy del 2019 tras la habitual...","og_url":"https:\/\/www.copealcoy.es\/es\/las-tropas-cristianas-lucen-con-esplendor-durante-la-entrada-a-alcoy\/","og_site_name":"COPE Alcoy","article_published_time":"2019-05-04T20:14:02+00:00","og_image":[{"width":660,"height":330,"url":"https:\/\/www.copealcoy.es\/wp-content\/uploads\/2019\/05\/Entrada-Cristiana-1.jpg","type":"image\/jpeg"}],"author":"Cope Alcoy","twitter_misc":{"Escrito por":"Cope Alcoy","Tiempo de lectura":"4 minutos"},"schema":{"@context":"https:\/\/schema.org","@graph":[{"@type":"Article","@id":"https:\/\/www.copealcoy.es\/es\/las-tropas-cristianas-lucen-con-esplendor-durante-la-entrada-a-alcoy\/#article","isPartOf":{"@id":"https:\/\/www.copealcoy.es\/es\/las-tropas-cristianas-lucen-con-esplendor-durante-la-entrada-a-alcoy\/"},"author":{"name":"Cope Alcoy","@id":"https:\/\/www.copealcoy.es\/es\/#\/schema\/person\/e777c87fa024e57d40170af9df39882c"},"headline":"Las tropas cristianas lucen con esplendor durante la Entrada a Alcoy","datePublished":"2019-05-04T20:14:02+00:00","mainEntityOfPage":{"@id":"https:\/\/www.copealcoy.es\/es\/las-tropas-cristianas-lucen-con-esplendor-durante-la-entrada-a-alcoy\/"},"wordCount":750,"commentCount":0,"image":{"@id":"https:\/\/www.copealcoy.es\/es\/las-tropas-cristianas-lucen-con-esplendor-durante-la-entrada-a-alcoy\/#primaryimage"},"thumbnailUrl":"https:\/\/www.copealcoy.es\/wp-content\/uploads\/2019\/05\/Entrada-Cristiana-1.jpg","keywords":["Alcoy","Entrada","esplendor","lucen","tropas cristianas"],"articleSection":["Alcoy","Fiesta y Cultura","Noticias","Portada"],"inLanguage":"es"},{"@type":"WebPage","@id":"https:\/\/www.copealcoy.es\/es\/las-tropas-cristianas-lucen-con-esplendor-durante-la-entrada-a-alcoy\/","url":"https:\/\/www.copealcoy.es\/es\/las-tropas-cristianas-lucen-con-esplendor-durante-la-entrada-a-alcoy\/","name":"Las tropas cristianas lucen con esplendor durante la Entrada a Alcoy - COPE Alcoy","isPartOf":{"@id":"https:\/\/www.copealcoy.es\/es\/#website"},"primaryImageOfPage":{"@id":"https:\/\/www.copealcoy.es\/es\/las-tropas-cristianas-lucen-con-esplendor-durante-la-entrada-a-alcoy\/#primaryimage"},"image":{"@id":"https:\/\/www.copealcoy.es\/es\/las-tropas-cristianas-lucen-con-esplendor-durante-la-entrada-a-alcoy\/#primaryimage"},"thumbnailUrl":"https:\/\/www.copealcoy.es\/wp-content\/uploads\/2019\/05\/Entrada-Cristiana-1.jpg","datePublished":"2019-05-04T20:14:02+00:00","author":{"@id":"https:\/\/www.copealcoy.es\/es\/#\/schema\/person\/e777c87fa024e57d40170af9df39882c"},"breadcrumb":{"@id":"https:\/\/www.copealcoy.es\/es\/las-tropas-cristianas-lucen-con-esplendor-durante-la-entrada-a-alcoy\/#breadcrumb"},"inLanguage":"es","potentialAction":[{"@type":"ReadAction","target":["https:\/\/www.copealcoy.es\/es\/las-tropas-cristianas-lucen-con-esplendor-durante-la-entrada-a-alcoy\/"]}]},{"@type":"ImageObject","inLanguage":"es","@id":"https:\/\/www.copealcoy.es\/es\/las-tropas-cristianas-lucen-con-esplendor-durante-la-entrada-a-alcoy\/#primaryimage","url":"https:\/\/www.copealcoy.es\/wp-content\/uploads\/2019\/05\/Entrada-Cristiana-1.jpg","contentUrl":"https:\/\/www.copealcoy.es\/wp-content\/uploads\/2019\/05\/Entrada-Cristiana-1.jpg","width":660,"height":330,"caption":"Juan Enrique Miralles (Capit\u00e1n y Modesto Moi\u00f1a (Alf\u00e9rez) han sido los protagonistas de la Entrada Cristiana"},{"@type":"BreadcrumbList","@id":"https:\/\/www.copealcoy.es\/es\/las-tropas-cristianas-lucen-con-esplendor-durante-la-entrada-a-alcoy\/#breadcrumb","itemListElement":[{"@type":"ListItem","position":1,"name":"Portada","item":"https:\/\/www.copealcoy.es\/es\/"},{"@type":"ListItem","position":2,"name":"Las tropas cristianas lucen con esplendor durante la Entrada a Alcoy"}]},{"@type":"WebSite","@id":"https:\/\/www.copealcoy.es\/es\/#website","url":"https:\/\/www.copealcoy.es\/es\/","name":"COPE Alcoy","description":"Emisora COPE de radio local con emisi\u00f3n online. Pont de Sant Jordi 8-10 03803 Alcoy","potentialAction":[{"@type":"SearchAction","target":{"@type":"EntryPoint","urlTemplate":"https:\/\/www.copealcoy.es\/es\/?s={search_term_string}"},"query-input":{"@type":"PropertyValueSpecification","valueRequired":true,"valueName":"search_term_string"}}],"inLanguage":"es"},{"@type":"Person","@id":"https:\/\/www.copealcoy.es\/es\/#\/schema\/person\/e777c87fa024e57d40170af9df39882c","name":"Cope Alcoy","image":{"@type":"ImageObject","inLanguage":"es","@id":"https:\/\/secure.gravatar.com\/avatar\/bb65d0283347e303893ba14f0692005417c1e0e690a325a4c5d8bb2b3943ee14?s=96&d=mm&r=g","url":"https:\/\/secure.gravatar.com\/avatar\/bb65d0283347e303893ba14f0692005417c1e0e690a325a4c5d8bb2b3943ee14?s=96&d=mm&r=g","contentUrl":"https:\/\/secure.gravatar.com\/avatar\/bb65d0283347e303893ba14f0692005417c1e0e690a325a4c5d8bb2b3943ee14?s=96&d=mm&r=g","caption":"Cope Alcoy"}}]}},"_links":{"self":[{"href":"https:\/\/www.copealcoy.es\/es\/wp-json\/wp\/v2\/posts\/50384","targetHints":{"allow":["GET"]}}],"collection":[{"href":"https:\/\/www.copealcoy.es\/es\/wp-json\/wp\/v2\/posts"}],"about":[{"href":"https:\/\/www.copealcoy.es\/es\/wp-json\/wp\/v2\/types\/post"}],"author":[{"embeddable":true,"href":"https:\/\/www.copealcoy.es\/es\/wp-json\/wp\/v2\/users\/1"}],"replies":[{"embeddable":true,"href":"https:\/\/www.copealcoy.es\/es\/wp-json\/wp\/v2\/comments?post=50384"}],"version-history":[{"count":0,"href":"https:\/\/www.copealcoy.es\/es\/wp-json\/wp\/v2\/posts\/50384\/revisions"}],"wp:featuredmedia":[{"embeddable":true,"href":"https:\/\/www.copealcoy.es\/es\/wp-json\/wp\/v2\/media\/50541"}],"wp:attachment":[{"href":"https:\/\/www.copealcoy.es\/es\/wp-json\/wp\/v2\/media?parent=50384"}],"wp:term":[{"taxonomy":"category","embeddable":true,"href":"https:\/\/www.copealcoy.es\/es\/wp-json\/wp\/v2\/categories?post=50384"},{"taxonomy":"post_tag","embeddable":true,"href":"https:\/\/www.copealcoy.es\/es\/wp-json\/wp\/v2\/tags?post=50384"}],"curies":[{"name":"wp","href":"https:\/\/api.w.org\/{rel}","templated":true}]}}