{"id":50381,"date":"2019-05-04T10:55:55","date_gmt":"2019-05-04T10:55:55","guid":{"rendered":"https:\/\/copealcoi.es\/?p=50381"},"modified":"2019-05-04T10:55:55","modified_gmt":"2019-05-04T10:55:55","slug":"la-entrada-cristiana-ya-avanza-con-paso-firme","status":"publish","type":"post","link":"https:\/\/www.copealcoy.es\/es\/la-entrada-cristiana-ya-avanza-con-paso-firme\/","title":{"rendered":"La Entrada Cristiana ya avanza con paso firme"},"content":{"rendered":"<p style=\"text-align: justify;\">A las <strong>diez y media en punto<\/strong> de la ma\u00f1ana ha comenzado desde El Partidor <strong>la Entrada Cristiana<\/strong>, un desfile que encabeza <strong>la Fil\u00e0 Tomasinas<\/strong> con un <strong>espectacular boato<\/strong> en el que cobra especial protagonismo l<strong>a orden religiosa de las Trinitarias<\/strong> y que acompa\u00f1a al m\u00e1ximo representante de las tropas de la cruz; <strong>Juan Enrique Miralles<\/strong>.<\/p>\n<p style=\"text-align: justify;\">Miles de personas <strong>se agolpan en las calles del Centro de Alcoy<\/strong> en una <strong>ma\u00f1ana primaveral<\/strong> que est\u00e1 acompa\u00f1ando<strong> al paso de las tropas de la cruz<\/strong> en una Entrada que registra <strong>una gran participaci\u00f3n<\/strong>. Tras la Capitan\u00eda desfilar\u00e1n las Filaes <strong>Navarros, Almog\u00e1vares, Moz\u00e1rabes, Vascos, Guzmanes, Labradores, Navarros, Cides<\/strong> (Escuadra del Mig), <strong>Asturianos, Andaluces, Aragonesos, Alcodianos y Cruzados<\/strong>. La <strong>Fil\u00e0 Muntanyesos<\/strong>, con su Alf\u00e9rez Cristiano <strong>Modesto Moi\u00f1a<\/strong>, cerrar\u00e1 el desfile hacia el mediod\u00eda.<\/p>\n<div class=\"page\" title=\"Page 3\">\n<div class=\"layoutArea\">\n<div class=\"column\">\n<div class=\"page\" title=\"Page 3\">\n<div class=\"layoutArea\">\n<div class=\"column\">\n<p style=\"text-align: justify;\">Recordar que COPE ALCOY les est\u00e1 ofreciendo <strong>en directo<\/strong>, desde las diez de la ma\u00f1ana, <strong>la Entrada Cristiana<\/strong> con <strong>un programa especial<\/strong> conducido por <strong>Gabriel Pascual, Neus \u00dabeda y Juan Carlos Rico<\/strong>. A ello se le suman la <strong>difusi\u00f3n<\/strong> a trav\u00e9s de <strong>las redes sociales<\/strong> (Facebook, Twitter e Instagram) as\u00ed como <strong>la cobertura informativa<\/strong> por medio de este portal web www.copealcoy.es.<\/p>\n<\/div>\n<\/div>\n<\/div>\n<\/div>\n<\/div>\n<\/div>\n","protected":false},"excerpt":{"rendered":"<p>A las diez y media en punto de la ma\u00f1ana ha comenzado desde El Partidor la Entrada Cristiana, un desfile&#8230;<\/p>\n","protected":false},"author":1,"featured_media":50535,"comment_status":"open","ping_status":"open","sticky":false,"template":"","format":"standard","meta":{"footnotes":""},"categories":[97,78,75,125],"tags":[1494,131,1987],"class_list":["post-50381","post","type-post","status-publish","format-standard","has-post-thumbnail","hentry","category-alcoy","category-fiestaycultura","category-noticias","category-portada","tag-alcoy","tag-cristianos","tag-entrada"],"yoast_head":"<!-- This site is optimized with the Yoast SEO plugin v27.3 - https:\/\/yoast.com\/product\/yoast-seo-wordpress\/ -->\n<title>La Entrada Cristiana ya avanza con paso firme - COPE Alcoy<\/title>\n<meta name=\"robots\" content=\"index, follow, max-snippet:-1, max-image-preview:large, max-video-preview:-1\" \/>\n<link rel=\"canonical\" href=\"https:\/\/www.copealcoy.es\/es\/la-entrada-cristiana-ya-avanza-con-paso-firme\/\" \/>\n<meta property=\"og:locale\" content=\"es_ES\" \/>\n<meta property=\"og:type\" content=\"article\" \/>\n<meta property=\"og:title\" content=\"La Entrada Cristiana ya avanza con paso firme - COPE Alcoy\" \/>\n<meta property=\"og:description\" content=\"A las diez y media en punto de la ma\u00f1ana ha comenzado desde El Partidor la Entrada Cristiana, un desfile...\" \/>\n<meta property=\"og:url\" content=\"https:\/\/www.copealcoy.es\/es\/la-entrada-cristiana-ya-avanza-con-paso-firme\/\" \/>\n<meta property=\"og:site_name\" content=\"COPE Alcoy\" \/>\n<meta property=\"article:published_time\" content=\"2019-05-04T10:55:55+00:00\" \/>\n<meta property=\"og:image\" content=\"https:\/\/www.copealcoy.es\/wp-content\/uploads\/2019\/04\/89DD9780-CEDC-4D7B-B1A9-31AB7A3C185B-1-scaled.jpeg\" \/>\n\t<meta property=\"og:image:width\" content=\"2560\" \/>\n\t<meta property=\"og:image:height\" content=\"1920\" \/>\n\t<meta property=\"og:image:type\" content=\"image\/jpeg\" \/>\n<meta name=\"author\" content=\"Cope Alcoy\" \/>\n<meta name=\"twitter:label1\" content=\"Escrito por\" \/>\n\t<meta name=\"twitter:data1\" content=\"Cope Alcoy\" \/>\n\t<meta name=\"twitter:label2\" content=\"Tiempo de lectura\" \/>\n\t<meta name=\"twitter:data2\" content=\"1 minuto\" \/>\n<script type=\"application\/ld+json\" class=\"yoast-schema-graph\">{\"@context\":\"https:\\\/\\\/schema.org\",\"@graph\":[{\"@type\":\"Article\",\"@id\":\"https:\\\/\\\/www.copealcoy.es\\\/es\\\/la-entrada-cristiana-ya-avanza-con-paso-firme\\\/#article\",\"isPartOf\":{\"@id\":\"https:\\\/\\\/www.copealcoy.es\\\/es\\\/la-entrada-cristiana-ya-avanza-con-paso-firme\\\/\"},\"author\":{\"name\":\"Cope Alcoy\",\"@id\":\"https:\\\/\\\/www.copealcoy.es\\\/es\\\/#\\\/schema\\\/person\\\/e777c87fa024e57d40170af9df39882c\"},\"headline\":\"La Entrada Cristiana ya avanza con paso firme\",\"datePublished\":\"2019-05-04T10:55:55+00:00\",\"mainEntityOfPage\":{\"@id\":\"https:\\\/\\\/www.copealcoy.es\\\/es\\\/la-entrada-cristiana-ya-avanza-con-paso-firme\\\/\"},\"wordCount\":216,\"commentCount\":0,\"image\":{\"@id\":\"https:\\\/\\\/www.copealcoy.es\\\/es\\\/la-entrada-cristiana-ya-avanza-con-paso-firme\\\/#primaryimage\"},\"thumbnailUrl\":\"https:\\\/\\\/www.copealcoy.es\\\/wp-content\\\/uploads\\\/2019\\\/04\\\/89DD9780-CEDC-4D7B-B1A9-31AB7A3C185B-1-scaled.jpeg\",\"keywords\":[\"Alcoy\",\"Cristianos\",\"Entrada\"],\"articleSection\":[\"Alcoy\",\"Fiesta y Cultura\",\"Noticias\",\"Portada\"],\"inLanguage\":\"es\"},{\"@type\":\"WebPage\",\"@id\":\"https:\\\/\\\/www.copealcoy.es\\\/es\\\/la-entrada-cristiana-ya-avanza-con-paso-firme\\\/\",\"url\":\"https:\\\/\\\/www.copealcoy.es\\\/es\\\/la-entrada-cristiana-ya-avanza-con-paso-firme\\\/\",\"name\":\"La Entrada Cristiana ya avanza con paso firme - COPE Alcoy\",\"isPartOf\":{\"@id\":\"https:\\\/\\\/www.copealcoy.es\\\/es\\\/#website\"},\"primaryImageOfPage\":{\"@id\":\"https:\\\/\\\/www.copealcoy.es\\\/es\\\/la-entrada-cristiana-ya-avanza-con-paso-firme\\\/#primaryimage\"},\"image\":{\"@id\":\"https:\\\/\\\/www.copealcoy.es\\\/es\\\/la-entrada-cristiana-ya-avanza-con-paso-firme\\\/#primaryimage\"},\"thumbnailUrl\":\"https:\\\/\\\/www.copealcoy.es\\\/wp-content\\\/uploads\\\/2019\\\/04\\\/89DD9780-CEDC-4D7B-B1A9-31AB7A3C185B-1-scaled.jpeg\",\"datePublished\":\"2019-05-04T10:55:55+00:00\",\"author\":{\"@id\":\"https:\\\/\\\/www.copealcoy.es\\\/es\\\/#\\\/schema\\\/person\\\/e777c87fa024e57d40170af9df39882c\"},\"breadcrumb\":{\"@id\":\"https:\\\/\\\/www.copealcoy.es\\\/es\\\/la-entrada-cristiana-ya-avanza-con-paso-firme\\\/#breadcrumb\"},\"inLanguage\":\"es\",\"potentialAction\":[{\"@type\":\"ReadAction\",\"target\":[\"https:\\\/\\\/www.copealcoy.es\\\/es\\\/la-entrada-cristiana-ya-avanza-con-paso-firme\\\/\"]}]},{\"@type\":\"ImageObject\",\"inLanguage\":\"es\",\"@id\":\"https:\\\/\\\/www.copealcoy.es\\\/es\\\/la-entrada-cristiana-ya-avanza-con-paso-firme\\\/#primaryimage\",\"url\":\"https:\\\/\\\/www.copealcoy.es\\\/wp-content\\\/uploads\\\/2019\\\/04\\\/89DD9780-CEDC-4D7B-B1A9-31AB7A3C185B-1-scaled.jpeg\",\"contentUrl\":\"https:\\\/\\\/www.copealcoy.es\\\/wp-content\\\/uploads\\\/2019\\\/04\\\/89DD9780-CEDC-4D7B-B1A9-31AB7A3C185B-1-scaled.jpeg\",\"width\":2560,\"height\":1920,\"caption\":\"Juan Enrique Miralles, Capit\u00e1n Cristiano 2019, desfilando por las calles de Alcoy\"},{\"@type\":\"BreadcrumbList\",\"@id\":\"https:\\\/\\\/www.copealcoy.es\\\/es\\\/la-entrada-cristiana-ya-avanza-con-paso-firme\\\/#breadcrumb\",\"itemListElement\":[{\"@type\":\"ListItem\",\"position\":1,\"name\":\"Portada\",\"item\":\"https:\\\/\\\/www.copealcoy.es\\\/es\\\/\"},{\"@type\":\"ListItem\",\"position\":2,\"name\":\"La Entrada Cristiana ya avanza con paso firme\"}]},{\"@type\":\"WebSite\",\"@id\":\"https:\\\/\\\/www.copealcoy.es\\\/es\\\/#website\",\"url\":\"https:\\\/\\\/www.copealcoy.es\\\/es\\\/\",\"name\":\"COPE Alcoy\",\"description\":\"Emisora COPE de radio local con emisi\u00f3n online. Pont de Sant Jordi 8-10 03803 Alcoy\",\"potentialAction\":[{\"@type\":\"SearchAction\",\"target\":{\"@type\":\"EntryPoint\",\"urlTemplate\":\"https:\\\/\\\/www.copealcoy.es\\\/es\\\/?s={search_term_string}\"},\"query-input\":{\"@type\":\"PropertyValueSpecification\",\"valueRequired\":true,\"valueName\":\"search_term_string\"}}],\"inLanguage\":\"es\"},{\"@type\":\"Person\",\"@id\":\"https:\\\/\\\/www.copealcoy.es\\\/es\\\/#\\\/schema\\\/person\\\/e777c87fa024e57d40170af9df39882c\",\"name\":\"Cope Alcoy\",\"image\":{\"@type\":\"ImageObject\",\"inLanguage\":\"es\",\"@id\":\"https:\\\/\\\/secure.gravatar.com\\\/avatar\\\/bb65d0283347e303893ba14f0692005417c1e0e690a325a4c5d8bb2b3943ee14?s=96&d=mm&r=g\",\"url\":\"https:\\\/\\\/secure.gravatar.com\\\/avatar\\\/bb65d0283347e303893ba14f0692005417c1e0e690a325a4c5d8bb2b3943ee14?s=96&d=mm&r=g\",\"contentUrl\":\"https:\\\/\\\/secure.gravatar.com\\\/avatar\\\/bb65d0283347e303893ba14f0692005417c1e0e690a325a4c5d8bb2b3943ee14?s=96&d=mm&r=g\",\"caption\":\"Cope Alcoy\"}}]}<\/script>\n<!-- \/ Yoast SEO plugin. -->","yoast_head_json":{"title":"La Entrada Cristiana ya avanza con paso firme - COPE Alcoy","robots":{"index":"index","follow":"follow","max-snippet":"max-snippet:-1","max-image-preview":"max-image-preview:large","max-video-preview":"max-video-preview:-1"},"canonical":"https:\/\/www.copealcoy.es\/es\/la-entrada-cristiana-ya-avanza-con-paso-firme\/","og_locale":"es_ES","og_type":"article","og_title":"La Entrada Cristiana ya avanza con paso firme - COPE Alcoy","og_description":"A las diez y media en punto de la ma\u00f1ana ha comenzado desde El Partidor la Entrada Cristiana, un desfile...","og_url":"https:\/\/www.copealcoy.es\/es\/la-entrada-cristiana-ya-avanza-con-paso-firme\/","og_site_name":"COPE Alcoy","article_published_time":"2019-05-04T10:55:55+00:00","og_image":[{"width":2560,"height":1920,"url":"https:\/\/www.copealcoy.es\/wp-content\/uploads\/2019\/04\/89DD9780-CEDC-4D7B-B1A9-31AB7A3C185B-1-scaled.jpeg","type":"image\/jpeg"}],"author":"Cope Alcoy","twitter_misc":{"Escrito por":"Cope Alcoy","Tiempo de lectura":"1 minuto"},"schema":{"@context":"https:\/\/schema.org","@graph":[{"@type":"Article","@id":"https:\/\/www.copealcoy.es\/es\/la-entrada-cristiana-ya-avanza-con-paso-firme\/#article","isPartOf":{"@id":"https:\/\/www.copealcoy.es\/es\/la-entrada-cristiana-ya-avanza-con-paso-firme\/"},"author":{"name":"Cope Alcoy","@id":"https:\/\/www.copealcoy.es\/es\/#\/schema\/person\/e777c87fa024e57d40170af9df39882c"},"headline":"La Entrada Cristiana ya avanza con paso firme","datePublished":"2019-05-04T10:55:55+00:00","mainEntityOfPage":{"@id":"https:\/\/www.copealcoy.es\/es\/la-entrada-cristiana-ya-avanza-con-paso-firme\/"},"wordCount":216,"commentCount":0,"image":{"@id":"https:\/\/www.copealcoy.es\/es\/la-entrada-cristiana-ya-avanza-con-paso-firme\/#primaryimage"},"thumbnailUrl":"https:\/\/www.copealcoy.es\/wp-content\/uploads\/2019\/04\/89DD9780-CEDC-4D7B-B1A9-31AB7A3C185B-1-scaled.jpeg","keywords":["Alcoy","Cristianos","Entrada"],"articleSection":["Alcoy","Fiesta y Cultura","Noticias","Portada"],"inLanguage":"es"},{"@type":"WebPage","@id":"https:\/\/www.copealcoy.es\/es\/la-entrada-cristiana-ya-avanza-con-paso-firme\/","url":"https:\/\/www.copealcoy.es\/es\/la-entrada-cristiana-ya-avanza-con-paso-firme\/","name":"La Entrada Cristiana ya avanza con paso firme - COPE Alcoy","isPartOf":{"@id":"https:\/\/www.copealcoy.es\/es\/#website"},"primaryImageOfPage":{"@id":"https:\/\/www.copealcoy.es\/es\/la-entrada-cristiana-ya-avanza-con-paso-firme\/#primaryimage"},"image":{"@id":"https:\/\/www.copealcoy.es\/es\/la-entrada-cristiana-ya-avanza-con-paso-firme\/#primaryimage"},"thumbnailUrl":"https:\/\/www.copealcoy.es\/wp-content\/uploads\/2019\/04\/89DD9780-CEDC-4D7B-B1A9-31AB7A3C185B-1-scaled.jpeg","datePublished":"2019-05-04T10:55:55+00:00","author":{"@id":"https:\/\/www.copealcoy.es\/es\/#\/schema\/person\/e777c87fa024e57d40170af9df39882c"},"breadcrumb":{"@id":"https:\/\/www.copealcoy.es\/es\/la-entrada-cristiana-ya-avanza-con-paso-firme\/#breadcrumb"},"inLanguage":"es","potentialAction":[{"@type":"ReadAction","target":["https:\/\/www.copealcoy.es\/es\/la-entrada-cristiana-ya-avanza-con-paso-firme\/"]}]},{"@type":"ImageObject","inLanguage":"es","@id":"https:\/\/www.copealcoy.es\/es\/la-entrada-cristiana-ya-avanza-con-paso-firme\/#primaryimage","url":"https:\/\/www.copealcoy.es\/wp-content\/uploads\/2019\/04\/89DD9780-CEDC-4D7B-B1A9-31AB7A3C185B-1-scaled.jpeg","contentUrl":"https:\/\/www.copealcoy.es\/wp-content\/uploads\/2019\/04\/89DD9780-CEDC-4D7B-B1A9-31AB7A3C185B-1-scaled.jpeg","width":2560,"height":1920,"caption":"Juan Enrique Miralles, Capit\u00e1n Cristiano 2019, desfilando por las calles de Alcoy"},{"@type":"BreadcrumbList","@id":"https:\/\/www.copealcoy.es\/es\/la-entrada-cristiana-ya-avanza-con-paso-firme\/#breadcrumb","itemListElement":[{"@type":"ListItem","position":1,"name":"Portada","item":"https:\/\/www.copealcoy.es\/es\/"},{"@type":"ListItem","position":2,"name":"La Entrada Cristiana ya avanza con paso firme"}]},{"@type":"WebSite","@id":"https:\/\/www.copealcoy.es\/es\/#website","url":"https:\/\/www.copealcoy.es\/es\/","name":"COPE Alcoy","description":"Emisora COPE de radio local con emisi\u00f3n online. Pont de Sant Jordi 8-10 03803 Alcoy","potentialAction":[{"@type":"SearchAction","target":{"@type":"EntryPoint","urlTemplate":"https:\/\/www.copealcoy.es\/es\/?s={search_term_string}"},"query-input":{"@type":"PropertyValueSpecification","valueRequired":true,"valueName":"search_term_string"}}],"inLanguage":"es"},{"@type":"Person","@id":"https:\/\/www.copealcoy.es\/es\/#\/schema\/person\/e777c87fa024e57d40170af9df39882c","name":"Cope Alcoy","image":{"@type":"ImageObject","inLanguage":"es","@id":"https:\/\/secure.gravatar.com\/avatar\/bb65d0283347e303893ba14f0692005417c1e0e690a325a4c5d8bb2b3943ee14?s=96&d=mm&r=g","url":"https:\/\/secure.gravatar.com\/avatar\/bb65d0283347e303893ba14f0692005417c1e0e690a325a4c5d8bb2b3943ee14?s=96&d=mm&r=g","contentUrl":"https:\/\/secure.gravatar.com\/avatar\/bb65d0283347e303893ba14f0692005417c1e0e690a325a4c5d8bb2b3943ee14?s=96&d=mm&r=g","caption":"Cope Alcoy"}}]}},"_links":{"self":[{"href":"https:\/\/www.copealcoy.es\/es\/wp-json\/wp\/v2\/posts\/50381","targetHints":{"allow":["GET"]}}],"collection":[{"href":"https:\/\/www.copealcoy.es\/es\/wp-json\/wp\/v2\/posts"}],"about":[{"href":"https:\/\/www.copealcoy.es\/es\/wp-json\/wp\/v2\/types\/post"}],"author":[{"embeddable":true,"href":"https:\/\/www.copealcoy.es\/es\/wp-json\/wp\/v2\/users\/1"}],"replies":[{"embeddable":true,"href":"https:\/\/www.copealcoy.es\/es\/wp-json\/wp\/v2\/comments?post=50381"}],"version-history":[{"count":0,"href":"https:\/\/www.copealcoy.es\/es\/wp-json\/wp\/v2\/posts\/50381\/revisions"}],"wp:featuredmedia":[{"embeddable":true,"href":"https:\/\/www.copealcoy.es\/es\/wp-json\/wp\/v2\/media\/50535"}],"wp:attachment":[{"href":"https:\/\/www.copealcoy.es\/es\/wp-json\/wp\/v2\/media?parent=50381"}],"wp:term":[{"taxonomy":"category","embeddable":true,"href":"https:\/\/www.copealcoy.es\/es\/wp-json\/wp\/v2\/categories?post=50381"},{"taxonomy":"post_tag","embeddable":true,"href":"https:\/\/www.copealcoy.es\/es\/wp-json\/wp\/v2\/tags?post=50381"}],"curies":[{"name":"wp","href":"https:\/\/api.w.org\/{rel}","templated":true}]}}