{"id":50379,"date":"2019-05-04T06:00:59","date_gmt":"2019-05-04T06:00:59","guid":{"rendered":"https:\/\/copealcoi.es\/?p=50379"},"modified":"2019-05-04T06:00:59","modified_gmt":"2019-05-04T06:00:59","slug":"la-diana-abre-el-telon-de-la-festa-alcoyana","status":"publish","type":"post","link":"https:\/\/www.copealcoy.es\/es\/la-diana-abre-el-telon-de-la-festa-alcoyana\/","title":{"rendered":"La Diana abre el tel\u00f3n de la Festa Alcoyana"},"content":{"rendered":"<p style=\"text-align: justify;\">Las <strong>Fiestas de Moros y Cristianos de Alcoy<\/strong> invaden ya <strong>cada rinc\u00f3n del Centro de la ciudad<\/strong> despu\u00e9s de que a primera hora de la ma\u00f1ana, casi con <strong>las primeras luces del d\u00eda<\/strong>, comenzara <strong>la Primera Diana<\/strong> desde la Plaza de Espa\u00f1a. La <strong>emotiva&nbsp;<\/strong><em><strong>arranc\u00e0<\/strong>&nbsp;<\/em>ha estado precedida de <strong>la&nbsp;<em>Misa de Festers<\/em><\/strong> en la iglesia de Santa Mar\u00eda y del posterior <strong>rezo del Ave Mar\u00eda<\/strong> a cargo del titular de las parroquias del Centro y Vicario de San Jorge; <strong>Don Jos\u00e9 Lu\u00eds Llopis<\/strong>.<\/p>\n<p style=\"text-align: justify;\">El <strong>volteo alegre de las campanas<\/strong> y<strong> las notas del Himno de Fiestas<\/strong> han dado paso a la <strong>Fil\u00e0 Tomasinas<\/strong>, Capit\u00e1n Cristiano del 2019, que ha iniciado el desfile bajo las \u00f3rdenes del<strong> Sargento<\/strong> de las tropas de la cruz; <strong>Javier Lerma<\/strong>. A ellos <strong>les han seguido<\/strong> los Andaluces y su cl\u00e1sico rodar de navaja, los Asturianos, los Cides, los Labradores a los sones del cl\u00e1sico pasodoble&nbsp;<em>Valencia<\/em>, los Guzmanes y los Vascos. Posteriormente han desfilado las filaes <strong>Muntanyesos (Alf\u00e9rez Cristiano 2019)<\/strong>, Moz\u00e1rabes, Almog\u00e1vares, Navarros, Cruzados, Alcodianos y Aragonesos.<\/p>\n<p style=\"text-align: justify;\">Con la ma\u00f1ana ya estrenada han llegado <strong>las fuerzas moras<\/strong> y en esta ocasi\u00f3n <strong>David Antol\u00ed<\/strong>, con gran maestr\u00eda, ha iniciado <strong>sus primeras fiestas como Sargento Moro<\/strong> guiando a la <strong>Fil\u00e0 Magenta <\/strong>que este a\u00f1o ostenta la <strong>Capitan\u00eda Mora<\/strong>. A continuaci\u00f3n han repetido el ritual de la citada&nbsp;<em>arranc\u00e0&nbsp;<\/em>las filaes Llana, Jud\u00edos, Domingo Miques, Chano, Verdes, Ligeros, <strong>Cord\u00f3n (Alf\u00e9rez Moro 2019)<\/strong>, Mud\u00e9jares, Marraksch, Realistas, Berberiscos y Benimerines.<\/p>\n<p style=\"text-align: justify;\">La m\u00fasica de alegres pasodobles ha inundado <strong>las c\u00e9ntricas calles alcoyanas<\/strong> en una Primera Diana, <strong>con esencia y aroma a abril<\/strong>, pero que este a\u00f1o ha transcurrido <strong>iniciado el mes de mayo<\/strong> y que de nuevo ha reservado <strong>momentos especiales<\/strong> como el <strong>giro de escuadras a San Jorge<\/strong> ante su iglesia e incluso <strong>el paso por delante del panel cer\u00e1mico del patr\u00f3n<\/strong> ubicado en la calle Sant Jordi.<\/p>\n","protected":false},"excerpt":{"rendered":"<p>Las Fiestas de Moros y Cristianos de Alcoy invaden ya cada rinc\u00f3n del Centro de la ciudad despu\u00e9s de que&#8230;<\/p>\n","protected":false},"author":1,"featured_media":50532,"comment_status":"open","ping_status":"open","sticky":false,"template":"","format":"standard","meta":{"footnotes":""},"categories":[97,78,75,125],"tags":[969,8638,3182],"class_list":["post-50379","post","type-post","status-publish","format-standard","has-post-thumbnail","hentry","category-alcoy","category-fiestaycultura","category-noticias","category-portada","tag-diana","tag-festa-alcoyana","tag-telon"],"yoast_head":"<!-- This site is optimized with the Yoast SEO plugin v27.3 - https:\/\/yoast.com\/product\/yoast-seo-wordpress\/ -->\n<title>La Diana abre el tel\u00f3n de la Festa Alcoyana - COPE Alcoy<\/title>\n<meta name=\"robots\" content=\"index, follow, max-snippet:-1, max-image-preview:large, max-video-preview:-1\" \/>\n<link rel=\"canonical\" href=\"https:\/\/www.copealcoy.es\/es\/la-diana-abre-el-telon-de-la-festa-alcoyana\/\" \/>\n<meta property=\"og:locale\" content=\"es_ES\" \/>\n<meta property=\"og:type\" content=\"article\" \/>\n<meta property=\"og:title\" content=\"La Diana abre el tel\u00f3n de la Festa Alcoyana - COPE Alcoy\" \/>\n<meta property=\"og:description\" content=\"Las Fiestas de Moros y Cristianos de Alcoy invaden ya cada rinc\u00f3n del Centro de la ciudad despu\u00e9s de que...\" \/>\n<meta property=\"og:url\" content=\"https:\/\/www.copealcoy.es\/es\/la-diana-abre-el-telon-de-la-festa-alcoyana\/\" \/>\n<meta property=\"og:site_name\" content=\"COPE Alcoy\" \/>\n<meta property=\"article:published_time\" content=\"2019-05-04T06:00:59+00:00\" \/>\n<meta property=\"og:image\" content=\"https:\/\/www.copealcoy.es\/wp-content\/uploads\/2019\/04\/473D032A-82BB-4F66-AF7C-01F08C470CC1-1-scaled.jpeg\" \/>\n\t<meta property=\"og:image:width\" content=\"2560\" \/>\n\t<meta property=\"og:image:height\" content=\"1693\" \/>\n\t<meta property=\"og:image:type\" content=\"image\/jpeg\" \/>\n<meta name=\"author\" content=\"Cope Alcoy\" \/>\n<meta name=\"twitter:label1\" content=\"Escrito por\" \/>\n\t<meta name=\"twitter:data1\" content=\"Cope Alcoy\" \/>\n\t<meta name=\"twitter:label2\" content=\"Tiempo de lectura\" \/>\n\t<meta name=\"twitter:data2\" content=\"2 minutos\" \/>\n<script type=\"application\/ld+json\" class=\"yoast-schema-graph\">{\"@context\":\"https:\\\/\\\/schema.org\",\"@graph\":[{\"@type\":\"Article\",\"@id\":\"https:\\\/\\\/www.copealcoy.es\\\/es\\\/la-diana-abre-el-telon-de-la-festa-alcoyana\\\/#article\",\"isPartOf\":{\"@id\":\"https:\\\/\\\/www.copealcoy.es\\\/es\\\/la-diana-abre-el-telon-de-la-festa-alcoyana\\\/\"},\"author\":{\"name\":\"Cope Alcoy\",\"@id\":\"https:\\\/\\\/www.copealcoy.es\\\/es\\\/#\\\/schema\\\/person\\\/e777c87fa024e57d40170af9df39882c\"},\"headline\":\"La Diana abre el tel\u00f3n de la Festa Alcoyana\",\"datePublished\":\"2019-05-04T06:00:59+00:00\",\"mainEntityOfPage\":{\"@id\":\"https:\\\/\\\/www.copealcoy.es\\\/es\\\/la-diana-abre-el-telon-de-la-festa-alcoyana\\\/\"},\"wordCount\":351,\"commentCount\":0,\"image\":{\"@id\":\"https:\\\/\\\/www.copealcoy.es\\\/es\\\/la-diana-abre-el-telon-de-la-festa-alcoyana\\\/#primaryimage\"},\"thumbnailUrl\":\"https:\\\/\\\/www.copealcoy.es\\\/wp-content\\\/uploads\\\/2019\\\/04\\\/473D032A-82BB-4F66-AF7C-01F08C470CC1-1-scaled.jpeg\",\"keywords\":[\"Diana\",\"Festa Alcoyana\",\"Tel\u00f3n\"],\"articleSection\":[\"Alcoy\",\"Fiesta y Cultura\",\"Noticias\",\"Portada\"],\"inLanguage\":\"es\"},{\"@type\":\"WebPage\",\"@id\":\"https:\\\/\\\/www.copealcoy.es\\\/es\\\/la-diana-abre-el-telon-de-la-festa-alcoyana\\\/\",\"url\":\"https:\\\/\\\/www.copealcoy.es\\\/es\\\/la-diana-abre-el-telon-de-la-festa-alcoyana\\\/\",\"name\":\"La Diana abre el tel\u00f3n de la Festa Alcoyana - COPE Alcoy\",\"isPartOf\":{\"@id\":\"https:\\\/\\\/www.copealcoy.es\\\/es\\\/#website\"},\"primaryImageOfPage\":{\"@id\":\"https:\\\/\\\/www.copealcoy.es\\\/es\\\/la-diana-abre-el-telon-de-la-festa-alcoyana\\\/#primaryimage\"},\"image\":{\"@id\":\"https:\\\/\\\/www.copealcoy.es\\\/es\\\/la-diana-abre-el-telon-de-la-festa-alcoyana\\\/#primaryimage\"},\"thumbnailUrl\":\"https:\\\/\\\/www.copealcoy.es\\\/wp-content\\\/uploads\\\/2019\\\/04\\\/473D032A-82BB-4F66-AF7C-01F08C470CC1-1-scaled.jpeg\",\"datePublished\":\"2019-05-04T06:00:59+00:00\",\"author\":{\"@id\":\"https:\\\/\\\/www.copealcoy.es\\\/es\\\/#\\\/schema\\\/person\\\/e777c87fa024e57d40170af9df39882c\"},\"breadcrumb\":{\"@id\":\"https:\\\/\\\/www.copealcoy.es\\\/es\\\/la-diana-abre-el-telon-de-la-festa-alcoyana\\\/#breadcrumb\"},\"inLanguage\":\"es\",\"potentialAction\":[{\"@type\":\"ReadAction\",\"target\":[\"https:\\\/\\\/www.copealcoy.es\\\/es\\\/la-diana-abre-el-telon-de-la-festa-alcoyana\\\/\"]}]},{\"@type\":\"ImageObject\",\"inLanguage\":\"es\",\"@id\":\"https:\\\/\\\/www.copealcoy.es\\\/es\\\/la-diana-abre-el-telon-de-la-festa-alcoyana\\\/#primaryimage\",\"url\":\"https:\\\/\\\/www.copealcoy.es\\\/wp-content\\\/uploads\\\/2019\\\/04\\\/473D032A-82BB-4F66-AF7C-01F08C470CC1-1-scaled.jpeg\",\"contentUrl\":\"https:\\\/\\\/www.copealcoy.es\\\/wp-content\\\/uploads\\\/2019\\\/04\\\/473D032A-82BB-4F66-AF7C-01F08C470CC1-1-scaled.jpeg\",\"width\":2560,\"height\":1693},{\"@type\":\"BreadcrumbList\",\"@id\":\"https:\\\/\\\/www.copealcoy.es\\\/es\\\/la-diana-abre-el-telon-de-la-festa-alcoyana\\\/#breadcrumb\",\"itemListElement\":[{\"@type\":\"ListItem\",\"position\":1,\"name\":\"Portada\",\"item\":\"https:\\\/\\\/www.copealcoy.es\\\/es\\\/\"},{\"@type\":\"ListItem\",\"position\":2,\"name\":\"La Diana abre el tel\u00f3n de la Festa Alcoyana\"}]},{\"@type\":\"WebSite\",\"@id\":\"https:\\\/\\\/www.copealcoy.es\\\/es\\\/#website\",\"url\":\"https:\\\/\\\/www.copealcoy.es\\\/es\\\/\",\"name\":\"COPE Alcoy\",\"description\":\"Emisora COPE de radio local con emisi\u00f3n online. Pont de Sant Jordi 8-10 03803 Alcoy\",\"potentialAction\":[{\"@type\":\"SearchAction\",\"target\":{\"@type\":\"EntryPoint\",\"urlTemplate\":\"https:\\\/\\\/www.copealcoy.es\\\/es\\\/?s={search_term_string}\"},\"query-input\":{\"@type\":\"PropertyValueSpecification\",\"valueRequired\":true,\"valueName\":\"search_term_string\"}}],\"inLanguage\":\"es\"},{\"@type\":\"Person\",\"@id\":\"https:\\\/\\\/www.copealcoy.es\\\/es\\\/#\\\/schema\\\/person\\\/e777c87fa024e57d40170af9df39882c\",\"name\":\"Cope Alcoy\",\"image\":{\"@type\":\"ImageObject\",\"inLanguage\":\"es\",\"@id\":\"https:\\\/\\\/secure.gravatar.com\\\/avatar\\\/bb65d0283347e303893ba14f0692005417c1e0e690a325a4c5d8bb2b3943ee14?s=96&d=mm&r=g\",\"url\":\"https:\\\/\\\/secure.gravatar.com\\\/avatar\\\/bb65d0283347e303893ba14f0692005417c1e0e690a325a4c5d8bb2b3943ee14?s=96&d=mm&r=g\",\"contentUrl\":\"https:\\\/\\\/secure.gravatar.com\\\/avatar\\\/bb65d0283347e303893ba14f0692005417c1e0e690a325a4c5d8bb2b3943ee14?s=96&d=mm&r=g\",\"caption\":\"Cope Alcoy\"}}]}<\/script>\n<!-- \/ Yoast SEO plugin. -->","yoast_head_json":{"title":"La Diana abre el tel\u00f3n de la Festa Alcoyana - COPE Alcoy","robots":{"index":"index","follow":"follow","max-snippet":"max-snippet:-1","max-image-preview":"max-image-preview:large","max-video-preview":"max-video-preview:-1"},"canonical":"https:\/\/www.copealcoy.es\/es\/la-diana-abre-el-telon-de-la-festa-alcoyana\/","og_locale":"es_ES","og_type":"article","og_title":"La Diana abre el tel\u00f3n de la Festa Alcoyana - COPE Alcoy","og_description":"Las Fiestas de Moros y Cristianos de Alcoy invaden ya cada rinc\u00f3n del Centro de la ciudad despu\u00e9s de que...","og_url":"https:\/\/www.copealcoy.es\/es\/la-diana-abre-el-telon-de-la-festa-alcoyana\/","og_site_name":"COPE Alcoy","article_published_time":"2019-05-04T06:00:59+00:00","og_image":[{"width":2560,"height":1693,"url":"https:\/\/www.copealcoy.es\/wp-content\/uploads\/2019\/04\/473D032A-82BB-4F66-AF7C-01F08C470CC1-1-scaled.jpeg","type":"image\/jpeg"}],"author":"Cope Alcoy","twitter_misc":{"Escrito por":"Cope Alcoy","Tiempo de lectura":"2 minutos"},"schema":{"@context":"https:\/\/schema.org","@graph":[{"@type":"Article","@id":"https:\/\/www.copealcoy.es\/es\/la-diana-abre-el-telon-de-la-festa-alcoyana\/#article","isPartOf":{"@id":"https:\/\/www.copealcoy.es\/es\/la-diana-abre-el-telon-de-la-festa-alcoyana\/"},"author":{"name":"Cope Alcoy","@id":"https:\/\/www.copealcoy.es\/es\/#\/schema\/person\/e777c87fa024e57d40170af9df39882c"},"headline":"La Diana abre el tel\u00f3n de la Festa Alcoyana","datePublished":"2019-05-04T06:00:59+00:00","mainEntityOfPage":{"@id":"https:\/\/www.copealcoy.es\/es\/la-diana-abre-el-telon-de-la-festa-alcoyana\/"},"wordCount":351,"commentCount":0,"image":{"@id":"https:\/\/www.copealcoy.es\/es\/la-diana-abre-el-telon-de-la-festa-alcoyana\/#primaryimage"},"thumbnailUrl":"https:\/\/www.copealcoy.es\/wp-content\/uploads\/2019\/04\/473D032A-82BB-4F66-AF7C-01F08C470CC1-1-scaled.jpeg","keywords":["Diana","Festa Alcoyana","Tel\u00f3n"],"articleSection":["Alcoy","Fiesta y Cultura","Noticias","Portada"],"inLanguage":"es"},{"@type":"WebPage","@id":"https:\/\/www.copealcoy.es\/es\/la-diana-abre-el-telon-de-la-festa-alcoyana\/","url":"https:\/\/www.copealcoy.es\/es\/la-diana-abre-el-telon-de-la-festa-alcoyana\/","name":"La Diana abre el tel\u00f3n de la Festa Alcoyana - COPE Alcoy","isPartOf":{"@id":"https:\/\/www.copealcoy.es\/es\/#website"},"primaryImageOfPage":{"@id":"https:\/\/www.copealcoy.es\/es\/la-diana-abre-el-telon-de-la-festa-alcoyana\/#primaryimage"},"image":{"@id":"https:\/\/www.copealcoy.es\/es\/la-diana-abre-el-telon-de-la-festa-alcoyana\/#primaryimage"},"thumbnailUrl":"https:\/\/www.copealcoy.es\/wp-content\/uploads\/2019\/04\/473D032A-82BB-4F66-AF7C-01F08C470CC1-1-scaled.jpeg","datePublished":"2019-05-04T06:00:59+00:00","author":{"@id":"https:\/\/www.copealcoy.es\/es\/#\/schema\/person\/e777c87fa024e57d40170af9df39882c"},"breadcrumb":{"@id":"https:\/\/www.copealcoy.es\/es\/la-diana-abre-el-telon-de-la-festa-alcoyana\/#breadcrumb"},"inLanguage":"es","potentialAction":[{"@type":"ReadAction","target":["https:\/\/www.copealcoy.es\/es\/la-diana-abre-el-telon-de-la-festa-alcoyana\/"]}]},{"@type":"ImageObject","inLanguage":"es","@id":"https:\/\/www.copealcoy.es\/es\/la-diana-abre-el-telon-de-la-festa-alcoyana\/#primaryimage","url":"https:\/\/www.copealcoy.es\/wp-content\/uploads\/2019\/04\/473D032A-82BB-4F66-AF7C-01F08C470CC1-1-scaled.jpeg","contentUrl":"https:\/\/www.copealcoy.es\/wp-content\/uploads\/2019\/04\/473D032A-82BB-4F66-AF7C-01F08C470CC1-1-scaled.jpeg","width":2560,"height":1693},{"@type":"BreadcrumbList","@id":"https:\/\/www.copealcoy.es\/es\/la-diana-abre-el-telon-de-la-festa-alcoyana\/#breadcrumb","itemListElement":[{"@type":"ListItem","position":1,"name":"Portada","item":"https:\/\/www.copealcoy.es\/es\/"},{"@type":"ListItem","position":2,"name":"La Diana abre el tel\u00f3n de la Festa Alcoyana"}]},{"@type":"WebSite","@id":"https:\/\/www.copealcoy.es\/es\/#website","url":"https:\/\/www.copealcoy.es\/es\/","name":"COPE Alcoy","description":"Emisora COPE de radio local con emisi\u00f3n online. Pont de Sant Jordi 8-10 03803 Alcoy","potentialAction":[{"@type":"SearchAction","target":{"@type":"EntryPoint","urlTemplate":"https:\/\/www.copealcoy.es\/es\/?s={search_term_string}"},"query-input":{"@type":"PropertyValueSpecification","valueRequired":true,"valueName":"search_term_string"}}],"inLanguage":"es"},{"@type":"Person","@id":"https:\/\/www.copealcoy.es\/es\/#\/schema\/person\/e777c87fa024e57d40170af9df39882c","name":"Cope Alcoy","image":{"@type":"ImageObject","inLanguage":"es","@id":"https:\/\/secure.gravatar.com\/avatar\/bb65d0283347e303893ba14f0692005417c1e0e690a325a4c5d8bb2b3943ee14?s=96&d=mm&r=g","url":"https:\/\/secure.gravatar.com\/avatar\/bb65d0283347e303893ba14f0692005417c1e0e690a325a4c5d8bb2b3943ee14?s=96&d=mm&r=g","contentUrl":"https:\/\/secure.gravatar.com\/avatar\/bb65d0283347e303893ba14f0692005417c1e0e690a325a4c5d8bb2b3943ee14?s=96&d=mm&r=g","caption":"Cope Alcoy"}}]}},"_links":{"self":[{"href":"https:\/\/www.copealcoy.es\/es\/wp-json\/wp\/v2\/posts\/50379","targetHints":{"allow":["GET"]}}],"collection":[{"href":"https:\/\/www.copealcoy.es\/es\/wp-json\/wp\/v2\/posts"}],"about":[{"href":"https:\/\/www.copealcoy.es\/es\/wp-json\/wp\/v2\/types\/post"}],"author":[{"embeddable":true,"href":"https:\/\/www.copealcoy.es\/es\/wp-json\/wp\/v2\/users\/1"}],"replies":[{"embeddable":true,"href":"https:\/\/www.copealcoy.es\/es\/wp-json\/wp\/v2\/comments?post=50379"}],"version-history":[{"count":0,"href":"https:\/\/www.copealcoy.es\/es\/wp-json\/wp\/v2\/posts\/50379\/revisions"}],"wp:featuredmedia":[{"embeddable":true,"href":"https:\/\/www.copealcoy.es\/es\/wp-json\/wp\/v2\/media\/50532"}],"wp:attachment":[{"href":"https:\/\/www.copealcoy.es\/es\/wp-json\/wp\/v2\/media?parent=50379"}],"wp:term":[{"taxonomy":"category","embeddable":true,"href":"https:\/\/www.copealcoy.es\/es\/wp-json\/wp\/v2\/categories?post=50379"},{"taxonomy":"post_tag","embeddable":true,"href":"https:\/\/www.copealcoy.es\/es\/wp-json\/wp\/v2\/tags?post=50379"}],"curies":[{"name":"wp","href":"https:\/\/api.w.org\/{rel}","templated":true}]}}