{"id":50343,"date":"2019-04-30T13:55:51","date_gmt":"2019-04-30T13:55:51","guid":{"rendered":"https:\/\/copealcoi.es\/?p=50343"},"modified":"2019-04-30T13:55:51","modified_gmt":"2019-04-30T13:55:51","slug":"cocentaina-celebra-manana-su-i-certamen-de-interpretacion-de-musica-festera","status":"publish","type":"post","link":"https:\/\/www.copealcoy.es\/es\/cocentaina-celebra-manana-su-i-certamen-de-interpretacion-de-musica-festera\/","title":{"rendered":"Cocentaina celebra ma\u00f1ana su I Certamen de Interpretaci\u00f3n de M\u00fasica Festera"},"content":{"rendered":"<p style=\"text-align: justify;\">Cocentaina celebra ma\u00f1ana su <strong>I Certamen de Interpretaci\u00f3n de M\u00fasica Festera<\/strong>, una cita organizada por la <strong>Federaci\u00f3n Junta de Fiestas de Moros y Cristianos <\/strong>de la Villa Condal y que cuenta con el respaldo del <strong>Ayuntamiento\u00a0<\/strong>del municipio, a trav\u00e9s de la concejal\u00eda de Fira; y la Universidad de Alicante. En esta primera edici\u00f3n del concurso tomar\u00e1n parte <strong>La <\/strong><strong>Asociaci\u00f3n Musical \u2018L\u2019Avan\u00e7 del Campello\u2019<\/strong>, <strong>El Cercle Musical Primitiva d\u2019Albaida \u2018El Gamell\u2019<\/strong>y <strong>La Uni\u00f3 Musical de Bocairent<\/strong>. Las tres, recordamos, fueron elegidas el pasado mes de diciembre de entre el total de <strong>nueve formaciones musicales de la Comunidad Valenciana\u00a0<\/strong>que presentaron su solicitud para participar en este importante evento de m\u00fasica festera.<\/p>\n<p style=\"text-align: justify;\">La actividad de la jornada arrancar\u00e1 a las cinco de la tarde con <strong>la recepci\u00f3n de las bandas participantes\u00a0<\/strong>y a partir de las seis se efectuar\u00e1 <strong>un pasacalles\u00a0<\/strong>desde la plaza del Pla hasta el <strong>Centre Cultural El Teular<\/strong>. All\u00ed, a las siete en punto, comenzar\u00e1 el Certamen que estar\u00e1 presentado por\u00a0<strong>Octavio Hern\u00e1ndez Bol\u00edn<\/strong>; director del programa de radio, la plataforma digital, sello discogr\u00e1fico y productora audiovisual <strong>&#8216;Nuestras Bandas de M\u00fasica&#8217;<\/strong>. Hay que destacar que actualmente Bol\u00edn <strong>hace posible este espacio radiof\u00f3nico\u00a0<\/strong>en la 99.9 Valencia Radio adem\u00e1s de colaborar en diversos medios de comunicaci\u00f3n y conducir diferentes eventos relacionados con la m\u00fasica en el \u00e1mbito de la Comunidad Valenciana.\u00a0 Posteriormente <strong>actuar\u00e1n las bandas\u00a0<\/strong>que concursan en el propio Certamen y, seg\u00fan se decidi\u00f3 en un sorteo celebrado a principios de a\u00f1o,\u00a0<strong>la primera\u00a0<\/strong>en subir al escenario ser\u00e1\u00a0 La Asociaci\u00f3n Musical \u2018L\u2019Avan\u00e7 del Campello\u2019 mientras que en <strong>segundo lugar\u00a0<\/strong>intervendr\u00e1 El Cercle Musical Primitiva d\u2019Albaida \u2018El Gamell\u2019 y en <strong>\u00faltima posici\u00f3n\u00a0<\/strong>tocar\u00e1\u00a0 La Uni\u00f3 Musical de Bocairent.<\/p>\n<p style=\"text-align: justify;\">Respecto al programa, cabe mencionar que las citadas bandas interpretar\u00e1n <strong>un pasodoble de presentaci\u00f3n no puntuable y de autor contestano<\/strong>, <strong>una marcha mora de libre elecci\u00f3n\u00a0<\/strong>y <strong>la marcha cristiana obligada <\/strong>compuesta para la ocasi\u00f3n por <strong>Josep Robert Sell\u00e9s i Camps\u00a0<\/strong>\u201c<em>es una pieza titulada \u2018Millenium\u2019,\u00a0 basada en el Himno del IV Centenario de la elecci\u00f3n de San Hip\u00f3lito M\u00e1rtir como patr\u00f3n de Cocentaina, y cuya m\u00fasica cre\u00f3 el mismo autor en el a\u00f1o 2000<\/em>\u201d, detalla <strong>Francisco Valor<\/strong>; Vicepresidente Musical de la Junta de Fiestas. Adem\u00e1s las tres sociedades optar\u00e1n \u00a0a <strong>un primer premio de 3.500 euros\u00a0<\/strong><strong>m\u00e1s trofeo\u00a0<\/strong>dise\u00f1ado por el escultor local <strong>Mois\u00e9s Gil<\/strong>, un <strong>segundo premio de 2.000 euros\u00a0<\/strong>y un <strong>tercer premio de 1.000 euros<\/strong>. Asimismo todas ellas obtendr\u00e1n <strong>un diploma acreditativo\u00a0<\/strong>\u201c<em>el Certamen de M\u00fasica Festera es uno de los proyectos que nos marcamos cuando esta Junta de Fiestas accedi\u00f3 al cargo en 2016 y tras mucho trabajo previo de preparaci\u00f3n ver\u00e1 por fin la luz ma\u00f1ana. La intenci\u00f3n que persigue este evento es dar a conocer el gran patrimonio de m\u00fasica festera que posee Cocentaina para ponerlo en valor como se merece ya que disponemos de uno de los archivos musicales m\u00e1s importantes del \u00e1mbito auton\u00f3mico<\/em>\u201d, asegura el Presidente de la Junta de Fiestas; <strong>Hip\u00f2lit Borr\u00e0s<\/strong>.<\/p>\n<p style=\"text-align: justify;\">El I Certamen de M\u00fasica Festera, cuyo cartel ha creado <strong>Toni Dom\u00ednguez<\/strong>, se podr\u00e1 <strong>seguir en directo\u00a0<\/strong>a partir de las siete de la tarde de ma\u00f1ana a trav\u00e9s de las ondas de <strong>Radio Cocentaina, La Veu del Comtat\u00a0<\/strong>as\u00ed como por el portal web de la propia emisora: <a href=\"http:\/\/www.radiococentaina.com\/\">www.radiococentaina.com<\/a>. Tambi\u00e9n <strong>se podr\u00e1 visualizar en streaming\u00a0<\/strong>desde el <strong>canal de YouTube de la Junta de Fiestas\u00a0<\/strong>y desde <strong>el perfil oficial\u00a0<\/strong>que tiene la instituci\u00f3n en la red social Facebook.<\/p>\n","protected":false},"excerpt":{"rendered":"<p>Cocentaina celebra ma\u00f1ana su I Certamen de Interpretaci\u00f3n de M\u00fasica Festera, una cita organizada por la Federaci\u00f3n Junta de Fiestas&#8230;<\/p>\n","protected":false},"author":1,"featured_media":48565,"comment_status":"open","ping_status":"open","sticky":false,"template":"","format":"standard","meta":{"footnotes":""},"categories":[98,75],"tags":[132,6760,3843,5440,700],"class_list":["post-50343","post","type-post","status-publish","format-standard","has-post-thumbnail","hentry","category-comarcas","category-noticias","tag-cocentaina","tag-i-certamen","tag-interpretacion","tag-manana","tag-musica-festera"],"yoast_head":"<!-- This site is optimized with the Yoast SEO plugin v27.3 - https:\/\/yoast.com\/product\/yoast-seo-wordpress\/ -->\n<title>Cocentaina celebra ma\u00f1ana su I Certamen de Interpretaci\u00f3n de M\u00fasica Festera - COPE Alcoy<\/title>\n<meta name=\"robots\" content=\"index, follow, max-snippet:-1, max-image-preview:large, max-video-preview:-1\" \/>\n<link rel=\"canonical\" href=\"https:\/\/www.copealcoy.es\/es\/cocentaina-celebra-manana-su-i-certamen-de-interpretacion-de-musica-festera\/\" \/>\n<meta property=\"og:locale\" content=\"es_ES\" \/>\n<meta property=\"og:type\" content=\"article\" \/>\n<meta property=\"og:title\" content=\"Cocentaina celebra ma\u00f1ana su I Certamen de Interpretaci\u00f3n de M\u00fasica Festera - COPE Alcoy\" \/>\n<meta property=\"og:description\" content=\"Cocentaina celebra ma\u00f1ana su I Certamen de Interpretaci\u00f3n de M\u00fasica Festera, una cita organizada por la Federaci\u00f3n Junta de Fiestas...\" \/>\n<meta property=\"og:url\" content=\"https:\/\/www.copealcoy.es\/es\/cocentaina-celebra-manana-su-i-certamen-de-interpretacion-de-musica-festera\/\" \/>\n<meta property=\"og:site_name\" content=\"COPE Alcoy\" \/>\n<meta property=\"article:published_time\" content=\"2019-04-30T13:55:51+00:00\" \/>\n<meta property=\"og:image\" content=\"https:\/\/www.copealcoy.es\/wp-content\/uploads\/2019\/02\/15-El-pasado-domingo-tuvo-lugar-el-sorteo-de-participaci\u00f3n-de-las-bandas-1.jpg\" \/>\n\t<meta property=\"og:image:width\" content=\"960\" \/>\n\t<meta property=\"og:image:height\" content=\"720\" \/>\n\t<meta property=\"og:image:type\" content=\"image\/jpeg\" \/>\n<meta name=\"author\" content=\"Cope Alcoy\" \/>\n<meta name=\"twitter:label1\" content=\"Escrito por\" \/>\n\t<meta name=\"twitter:data1\" content=\"Cope Alcoy\" \/>\n\t<meta name=\"twitter:label2\" content=\"Tiempo de lectura\" \/>\n\t<meta name=\"twitter:data2\" content=\"3 minutos\" \/>\n<script type=\"application\/ld+json\" class=\"yoast-schema-graph\">{\"@context\":\"https:\\\/\\\/schema.org\",\"@graph\":[{\"@type\":\"Article\",\"@id\":\"https:\\\/\\\/www.copealcoy.es\\\/es\\\/cocentaina-celebra-manana-su-i-certamen-de-interpretacion-de-musica-festera\\\/#article\",\"isPartOf\":{\"@id\":\"https:\\\/\\\/www.copealcoy.es\\\/es\\\/cocentaina-celebra-manana-su-i-certamen-de-interpretacion-de-musica-festera\\\/\"},\"author\":{\"name\":\"Cope Alcoy\",\"@id\":\"https:\\\/\\\/www.copealcoy.es\\\/es\\\/#\\\/schema\\\/person\\\/e777c87fa024e57d40170af9df39882c\"},\"headline\":\"Cocentaina celebra ma\u00f1ana su I Certamen de Interpretaci\u00f3n de M\u00fasica Festera\",\"datePublished\":\"2019-04-30T13:55:51+00:00\",\"mainEntityOfPage\":{\"@id\":\"https:\\\/\\\/www.copealcoy.es\\\/es\\\/cocentaina-celebra-manana-su-i-certamen-de-interpretacion-de-musica-festera\\\/\"},\"wordCount\":645,\"commentCount\":0,\"image\":{\"@id\":\"https:\\\/\\\/www.copealcoy.es\\\/es\\\/cocentaina-celebra-manana-su-i-certamen-de-interpretacion-de-musica-festera\\\/#primaryimage\"},\"thumbnailUrl\":\"https:\\\/\\\/www.copealcoy.es\\\/wp-content\\\/uploads\\\/2019\\\/02\\\/15-El-pasado-domingo-tuvo-lugar-el-sorteo-de-participaci\u00f3n-de-las-bandas-1.jpg\",\"keywords\":[\"Cocentaina\",\"I Certamen\",\"Interpretaci\u00f3n\",\"ma\u00f1ana\",\"M\u00fasica Festera\"],\"articleSection\":[\"Comarcas\",\"Noticias\"],\"inLanguage\":\"es\"},{\"@type\":\"WebPage\",\"@id\":\"https:\\\/\\\/www.copealcoy.es\\\/es\\\/cocentaina-celebra-manana-su-i-certamen-de-interpretacion-de-musica-festera\\\/\",\"url\":\"https:\\\/\\\/www.copealcoy.es\\\/es\\\/cocentaina-celebra-manana-su-i-certamen-de-interpretacion-de-musica-festera\\\/\",\"name\":\"Cocentaina celebra ma\u00f1ana su I Certamen de Interpretaci\u00f3n de M\u00fasica Festera - COPE Alcoy\",\"isPartOf\":{\"@id\":\"https:\\\/\\\/www.copealcoy.es\\\/es\\\/#website\"},\"primaryImageOfPage\":{\"@id\":\"https:\\\/\\\/www.copealcoy.es\\\/es\\\/cocentaina-celebra-manana-su-i-certamen-de-interpretacion-de-musica-festera\\\/#primaryimage\"},\"image\":{\"@id\":\"https:\\\/\\\/www.copealcoy.es\\\/es\\\/cocentaina-celebra-manana-su-i-certamen-de-interpretacion-de-musica-festera\\\/#primaryimage\"},\"thumbnailUrl\":\"https:\\\/\\\/www.copealcoy.es\\\/wp-content\\\/uploads\\\/2019\\\/02\\\/15-El-pasado-domingo-tuvo-lugar-el-sorteo-de-participaci\u00f3n-de-las-bandas-1.jpg\",\"datePublished\":\"2019-04-30T13:55:51+00:00\",\"author\":{\"@id\":\"https:\\\/\\\/www.copealcoy.es\\\/es\\\/#\\\/schema\\\/person\\\/e777c87fa024e57d40170af9df39882c\"},\"breadcrumb\":{\"@id\":\"https:\\\/\\\/www.copealcoy.es\\\/es\\\/cocentaina-celebra-manana-su-i-certamen-de-interpretacion-de-musica-festera\\\/#breadcrumb\"},\"inLanguage\":\"es\",\"potentialAction\":[{\"@type\":\"ReadAction\",\"target\":[\"https:\\\/\\\/www.copealcoy.es\\\/es\\\/cocentaina-celebra-manana-su-i-certamen-de-interpretacion-de-musica-festera\\\/\"]}]},{\"@type\":\"ImageObject\",\"inLanguage\":\"es\",\"@id\":\"https:\\\/\\\/www.copealcoy.es\\\/es\\\/cocentaina-celebra-manana-su-i-certamen-de-interpretacion-de-musica-festera\\\/#primaryimage\",\"url\":\"https:\\\/\\\/www.copealcoy.es\\\/wp-content\\\/uploads\\\/2019\\\/02\\\/15-El-pasado-domingo-tuvo-lugar-el-sorteo-de-participaci\u00f3n-de-las-bandas-1.jpg\",\"contentUrl\":\"https:\\\/\\\/www.copealcoy.es\\\/wp-content\\\/uploads\\\/2019\\\/02\\\/15-El-pasado-domingo-tuvo-lugar-el-sorteo-de-participaci\u00f3n-de-las-bandas-1.jpg\",\"width\":960,\"height\":720,\"caption\":\"Imagen del sorteo de participaci\u00f3n de las bandas \\\/ Foto: Junta de Festes de Cocentaina\"},{\"@type\":\"BreadcrumbList\",\"@id\":\"https:\\\/\\\/www.copealcoy.es\\\/es\\\/cocentaina-celebra-manana-su-i-certamen-de-interpretacion-de-musica-festera\\\/#breadcrumb\",\"itemListElement\":[{\"@type\":\"ListItem\",\"position\":1,\"name\":\"Portada\",\"item\":\"https:\\\/\\\/www.copealcoy.es\\\/es\\\/\"},{\"@type\":\"ListItem\",\"position\":2,\"name\":\"Cocentaina celebra ma\u00f1ana su I Certamen de Interpretaci\u00f3n de M\u00fasica Festera\"}]},{\"@type\":\"WebSite\",\"@id\":\"https:\\\/\\\/www.copealcoy.es\\\/es\\\/#website\",\"url\":\"https:\\\/\\\/www.copealcoy.es\\\/es\\\/\",\"name\":\"COPE Alcoy\",\"description\":\"Emisora COPE de radio local con emisi\u00f3n online. Pont de Sant Jordi 8-10 03803 Alcoy\",\"potentialAction\":[{\"@type\":\"SearchAction\",\"target\":{\"@type\":\"EntryPoint\",\"urlTemplate\":\"https:\\\/\\\/www.copealcoy.es\\\/es\\\/?s={search_term_string}\"},\"query-input\":{\"@type\":\"PropertyValueSpecification\",\"valueRequired\":true,\"valueName\":\"search_term_string\"}}],\"inLanguage\":\"es\"},{\"@type\":\"Person\",\"@id\":\"https:\\\/\\\/www.copealcoy.es\\\/es\\\/#\\\/schema\\\/person\\\/e777c87fa024e57d40170af9df39882c\",\"name\":\"Cope Alcoy\",\"image\":{\"@type\":\"ImageObject\",\"inLanguage\":\"es\",\"@id\":\"https:\\\/\\\/secure.gravatar.com\\\/avatar\\\/bb65d0283347e303893ba14f0692005417c1e0e690a325a4c5d8bb2b3943ee14?s=96&d=mm&r=g\",\"url\":\"https:\\\/\\\/secure.gravatar.com\\\/avatar\\\/bb65d0283347e303893ba14f0692005417c1e0e690a325a4c5d8bb2b3943ee14?s=96&d=mm&r=g\",\"contentUrl\":\"https:\\\/\\\/secure.gravatar.com\\\/avatar\\\/bb65d0283347e303893ba14f0692005417c1e0e690a325a4c5d8bb2b3943ee14?s=96&d=mm&r=g\",\"caption\":\"Cope Alcoy\"}}]}<\/script>\n<!-- \/ Yoast SEO plugin. -->","yoast_head_json":{"title":"Cocentaina celebra ma\u00f1ana su I Certamen de Interpretaci\u00f3n de M\u00fasica Festera - COPE Alcoy","robots":{"index":"index","follow":"follow","max-snippet":"max-snippet:-1","max-image-preview":"max-image-preview:large","max-video-preview":"max-video-preview:-1"},"canonical":"https:\/\/www.copealcoy.es\/es\/cocentaina-celebra-manana-su-i-certamen-de-interpretacion-de-musica-festera\/","og_locale":"es_ES","og_type":"article","og_title":"Cocentaina celebra ma\u00f1ana su I Certamen de Interpretaci\u00f3n de M\u00fasica Festera - COPE Alcoy","og_description":"Cocentaina celebra ma\u00f1ana su I Certamen de Interpretaci\u00f3n de M\u00fasica Festera, una cita organizada por la Federaci\u00f3n Junta de Fiestas...","og_url":"https:\/\/www.copealcoy.es\/es\/cocentaina-celebra-manana-su-i-certamen-de-interpretacion-de-musica-festera\/","og_site_name":"COPE Alcoy","article_published_time":"2019-04-30T13:55:51+00:00","og_image":[{"width":960,"height":720,"url":"https:\/\/www.copealcoy.es\/wp-content\/uploads\/2019\/02\/15-El-pasado-domingo-tuvo-lugar-el-sorteo-de-participaci\u00f3n-de-las-bandas-1.jpg","type":"image\/jpeg"}],"author":"Cope Alcoy","twitter_misc":{"Escrito por":"Cope Alcoy","Tiempo de lectura":"3 minutos"},"schema":{"@context":"https:\/\/schema.org","@graph":[{"@type":"Article","@id":"https:\/\/www.copealcoy.es\/es\/cocentaina-celebra-manana-su-i-certamen-de-interpretacion-de-musica-festera\/#article","isPartOf":{"@id":"https:\/\/www.copealcoy.es\/es\/cocentaina-celebra-manana-su-i-certamen-de-interpretacion-de-musica-festera\/"},"author":{"name":"Cope Alcoy","@id":"https:\/\/www.copealcoy.es\/es\/#\/schema\/person\/e777c87fa024e57d40170af9df39882c"},"headline":"Cocentaina celebra ma\u00f1ana su I Certamen de Interpretaci\u00f3n de M\u00fasica Festera","datePublished":"2019-04-30T13:55:51+00:00","mainEntityOfPage":{"@id":"https:\/\/www.copealcoy.es\/es\/cocentaina-celebra-manana-su-i-certamen-de-interpretacion-de-musica-festera\/"},"wordCount":645,"commentCount":0,"image":{"@id":"https:\/\/www.copealcoy.es\/es\/cocentaina-celebra-manana-su-i-certamen-de-interpretacion-de-musica-festera\/#primaryimage"},"thumbnailUrl":"https:\/\/www.copealcoy.es\/wp-content\/uploads\/2019\/02\/15-El-pasado-domingo-tuvo-lugar-el-sorteo-de-participaci\u00f3n-de-las-bandas-1.jpg","keywords":["Cocentaina","I Certamen","Interpretaci\u00f3n","ma\u00f1ana","M\u00fasica Festera"],"articleSection":["Comarcas","Noticias"],"inLanguage":"es"},{"@type":"WebPage","@id":"https:\/\/www.copealcoy.es\/es\/cocentaina-celebra-manana-su-i-certamen-de-interpretacion-de-musica-festera\/","url":"https:\/\/www.copealcoy.es\/es\/cocentaina-celebra-manana-su-i-certamen-de-interpretacion-de-musica-festera\/","name":"Cocentaina celebra ma\u00f1ana su I Certamen de Interpretaci\u00f3n de M\u00fasica Festera - COPE Alcoy","isPartOf":{"@id":"https:\/\/www.copealcoy.es\/es\/#website"},"primaryImageOfPage":{"@id":"https:\/\/www.copealcoy.es\/es\/cocentaina-celebra-manana-su-i-certamen-de-interpretacion-de-musica-festera\/#primaryimage"},"image":{"@id":"https:\/\/www.copealcoy.es\/es\/cocentaina-celebra-manana-su-i-certamen-de-interpretacion-de-musica-festera\/#primaryimage"},"thumbnailUrl":"https:\/\/www.copealcoy.es\/wp-content\/uploads\/2019\/02\/15-El-pasado-domingo-tuvo-lugar-el-sorteo-de-participaci\u00f3n-de-las-bandas-1.jpg","datePublished":"2019-04-30T13:55:51+00:00","author":{"@id":"https:\/\/www.copealcoy.es\/es\/#\/schema\/person\/e777c87fa024e57d40170af9df39882c"},"breadcrumb":{"@id":"https:\/\/www.copealcoy.es\/es\/cocentaina-celebra-manana-su-i-certamen-de-interpretacion-de-musica-festera\/#breadcrumb"},"inLanguage":"es","potentialAction":[{"@type":"ReadAction","target":["https:\/\/www.copealcoy.es\/es\/cocentaina-celebra-manana-su-i-certamen-de-interpretacion-de-musica-festera\/"]}]},{"@type":"ImageObject","inLanguage":"es","@id":"https:\/\/www.copealcoy.es\/es\/cocentaina-celebra-manana-su-i-certamen-de-interpretacion-de-musica-festera\/#primaryimage","url":"https:\/\/www.copealcoy.es\/wp-content\/uploads\/2019\/02\/15-El-pasado-domingo-tuvo-lugar-el-sorteo-de-participaci\u00f3n-de-las-bandas-1.jpg","contentUrl":"https:\/\/www.copealcoy.es\/wp-content\/uploads\/2019\/02\/15-El-pasado-domingo-tuvo-lugar-el-sorteo-de-participaci\u00f3n-de-las-bandas-1.jpg","width":960,"height":720,"caption":"Imagen del sorteo de participaci\u00f3n de las bandas \/ Foto: Junta de Festes de Cocentaina"},{"@type":"BreadcrumbList","@id":"https:\/\/www.copealcoy.es\/es\/cocentaina-celebra-manana-su-i-certamen-de-interpretacion-de-musica-festera\/#breadcrumb","itemListElement":[{"@type":"ListItem","position":1,"name":"Portada","item":"https:\/\/www.copealcoy.es\/es\/"},{"@type":"ListItem","position":2,"name":"Cocentaina celebra ma\u00f1ana su I Certamen de Interpretaci\u00f3n de M\u00fasica Festera"}]},{"@type":"WebSite","@id":"https:\/\/www.copealcoy.es\/es\/#website","url":"https:\/\/www.copealcoy.es\/es\/","name":"COPE Alcoy","description":"Emisora COPE de radio local con emisi\u00f3n online. Pont de Sant Jordi 8-10 03803 Alcoy","potentialAction":[{"@type":"SearchAction","target":{"@type":"EntryPoint","urlTemplate":"https:\/\/www.copealcoy.es\/es\/?s={search_term_string}"},"query-input":{"@type":"PropertyValueSpecification","valueRequired":true,"valueName":"search_term_string"}}],"inLanguage":"es"},{"@type":"Person","@id":"https:\/\/www.copealcoy.es\/es\/#\/schema\/person\/e777c87fa024e57d40170af9df39882c","name":"Cope Alcoy","image":{"@type":"ImageObject","inLanguage":"es","@id":"https:\/\/secure.gravatar.com\/avatar\/bb65d0283347e303893ba14f0692005417c1e0e690a325a4c5d8bb2b3943ee14?s=96&d=mm&r=g","url":"https:\/\/secure.gravatar.com\/avatar\/bb65d0283347e303893ba14f0692005417c1e0e690a325a4c5d8bb2b3943ee14?s=96&d=mm&r=g","contentUrl":"https:\/\/secure.gravatar.com\/avatar\/bb65d0283347e303893ba14f0692005417c1e0e690a325a4c5d8bb2b3943ee14?s=96&d=mm&r=g","caption":"Cope Alcoy"}}]}},"_links":{"self":[{"href":"https:\/\/www.copealcoy.es\/es\/wp-json\/wp\/v2\/posts\/50343","targetHints":{"allow":["GET"]}}],"collection":[{"href":"https:\/\/www.copealcoy.es\/es\/wp-json\/wp\/v2\/posts"}],"about":[{"href":"https:\/\/www.copealcoy.es\/es\/wp-json\/wp\/v2\/types\/post"}],"author":[{"embeddable":true,"href":"https:\/\/www.copealcoy.es\/es\/wp-json\/wp\/v2\/users\/1"}],"replies":[{"embeddable":true,"href":"https:\/\/www.copealcoy.es\/es\/wp-json\/wp\/v2\/comments?post=50343"}],"version-history":[{"count":0,"href":"https:\/\/www.copealcoy.es\/es\/wp-json\/wp\/v2\/posts\/50343\/revisions"}],"wp:featuredmedia":[{"embeddable":true,"href":"https:\/\/www.copealcoy.es\/es\/wp-json\/wp\/v2\/media\/48565"}],"wp:attachment":[{"href":"https:\/\/www.copealcoy.es\/es\/wp-json\/wp\/v2\/media?parent=50343"}],"wp:term":[{"taxonomy":"category","embeddable":true,"href":"https:\/\/www.copealcoy.es\/es\/wp-json\/wp\/v2\/categories?post=50343"},{"taxonomy":"post_tag","embeddable":true,"href":"https:\/\/www.copealcoy.es\/es\/wp-json\/wp\/v2\/tags?post=50343"}],"curies":[{"name":"wp","href":"https:\/\/api.w.org\/{rel}","templated":true}]}}